{"id":2821,"date":"2014-09-08T00:00:00","date_gmt":"2014-09-07T22:00:00","guid":{"rendered":"https:\/\/www.my-watchsite.fr\/blog\/blog\/ouverture-du-nouvel-espace-dior-joaillerie-et-horlogerie-aux-galeries-lafayette-le-20-septembre-2014-n682\/"},"modified":"2021-03-31T15:14:47","modified_gmt":"2021-03-31T13:14:47","slug":"ouverture-du-nouvel-espace-dior-joaillerie-et-horlogerie-aux-galeries-lafayette-le-20-septembre-2014-n682","status":"publish","type":"post","link":"https:\/\/www.my-watchsite.fr\/blog\/ouverture-du-nouvel-espace-dior-joaillerie-et-horlogerie-aux-galeries-lafayette-le-20-septembre-2014-n682\/","title":{"rendered":"Ouverture du nouvel espace Dior Joaillerie et Horlogerie aux Galeries Lafayette le 20 septembre 2014"},"content":{"rendered":"<div>La maison Dior inaugure \u00e0 la rentr\u00e9e son nouvel espace d\u00e9di\u00e9 aux collections de joaillerie et d\u2019horlogerie aux Galeries Lafayette.<\/div>\n<div>Du c\u00f4t\u00e9 de la joaillerie, le cannage d\u2019or et de diamants de My Dior dialoguera avec les diamants et autres pierres pr\u00e9cieuses et dures des roses Bagatelle ou Pr\u00e9 Catelan.<\/div>\n<div>\u00a0<\/div>\n<div>L\u2019horlogerie, quant \u00e0 elle, proposera ses pi\u00e8ces embl\u00e9matiques comme La D de Dior, Chiffre Rouge et la collection Dior VIII dans ses versions \u00abjour\u00bb en c\u00e9ramique, acier et\/ou or rose dans ses versions du soir, dites Grand Bal, au calibre Dior Invers\u00e9 dont les masses oscillantes ajour\u00e9es, serties, marquet\u00e9es ou compos\u00e9es de fils de soie ou de plume \u00e9voquent le tournoiement de robes de bal.<\/div>\n<div>\u00a0<\/div>\n<div>Espace Dior Joaillerie Horlogerie<\/div>\n<div>Galeries Lafayette \u2013 mode \u2013 Rez-de-chauss\u00e9e<\/div>\n<div>40 Boulevard Haussmann<\/div>\n<div>75009 Paris<\/div>\n<ul>\n<li><img decoding=\"async\" src=\"https:\/\/www.my-watchsite.fr\/blog\/wp-content\/uploads\/2020\/08\/682_2157.jpg\" alt=\"Bracelet My Dior en or blanc et diamants\" \/><\/li>\n<li><img decoding=\"async\" src=\"https:\/\/www.my-watchsite.fr\/blog\/wp-content\/uploads\/2020\/08\/682_2158.jpg\" alt=\"Dior VIII Grand Bal \" \/><\/li>\n<li><img decoding=\"async\" src=\"https:\/\/www.my-watchsite.fr\/blog\/wp-content\/uploads\/2020\/08\/682_2159.jpg\" alt=\"Dior VIII Montaigne\" \/><\/li>\n<li><img decoding=\"async\" src=\"https:\/\/www.my-watchsite.fr\/blog\/wp-content\/uploads\/2020\/08\/682_2160.jpg\" alt=\"Puces d'oreilles My Dior en or jaune et diamants\" \/><\/li>\n<\/ul>\n\n\n<p><a href=\"https:\/\/www.dior.com\/fr_fr\" target=\"_blank\" rel=\"noreferrer noopener\">www.dior.com<\/a><\/p>\n\n\n\n<p>Lire aussi l&rsquo;article <a href=\"https:\/\/www.my-watchsite.fr\/blog\/nouveautes-dior-janvier-2014-n573\/\" target=\"_blank\" rel=\"noreferrer noopener\">Nouveaut\u00e9s Dior Janvier 2014<\/a><\/p>\n","protected":false},"excerpt":{"rendered":"<p>La maison Dior inaugure \u00e0 la rentr\u00e9e son nouvel espace d\u00e9di\u00e9 aux collections de joaillerie et d\u2019horlogerie aux Galeries Lafayette. Du c\u00f4t\u00e9 de la joaillerie, le cannage d\u2019or et de diamants de My Dior dialoguera avec les diamants et autres pierres pr\u00e9cieuses et dures des roses Bagatelle ou Pr\u00e9 Catelan. \u00a0 L\u2019horlogerie, quant \u00e0 elle, [&hellip;]<\/p>\n","protected":false},"author":1,"featured_media":2826,"comment_status":"closed","ping_status":"closed","sticky":false,"template":"","format":"standard","meta":{"footnotes":""},"categories":[2],"tags":[36],"acf":[],"yoast_head":"<!-- This site is optimized with the Yoast SEO plugin v20.4 - https:\/\/yoast.com\/wordpress\/plugins\/seo\/ -->\n<title>Nouvel espace Dior Joaillerie et Horlogerie aux Galeries Lafayette<\/title>\n<meta name=\"description\" content=\"La maison Dior inaugure \u00e0 la rentr\u00e9e son nouvel espace d\u00e9di\u00e9 aux collections de joaillerie et d\u2019horlogerie aux Galeries Lafayette.\" \/>\n<meta name=\"robots\" content=\"index, follow, max-snippet:-1, max-image-preview:large, max-video-preview:-1\" \/>\n<link rel=\"canonical\" href=\"https:\/\/www.my-watchsite.fr\/blog\/ouverture-du-nouvel-espace-dior-joaillerie-et-horlogerie-aux-galeries-lafayette-le-20-septembre-2014-n682\/\" \/>\n<meta property=\"og:locale\" content=\"fr_FR\" \/>\n<meta property=\"og:type\" content=\"article\" \/>\n<meta property=\"og:title\" content=\"Nouvel espace Dior Joaillerie et Horlogerie aux Galeries Lafayette\" \/>\n<meta property=\"og:description\" content=\"La maison Dior inaugure \u00e0 la rentr\u00e9e son nouvel espace d\u00e9di\u00e9 aux collections de joaillerie et d\u2019horlogerie aux Galeries Lafayette.\" \/>\n<meta property=\"og:url\" content=\"https:\/\/www.my-watchsite.fr\/blog\/ouverture-du-nouvel-espace-dior-joaillerie-et-horlogerie-aux-galeries-lafayette-le-20-septembre-2014-n682\/\" \/>\n<meta property=\"og:site_name\" content=\"MyWatch FR\" \/>\n<meta property=\"article:publisher\" content=\"https:\/\/www.facebook.com\/mywatchsite\/\" \/>\n<meta property=\"article:published_time\" content=\"2014-09-07T22:00:00+00:00\" \/>\n<meta property=\"article:modified_time\" content=\"2021-03-31T13:14:47+00:00\" \/>\n<meta property=\"og:image\" content=\"https:\/\/www.my-watchsite.fr\/blog\/wp-content\/uploads\/2020\/08\/thumb_682.jpg\" \/>\n\t<meta property=\"og:image:width\" content=\"654\" \/>\n\t<meta property=\"og:image:height\" content=\"435\" \/>\n\t<meta property=\"og:image:type\" content=\"image\/jpeg\" \/>\n<meta name=\"author\" content=\"MyWatch\" \/>\n<meta name=\"twitter:card\" content=\"summary_large_image\" \/>\n<meta name=\"twitter:creator\" content=\"@mywatchsite\" \/>\n<meta name=\"twitter:site\" content=\"@mywatchsite\" \/>\n<meta name=\"twitter:label1\" content=\"\u00c9crit par\" \/>\n\t<meta name=\"twitter:data1\" content=\"MyWatch\" \/>\n\t<meta name=\"twitter:label2\" content=\"Dur\u00e9e de lecture estim\u00e9e\" \/>\n\t<meta name=\"twitter:data2\" content=\"2 minutes\" \/>\n<script type=\"application\/ld+json\" class=\"yoast-schema-graph\">{\"@context\":\"https:\/\/schema.org\",\"@graph\":[{\"@type\":\"WebPage\",\"@id\":\"https:\/\/www.my-watchsite.fr\/blog\/ouverture-du-nouvel-espace-dior-joaillerie-et-horlogerie-aux-galeries-lafayette-le-20-septembre-2014-n682\/\",\"url\":\"https:\/\/www.my-watchsite.fr\/blog\/ouverture-du-nouvel-espace-dior-joaillerie-et-horlogerie-aux-galeries-lafayette-le-20-septembre-2014-n682\/\",\"name\":\"Nouvel espace Dior Joaillerie et Horlogerie aux Galeries Lafayette\",\"isPartOf\":{\"@id\":\"https:\/\/www.my-watchsite.fr\/blog\/#website\"},\"datePublished\":\"2014-09-07T22:00:00+00:00\",\"dateModified\":\"2021-03-31T13:14:47+00:00\",\"author\":{\"@id\":\"https:\/\/www.my-watchsite.fr\/blog\/#\/schema\/person\/67e19b3e3d014465042ff1be1c9fcf44\"},\"description\":\"La maison Dior inaugure \u00e0 la rentr\u00e9e son nouvel espace d\u00e9di\u00e9 aux collections de joaillerie et d\u2019horlogerie aux Galeries Lafayette.\",\"breadcrumb\":{\"@id\":\"https:\/\/www.my-watchsite.fr\/blog\/ouverture-du-nouvel-espace-dior-joaillerie-et-horlogerie-aux-galeries-lafayette-le-20-septembre-2014-n682\/#breadcrumb\"},\"inLanguage\":\"fr-FR\",\"potentialAction\":[{\"@type\":\"ReadAction\",\"target\":[\"https:\/\/www.my-watchsite.fr\/blog\/ouverture-du-nouvel-espace-dior-joaillerie-et-horlogerie-aux-galeries-lafayette-le-20-septembre-2014-n682\/\"]}]},{\"@type\":\"BreadcrumbList\",\"@id\":\"https:\/\/www.my-watchsite.fr\/blog\/ouverture-du-nouvel-espace-dior-joaillerie-et-horlogerie-aux-galeries-lafayette-le-20-septembre-2014-n682\/#breadcrumb\",\"itemListElement\":[{\"@type\":\"ListItem\",\"position\":1,\"name\":\"Accueil\",\"item\":\"https:\/\/www.my-watchsite.fr\/blog\/\"},{\"@type\":\"ListItem\",\"position\":2,\"name\":\"Ouverture du nouvel espace Dior Joaillerie et Horlogerie aux Galeries Lafayette le 20 septembre 2014\"}]},{\"@type\":\"WebSite\",\"@id\":\"https:\/\/www.my-watchsite.fr\/blog\/#website\",\"url\":\"https:\/\/www.my-watchsite.fr\/blog\/\",\"name\":\"MyWatch FR\",\"description\":\"Make Time a Lifestyle\",\"potentialAction\":[{\"@type\":\"SearchAction\",\"target\":{\"@type\":\"EntryPoint\",\"urlTemplate\":\"https:\/\/www.my-watchsite.fr\/blog\/?s={search_term_string}\"},\"query-input\":\"required name=search_term_string\"}],\"inLanguage\":\"fr-FR\"},{\"@type\":\"Person\",\"@id\":\"https:\/\/www.my-watchsite.fr\/blog\/#\/schema\/person\/67e19b3e3d014465042ff1be1c9fcf44\",\"name\":\"MyWatch\",\"image\":{\"@type\":\"ImageObject\",\"inLanguage\":\"fr-FR\",\"@id\":\"https:\/\/www.my-watchsite.fr\/blog\/#\/schema\/person\/image\/\",\"url\":\"https:\/\/secure.gravatar.com\/avatar\/e52d1e94806c54826c863f554ca1dd2a?s=96&d=mm&r=g\",\"contentUrl\":\"https:\/\/secure.gravatar.com\/avatar\/e52d1e94806c54826c863f554ca1dd2a?s=96&d=mm&r=g\",\"caption\":\"MyWatch\"},\"sameAs\":[\"https:\/\/www.my-watchsite.fr\/blog\"]}]}<\/script>\n<!-- \/ Yoast SEO plugin. -->","yoast_head_json":{"title":"Nouvel espace Dior Joaillerie et Horlogerie aux Galeries Lafayette","description":"La maison Dior inaugure \u00e0 la rentr\u00e9e son nouvel espace d\u00e9di\u00e9 aux collections de joaillerie et d\u2019horlogerie aux Galeries Lafayette.","robots":{"index":"index","follow":"follow","max-snippet":"max-snippet:-1","max-image-preview":"max-image-preview:large","max-video-preview":"max-video-preview:-1"},"canonical":"https:\/\/www.my-watchsite.fr\/blog\/ouverture-du-nouvel-espace-dior-joaillerie-et-horlogerie-aux-galeries-lafayette-le-20-septembre-2014-n682\/","og_locale":"fr_FR","og_type":"article","og_title":"Nouvel espace Dior Joaillerie et Horlogerie aux Galeries Lafayette","og_description":"La maison Dior inaugure \u00e0 la rentr\u00e9e son nouvel espace d\u00e9di\u00e9 aux collections de joaillerie et d\u2019horlogerie aux Galeries Lafayette.","og_url":"https:\/\/www.my-watchsite.fr\/blog\/ouverture-du-nouvel-espace-dior-joaillerie-et-horlogerie-aux-galeries-lafayette-le-20-septembre-2014-n682\/","og_site_name":"MyWatch FR","article_publisher":"https:\/\/www.facebook.com\/mywatchsite\/","article_published_time":"2014-09-07T22:00:00+00:00","article_modified_time":"2021-03-31T13:14:47+00:00","og_image":[{"width":654,"height":435,"url":"https:\/\/www.my-watchsite.fr\/blog\/wp-content\/uploads\/2020\/08\/thumb_682.jpg","type":"image\/jpeg"}],"author":"MyWatch","twitter_card":"summary_large_image","twitter_creator":"@mywatchsite","twitter_site":"@mywatchsite","twitter_misc":{"\u00c9crit par":"MyWatch","Dur\u00e9e de lecture estim\u00e9e":"2 minutes"},"schema":{"@context":"https:\/\/schema.org","@graph":[{"@type":"WebPage","@id":"https:\/\/www.my-watchsite.fr\/blog\/ouverture-du-nouvel-espace-dior-joaillerie-et-horlogerie-aux-galeries-lafayette-le-20-septembre-2014-n682\/","url":"https:\/\/www.my-watchsite.fr\/blog\/ouverture-du-nouvel-espace-dior-joaillerie-et-horlogerie-aux-galeries-lafayette-le-20-septembre-2014-n682\/","name":"Nouvel espace Dior Joaillerie et Horlogerie aux Galeries Lafayette","isPartOf":{"@id":"https:\/\/www.my-watchsite.fr\/blog\/#website"},"datePublished":"2014-09-07T22:00:00+00:00","dateModified":"2021-03-31T13:14:47+00:00","author":{"@id":"https:\/\/www.my-watchsite.fr\/blog\/#\/schema\/person\/67e19b3e3d014465042ff1be1c9fcf44"},"description":"La maison Dior inaugure \u00e0 la rentr\u00e9e son nouvel espace d\u00e9di\u00e9 aux collections de joaillerie et d\u2019horlogerie aux Galeries Lafayette.","breadcrumb":{"@id":"https:\/\/www.my-watchsite.fr\/blog\/ouverture-du-nouvel-espace-dior-joaillerie-et-horlogerie-aux-galeries-lafayette-le-20-septembre-2014-n682\/#breadcrumb"},"inLanguage":"fr-FR","potentialAction":[{"@type":"ReadAction","target":["https:\/\/www.my-watchsite.fr\/blog\/ouverture-du-nouvel-espace-dior-joaillerie-et-horlogerie-aux-galeries-lafayette-le-20-septembre-2014-n682\/"]}]},{"@type":"BreadcrumbList","@id":"https:\/\/www.my-watchsite.fr\/blog\/ouverture-du-nouvel-espace-dior-joaillerie-et-horlogerie-aux-galeries-lafayette-le-20-septembre-2014-n682\/#breadcrumb","itemListElement":[{"@type":"ListItem","position":1,"name":"Accueil","item":"https:\/\/www.my-watchsite.fr\/blog\/"},{"@type":"ListItem","position":2,"name":"Ouverture du nouvel espace Dior Joaillerie et Horlogerie aux Galeries Lafayette le 20 septembre 2014"}]},{"@type":"WebSite","@id":"https:\/\/www.my-watchsite.fr\/blog\/#website","url":"https:\/\/www.my-watchsite.fr\/blog\/","name":"MyWatch FR","description":"Make Time a Lifestyle","potentialAction":[{"@type":"SearchAction","target":{"@type":"EntryPoint","urlTemplate":"https:\/\/www.my-watchsite.fr\/blog\/?s={search_term_string}"},"query-input":"required name=search_term_string"}],"inLanguage":"fr-FR"},{"@type":"Person","@id":"https:\/\/www.my-watchsite.fr\/blog\/#\/schema\/person\/67e19b3e3d014465042ff1be1c9fcf44","name":"MyWatch","image":{"@type":"ImageObject","inLanguage":"fr-FR","@id":"https:\/\/www.my-watchsite.fr\/blog\/#\/schema\/person\/image\/","url":"https:\/\/secure.gravatar.com\/avatar\/e52d1e94806c54826c863f554ca1dd2a?s=96&d=mm&r=g","contentUrl":"https:\/\/secure.gravatar.com\/avatar\/e52d1e94806c54826c863f554ca1dd2a?s=96&d=mm&r=g","caption":"MyWatch"},"sameAs":["https:\/\/www.my-watchsite.fr\/blog"]}]}},"_links":{"self":[{"href":"https:\/\/www.my-watchsite.fr\/blog\/wp-json\/wp\/v2\/posts\/2821"}],"collection":[{"href":"https:\/\/www.my-watchsite.fr\/blog\/wp-json\/wp\/v2\/posts"}],"about":[{"href":"https:\/\/www.my-watchsite.fr\/blog\/wp-json\/wp\/v2\/types\/post"}],"author":[{"embeddable":true,"href":"https:\/\/www.my-watchsite.fr\/blog\/wp-json\/wp\/v2\/users\/1"}],"replies":[{"embeddable":true,"href":"https:\/\/www.my-watchsite.fr\/blog\/wp-json\/wp\/v2\/comments?post=2821"}],"version-history":[{"count":2,"href":"https:\/\/www.my-watchsite.fr\/blog\/wp-json\/wp\/v2\/posts\/2821\/revisions"}],"predecessor-version":[{"id":12505,"href":"https:\/\/www.my-watchsite.fr\/blog\/wp-json\/wp\/v2\/posts\/2821\/revisions\/12505"}],"wp:featuredmedia":[{"embeddable":true,"href":"https:\/\/www.my-watchsite.fr\/blog\/wp-json\/wp\/v2\/media\/2826"}],"wp:attachment":[{"href":"https:\/\/www.my-watchsite.fr\/blog\/wp-json\/wp\/v2\/media?parent=2821"}],"wp:term":[{"taxonomy":"category","embeddable":true,"href":"https:\/\/www.my-watchsite.fr\/blog\/wp-json\/wp\/v2\/categories?post=2821"},{"taxonomy":"post_tag","embeddable":true,"href":"https:\/\/www.my-watchsite.fr\/blog\/wp-json\/wp\/v2\/tags?post=2821"}],"curies":[{"name":"wp","href":"https:\/\/api.w.org\/{rel}","templated":true}]}}