{"id":288,"date":"2011-02-09T00:00:00","date_gmt":"2011-02-08T23:00:00","guid":{"rendered":"https:\/\/www.my-watchsite.fr\/blog\/blog\/la-star-montante-internationale-du-rallye-sebastien-ogier-rejoint-lequipe-tag-heuer-n92\/"},"modified":"2021-09-07T12:55:00","modified_gmt":"2021-09-07T10:55:00","slug":"la-star-montante-internationale-du-rallye-sebastien-ogier-rejoint-lequipe-tag-heuer-n92","status":"publish","type":"post","link":"https:\/\/www.my-watchsite.fr\/blog\/la-star-montante-internationale-du-rallye-sebastien-ogier-rejoint-lequipe-tag-heuer-n92\/","title":{"rendered":"La star montante internationale du rallye, S\u00e9bastien Ogier, rejoint l&rsquo;\u00e9quipe TAG Heuer"},"content":{"rendered":"<p>TAG Heuer est fier d\u2019annoncer l\u2019arriv\u00e9e de la vedette du rallye S\u00e9bastien Ogier dans la \u00ab Dream Team \u00bb des Ambassadeurs de la marque, form\u00e9e par de v\u00e9ritables pilotes d\u2019\u00e9lite.<\/p>\n<p><img decoding=\"async\" src=\"https:\/\/www.my-watchsite.fr\/blog\/wp-content\/uploads\/2020\/08\/92_149.jpg\" alt=\"S\u00e9bastien Ogier et le Chronographe Carrera Calibre 1887\" \/><\/p>\n<p>Le pilote fran\u00e7ais, vainqueur du championnat junior des rallyes en 2008 et actuel pilote de l\u2019\u00e9curie principale Citro\u00ebn au championnat du monde des rallyes, participera \u00e0 la tourn\u00e9e mondiale de TAG Heuer pr\u00e9vue en 2011 pour c\u00e9l\u00e9brer les \u00ab 150 ans de sports automobiles \u00bb de la marque. Le nouvel ambassadeur TAG Heuer c\u00f4toiera les stars de l\u2019\u00e9curie Vodafone McLaren Mercedes, Lewis Hamilton et Jenson Button, ainsi que le quadruple champion du monde de Formule 1, Alain Prost.<\/p>\n<p>\u00ab Tous les plus grands h\u00e9ros du sport automobile \u00bb, a d\u00e9clar\u00e9 le jeune homme de 28 ans, \u00ab depuis Juan Manuel Fangio \u00e0 Ayrton Senna en passant par Lewis Hamilton, ont appartenu \u00e0 la l\u00e9gendaire \u00e9quipe TAG Heuer. Aujourd\u2019hui, j\u2019ai le plaisir d\u2019en faire partie moi aussi et je ferai de mon mieux pour \u00eatre digne de cet honneur \u00bb.<\/p>\n<p>Apr\u00e8s des performances impressionnantes la saison derni\u00e8re au sein de l\u2019\u00e9curie Citro\u00ebn junior, dont notamment deux victoires en championnat du monde des rallyes, S\u00e9bastien Ogier \u00e9voluera cette ann\u00e9e aux c\u00f4t\u00e9s de son compatriote S\u00e9bastien Loeb, septuple champion du monde. Fort de sa 4\u00e8me place au classement g\u00e9n\u00e9ral en 2010, Ogier appara\u00eet comme l\u2019un des principaux pr\u00e9tendants au titre de champion du monde des rallyes 2011. La comp\u00e9tition, organis\u00e9e sur 13 courses programm\u00e9es dans chacun des cinq continents, d\u00e9butera le 10 f\u00e9vrier par le Rallye de Su\u00e8de.<\/p>\n<p>\u00ab Avec l\u2019arriv\u00e9e de S\u00e9bastien Ogier, TAG Heuer compte un repr\u00e9sentant de choix dans chaque grande cat\u00e9gorie du sport automobile \u00bb, se f\u00e9licite Jean-Christophe Babin, PDG de TAG Heuer. \u00ab Outre la Formule 1 avec Vodafone McLaren Mercedes, les courses d\u2019endurances et les 24 heures du Mans avec Audi Sport, l\u2019Automobile Club de Monaco et notre r\u00f4le de chronom\u00e9treur officiel des 500 miles d\u2019Indianapolis, l\u2019ajout de la cat\u00e9gorie Rallye fait de TAG Heuer le ma\u00eetre incontest\u00e9 de la vitesse parmi les marques horlog\u00e8res \u00bb.<\/p>\n<p>\u00ab Mastering Speed \u00bb : Tel est le mot d\u2019ordre sous lequel se d\u00e9rouleront les \u00e9v\u00e9nements pr\u00e9vus en 2011 par TAG Heuer pour c\u00e9l\u00e9brer ses 150 ans au service des sports automobiles. Ces manifestations s\u2019articuleront principalement autour d\u2019une exposition itin\u00e9rante pr\u00e9sentant des garde-temps TAG Heuer historiques inspir\u00e9s des sports automobiles. Cette exposition, baptis\u00e9e \u00ab Mastering Speed \u00bb, fera ainsi le tour du monde en 2011 dans le cadre des c\u00e9l\u00e9brations de TAG Heuer pour f\u00eater ses \u00ab 150 ans de sports automobiles \u00bb.<\/p>\n<p>\u00ab Dans ma discipline, le temps et la pr\u00e9cision sont des facteurs absolument d\u00e9terminants \u00bb, fait observer S\u00e9bastien Ogier. \u00ab Ma\u00eetriser ma vitesse dans chaque section d\u2019un parcours, dans les virages serr\u00e9s comme dans les lignes droites, peut m\u2019aider \u00e0 grappiller du temps et am\u00e9liorer mon classement. Ces fractions de seconde peuvent faire la diff\u00e9rence. Mastering Speed est une expression qui convient parfaitement \u00e0 ma sp\u00e9cialit\u00e9, le rallye \u00bb.<\/p>\n<p>Outre son action sur le circuit, S\u00e9bastien Ogier travaillera en tant que consultant technique pour TAG Heuer, en \u00e9troite collaboration avec les designers et ing\u00e9nieurs charg\u00e9s de d\u00e9velopper la nouvelle ligne de lunettes TAG Heuer Squadra 5500. Compos\u00e9es d\u2019acier inoxydable et d\u2019\u00e9lastom\u00e8res, ces lunettes \u00e0 branches flexibles offrent un confort et une ergonomie optimale avec plusieurs niveaux de r\u00e9glage, m\u00eame sous un casque de course. S\u00e9bastien essaiera \u00e9galement des lunettes munies de verres sp\u00e9cialement con\u00e7us pour la conduite sous la neige.<\/p>\n<p>\u00ab Le rallye repr\u00e9sente un champ d\u2019application id\u00e9al pour tester les produits en cours de d\u00e9veloppement \u00bb, explique Pierre Verrier, PDG de Logo, fabricant des lunettes TAG Heuer. \u00ab Le rallye n\u00e9cessite une conduite de haut niveau et se pratique le jour comme de nuit, \u00e0 grande vitesse et sur tout type de route, quelles que soient les conditions m\u00e9t\u00e9orologiques. Les appr\u00e9ciations techniques de S\u00e9bastien nous aideront \u00e0 concevoir les meilleures lunettes possibles pour une utilisation quotidienne ou r\u00e9guli\u00e8re en voiture ou en moto \u00bb.<\/p>\n<p>S\u00e9bastien portera \u00e9galement le tout dernier garde-temps venu s\u2019ajouter \u00e0 l\u2019h\u00e9ritage TAG Heuer : le Chronographe Carrera Calibre 1887. Ce mouvement de chronographe de fabrication interne 100 % suisse, avec roue \u00e0 colonnes int\u00e9gr\u00e9e, rend hommage au pignon oscillant original Heuer de 1887, qui fut l\u2019un des premiers brevets de la marque et constitua une \u00e9tape cl\u00e9 dans l\u2019horlogerie moderne. Derni\u00e8re incarnation de l\u2019embl\u00e9matique Carrera et \u00e9lu Montre de l\u2019Ann\u00e9e 2010 au Grand Prix de l&rsquo;Horlogerie de Gen\u00e8ve dans la cat\u00e9gorie \u00ab Petite Aiguille \u00bb, cet \u00e9l\u00e9gant chronographe repr\u00e9sente un produit id\u00e9al pour le pilote fran\u00e7ais. Il tire en effet son nom de la course mexicaine la Carrera Panamericana, l\u2019une des plus c\u00e9l\u00e8bres courses de rallye de l\u2019histoire des sports automobiles.<\/p>\n<p><img decoding=\"async\" src=\"https:\/\/www.my-watchsite.fr\/blog\/wp-content\/uploads\/2020\/08\/92_150.jpg\" alt=\"S\u00e9bastien Ogier et les lunettes TAG Heuer Squadra 5500\" \/><\/p>\n\n\n<p><a href=\"https:\/\/www.tagheuer.com\/fr\/fr\/\" target=\"_blank\" rel=\"noreferrer noopener\">www.tagheuer.com<\/a><\/p>\n\n\n\n<p>Lire aussi l&rsquo;article <a href=\"https:\/\/www.my-watchsite.fr\/blog\/triumph-tag-heuer-deux-legendes-pour-une-icone-n2\/\" target=\"_blank\" rel=\"noreferrer noopener\">Triumph TAG Heuer : deux l\u00e9gendes pour une ic\u00f4ne<\/a><\/p>\n","protected":false},"excerpt":{"rendered":"<p>TAG Heuer est fier d\u2019annoncer l\u2019arriv\u00e9e de la vedette du rallye S\u00e9bastien Ogier dans la \u00ab Dream Team \u00bb des Ambassadeurs de la marque, form\u00e9e par de v\u00e9ritables pilotes d\u2019\u00e9lite. Le pilote fran\u00e7ais, vainqueur du championnat junior des rallyes en 2008 et actuel pilote de l\u2019\u00e9curie principale Citro\u00ebn au championnat du monde des rallyes, participera [&hellip;]<\/p>\n","protected":false},"author":1,"featured_media":289,"comment_status":"closed","ping_status":"closed","sticky":false,"template":"","format":"standard","meta":{"footnotes":""},"categories":[2],"tags":[17],"acf":[],"yoast_head":"<!-- This site is optimized with the Yoast SEO plugin v20.4 - https:\/\/yoast.com\/wordpress\/plugins\/seo\/ -->\n<title>La star internationale du rallye, S\u00e9bastien Ogier, rejoint l&#039;\u00e9quipe TAG Heuer<\/title>\n<meta name=\"description\" content=\"TAG Heuer est fier d\u2019annoncer l\u2019arriv\u00e9e de la vedette du rallye S\u00e9bastien Ogier dans la \u00ab Dream Team \u00bb des Ambassadeurs de la marque\" \/>\n<meta name=\"robots\" content=\"index, follow, max-snippet:-1, max-image-preview:large, max-video-preview:-1\" \/>\n<link rel=\"canonical\" href=\"https:\/\/www.my-watchsite.fr\/blog\/la-star-montante-internationale-du-rallye-sebastien-ogier-rejoint-lequipe-tag-heuer-n92\/\" \/>\n<meta property=\"og:locale\" content=\"fr_FR\" \/>\n<meta property=\"og:type\" content=\"article\" \/>\n<meta property=\"og:title\" content=\"La star internationale du rallye, S\u00e9bastien Ogier, rejoint l&#039;\u00e9quipe TAG Heuer\" \/>\n<meta property=\"og:description\" content=\"TAG Heuer est fier d\u2019annoncer l\u2019arriv\u00e9e de la vedette du rallye S\u00e9bastien Ogier dans la \u00ab Dream Team \u00bb des Ambassadeurs de la marque\" \/>\n<meta property=\"og:url\" content=\"https:\/\/www.my-watchsite.fr\/blog\/la-star-montante-internationale-du-rallye-sebastien-ogier-rejoint-lequipe-tag-heuer-n92\/\" \/>\n<meta property=\"og:site_name\" content=\"MyWatch FR\" \/>\n<meta property=\"article:publisher\" content=\"https:\/\/www.facebook.com\/mywatchsite\/\" \/>\n<meta property=\"article:published_time\" content=\"2011-02-08T23:00:00+00:00\" \/>\n<meta property=\"article:modified_time\" content=\"2021-09-07T10:55:00+00:00\" \/>\n<meta property=\"og:image\" content=\"https:\/\/www.my-watchsite.fr\/blog\/wp-content\/uploads\/2020\/08\/92_149.jpg\" \/>\n\t<meta property=\"og:image:width\" content=\"450\" \/>\n\t<meta property=\"og:image:height\" content=\"676\" \/>\n\t<meta property=\"og:image:type\" content=\"image\/jpeg\" \/>\n<meta name=\"author\" content=\"MyWatch\" \/>\n<meta name=\"twitter:card\" content=\"summary_large_image\" \/>\n<meta name=\"twitter:creator\" content=\"@mywatchsite\" \/>\n<meta name=\"twitter:site\" content=\"@mywatchsite\" \/>\n<meta name=\"twitter:label1\" content=\"\u00c9crit par\" \/>\n\t<meta name=\"twitter:data1\" content=\"MyWatch\" \/>\n\t<meta name=\"twitter:label2\" content=\"Dur\u00e9e de lecture estim\u00e9e\" \/>\n\t<meta name=\"twitter:data2\" content=\"4 minutes\" \/>\n<script type=\"application\/ld+json\" class=\"yoast-schema-graph\">{\"@context\":\"https:\/\/schema.org\",\"@graph\":[{\"@type\":\"WebPage\",\"@id\":\"https:\/\/www.my-watchsite.fr\/blog\/la-star-montante-internationale-du-rallye-sebastien-ogier-rejoint-lequipe-tag-heuer-n92\/\",\"url\":\"https:\/\/www.my-watchsite.fr\/blog\/la-star-montante-internationale-du-rallye-sebastien-ogier-rejoint-lequipe-tag-heuer-n92\/\",\"name\":\"La star internationale du rallye, S\u00e9bastien Ogier, rejoint l'\u00e9quipe TAG Heuer\",\"isPartOf\":{\"@id\":\"https:\/\/www.my-watchsite.fr\/blog\/#website\"},\"datePublished\":\"2011-02-08T23:00:00+00:00\",\"dateModified\":\"2021-09-07T10:55:00+00:00\",\"author\":{\"@id\":\"https:\/\/www.my-watchsite.fr\/blog\/#\/schema\/person\/67e19b3e3d014465042ff1be1c9fcf44\"},\"description\":\"TAG Heuer est fier d\u2019annoncer l\u2019arriv\u00e9e de la vedette du rallye S\u00e9bastien Ogier dans la \u00ab Dream Team \u00bb des Ambassadeurs de la marque\",\"breadcrumb\":{\"@id\":\"https:\/\/www.my-watchsite.fr\/blog\/la-star-montante-internationale-du-rallye-sebastien-ogier-rejoint-lequipe-tag-heuer-n92\/#breadcrumb\"},\"inLanguage\":\"fr-FR\",\"potentialAction\":[{\"@type\":\"ReadAction\",\"target\":[\"https:\/\/www.my-watchsite.fr\/blog\/la-star-montante-internationale-du-rallye-sebastien-ogier-rejoint-lequipe-tag-heuer-n92\/\"]}]},{\"@type\":\"BreadcrumbList\",\"@id\":\"https:\/\/www.my-watchsite.fr\/blog\/la-star-montante-internationale-du-rallye-sebastien-ogier-rejoint-lequipe-tag-heuer-n92\/#breadcrumb\",\"itemListElement\":[{\"@type\":\"ListItem\",\"position\":1,\"name\":\"Accueil\",\"item\":\"https:\/\/www.my-watchsite.fr\/blog\/\"},{\"@type\":\"ListItem\",\"position\":2,\"name\":\"La star montante internationale du rallye, S\u00e9bastien Ogier, rejoint l&rsquo;\u00e9quipe TAG Heuer\"}]},{\"@type\":\"WebSite\",\"@id\":\"https:\/\/www.my-watchsite.fr\/blog\/#website\",\"url\":\"https:\/\/www.my-watchsite.fr\/blog\/\",\"name\":\"MyWatch FR\",\"description\":\"Make Time a Lifestyle\",\"potentialAction\":[{\"@type\":\"SearchAction\",\"target\":{\"@type\":\"EntryPoint\",\"urlTemplate\":\"https:\/\/www.my-watchsite.fr\/blog\/?s={search_term_string}\"},\"query-input\":\"required name=search_term_string\"}],\"inLanguage\":\"fr-FR\"},{\"@type\":\"Person\",\"@id\":\"https:\/\/www.my-watchsite.fr\/blog\/#\/schema\/person\/67e19b3e3d014465042ff1be1c9fcf44\",\"name\":\"MyWatch\",\"image\":{\"@type\":\"ImageObject\",\"inLanguage\":\"fr-FR\",\"@id\":\"https:\/\/www.my-watchsite.fr\/blog\/#\/schema\/person\/image\/\",\"url\":\"https:\/\/secure.gravatar.com\/avatar\/e52d1e94806c54826c863f554ca1dd2a?s=96&d=mm&r=g\",\"contentUrl\":\"https:\/\/secure.gravatar.com\/avatar\/e52d1e94806c54826c863f554ca1dd2a?s=96&d=mm&r=g\",\"caption\":\"MyWatch\"},\"sameAs\":[\"https:\/\/www.my-watchsite.fr\/blog\"]}]}<\/script>\n<!-- \/ Yoast SEO plugin. -->","yoast_head_json":{"title":"La star internationale du rallye, S\u00e9bastien Ogier, rejoint l'\u00e9quipe TAG Heuer","description":"TAG Heuer est fier d\u2019annoncer l\u2019arriv\u00e9e de la vedette du rallye S\u00e9bastien Ogier dans la \u00ab Dream Team \u00bb des Ambassadeurs de la marque","robots":{"index":"index","follow":"follow","max-snippet":"max-snippet:-1","max-image-preview":"max-image-preview:large","max-video-preview":"max-video-preview:-1"},"canonical":"https:\/\/www.my-watchsite.fr\/blog\/la-star-montante-internationale-du-rallye-sebastien-ogier-rejoint-lequipe-tag-heuer-n92\/","og_locale":"fr_FR","og_type":"article","og_title":"La star internationale du rallye, S\u00e9bastien Ogier, rejoint l'\u00e9quipe TAG Heuer","og_description":"TAG Heuer est fier d\u2019annoncer l\u2019arriv\u00e9e de la vedette du rallye S\u00e9bastien Ogier dans la \u00ab Dream Team \u00bb des Ambassadeurs de la marque","og_url":"https:\/\/www.my-watchsite.fr\/blog\/la-star-montante-internationale-du-rallye-sebastien-ogier-rejoint-lequipe-tag-heuer-n92\/","og_site_name":"MyWatch FR","article_publisher":"https:\/\/www.facebook.com\/mywatchsite\/","article_published_time":"2011-02-08T23:00:00+00:00","article_modified_time":"2021-09-07T10:55:00+00:00","og_image":[{"width":450,"height":676,"url":"https:\/\/www.my-watchsite.fr\/blog\/wp-content\/uploads\/2020\/08\/92_149.jpg","type":"image\/jpeg"}],"author":"MyWatch","twitter_card":"summary_large_image","twitter_creator":"@mywatchsite","twitter_site":"@mywatchsite","twitter_misc":{"\u00c9crit par":"MyWatch","Dur\u00e9e de lecture estim\u00e9e":"4 minutes"},"schema":{"@context":"https:\/\/schema.org","@graph":[{"@type":"WebPage","@id":"https:\/\/www.my-watchsite.fr\/blog\/la-star-montante-internationale-du-rallye-sebastien-ogier-rejoint-lequipe-tag-heuer-n92\/","url":"https:\/\/www.my-watchsite.fr\/blog\/la-star-montante-internationale-du-rallye-sebastien-ogier-rejoint-lequipe-tag-heuer-n92\/","name":"La star internationale du rallye, S\u00e9bastien Ogier, rejoint l'\u00e9quipe TAG Heuer","isPartOf":{"@id":"https:\/\/www.my-watchsite.fr\/blog\/#website"},"datePublished":"2011-02-08T23:00:00+00:00","dateModified":"2021-09-07T10:55:00+00:00","author":{"@id":"https:\/\/www.my-watchsite.fr\/blog\/#\/schema\/person\/67e19b3e3d014465042ff1be1c9fcf44"},"description":"TAG Heuer est fier d\u2019annoncer l\u2019arriv\u00e9e de la vedette du rallye S\u00e9bastien Ogier dans la \u00ab Dream Team \u00bb des Ambassadeurs de la marque","breadcrumb":{"@id":"https:\/\/www.my-watchsite.fr\/blog\/la-star-montante-internationale-du-rallye-sebastien-ogier-rejoint-lequipe-tag-heuer-n92\/#breadcrumb"},"inLanguage":"fr-FR","potentialAction":[{"@type":"ReadAction","target":["https:\/\/www.my-watchsite.fr\/blog\/la-star-montante-internationale-du-rallye-sebastien-ogier-rejoint-lequipe-tag-heuer-n92\/"]}]},{"@type":"BreadcrumbList","@id":"https:\/\/www.my-watchsite.fr\/blog\/la-star-montante-internationale-du-rallye-sebastien-ogier-rejoint-lequipe-tag-heuer-n92\/#breadcrumb","itemListElement":[{"@type":"ListItem","position":1,"name":"Accueil","item":"https:\/\/www.my-watchsite.fr\/blog\/"},{"@type":"ListItem","position":2,"name":"La star montante internationale du rallye, S\u00e9bastien Ogier, rejoint l&rsquo;\u00e9quipe TAG Heuer"}]},{"@type":"WebSite","@id":"https:\/\/www.my-watchsite.fr\/blog\/#website","url":"https:\/\/www.my-watchsite.fr\/blog\/","name":"MyWatch FR","description":"Make Time a Lifestyle","potentialAction":[{"@type":"SearchAction","target":{"@type":"EntryPoint","urlTemplate":"https:\/\/www.my-watchsite.fr\/blog\/?s={search_term_string}"},"query-input":"required name=search_term_string"}],"inLanguage":"fr-FR"},{"@type":"Person","@id":"https:\/\/www.my-watchsite.fr\/blog\/#\/schema\/person\/67e19b3e3d014465042ff1be1c9fcf44","name":"MyWatch","image":{"@type":"ImageObject","inLanguage":"fr-FR","@id":"https:\/\/www.my-watchsite.fr\/blog\/#\/schema\/person\/image\/","url":"https:\/\/secure.gravatar.com\/avatar\/e52d1e94806c54826c863f554ca1dd2a?s=96&d=mm&r=g","contentUrl":"https:\/\/secure.gravatar.com\/avatar\/e52d1e94806c54826c863f554ca1dd2a?s=96&d=mm&r=g","caption":"MyWatch"},"sameAs":["https:\/\/www.my-watchsite.fr\/blog"]}]}},"_links":{"self":[{"href":"https:\/\/www.my-watchsite.fr\/blog\/wp-json\/wp\/v2\/posts\/288"}],"collection":[{"href":"https:\/\/www.my-watchsite.fr\/blog\/wp-json\/wp\/v2\/posts"}],"about":[{"href":"https:\/\/www.my-watchsite.fr\/blog\/wp-json\/wp\/v2\/types\/post"}],"author":[{"embeddable":true,"href":"https:\/\/www.my-watchsite.fr\/blog\/wp-json\/wp\/v2\/users\/1"}],"replies":[{"embeddable":true,"href":"https:\/\/www.my-watchsite.fr\/blog\/wp-json\/wp\/v2\/comments?post=288"}],"version-history":[{"count":2,"href":"https:\/\/www.my-watchsite.fr\/blog\/wp-json\/wp\/v2\/posts\/288\/revisions"}],"predecessor-version":[{"id":15857,"href":"https:\/\/www.my-watchsite.fr\/blog\/wp-json\/wp\/v2\/posts\/288\/revisions\/15857"}],"wp:featuredmedia":[{"embeddable":true,"href":"https:\/\/www.my-watchsite.fr\/blog\/wp-json\/wp\/v2\/media\/289"}],"wp:attachment":[{"href":"https:\/\/www.my-watchsite.fr\/blog\/wp-json\/wp\/v2\/media?parent=288"}],"wp:term":[{"taxonomy":"category","embeddable":true,"href":"https:\/\/www.my-watchsite.fr\/blog\/wp-json\/wp\/v2\/categories?post=288"},{"taxonomy":"post_tag","embeddable":true,"href":"https:\/\/www.my-watchsite.fr\/blog\/wp-json\/wp\/v2\/tags?post=288"}],"curies":[{"name":"wp","href":"https:\/\/api.w.org\/{rel}","templated":true}]}}