{"id":2889,"date":"2014-09-26T00:00:00","date_gmt":"2014-09-25T22:00:00","guid":{"rendered":"https:\/\/www.my-watchsite.fr\/blog\/blog\/iwc-un-nouveau-batiment-de-production-pour-bientot-n695\/"},"modified":"2021-07-07T14:35:40","modified_gmt":"2021-07-07T12:35:40","slug":"siege-iwc-un-nouveau-batiment-de-production-pour-bientot-n695","status":"publish","type":"post","link":"https:\/\/www.my-watchsite.fr\/blog\/siege-iwc-un-nouveau-batiment-de-production-pour-bientot-n695\/","title":{"rendered":"IWC : un nouveau b\u00e2timent de production pour bient\u00f4t"},"content":{"rendered":"<p>Schaffhausen, 24 septembre 2014 \u2013 \u00c9tant l\u2019un des leaders mondiaux dans le segment des montres de luxe, IWC Schaffhausen continue d\u2019investir dans son site d\u2019origine o\u00f9 l\u2019entreprise a \u00e9t\u00e9 fond\u00e9e en 1868 et o\u00f9 elle a son si\u00e8ge depuis. Le traditionnel premier coup de pelle a c\u00e9l\u00e9br\u00e9 le lancement des travaux dans la vall\u00e9e de Merishausen, \u00e0 la p\u00e9riph\u00e9rie de Schaffhausen.<\/p>\n<p>La direction d\u2019IWC Schaffhausen ainsi que de nombreux invit\u00e9s ont solennellement c\u00e9l\u00e9br\u00e9 le d\u00e9but imminent des travaux du nouveau centre manufacturier IWC, situ\u00e9 dans la vall\u00e9e de Merishausen. Au moment de donner le premier coup de pelle, Georges Kern, CEO d\u2019IWC, \u00e9tait accompagn\u00e9 de Reto Dubach, conseiller d\u2019\u00c9tat, de Peter Neukomm, conseiller financier de la ville, et du responsable des travaux, Rapha\u00ebl Rohner.<\/p>\n<h3><strong>LA TROISI\u00c8ME EXTENSION DU SITE EN DIX ANS <\/strong><\/h3>\n<p>\u00abLe coup de pelle d\u2019aujourd\u2019hui repr\u00e9sente bien plus que le d\u00e9but de la construction d\u2019un nouveau site de production\u00bb, a soulign\u00e9 Georges Kern, CEO d\u2019IWC Schaffhausen. \u00abIl marque notre volont\u00e9 de rester ancr\u00e9s sur le site de Schaffhausen et de cr\u00e9er des conditions de travail attrayantes pour les collaborateurs d\u2019IWC. Il t\u00e9moigne aussi des efforts constructifs que la ville et le canton de Schaffhausen ont mis en \u0153uvre pour qu\u2019IWC continue \u00e0 y produire ses garde-temps uniques.\u00bb<\/p>\n<p>Avec un investissement total d\u2019environ 40 millions de francs, c\u2019est la plus grande extension de la manufacture, qui n\u2019a cess\u00e9 de s\u2019\u00e9tendre dans la vieille ville pour r\u00e9pondre au besoin croissant d\u2019espace avec les nouveaux b\u00e2timents est (2005) et ouest (2008). Avec huit cents collaborateurs travaillant sur son site, IWC Schaffhausen compte parmi les employeurs les plus importants de la r\u00e9gion, mais elle repr\u00e9sente aussi la ville dans le monde entier. C\u2019est \u00e9galement gr\u00e2ce aux habitants de Schaffhausen qu\u2019IWC a pu acqu\u00e9rir en droit de superficie le terrain de pr\u00e8s de 20 000 m\u00e8tres carr\u00e9s dans la vall\u00e9e de Merishausen. Il y a deux ans, la population a en effet approuv\u00e9 \u00e0 plus de 80 pour cent les projets de la manu facture de montres de luxe, manifestant ainsi sa confiance \u00e0 l\u2019\u00e9gard de l\u2019entreprise pourvoyeuse d\u2019emplois locaux.<\/p>\n<h3><strong>LE NOUVEAU B\u00c2TIMENT R\u00c9UNIRA TOUS LES PROCESSUS DE FABRICATION <\/strong><\/h3>\n<p>En construisant un centre manufacturier moderne, IWC lance de nouveau un signal. \u00abAu cours des dix derni\u00e8res ann\u00e9es, IWC s\u2019est transform\u00e9e: de prestataire de niche, elle est devenue une marque mondiale. Et nous comptons bien continuer \u00e0 nous d\u00e9velopper; un peu plus chaque jour\u00bb, a affirm\u00e9 Georges Kern, commentant ainsi le projet de construction ambitieux. \u00abLe vaste terrain offre les conditions id\u00e9ales pour construire un b\u00e2timent parfaitement adapt\u00e9 \u00e0 des processus de production et de logistique optimis\u00e9s, intelligemment concert\u00e9s et \u00e0 la gestion all\u00e9g\u00e9e, ce qui nous permettra de renforcer notre comp\u00e9titivit\u00e9 \u00e0 l\u2019\u00e9chelle mondiale.\u00bb<\/p>\n<p>\u00c0 partir d\u2019octobre 2016, c\u2019est-\u00e0-dire quand le nouveau b\u00e2timent sera pr\u00eat, la manufacture de Schaffhausen transf\u00e9rera dans la vall\u00e9e de Merishausen l\u2019ensemble de l\u2019usinage des bo\u00eetiers et de la fabrication des pi\u00e8ces des mouvements ainsi que toutes les \u00e9tapes de leur assemblage. En tout, 250 collaborateurs trouveront d\u2019agr\u00e9ables postes de travail r\u00e9partis sur une surface de 13 000 m\u00e8tres carr\u00e9s. Le b\u00e2timent pourra m\u00eame accueillir jusqu\u2019\u00e0 quatre cents postes de travail.<\/p>\n<h3><strong>UN B\u00c2TIMENT ATTRACTIF R\u00c9PONDANT AUX STANDARDS LES PLUS MODERNES <\/strong><\/h3>\n<p>Les vastes espaces verts et l\u2019\u00e9l\u00e9gante architecture du b\u00e2timent de deux \u00e9tages au toit plat permettront au complexe immobilier dispos\u00e9 de fa\u00e7on non align\u00e9e de se fondre harmonieusement dans la topographie de la vall\u00e9e de Merishausen. Le nouveau centre manufacturier incarne la philosophie d\u2019entreprise d\u2019IWC, fond\u00e9e sur la protection climatique et sur la responsabilit\u00e9 \u00e9cologique, mais il refl\u00e8te aussi toute l\u2019exp\u00e9rience acquise par l\u2019entreprise au cours des derni\u00e8res ann\u00e9es gr\u00e2ce \u00e0 la construction de ses nouveaux b\u00e2timents. Les espaces int\u00e9rieurs du nouveau b\u00e2timent de production seront ainsi inond\u00e9s de lumi\u00e8re gr\u00e2ce \u00e0 une fa\u00e7ade tout en triple vitrage.<\/p>\n<p>\u00abNous poursuivons sur la m\u00eame voie que celle que nous avions emprunt\u00e9e en 2008 pour notre nouveau b\u00e2timent ouest et choisissons le meilleur de toutes les normes en vigueur\u00bb, a expliqu\u00e9 Georges Kern. \u00abAu-del\u00e0 de la r\u00e9cup\u00e9ration de la chaleur gr\u00e2ce \u00e0 l\u2019air et \u00e0 l\u2019eau, nous utilisons par exemple l\u2019eau des nappes phr\u00e9atiques pour la climatisation et le chauffage; bien entendu, nos proc\u00e9d\u00e9s d\u2019isolation thermique r\u00e9pondent au standard Minergie. L\u2019installation photo volta\u00efque pr\u00e9vue recouvrira de larges pans du toit plat et satisfera une part importante de nos besoins en \u00e9nergie.\u00bb L\u2019\u00e9clairage du b\u00e2timent et de ses alentours sera enti\u00e8rement \u00e9quip\u00e9 de la technologie LED et sera d\u00e9clench\u00e9 par des capteurs.<\/p>\n<p>La nouvelle infrastructure pr\u00e9voit une gestion intelligente des d\u00e9chets et du recyclage, ce qui permettra de retraiter la plupart des d\u00e9chets li\u00e9s \u00e0 la production. Une cantine assurera le bien-\u00eatre gustatif du personnel. De plus, IWC met \u00e0 la disposition de ses collaborateurs une smart fortwo \u00e9lectrique. Des bornes de recharge pour ce v\u00e9hicule et pour les e-bikes parach\u00e8vent les initiatives d\u2019IWC, certifi\u00e9e entre prise neutre en CO2 depuis 2007.<\/p>\n<h3><strong>FAITS CONCERNANT LE NOUVEAU CENTRE MANUFACTURIER D\u2019IWC <\/strong><\/h3>\n<p>Lieu : vall\u00e9e de Merishausen <br \/>Investissement global : CHF 40 mio.<br \/>Superficie globale : 13 000 m2 <br \/>Longueur du b\u00e2timent : 121 m <br \/>Largeur du b\u00e2timent : 40,5 m <br \/>Volume des postes de travail : 250 collaborateurs <br \/>D\u00e9but des travaux le 29 septembre 2014 <br \/>Emm\u00e9nagement pr\u00e9vu \u00e0 partir d\u2019octobre 2016 <br \/>Architectes <br \/>ATP kfp architekten ingenieure, Zurich, <br \/>RMA Rainer M\u00fcller Architekten, en collaboration avec Christoph Grainger-Herr, Executive Brand Architect d\u2019IWC Schaffhausen<\/p>\n<h3><strong>IWC SCHAFFHAUSEN <\/strong><\/h3>\n<p>Mettant clairement l\u2019accent sur la technologie et le d\u00e9veloppement, la manufacture horlog\u00e8re suisse IWC Schaffhausen fabrique des garde-temps intemporels depuis 1868. Gr\u00e2ce \u00e0 sa passion pour des solutions innovantes et \u00e0 son g\u00e9nie cr\u00e9ateur, l\u2019entreprise s\u2019est forg\u00e9 une r\u00e9putation internationale. \u00c9tant l\u2019un des leaders mondiaux dans le segment des montres de luxe, IWC fabrique des chefs-d\u2019\u0153uvre de Haute Horlogerie qui marient l\u2019ing\u00e9nierie et la pr\u00e9cision dans un design exclusif. \u00c0 titre d\u2019entreprise responsable \u00e9cologiquement et socialement, IWC s\u2019engage en faveur d\u2019une production durable, soutient dans le monde entier des institutions d\u2019aide \u00e0 l\u2019enfance et \u00e0 la jeunesse, et poursuit son partenariat avec des organisations se consacrant \u00e0 la protection du climat et de l\u2019environnement.<\/p>\n<p><img decoding=\"async\" src=\"https:\/\/www.my-watchsite.fr\/blog\/wp-content\/uploads\/2020\/08\/695_2207.jpg\" alt=\"Le futur b\u00e2timent de production\" \/><\/p>\n<p><img decoding=\"async\" src=\"https:\/\/www.my-watchsite.fr\/blog\/wp-content\/uploads\/2020\/08\/695_2208.jpg\" alt=\"Le futur b\u00e2timent de production\" \/><\/p>\n<p><img decoding=\"async\" src=\"https:\/\/www.my-watchsite.fr\/blog\/wp-content\/uploads\/2020\/08\/695_2209.jpg\" alt=\"Le futur b\u00e2timent de production\" \/><\/p>\n<p><img decoding=\"async\" src=\"https:\/\/www.my-watchsite.fr\/blog\/wp-content\/uploads\/2020\/08\/695_2210.jpg\" alt=\"Georges Kern, CEO d\u2019IWC, avec Reto Dubach, conseiller d\u2019\u00c9tat, Peter Neukomm, conseiller financier de la ville et Rapha\u00ebl Rohner, responsable des travaux\" \/><\/p>\n<p><img decoding=\"async\" src=\"https:\/\/www.my-watchsite.fr\/blog\/wp-content\/uploads\/2020\/08\/695_2211.jpg\" alt=\"Georges Kern, CEO d\u2019IWC, avec Reto Dubach, conseiller d\u2019\u00c9tat, Peter Neukomm, conseiller financier de la ville et Rapha\u00ebl Rohner, responsable des travaux\" \/><\/p>\n\n\n<p><a href=\"https:\/\/www.iwc.com\/fr\/fr\/home.html\" target=\"_blank\" rel=\"noreferrer noopener\">www.iwc.com<\/a> <\/p>\n\n\n\n<p>Lire aussi l&rsquo;article <a href=\"https:\/\/www.my-watchsite.fr\/blog\/sihh-2014-nouveaute-iwc-aquatimer-calendrier-perpetuel-digital-date-et-mois-n591\/\" target=\"_blank\" rel=\"noreferrer noopener\">SIHH 2014 \u2013 Nouveaut\u00e9 IWC : Aquatimer Calendrier Perp\u00e9tuel Digital Date et Mois<\/a><\/p>\n","protected":false},"excerpt":{"rendered":"<p>Schaffhausen, 24 septembre 2014 \u2013 \u00c9tant l\u2019un des leaders mondiaux dans le segment des montres de luxe, IWC Schaffhausen continue d\u2019investir dans son site d\u2019origine o\u00f9 l\u2019entreprise a \u00e9t\u00e9 fond\u00e9e en 1868 et o\u00f9 elle a son si\u00e8ge depuis. Le traditionnel premier coup de pelle a c\u00e9l\u00e9br\u00e9 le lancement des travaux dans la vall\u00e9e de [&hellip;]<\/p>\n","protected":false},"author":1,"featured_media":2895,"comment_status":"closed","ping_status":"closed","sticky":false,"template":"","format":"standard","meta":{"footnotes":""},"categories":[2],"tags":[26],"acf":[],"yoast_head":"<!-- This site is optimized with the Yoast SEO plugin v20.4 - https:\/\/yoast.com\/wordpress\/plugins\/seo\/ -->\n<title>IWC : un nouveau b\u00e2timent de production pour bient\u00f4t - MyWatch FR<\/title>\n<meta name=\"description\" content=\"IWC continue d\u2019investir dans son site d\u2019origine o\u00f9 l\u2019entreprise a \u00e9t\u00e9 fond\u00e9e en 1868 et o\u00f9 elle a son si\u00e8ge depuis.\" \/>\n<meta name=\"robots\" content=\"index, follow, max-snippet:-1, max-image-preview:large, max-video-preview:-1\" \/>\n<link rel=\"canonical\" href=\"https:\/\/www.my-watchsite.fr\/blog\/siege-iwc-un-nouveau-batiment-de-production-pour-bientot-n695\/\" \/>\n<meta property=\"og:locale\" content=\"fr_FR\" \/>\n<meta property=\"og:type\" content=\"article\" \/>\n<meta property=\"og:title\" content=\"IWC : un nouveau b\u00e2timent de production pour bient\u00f4t - MyWatch FR\" \/>\n<meta property=\"og:description\" content=\"IWC continue d\u2019investir dans son site d\u2019origine o\u00f9 l\u2019entreprise a \u00e9t\u00e9 fond\u00e9e en 1868 et o\u00f9 elle a son si\u00e8ge depuis.\" \/>\n<meta property=\"og:url\" content=\"https:\/\/www.my-watchsite.fr\/blog\/siege-iwc-un-nouveau-batiment-de-production-pour-bientot-n695\/\" \/>\n<meta property=\"og:site_name\" content=\"MyWatch FR\" \/>\n<meta property=\"article:publisher\" content=\"https:\/\/www.facebook.com\/mywatchsite\/\" \/>\n<meta property=\"article:published_time\" content=\"2014-09-25T22:00:00+00:00\" \/>\n<meta property=\"article:modified_time\" content=\"2021-07-07T12:35:40+00:00\" \/>\n<meta property=\"og:image\" content=\"https:\/\/www.my-watchsite.fr\/blog\/wp-content\/uploads\/2020\/08\/thumb_695.jpg\" \/>\n\t<meta property=\"og:image:width\" content=\"654\" \/>\n\t<meta property=\"og:image:height\" content=\"435\" \/>\n\t<meta property=\"og:image:type\" content=\"image\/jpeg\" \/>\n<meta name=\"author\" content=\"MyWatch\" \/>\n<meta name=\"twitter:card\" content=\"summary_large_image\" \/>\n<meta name=\"twitter:creator\" content=\"@mywatchsite\" \/>\n<meta name=\"twitter:site\" content=\"@mywatchsite\" \/>\n<meta name=\"twitter:label1\" content=\"\u00c9crit par\" \/>\n\t<meta name=\"twitter:data1\" content=\"MyWatch\" \/>\n\t<meta name=\"twitter:label2\" content=\"Dur\u00e9e de lecture estim\u00e9e\" \/>\n\t<meta name=\"twitter:data2\" content=\"6 minutes\" \/>\n<script type=\"application\/ld+json\" class=\"yoast-schema-graph\">{\"@context\":\"https:\/\/schema.org\",\"@graph\":[{\"@type\":\"WebPage\",\"@id\":\"https:\/\/www.my-watchsite.fr\/blog\/siege-iwc-un-nouveau-batiment-de-production-pour-bientot-n695\/\",\"url\":\"https:\/\/www.my-watchsite.fr\/blog\/siege-iwc-un-nouveau-batiment-de-production-pour-bientot-n695\/\",\"name\":\"IWC : un nouveau b\u00e2timent de production pour bient\u00f4t - MyWatch FR\",\"isPartOf\":{\"@id\":\"https:\/\/www.my-watchsite.fr\/blog\/#website\"},\"datePublished\":\"2014-09-25T22:00:00+00:00\",\"dateModified\":\"2021-07-07T12:35:40+00:00\",\"author\":{\"@id\":\"https:\/\/www.my-watchsite.fr\/blog\/#\/schema\/person\/67e19b3e3d014465042ff1be1c9fcf44\"},\"description\":\"IWC continue d\u2019investir dans son site d\u2019origine o\u00f9 l\u2019entreprise a \u00e9t\u00e9 fond\u00e9e en 1868 et o\u00f9 elle a son si\u00e8ge depuis.\",\"breadcrumb\":{\"@id\":\"https:\/\/www.my-watchsite.fr\/blog\/siege-iwc-un-nouveau-batiment-de-production-pour-bientot-n695\/#breadcrumb\"},\"inLanguage\":\"fr-FR\",\"potentialAction\":[{\"@type\":\"ReadAction\",\"target\":[\"https:\/\/www.my-watchsite.fr\/blog\/siege-iwc-un-nouveau-batiment-de-production-pour-bientot-n695\/\"]}]},{\"@type\":\"BreadcrumbList\",\"@id\":\"https:\/\/www.my-watchsite.fr\/blog\/siege-iwc-un-nouveau-batiment-de-production-pour-bientot-n695\/#breadcrumb\",\"itemListElement\":[{\"@type\":\"ListItem\",\"position\":1,\"name\":\"Accueil\",\"item\":\"https:\/\/www.my-watchsite.fr\/blog\/\"},{\"@type\":\"ListItem\",\"position\":2,\"name\":\"IWC : un nouveau b\u00e2timent de production pour bient\u00f4t\"}]},{\"@type\":\"WebSite\",\"@id\":\"https:\/\/www.my-watchsite.fr\/blog\/#website\",\"url\":\"https:\/\/www.my-watchsite.fr\/blog\/\",\"name\":\"MyWatch FR\",\"description\":\"Make Time a Lifestyle\",\"potentialAction\":[{\"@type\":\"SearchAction\",\"target\":{\"@type\":\"EntryPoint\",\"urlTemplate\":\"https:\/\/www.my-watchsite.fr\/blog\/?s={search_term_string}\"},\"query-input\":\"required name=search_term_string\"}],\"inLanguage\":\"fr-FR\"},{\"@type\":\"Person\",\"@id\":\"https:\/\/www.my-watchsite.fr\/blog\/#\/schema\/person\/67e19b3e3d014465042ff1be1c9fcf44\",\"name\":\"MyWatch\",\"image\":{\"@type\":\"ImageObject\",\"inLanguage\":\"fr-FR\",\"@id\":\"https:\/\/www.my-watchsite.fr\/blog\/#\/schema\/person\/image\/\",\"url\":\"https:\/\/secure.gravatar.com\/avatar\/e52d1e94806c54826c863f554ca1dd2a?s=96&d=mm&r=g\",\"contentUrl\":\"https:\/\/secure.gravatar.com\/avatar\/e52d1e94806c54826c863f554ca1dd2a?s=96&d=mm&r=g\",\"caption\":\"MyWatch\"},\"sameAs\":[\"https:\/\/www.my-watchsite.fr\/blog\"]}]}<\/script>\n<!-- \/ Yoast SEO plugin. -->","yoast_head_json":{"title":"IWC : un nouveau b\u00e2timent de production pour bient\u00f4t - MyWatch FR","description":"IWC continue d\u2019investir dans son site d\u2019origine o\u00f9 l\u2019entreprise a \u00e9t\u00e9 fond\u00e9e en 1868 et o\u00f9 elle a son si\u00e8ge depuis.","robots":{"index":"index","follow":"follow","max-snippet":"max-snippet:-1","max-image-preview":"max-image-preview:large","max-video-preview":"max-video-preview:-1"},"canonical":"https:\/\/www.my-watchsite.fr\/blog\/siege-iwc-un-nouveau-batiment-de-production-pour-bientot-n695\/","og_locale":"fr_FR","og_type":"article","og_title":"IWC : un nouveau b\u00e2timent de production pour bient\u00f4t - MyWatch FR","og_description":"IWC continue d\u2019investir dans son site d\u2019origine o\u00f9 l\u2019entreprise a \u00e9t\u00e9 fond\u00e9e en 1868 et o\u00f9 elle a son si\u00e8ge depuis.","og_url":"https:\/\/www.my-watchsite.fr\/blog\/siege-iwc-un-nouveau-batiment-de-production-pour-bientot-n695\/","og_site_name":"MyWatch FR","article_publisher":"https:\/\/www.facebook.com\/mywatchsite\/","article_published_time":"2014-09-25T22:00:00+00:00","article_modified_time":"2021-07-07T12:35:40+00:00","og_image":[{"width":654,"height":435,"url":"https:\/\/www.my-watchsite.fr\/blog\/wp-content\/uploads\/2020\/08\/thumb_695.jpg","type":"image\/jpeg"}],"author":"MyWatch","twitter_card":"summary_large_image","twitter_creator":"@mywatchsite","twitter_site":"@mywatchsite","twitter_misc":{"\u00c9crit par":"MyWatch","Dur\u00e9e de lecture estim\u00e9e":"6 minutes"},"schema":{"@context":"https:\/\/schema.org","@graph":[{"@type":"WebPage","@id":"https:\/\/www.my-watchsite.fr\/blog\/siege-iwc-un-nouveau-batiment-de-production-pour-bientot-n695\/","url":"https:\/\/www.my-watchsite.fr\/blog\/siege-iwc-un-nouveau-batiment-de-production-pour-bientot-n695\/","name":"IWC : un nouveau b\u00e2timent de production pour bient\u00f4t - MyWatch FR","isPartOf":{"@id":"https:\/\/www.my-watchsite.fr\/blog\/#website"},"datePublished":"2014-09-25T22:00:00+00:00","dateModified":"2021-07-07T12:35:40+00:00","author":{"@id":"https:\/\/www.my-watchsite.fr\/blog\/#\/schema\/person\/67e19b3e3d014465042ff1be1c9fcf44"},"description":"IWC continue d\u2019investir dans son site d\u2019origine o\u00f9 l\u2019entreprise a \u00e9t\u00e9 fond\u00e9e en 1868 et o\u00f9 elle a son si\u00e8ge depuis.","breadcrumb":{"@id":"https:\/\/www.my-watchsite.fr\/blog\/siege-iwc-un-nouveau-batiment-de-production-pour-bientot-n695\/#breadcrumb"},"inLanguage":"fr-FR","potentialAction":[{"@type":"ReadAction","target":["https:\/\/www.my-watchsite.fr\/blog\/siege-iwc-un-nouveau-batiment-de-production-pour-bientot-n695\/"]}]},{"@type":"BreadcrumbList","@id":"https:\/\/www.my-watchsite.fr\/blog\/siege-iwc-un-nouveau-batiment-de-production-pour-bientot-n695\/#breadcrumb","itemListElement":[{"@type":"ListItem","position":1,"name":"Accueil","item":"https:\/\/www.my-watchsite.fr\/blog\/"},{"@type":"ListItem","position":2,"name":"IWC : un nouveau b\u00e2timent de production pour bient\u00f4t"}]},{"@type":"WebSite","@id":"https:\/\/www.my-watchsite.fr\/blog\/#website","url":"https:\/\/www.my-watchsite.fr\/blog\/","name":"MyWatch FR","description":"Make Time a Lifestyle","potentialAction":[{"@type":"SearchAction","target":{"@type":"EntryPoint","urlTemplate":"https:\/\/www.my-watchsite.fr\/blog\/?s={search_term_string}"},"query-input":"required name=search_term_string"}],"inLanguage":"fr-FR"},{"@type":"Person","@id":"https:\/\/www.my-watchsite.fr\/blog\/#\/schema\/person\/67e19b3e3d014465042ff1be1c9fcf44","name":"MyWatch","image":{"@type":"ImageObject","inLanguage":"fr-FR","@id":"https:\/\/www.my-watchsite.fr\/blog\/#\/schema\/person\/image\/","url":"https:\/\/secure.gravatar.com\/avatar\/e52d1e94806c54826c863f554ca1dd2a?s=96&d=mm&r=g","contentUrl":"https:\/\/secure.gravatar.com\/avatar\/e52d1e94806c54826c863f554ca1dd2a?s=96&d=mm&r=g","caption":"MyWatch"},"sameAs":["https:\/\/www.my-watchsite.fr\/blog"]}]}},"_links":{"self":[{"href":"https:\/\/www.my-watchsite.fr\/blog\/wp-json\/wp\/v2\/posts\/2889"}],"collection":[{"href":"https:\/\/www.my-watchsite.fr\/blog\/wp-json\/wp\/v2\/posts"}],"about":[{"href":"https:\/\/www.my-watchsite.fr\/blog\/wp-json\/wp\/v2\/types\/post"}],"author":[{"embeddable":true,"href":"https:\/\/www.my-watchsite.fr\/blog\/wp-json\/wp\/v2\/users\/1"}],"replies":[{"embeddable":true,"href":"https:\/\/www.my-watchsite.fr\/blog\/wp-json\/wp\/v2\/comments?post=2889"}],"version-history":[{"count":2,"href":"https:\/\/www.my-watchsite.fr\/blog\/wp-json\/wp\/v2\/posts\/2889\/revisions"}],"predecessor-version":[{"id":14760,"href":"https:\/\/www.my-watchsite.fr\/blog\/wp-json\/wp\/v2\/posts\/2889\/revisions\/14760"}],"wp:featuredmedia":[{"embeddable":true,"href":"https:\/\/www.my-watchsite.fr\/blog\/wp-json\/wp\/v2\/media\/2895"}],"wp:attachment":[{"href":"https:\/\/www.my-watchsite.fr\/blog\/wp-json\/wp\/v2\/media?parent=2889"}],"wp:term":[{"taxonomy":"category","embeddable":true,"href":"https:\/\/www.my-watchsite.fr\/blog\/wp-json\/wp\/v2\/categories?post=2889"},{"taxonomy":"post_tag","embeddable":true,"href":"https:\/\/www.my-watchsite.fr\/blog\/wp-json\/wp\/v2\/tags?post=2889"}],"curies":[{"name":"wp","href":"https:\/\/api.w.org\/{rel}","templated":true}]}}