{"id":29008,"date":"2023-07-18T09:00:00","date_gmt":"2023-07-18T07:00:00","guid":{"rendered":"https:\/\/www.my-watchsite.fr\/blog\/?p=29008"},"modified":"2023-07-21T15:04:44","modified_gmt":"2023-07-21T13:04:44","slug":"les-rooftops-parisiens","status":"publish","type":"post","link":"https:\/\/www.my-watchsite.fr\/blog\/les-rooftops-parisiens\/","title":{"rendered":"Prenons de la hauteur"},"content":{"rendered":"\n<figure class=\"wp-block-image size-full\"><img decoding=\"async\" width=\"900\" height=\"560\" loading=\"lazy\" src=\"https:\/\/www.my-watchsite.fr\/blog\/wp-content\/uploads\/2023\/07\/gm3.jpg\" alt=\"\" class=\"wp-image-29031\" \/><figcaption class=\"wp-element-caption\">Les rooftops, les secrets d&rsquo;un Paris suspendu.<\/figcaption><\/figure>\n\n\n\n<h2 class=\"wp-block-heading\"><strong>Rooftops : luxe, calme et volupt\u00e9<\/strong><\/h2>\n\n\n\n<p>L\u2019un des derniers n\u00e9s, le ROOF, se niche au c\u0153ur m\u00eame de Paris, et offre un panorama \u00e0 couper le souffle et \u00e0 perte de vue, o\u00f9 seuls les monuments &#8211; l\u2019\u00e9glise Saint-Eustache, Beaubourg, la Tour Eiffel et Notre-Dame &#8211; accrochent le regard en majest\u00e9. <\/p>\n\n\n\n<figure class=\"wp-block-image size-full\"><img decoding=\"async\" width=\"900\" height=\"560\" loading=\"lazy\" src=\"https:\/\/www.my-watchsite.fr\/blog\/wp-content\/uploads\/2023\/07\/roof2.jpg\" alt=\"\" class=\"wp-image-29013\" \/><figcaption class=\"wp-element-caption\">Perch\u00e9 au sommet de la Poste du Louvre, le ROOF offre une vue imprenable sur l&rsquo;\u00e9glise Saint-Eustache.<\/figcaption><\/figure>\n\n\n\n<p>Juch\u00e9 sur le toit de l\u2019ancienne Poste du Louvre, b\u00e2timent historique \u00e9rig\u00e9 en 1886 qui abrite aujourd\u2019hui l\u2019h\u00f4tel cinq \u00e9toiles Madame R\u00eave (titre d\u2019une chanson d\u2019Alain Bashung), le ROOF r\u00e9v\u00e8le aux h\u00f4tes et aux visiteurs un vaste espace arbor\u00e9, ensoleill\u00e9 par les tons orang\u00e9s de son mobilier et sa carte asiatique, pour un moment de pure volupt\u00e9, entre 15h et 1h du matin (r\u00e9servation en ligne conseill\u00e9e).<\/p>\n\n\n\n<figure class=\"wp-block-image size-full\"><img decoding=\"async\" width=\"900\" height=\"560\" loading=\"lazy\" src=\"https:\/\/www.my-watchsite.fr\/blog\/wp-content\/uploads\/2023\/07\/roof3.jpg\" alt=\"\" class=\"wp-image-29017\" \/><figcaption class=\"wp-element-caption\">De jour comme de nuit, le rooftop de 1 000 m2 a Paris \u00e0 ses pieds.<\/figcaption><\/figure>\n\n\n\n<h2 class=\"wp-block-heading\"><strong>La campagne \u00e0 Paris<\/strong><\/h2>\n\n\n\n<p>Install\u00e9 dans le quartier de Passy et d\u00e9cor\u00e9 par Philippe Starck, l\u2019h\u00f4tel Brach exprime un luxe personnel, chaleureux, jusque sur ses terrasses et son rooftop pens\u00e9 comme une enclave campagnarde, avec son potager, ses plantes aromatiques, son poulailler et son bain norv\u00e9gien (sur r\u00e9servation, pour 4 personnes maximum). D\u00e8s les beaux jours, ce jardin verdoyant \u00e0 la d\u00e9co brute et douillette s\u2019ouvre \u00e0 tous, touristes et parisiens, de 17h \u00e0 1h du matin (selon la m\u00e9t\u00e9o). <\/p>\n\n\n\n<figure class=\"wp-block-image size-full\"><img decoding=\"async\" width=\"900\" height=\"1450\" loading=\"lazy\" src=\"https:\/\/www.my-watchsite.fr\/blog\/wp-content\/uploads\/2023\/07\/brach1.jpg\" alt=\"\" class=\"wp-image-29021\" \/><figcaption class=\"wp-element-caption\">Parenth\u00e8se enchant\u00e9e au Brach situ\u00e9 dans le 16e arrondissement de Paris.<\/figcaption><\/figure>\n\n\n\n<p>Que l\u2019on y vienne pour l\u00e9zarder sur un transat, picorer dans des assiettes gourmandes ou boire le cocktail de l\u2019amiti\u00e9 \u00e0 la nuit tomb\u00e9e, le d\u00e9paysement est assur\u00e9 tout en savourant les mets et mezze aux tonalit\u00e9s m\u00e9diterran\u00e9ennes du chef Adam Bentalha.<\/p>\n\n\n\n<figure class=\"wp-block-image size-full\"><img decoding=\"async\" width=\"900\" height=\"560\" loading=\"lazy\" src=\"https:\/\/www.my-watchsite.fr\/blog\/wp-content\/uploads\/2023\/07\/brach2.jpg\" alt=\"\" class=\"wp-image-29022\" \/><figcaption class=\"wp-element-caption\">Les transats du Brach se perdent dans un d\u00e9cor v\u00e9g\u00e9talis\u00e9 en plein c\u0153ur de Paris.<\/figcaption><\/figure>\n\n\n\n<h2 class=\"wp-block-heading\"><strong>\u00c0 la bonne franquette<\/strong><\/h2>\n\n\n\n<p>Pedzouille, c\u2019est le concept \u00ab&nbsp;franchouillard&nbsp;\u00bb assum\u00e9, d\u00e9velopp\u00e9 dans plusieurs coins de Paris, dans le 10<sup>e<\/sup> et le 2<sup>e<\/sup> arrondissements, mais surtout dans le 15<sup>e<\/sup>, avec un lieu haut perch\u00e9 o\u00f9 l\u2019on retrouve la gouaille de Paname et les saveurs d\u2019un terroir 100&nbsp;% fran\u00e7ais et responsable, \u00e0 la fois terrien et iod\u00e9. <\/p>\n\n\n\n<figure class=\"wp-block-image size-full is-resized\"><img decoding=\"async\" loading=\"lazy\" src=\"https:\/\/www.my-watchsite.fr\/blog\/wp-content\/uploads\/2023\/07\/pedzouille1.jpg\" alt=\"\" class=\"wp-image-29023\" width=\"600\" height=\"373\" \/><figcaption class=\"wp-element-caption\">Pedzouille La Grange, LA table d&rsquo;h\u00f4te qui nous fait atteindre le 7e ciel.<\/figcaption><\/figure>\n\n\n\n<p>Plusieurs bars (dont un speakeasy) permettent en outre d\u2019\u00e9tancher les plus&nbsp;grandes soifs. Le tout dans un esprit g\u00e9n\u00e9reux de table d\u2019h\u00f4te, la Tour Eiffel en ligne de mire.<\/p>\n\n\n\n<figure class=\"wp-block-image size-full\"><img decoding=\"async\" width=\"900\" height=\"560\" loading=\"lazy\" src=\"https:\/\/www.my-watchsite.fr\/blog\/wp-content\/uploads\/2023\/07\/pedzouille5.jpg\" alt=\"\" class=\"wp-image-29025\" \/><figcaption class=\"wp-element-caption\">Plats g\u00e9n\u00e9reux et franchouillards sont \u00e0 la carte imagin\u00e9e par Gabriele Faiella.<\/figcaption><\/figure>\n\n\n\n<h2 class=\"wp-block-heading\"><strong>Le 7<sup>e<\/sup> art au 7<sup>e<\/sup> ciel<\/strong><\/h2>\n\n\n\n<p>Le cin\u00e9ma-h\u00f4tel Paradiso, cr\u00e9\u00e9 par MK2, est couronn\u00e9 d\u2019une terrasse-jardin pour cin\u00e9philes. Il faut dire qu\u2019ici, chaque chambre est une salle de cin\u00e9ma \u00e0 part enti\u00e8re (\u00e9quip\u00e9e d\u2019un vid\u00e9oprojecteur laser et d\u2019un \u00e9cran de 3m de large), et son jardin suspendu n\u2019\u00e9chappe pas \u00e0 la magie du septi\u00e8me art. <\/p>\n\n\n\n<figure class=\"wp-block-image size-full\"><img decoding=\"async\" width=\"900\" height=\"560\" loading=\"lazy\" src=\"https:\/\/www.my-watchsite.fr\/blog\/wp-content\/uploads\/2023\/07\/paradisio1.jpg\" alt=\"\" class=\"wp-image-29026\" \/><figcaption class=\"wp-element-caption\">Durant l&rsquo;\u00e9t\u00e9, le rooftop propose \u00ab\u00a0le film du dimanche soir\u00a0\u00bb. <\/figcaption><\/figure>\n\n\n\n<p>On y sirote un cocktail en piochant dans un bol de pop-corn, sur une pelouse moelleuse \u00e0 l\u2019ombre des arbres, Paris \u00e0 ses pieds. L\u2019entr\u00e9e est libre, except\u00e9 pour \u00ab&nbsp;Le film du dimanche soir&nbsp;\u00bb, sur r\u00e9servation. Des DJ Sets au soleil couchant sont en outre organis\u00e9s avec la radio FIP, le 21 juillet et le 15 septembre \u00e0 20h.<\/p>\n\n\n\n<figure class=\"wp-block-image size-full\"><img decoding=\"async\" width=\"900\" height=\"560\" loading=\"lazy\" src=\"https:\/\/www.my-watchsite.fr\/blog\/wp-content\/uploads\/2023\/07\/paradisio2.jpg\" alt=\"\" class=\"wp-image-29027\" \/><figcaption class=\"wp-element-caption\"><strong>Le rooftop de l&rsquo;h\u00f4tel Paradiso est le sc\u00e9nario parfait pour profiter des hauteurs de la capitale.<\/strong><\/figcaption><\/figure>\n\n\n\n<h2 class=\"wp-block-heading\"><strong>Rooftops de haut vol dans les Grands Magasins<\/strong><\/h2>\n\n\n\n<p>Les Grands Magasins du boulevard Haussmann sont au diapason et sortent des murs pour investir leurs toitures, transform\u00e9es en terrasses estivales et festives, face \u00e0 la mer calme et iris\u00e9e des toits en zinc parisiens. <\/p>\n\n\n\n<figure class=\"wp-block-image size-full\"><img decoding=\"async\" width=\"900\" height=\"560\" loading=\"lazy\" src=\"https:\/\/www.my-watchsite.fr\/blog\/wp-content\/uploads\/2023\/07\/perruche.jpg\" alt=\"\" class=\"wp-image-29060\" \/><figcaption class=\"wp-element-caption\">Perruche est un oasis verdoyant nich\u00e9 au dernier \u00e9tage du Printemps Haussmann.<\/figcaption><\/figure>\n\n\n\n<p>Si l\u2019ambiance est celle d\u2019une closerie cosy, romantique et arbor\u00e9e chez Perruche au Printemps, elle se veut gourmande et \u00e9thique aux Galeries Lafayette, o\u00f9 le chef Julien Sebbag r\u00e9installe son restaurant v\u00e9g\u00e9tarien \u00e9ph\u00e9m\u00e8re \u00ab&nbsp;Cr\u00e9atures&nbsp;\u00bb, du petit-d\u00e9jeuner au post-d\u00eener.<\/p>\n\n\n\n<figure class=\"wp-block-image size-full\"><img decoding=\"async\" width=\"900\" height=\"1450\" loading=\"lazy\" src=\"https:\/\/www.my-watchsite.fr\/blog\/wp-content\/uploads\/2023\/07\/gm2.jpg\" alt=\"\" class=\"wp-image-29030\" \/><figcaption class=\"wp-element-caption\">Le temps est suspendu chez Cr\u00e9atures perch\u00e9 sur la terrasse des Galeries Lafayette Paris Haussmann..<\/figcaption><\/figure>\n\n\n\n<p><a href=\"https:\/\/madamereve.com\/restaurants\/roof\/\" target=\"_blank\" rel=\"noreferrer noopener\">ROOF<\/a>, acc\u00e8s direct par le 43 rue Etienne Marcel, Paris 1<sup>er<\/sup>. <br><a href=\"http:\/\/www.pedzouille.fr\" target=\"_blank\" rel=\"noreferrer noopener\">Pedzouille La Grange<\/a>, Novotel Paris Porte de Versailles, 4 Av. de la Porte de la Plaine Paris 15<sup>e<\/sup>.<br><a href=\"https:\/\/brachparis.com\" target=\"_blank\" rel=\"noreferrer noopener\">Brach<\/a>, 1-7 Rue Jean Richepin, Paris 16<sup>e<\/sup>. <br><a href=\"https:\/\/www.mk2.com\/evenement\/film-dimanche-soir-rooftop-paradiso\" target=\"_blank\" rel=\"noreferrer noopener\">Rooftop Paradiso<\/a>, 135 bd Diderot, Paris 12<sup>e<\/sup>. R\u00e9servations s\u00e9ance du dimanche soir.<br><a href=\"https:\/\/perruche-restaurant.com\" target=\"_blank\" rel=\"noreferrer noopener\">Perruche<\/a>, Printemps de l\u2019Homme, 2 rue du Havre, Paris 9<sup>e<\/sup>. <br><a href=\"https:\/\/creatures-paris.com\" target=\"_blank\" rel=\"noreferrer noopener\">Cr\u00e9atures<\/a>, Galeries Lafayette, 25 rue de la Chauss\u00e9e d\u2019Antin, Paris 9<sup>e<\/sup>. <\/p>\n","protected":false},"excerpt":{"rendered":"<p>La capitale compte des dizaines de rooftops qui coiffent les immeubles et toisent les monuments, pour passer l\u2019\u00e9t\u00e9 parisien \u00ab sous le soleil exactement \u00bb. Des lieux qui s\u2019animent, souvent en musique, au mitan de la journ\u00e9e et jusqu\u2019aux premi\u00e8res heures de la nuit, d\u00e9livrant monts et merveilles, mets et \u00e9lixirs. Prenons de la hauteur dans le Paris pluriel, prot\u00e9iforme, pour appr\u00e9cier des atmosph\u00e8res certes diff\u00e9rentes mais sous les m\u00eames \u00e9toiles.<\/p>\n","protected":false},"author":27,"featured_media":29034,"comment_status":"closed","ping_status":"closed","sticky":false,"template":"","format":"standard","meta":{"footnotes":""},"categories":[82],"tags":[592,595,596,591,594,590],"acf":[],"yoast_head":"<!-- This site is optimized with the Yoast SEO plugin v20.4 - https:\/\/yoast.com\/wordpress\/plugins\/seo\/ -->\n<title>Prenons de la hauteur - MyWatch FR<\/title>\n<meta name=\"robots\" content=\"index, follow, max-snippet:-1, max-image-preview:large, max-video-preview:-1\" \/>\n<link rel=\"canonical\" href=\"https:\/\/www.my-watchsite.fr\/blog\/les-rooftops-parisiens\/\" \/>\n<meta property=\"og:locale\" content=\"fr_FR\" \/>\n<meta property=\"og:type\" content=\"article\" \/>\n<meta property=\"og:title\" content=\"Prenons de la hauteur - MyWatch FR\" \/>\n<meta property=\"og:description\" content=\"La capitale compte des dizaines de rooftops qui coiffent les immeubles et toisent les monuments, pour passer l\u2019\u00e9t\u00e9 parisien \u00ab sous le soleil exactement \u00bb. Des lieux qui s\u2019animent, souvent en musique, au mitan de la journ\u00e9e et jusqu\u2019aux premi\u00e8res heures de la nuit, d\u00e9livrant monts et merveilles, mets et \u00e9lixirs. Prenons de la hauteur dans le Paris pluriel, prot\u00e9iforme, pour appr\u00e9cier des atmosph\u00e8res certes diff\u00e9rentes mais sous les m\u00eames \u00e9toiles.\" \/>\n<meta property=\"og:url\" content=\"https:\/\/www.my-watchsite.fr\/blog\/les-rooftops-parisiens\/\" \/>\n<meta property=\"og:site_name\" content=\"MyWatch FR\" \/>\n<meta property=\"article:publisher\" content=\"https:\/\/www.facebook.com\/mywatchsite\/\" \/>\n<meta property=\"article:published_time\" content=\"2023-07-18T07:00:00+00:00\" \/>\n<meta property=\"article:modified_time\" content=\"2023-07-21T13:04:44+00:00\" \/>\n<meta property=\"og:image\" content=\"https:\/\/www.my-watchsite.fr\/blog\/wp-content\/uploads\/2023\/07\/hp.jpg\" \/>\n\t<meta property=\"og:image:width\" content=\"750\" \/>\n\t<meta property=\"og:image:height\" content=\"465\" \/>\n\t<meta property=\"og:image:type\" content=\"image\/jpeg\" \/>\n<meta name=\"author\" content=\"Florence Halimi\" \/>\n<meta name=\"twitter:card\" content=\"summary_large_image\" \/>\n<meta name=\"twitter:creator\" content=\"@mywatchsite\" \/>\n<meta name=\"twitter:site\" content=\"@mywatchsite\" \/>\n<meta name=\"twitter:label1\" content=\"\u00c9crit par\" \/>\n\t<meta name=\"twitter:data1\" content=\"Florence Halimi\" \/>\n\t<meta name=\"twitter:label2\" content=\"Dur\u00e9e de lecture estim\u00e9e\" \/>\n\t<meta name=\"twitter:data2\" content=\"6 minutes\" \/>\n<script type=\"application\/ld+json\" class=\"yoast-schema-graph\">{\"@context\":\"https:\/\/schema.org\",\"@graph\":[{\"@type\":\"WebPage\",\"@id\":\"https:\/\/www.my-watchsite.fr\/blog\/les-rooftops-parisiens\/\",\"url\":\"https:\/\/www.my-watchsite.fr\/blog\/les-rooftops-parisiens\/\",\"name\":\"Prenons de la hauteur - MyWatch FR\",\"isPartOf\":{\"@id\":\"https:\/\/www.my-watchsite.fr\/blog\/#website\"},\"datePublished\":\"2023-07-18T07:00:00+00:00\",\"dateModified\":\"2023-07-21T13:04:44+00:00\",\"author\":{\"@id\":\"https:\/\/www.my-watchsite.fr\/blog\/#\/schema\/person\/da2e71d6c80d7b64d847e1e63c5bc0c4\"},\"breadcrumb\":{\"@id\":\"https:\/\/www.my-watchsite.fr\/blog\/les-rooftops-parisiens\/#breadcrumb\"},\"inLanguage\":\"fr-FR\",\"potentialAction\":[{\"@type\":\"ReadAction\",\"target\":[\"https:\/\/www.my-watchsite.fr\/blog\/les-rooftops-parisiens\/\"]}]},{\"@type\":\"BreadcrumbList\",\"@id\":\"https:\/\/www.my-watchsite.fr\/blog\/les-rooftops-parisiens\/#breadcrumb\",\"itemListElement\":[{\"@type\":\"ListItem\",\"position\":1,\"name\":\"Accueil\",\"item\":\"https:\/\/www.my-watchsite.fr\/blog\/\"},{\"@type\":\"ListItem\",\"position\":2,\"name\":\"Prenons de la hauteur\"}]},{\"@type\":\"WebSite\",\"@id\":\"https:\/\/www.my-watchsite.fr\/blog\/#website\",\"url\":\"https:\/\/www.my-watchsite.fr\/blog\/\",\"name\":\"MyWatch FR\",\"description\":\"Make Time a Lifestyle\",\"potentialAction\":[{\"@type\":\"SearchAction\",\"target\":{\"@type\":\"EntryPoint\",\"urlTemplate\":\"https:\/\/www.my-watchsite.fr\/blog\/?s={search_term_string}\"},\"query-input\":\"required name=search_term_string\"}],\"inLanguage\":\"fr-FR\"},{\"@type\":\"Person\",\"@id\":\"https:\/\/www.my-watchsite.fr\/blog\/#\/schema\/person\/da2e71d6c80d7b64d847e1e63c5bc0c4\",\"name\":\"Florence Halimi\",\"image\":{\"@type\":\"ImageObject\",\"inLanguage\":\"fr-FR\",\"@id\":\"https:\/\/www.my-watchsite.fr\/blog\/#\/schema\/person\/image\/\",\"url\":\"https:\/\/secure.gravatar.com\/avatar\/f98e2c3a06883e69759ce0f60446ef46?s=96&d=mm&r=g\",\"contentUrl\":\"https:\/\/secure.gravatar.com\/avatar\/f98e2c3a06883e69759ce0f60446ef46?s=96&d=mm&r=g\",\"caption\":\"Florence Halimi\"}}]}<\/script>\n<!-- \/ Yoast SEO plugin. -->","yoast_head_json":{"title":"Prenons de la hauteur - MyWatch FR","robots":{"index":"index","follow":"follow","max-snippet":"max-snippet:-1","max-image-preview":"max-image-preview:large","max-video-preview":"max-video-preview:-1"},"canonical":"https:\/\/www.my-watchsite.fr\/blog\/les-rooftops-parisiens\/","og_locale":"fr_FR","og_type":"article","og_title":"Prenons de la hauteur - MyWatch FR","og_description":"La capitale compte des dizaines de rooftops qui coiffent les immeubles et toisent les monuments, pour passer l\u2019\u00e9t\u00e9 parisien \u00ab sous le soleil exactement \u00bb. Des lieux qui s\u2019animent, souvent en musique, au mitan de la journ\u00e9e et jusqu\u2019aux premi\u00e8res heures de la nuit, d\u00e9livrant monts et merveilles, mets et \u00e9lixirs. Prenons de la hauteur dans le Paris pluriel, prot\u00e9iforme, pour appr\u00e9cier des atmosph\u00e8res certes diff\u00e9rentes mais sous les m\u00eames \u00e9toiles.","og_url":"https:\/\/www.my-watchsite.fr\/blog\/les-rooftops-parisiens\/","og_site_name":"MyWatch FR","article_publisher":"https:\/\/www.facebook.com\/mywatchsite\/","article_published_time":"2023-07-18T07:00:00+00:00","article_modified_time":"2023-07-21T13:04:44+00:00","og_image":[{"width":750,"height":465,"url":"https:\/\/www.my-watchsite.fr\/blog\/wp-content\/uploads\/2023\/07\/hp.jpg","type":"image\/jpeg"}],"author":"Florence Halimi","twitter_card":"summary_large_image","twitter_creator":"@mywatchsite","twitter_site":"@mywatchsite","twitter_misc":{"\u00c9crit par":"Florence Halimi","Dur\u00e9e de lecture estim\u00e9e":"6 minutes"},"schema":{"@context":"https:\/\/schema.org","@graph":[{"@type":"WebPage","@id":"https:\/\/www.my-watchsite.fr\/blog\/les-rooftops-parisiens\/","url":"https:\/\/www.my-watchsite.fr\/blog\/les-rooftops-parisiens\/","name":"Prenons de la hauteur - MyWatch FR","isPartOf":{"@id":"https:\/\/www.my-watchsite.fr\/blog\/#website"},"datePublished":"2023-07-18T07:00:00+00:00","dateModified":"2023-07-21T13:04:44+00:00","author":{"@id":"https:\/\/www.my-watchsite.fr\/blog\/#\/schema\/person\/da2e71d6c80d7b64d847e1e63c5bc0c4"},"breadcrumb":{"@id":"https:\/\/www.my-watchsite.fr\/blog\/les-rooftops-parisiens\/#breadcrumb"},"inLanguage":"fr-FR","potentialAction":[{"@type":"ReadAction","target":["https:\/\/www.my-watchsite.fr\/blog\/les-rooftops-parisiens\/"]}]},{"@type":"BreadcrumbList","@id":"https:\/\/www.my-watchsite.fr\/blog\/les-rooftops-parisiens\/#breadcrumb","itemListElement":[{"@type":"ListItem","position":1,"name":"Accueil","item":"https:\/\/www.my-watchsite.fr\/blog\/"},{"@type":"ListItem","position":2,"name":"Prenons de la hauteur"}]},{"@type":"WebSite","@id":"https:\/\/www.my-watchsite.fr\/blog\/#website","url":"https:\/\/www.my-watchsite.fr\/blog\/","name":"MyWatch FR","description":"Make Time a Lifestyle","potentialAction":[{"@type":"SearchAction","target":{"@type":"EntryPoint","urlTemplate":"https:\/\/www.my-watchsite.fr\/blog\/?s={search_term_string}"},"query-input":"required name=search_term_string"}],"inLanguage":"fr-FR"},{"@type":"Person","@id":"https:\/\/www.my-watchsite.fr\/blog\/#\/schema\/person\/da2e71d6c80d7b64d847e1e63c5bc0c4","name":"Florence Halimi","image":{"@type":"ImageObject","inLanguage":"fr-FR","@id":"https:\/\/www.my-watchsite.fr\/blog\/#\/schema\/person\/image\/","url":"https:\/\/secure.gravatar.com\/avatar\/f98e2c3a06883e69759ce0f60446ef46?s=96&d=mm&r=g","contentUrl":"https:\/\/secure.gravatar.com\/avatar\/f98e2c3a06883e69759ce0f60446ef46?s=96&d=mm&r=g","caption":"Florence Halimi"}}]}},"_links":{"self":[{"href":"https:\/\/www.my-watchsite.fr\/blog\/wp-json\/wp\/v2\/posts\/29008"}],"collection":[{"href":"https:\/\/www.my-watchsite.fr\/blog\/wp-json\/wp\/v2\/posts"}],"about":[{"href":"https:\/\/www.my-watchsite.fr\/blog\/wp-json\/wp\/v2\/types\/post"}],"author":[{"embeddable":true,"href":"https:\/\/www.my-watchsite.fr\/blog\/wp-json\/wp\/v2\/users\/27"}],"replies":[{"embeddable":true,"href":"https:\/\/www.my-watchsite.fr\/blog\/wp-json\/wp\/v2\/comments?post=29008"}],"version-history":[{"count":46,"href":"https:\/\/www.my-watchsite.fr\/blog\/wp-json\/wp\/v2\/posts\/29008\/revisions"}],"predecessor-version":[{"id":29355,"href":"https:\/\/www.my-watchsite.fr\/blog\/wp-json\/wp\/v2\/posts\/29008\/revisions\/29355"}],"wp:featuredmedia":[{"embeddable":true,"href":"https:\/\/www.my-watchsite.fr\/blog\/wp-json\/wp\/v2\/media\/29034"}],"wp:attachment":[{"href":"https:\/\/www.my-watchsite.fr\/blog\/wp-json\/wp\/v2\/media?parent=29008"}],"wp:term":[{"taxonomy":"category","embeddable":true,"href":"https:\/\/www.my-watchsite.fr\/blog\/wp-json\/wp\/v2\/categories?post=29008"},{"taxonomy":"post_tag","embeddable":true,"href":"https:\/\/www.my-watchsite.fr\/blog\/wp-json\/wp\/v2\/tags?post=29008"}],"curies":[{"name":"wp","href":"https:\/\/api.w.org\/{rel}","templated":true}]}}