{"id":291,"date":"2011-02-09T00:00:00","date_gmt":"2011-02-08T23:00:00","guid":{"rendered":"https:\/\/www.my-watchsite.fr\/blog\/blog\/celebration-du-25e-anniversaire-de-lamfar-n93\/"},"modified":"2011-02-09T00:00:00","modified_gmt":"2011-02-08T23:00:00","slug":"celebration-du-25e-anniversaire-de-lamfar-n93","status":"publish","type":"post","link":"https:\/\/www.my-watchsite.fr\/blog\/celebration-du-25e-anniversaire-de-lamfar-n93\/","title":{"rendered":"C\u00e9l\u00e9bration du 25e anniversaire de l&rsquo;amfAR"},"content":{"rendered":"<p>Hublot a \u00e9t\u00e9 particuli\u00e8rement fier d&rsquo;\u00eatre associ\u00e9 au Gala d&rsquo;anniversaire de l&rsquo;amfAR \u00e0 New York et ainsi de rendre hommage au Pr\u00e9sident Bill Clinton, \u00e0 Diane von Furstenberg et \u00e0 la pr\u00e9sidente fondatrice de l&rsquo;amfAR, Elizabeth Taylor, pour leur contribution majeure \u00e0 la lutte mondiale contre le VIH et le sida.<\/p>\n<p>Ce d\u00eener de bienfaisance marquait les 25 ans de l&rsquo;amfAR dont l&rsquo;action reste \u00e0 l&rsquo;avant-garde de la recherche sur le sida. A cette occasion, les interpr\u00e8tes originaux de \u00abThat&rsquo;s What Friends Are For\u00bb \u2013 Sir Elton John, Gladys Knight, Dionne Warwick et Stevie Wonder \u2013 qui \u00e9taient tous pr\u00e9sents pour la premi\u00e8re fois depuis 26 ans, ont pu offrir une prestation exceptionnelle aux invit\u00e9s.<\/p>\n<p>Organis\u00e9 sur Cipriani Wall Street la veille de la Fashion Week de New York, le gala \u00e9tait pr\u00e9sid\u00e9 par Jean-Claude Biver, CEO de Hublot, aux c\u00f4t\u00e9 de Kenneth Cole, pr\u00e9sident de l&rsquo;amfAR, et d&rsquo;autres personnalit\u00e9s. \u00abNous sommes tr\u00e8s honor\u00e9s de pouvoir soutenir l&rsquo;amfAR dans la lutte contre le VIH et le sida\u00bb, a d\u00e9clar\u00e9 le CEO de Hublot, Jean-Claude Biver. \u00abCette action fait \u00e9cho \u00e0 notre principe fondamental du partage et nous esp\u00e9rons que ce partenariat permettra de r\u00e9aliser des avanc\u00e9es significatives pour cette cause importante\u00bb.<\/p>\n<p>Une \u00e9dition limit\u00e9e de garde-temps Hublot pour hommes, arborant les couleurs de l&rsquo;amfAR et son logo, a \u00e9t\u00e9 cr\u00e9\u00e9e sp\u00e9cialement en l&rsquo;honneur du 25e anniversaire de la cause. C&rsquo;est un mod\u00e8le sp\u00e9cial de la Big Bang Black Magic limit\u00e9 \u00e0 100 pi\u00e8ces, dot\u00e9 d&rsquo;une lunette et d&rsquo;un bo\u00eetier en c\u00e9ramique noire de 44 mm. La pi\u00e8ce abrite un mouvement chronographe m\u00e9canique \u00e0 remontage automatique et son bracelet est en alligator et en caoutchouc.<\/p>\n<p>Au programme de la soir\u00e9e figuraient un d\u00eener de gala, une vente aux ench\u00e8res en direct, un concert de David Garrett ainsi qu&rsquo;une s\u00e9rie d&rsquo;hommages adress\u00e9s aux invit\u00e9s d&rsquo;honneur. L&rsquo;interpr\u00e9tation sp\u00e9ciale de \u00abThat&rsquo;s What Friends are For\u00bb fut bien entendu le clou de la soir\u00e9e. Pour f\u00eater ce 25e anniversaire, Jean-Claude Biver eut le plaisir d&rsquo;annoncer la mise aux ench\u00e8res de la premi\u00e8re montre de la collection Hublot amfAR, la Big Bang Black Magic \u00e0 \u00e9dition limit\u00e9e num\u00e9rot\u00e9e 001\/100. Ce magnifique cadeau fut remport\u00e9 \u00e0 l&rsquo;issue d&rsquo;ench\u00e8res tr\u00e8s serr\u00e9es qui atteignirent 75 000 dollars. L&rsquo;heureux gagnant et l&rsquo;invit\u00e9 de son choix ont \u00e9t\u00e9 invit\u00e9s \u00e0 Gen\u00e8ve \u2013 un voyage gracieusement offert par la compagnie Delta Air Lines \u2013 o\u00f9 ils s\u00e9journeront 3 nuits au Mandarin Oriental. Ils auront alors la chance de d\u00e9couvrir la manufacture Hublot, pr\u00e8s de Gen\u00e8ve, lors d&rsquo;une visite priv\u00e9e au cours de laquelle leur sera remis le garde-temps. M. Biver conviera \u00e9galement le vainqueur ainsi que son invit\u00e9(e) \u00e0 une soir\u00e9e dans sa r\u00e9sidence personnelle o\u00f9 ils pourront appr\u00e9cier des vins tels que Ch\u00e2teau d&rsquo;Yquem et le c\u00e9l\u00e8bre fromage suisse de M. Biver.<\/p>\n<p>A propos de HUBLOT <\/p>\n<p>La renomm\u00e9e de Hublot remonte \u00e0 trois d\u00e9cennies: \u00e0 cette \u00e9poque, elle est la premi\u00e8re marque horlog\u00e8re suisse de prestige \u00e0 fusionner des m\u00e9taux pr\u00e9cieux avec du caoutchouc naturel. Cette innovation provoque alors une v\u00e9ritable r\u00e9volution. En 2004, M. Jean-Claude Biver offrit une v\u00e9ritable renaissance \u00e0 Hublot et r\u00e9volutionna l&rsquo;univers horloger en cr\u00e9ant la \u00abBig Bang\u00bb. Ce chronographe marqua le d\u00e9but du succ\u00e8s spectaculaire de la marque. En l&rsquo;espace de cinq ans, Hublot est devenue l&rsquo;une des marques haut de gamme les plus pris\u00e9es et certains de ses garde-temps, tels que les mod\u00e8les One Million Dollar Big Bang, All Black Big Bang et Mag Bang, sont d\u00e9sormais entr\u00e9s dans l&rsquo;histoire de l&rsquo;horlogerie. En 2008, Hublot est rachet\u00e9e par le groupe LVMH. Sous la houlette de son CEO, M. Jean-Claude Biver, l&rsquo;entreprise est rest\u00e9e fid\u00e8le \u00e0 sa philosophie \u00ab Art de la Fusion \u00bb, et continue de combiner des mati\u00e8res atypiques \u2013 zirconium, tantale, magn\u00e9sium, titane \u2026 \u2013 \u00e0 des mati\u00e8res plus conventionnelles \u2013 diamants, pierres pr\u00e9cieuses, or, platine, c\u00e9ramique, acier et caoutchouc.<\/p>\n<p>A propos de l&rsquo;amfAR <\/p>\n<p>L&rsquo;amfAR, la fondation pour le recherche sur le sida, est une organisation \u00e0 but non lucratif leader dans le monde. D\u00e9di\u00e9e au soutien de la recherche sur le sida, \u00e0 la pr\u00e9vention du VIH et \u00e0 l&rsquo;information sur les traitements, elle d\u00e9fend \u00e9galement les politiques publiques avis\u00e9es en lien avec le sida. Depuis sa cr\u00e9ation, l&rsquo;amfAR a investi pr\u00e8s de 325 millions de dollar dans ses programmes et des subventions ont pu \u00eatre accord\u00e9es \u00e0 plus de 2000 \u00e9quipes de chercheurs dans le monde entier. Le gala de l&rsquo;amfAR \u00e0 New York est l&rsquo;une des soir\u00e9es de bienfaisance pour la lutte contre le sida les plus en vue de la ville de New York; il rencontre en effet un franc succ\u00e8s depuis 1998. Cet \u00e9v\u00e9nement a permis de lever plus de 10 millions de dollars pour soutenir les programmes de l&rsquo;amfAR, notamment gr\u00e2ce \u00e0 des invit\u00e9s d&rsquo;honneur tels que Sir Elton John et David Furnish, Richard Gere, Whoopi Goldberg, Tom Hanks, Donna Karan, Liza Minnelli, Sharon Stone, Robin Williams et Anna Wintour.<\/p>\n<ul>\n<li><img decoding=\"async\" src=\"https:\/\/www.my-watchsite.fr\/blog\/wp-content\/uploads\/2020\/08\/93_151.jpg\" alt=\"Woody Allen &amp; Mr Biver\" \/><\/li>\n<li><img decoding=\"async\" src=\"https:\/\/www.my-watchsite.fr\/blog\/wp-content\/uploads\/2020\/08\/93_152.jpg\" alt=\"Dr. Krim, Elton John, Bill Clinton &amp; Chelsea Clinton\" \/><\/li>\n<li><img decoding=\"async\" src=\"https:\/\/www.my-watchsite.fr\/blog\/wp-content\/uploads\/2020\/08\/93_153.jpg\" alt=\"Stevie Wonder &amp; Gladys Knight\" \/><\/li>\n<li><img decoding=\"async\" src=\"https:\/\/www.my-watchsite.fr\/blog\/wp-content\/uploads\/2020\/08\/93_154.jpg\" alt=\"Mr Biver &amp; Richard Gere\" \/><\/li>\n<\/ul>\n","protected":false},"excerpt":{"rendered":"<p>Hublot a \u00e9t\u00e9 particuli\u00e8rement fier d&rsquo;\u00eatre associ\u00e9 au Gala d&rsquo;anniversaire de l&rsquo;amfAR \u00e0 New York et ainsi de rendre hommage au Pr\u00e9sident Bill Clinton, \u00e0 Diane von Furstenberg et \u00e0 la pr\u00e9sidente fondatrice de l&rsquo;amfAR, Elizabeth Taylor, pour leur contribution majeure \u00e0 la lutte mondiale contre le VIH et le sida. Ce d\u00eener de bienfaisance [&hellip;]<\/p>\n","protected":false},"author":1,"featured_media":292,"comment_status":"closed","ping_status":"closed","sticky":false,"template":"","format":"standard","meta":{"footnotes":""},"categories":[2],"tags":[15],"acf":[],"yoast_head":"<!-- This site is optimized with the Yoast SEO plugin v20.4 - https:\/\/yoast.com\/wordpress\/plugins\/seo\/ -->\n<title>C\u00e9l\u00e9bration du 25e anniversaire de l&#039;amfAR - MyWatch FR<\/title>\n<meta name=\"robots\" content=\"index, follow, max-snippet:-1, max-image-preview:large, max-video-preview:-1\" \/>\n<link rel=\"canonical\" href=\"https:\/\/www.my-watchsite.fr\/blog\/celebration-du-25e-anniversaire-de-lamfar-n93\/\" \/>\n<meta property=\"og:locale\" content=\"fr_FR\" \/>\n<meta property=\"og:type\" content=\"article\" \/>\n<meta property=\"og:title\" content=\"C\u00e9l\u00e9bration du 25e anniversaire de l&#039;amfAR - MyWatch FR\" \/>\n<meta property=\"og:description\" content=\"Hublot a \u00e9t\u00e9 particuli\u00e8rement fier d&rsquo;\u00eatre associ\u00e9 au Gala d&rsquo;anniversaire de l&rsquo;amfAR \u00e0 New York et ainsi de rendre hommage au Pr\u00e9sident Bill Clinton, \u00e0 Diane von Furstenberg et \u00e0 la pr\u00e9sidente fondatrice de l&rsquo;amfAR, Elizabeth Taylor, pour leur contribution majeure \u00e0 la lutte mondiale contre le VIH et le sida. Ce d\u00eener de bienfaisance [&hellip;]\" \/>\n<meta property=\"og:url\" content=\"https:\/\/www.my-watchsite.fr\/blog\/celebration-du-25e-anniversaire-de-lamfar-n93\/\" \/>\n<meta property=\"og:site_name\" content=\"MyWatch FR\" \/>\n<meta property=\"article:publisher\" content=\"https:\/\/www.facebook.com\/mywatchsite\/\" \/>\n<meta property=\"article:published_time\" content=\"2011-02-08T23:00:00+00:00\" \/>\n<meta property=\"og:image\" content=\"https:\/\/www.my-watchsite.fr\/blog\/wp-content\/uploads\/2020\/08\/93_151.jpg\" \/>\n\t<meta property=\"og:image:width\" content=\"450\" \/>\n\t<meta property=\"og:image:height\" content=\"292\" \/>\n\t<meta property=\"og:image:type\" content=\"image\/jpeg\" \/>\n<meta name=\"author\" content=\"MyWatch\" \/>\n<meta name=\"twitter:card\" content=\"summary_large_image\" \/>\n<meta name=\"twitter:creator\" content=\"@mywatchsite\" \/>\n<meta name=\"twitter:site\" content=\"@mywatchsite\" \/>\n<meta name=\"twitter:label1\" content=\"\u00c9crit par\" \/>\n\t<meta name=\"twitter:data1\" content=\"MyWatch\" \/>\n\t<meta name=\"twitter:label2\" content=\"Dur\u00e9e de lecture estim\u00e9e\" \/>\n\t<meta name=\"twitter:data2\" content=\"4 minutes\" \/>\n<script type=\"application\/ld+json\" class=\"yoast-schema-graph\">{\"@context\":\"https:\/\/schema.org\",\"@graph\":[{\"@type\":\"WebPage\",\"@id\":\"https:\/\/www.my-watchsite.fr\/blog\/celebration-du-25e-anniversaire-de-lamfar-n93\/\",\"url\":\"https:\/\/www.my-watchsite.fr\/blog\/celebration-du-25e-anniversaire-de-lamfar-n93\/\",\"name\":\"C\u00e9l\u00e9bration du 25e anniversaire de l'amfAR - MyWatch FR\",\"isPartOf\":{\"@id\":\"https:\/\/www.my-watchsite.fr\/blog\/#website\"},\"datePublished\":\"2011-02-08T23:00:00+00:00\",\"dateModified\":\"2011-02-08T23:00:00+00:00\",\"author\":{\"@id\":\"https:\/\/www.my-watchsite.fr\/blog\/#\/schema\/person\/67e19b3e3d014465042ff1be1c9fcf44\"},\"breadcrumb\":{\"@id\":\"https:\/\/www.my-watchsite.fr\/blog\/celebration-du-25e-anniversaire-de-lamfar-n93\/#breadcrumb\"},\"inLanguage\":\"fr-FR\",\"potentialAction\":[{\"@type\":\"ReadAction\",\"target\":[\"https:\/\/www.my-watchsite.fr\/blog\/celebration-du-25e-anniversaire-de-lamfar-n93\/\"]}]},{\"@type\":\"BreadcrumbList\",\"@id\":\"https:\/\/www.my-watchsite.fr\/blog\/celebration-du-25e-anniversaire-de-lamfar-n93\/#breadcrumb\",\"itemListElement\":[{\"@type\":\"ListItem\",\"position\":1,\"name\":\"Accueil\",\"item\":\"https:\/\/www.my-watchsite.fr\/blog\/\"},{\"@type\":\"ListItem\",\"position\":2,\"name\":\"C\u00e9l\u00e9bration du 25e anniversaire de l&rsquo;amfAR\"}]},{\"@type\":\"WebSite\",\"@id\":\"https:\/\/www.my-watchsite.fr\/blog\/#website\",\"url\":\"https:\/\/www.my-watchsite.fr\/blog\/\",\"name\":\"MyWatch FR\",\"description\":\"Make Time a Lifestyle\",\"potentialAction\":[{\"@type\":\"SearchAction\",\"target\":{\"@type\":\"EntryPoint\",\"urlTemplate\":\"https:\/\/www.my-watchsite.fr\/blog\/?s={search_term_string}\"},\"query-input\":\"required name=search_term_string\"}],\"inLanguage\":\"fr-FR\"},{\"@type\":\"Person\",\"@id\":\"https:\/\/www.my-watchsite.fr\/blog\/#\/schema\/person\/67e19b3e3d014465042ff1be1c9fcf44\",\"name\":\"MyWatch\",\"image\":{\"@type\":\"ImageObject\",\"inLanguage\":\"fr-FR\",\"@id\":\"https:\/\/www.my-watchsite.fr\/blog\/#\/schema\/person\/image\/\",\"url\":\"https:\/\/secure.gravatar.com\/avatar\/e52d1e94806c54826c863f554ca1dd2a?s=96&d=mm&r=g\",\"contentUrl\":\"https:\/\/secure.gravatar.com\/avatar\/e52d1e94806c54826c863f554ca1dd2a?s=96&d=mm&r=g\",\"caption\":\"MyWatch\"},\"sameAs\":[\"https:\/\/www.my-watchsite.fr\/blog\"]}]}<\/script>\n<!-- \/ Yoast SEO plugin. -->","yoast_head_json":{"title":"C\u00e9l\u00e9bration du 25e anniversaire de l'amfAR - MyWatch FR","robots":{"index":"index","follow":"follow","max-snippet":"max-snippet:-1","max-image-preview":"max-image-preview:large","max-video-preview":"max-video-preview:-1"},"canonical":"https:\/\/www.my-watchsite.fr\/blog\/celebration-du-25e-anniversaire-de-lamfar-n93\/","og_locale":"fr_FR","og_type":"article","og_title":"C\u00e9l\u00e9bration du 25e anniversaire de l'amfAR - MyWatch FR","og_description":"Hublot a \u00e9t\u00e9 particuli\u00e8rement fier d&rsquo;\u00eatre associ\u00e9 au Gala d&rsquo;anniversaire de l&rsquo;amfAR \u00e0 New York et ainsi de rendre hommage au Pr\u00e9sident Bill Clinton, \u00e0 Diane von Furstenberg et \u00e0 la pr\u00e9sidente fondatrice de l&rsquo;amfAR, Elizabeth Taylor, pour leur contribution majeure \u00e0 la lutte mondiale contre le VIH et le sida. Ce d\u00eener de bienfaisance [&hellip;]","og_url":"https:\/\/www.my-watchsite.fr\/blog\/celebration-du-25e-anniversaire-de-lamfar-n93\/","og_site_name":"MyWatch FR","article_publisher":"https:\/\/www.facebook.com\/mywatchsite\/","article_published_time":"2011-02-08T23:00:00+00:00","og_image":[{"width":450,"height":292,"url":"https:\/\/www.my-watchsite.fr\/blog\/wp-content\/uploads\/2020\/08\/93_151.jpg","type":"image\/jpeg"}],"author":"MyWatch","twitter_card":"summary_large_image","twitter_creator":"@mywatchsite","twitter_site":"@mywatchsite","twitter_misc":{"\u00c9crit par":"MyWatch","Dur\u00e9e de lecture estim\u00e9e":"4 minutes"},"schema":{"@context":"https:\/\/schema.org","@graph":[{"@type":"WebPage","@id":"https:\/\/www.my-watchsite.fr\/blog\/celebration-du-25e-anniversaire-de-lamfar-n93\/","url":"https:\/\/www.my-watchsite.fr\/blog\/celebration-du-25e-anniversaire-de-lamfar-n93\/","name":"C\u00e9l\u00e9bration du 25e anniversaire de l'amfAR - MyWatch FR","isPartOf":{"@id":"https:\/\/www.my-watchsite.fr\/blog\/#website"},"datePublished":"2011-02-08T23:00:00+00:00","dateModified":"2011-02-08T23:00:00+00:00","author":{"@id":"https:\/\/www.my-watchsite.fr\/blog\/#\/schema\/person\/67e19b3e3d014465042ff1be1c9fcf44"},"breadcrumb":{"@id":"https:\/\/www.my-watchsite.fr\/blog\/celebration-du-25e-anniversaire-de-lamfar-n93\/#breadcrumb"},"inLanguage":"fr-FR","potentialAction":[{"@type":"ReadAction","target":["https:\/\/www.my-watchsite.fr\/blog\/celebration-du-25e-anniversaire-de-lamfar-n93\/"]}]},{"@type":"BreadcrumbList","@id":"https:\/\/www.my-watchsite.fr\/blog\/celebration-du-25e-anniversaire-de-lamfar-n93\/#breadcrumb","itemListElement":[{"@type":"ListItem","position":1,"name":"Accueil","item":"https:\/\/www.my-watchsite.fr\/blog\/"},{"@type":"ListItem","position":2,"name":"C\u00e9l\u00e9bration du 25e anniversaire de l&rsquo;amfAR"}]},{"@type":"WebSite","@id":"https:\/\/www.my-watchsite.fr\/blog\/#website","url":"https:\/\/www.my-watchsite.fr\/blog\/","name":"MyWatch FR","description":"Make Time a Lifestyle","potentialAction":[{"@type":"SearchAction","target":{"@type":"EntryPoint","urlTemplate":"https:\/\/www.my-watchsite.fr\/blog\/?s={search_term_string}"},"query-input":"required name=search_term_string"}],"inLanguage":"fr-FR"},{"@type":"Person","@id":"https:\/\/www.my-watchsite.fr\/blog\/#\/schema\/person\/67e19b3e3d014465042ff1be1c9fcf44","name":"MyWatch","image":{"@type":"ImageObject","inLanguage":"fr-FR","@id":"https:\/\/www.my-watchsite.fr\/blog\/#\/schema\/person\/image\/","url":"https:\/\/secure.gravatar.com\/avatar\/e52d1e94806c54826c863f554ca1dd2a?s=96&d=mm&r=g","contentUrl":"https:\/\/secure.gravatar.com\/avatar\/e52d1e94806c54826c863f554ca1dd2a?s=96&d=mm&r=g","caption":"MyWatch"},"sameAs":["https:\/\/www.my-watchsite.fr\/blog"]}]}},"_links":{"self":[{"href":"https:\/\/www.my-watchsite.fr\/blog\/wp-json\/wp\/v2\/posts\/291"}],"collection":[{"href":"https:\/\/www.my-watchsite.fr\/blog\/wp-json\/wp\/v2\/posts"}],"about":[{"href":"https:\/\/www.my-watchsite.fr\/blog\/wp-json\/wp\/v2\/types\/post"}],"author":[{"embeddable":true,"href":"https:\/\/www.my-watchsite.fr\/blog\/wp-json\/wp\/v2\/users\/1"}],"replies":[{"embeddable":true,"href":"https:\/\/www.my-watchsite.fr\/blog\/wp-json\/wp\/v2\/comments?post=291"}],"version-history":[{"count":0,"href":"https:\/\/www.my-watchsite.fr\/blog\/wp-json\/wp\/v2\/posts\/291\/revisions"}],"wp:featuredmedia":[{"embeddable":true,"href":"https:\/\/www.my-watchsite.fr\/blog\/wp-json\/wp\/v2\/media\/292"}],"wp:attachment":[{"href":"https:\/\/www.my-watchsite.fr\/blog\/wp-json\/wp\/v2\/media?parent=291"}],"wp:term":[{"taxonomy":"category","embeddable":true,"href":"https:\/\/www.my-watchsite.fr\/blog\/wp-json\/wp\/v2\/categories?post=291"},{"taxonomy":"post_tag","embeddable":true,"href":"https:\/\/www.my-watchsite.fr\/blog\/wp-json\/wp\/v2\/tags?post=291"}],"curies":[{"name":"wp","href":"https:\/\/api.w.org\/{rel}","templated":true}]}}