{"id":303,"date":"2011-02-17T00:00:00","date_gmt":"2011-02-16T23:00:00","guid":{"rendered":"https:\/\/www.my-watchsite.fr\/blog\/blog\/partenaire-principal-des-voiles-de-st-barth-n96\/"},"modified":"2011-02-17T00:00:00","modified_gmt":"2011-02-16T23:00:00","slug":"partenaire-principal-des-voiles-de-st-barth-n96","status":"publish","type":"post","link":"https:\/\/www.my-watchsite.fr\/blog\/partenaire-principal-des-voiles-de-st-barth-n96\/","title":{"rendered":"Partenaire Principal des Voiles de St Barth"},"content":{"rendered":"<p>En 2010, Richard Mille s&rsquo;associait \u00e0 la premi\u00e8re \u00e9dition des Voiles de St Barth, prestigieux rendez-vous nautique dans les mers des Cara\u00efbes, en tant que Partenaire Principal. Le succ\u00e8s de ce premier opus l&rsquo;a amen\u00e9 tout naturellement \u00e0 signer pour la seconde \u00e9dition, programm\u00e9e du 4 au 9 avril 2011.<\/p>\n<p>23 \u00e9quipages et plus de deux-cents marins avaient r\u00e9pondu pr\u00e9sents pour l&rsquo;\u00e9dition 2010, unanimement salu\u00e9e pour ses conditions de navigations exceptionnelles et la beaut\u00e9 des parcours retenus par l&rsquo;Organisation. La seconde \u00e9dition rassemblera \u00e0 nouveau quelques-uns des plus beaux yachts du monde, pour cinq jours de r\u00e9gate \u00e0 couper le souffle autour de l&rsquo;\u00eele de St Barth\u00e9l\u00e9my. D&rsquo;ores et d\u00e9j\u00e0, c&rsquo;est un nouveau succ\u00e8s qui se profile avec plus de trente voiliers pr\u00e9-inscrits au sein des cinq classes invit\u00e9es : Super-Maxi Yacht, Racing, Racing\/Cruising, Classic et Multicoques.<\/p>\n<p>Parmi les t\u00eates d&rsquo;affiche, le tenant du titre, l&rsquo;am\u00e9ricain Georges David, alignera sa nouvelle acquisition \u00abRambler 100\u00bb dans la cat\u00e9gorie Super Maxi, tandis que Jim Swartz sera au d\u00e9part \u00e0 bord du TP 52 Champion du Monde \u00abQuantum Racing\u00bb, dans la cat\u00e9gorie Racing. Parrain de l&rsquo;\u00e9preuve, le photographe Patrick Demarchellier, sera \u00e9galement de retour \u00e0 bord de son Swan 45 Puffy.<\/p>\n<p>Richard Mille, qui \u00e9volue dans l&rsquo;univers nautique depuis plusieurs ann\u00e9es, notamment \u00e0 travers ses montres de plong\u00e9es RM 025 Tourbillon, RM 028 Automatique et RM 028 Voiles de Saint Barth, une \u00e9dition limit\u00e9e cr\u00e9\u00e9e sp\u00e9cialement pour cette r\u00e9gate, est particuli\u00e8rement heureux d&rsquo;associer \u00e0 nouveau son nom \u00e0 ce grand rassemblement des plus beaux yachts, d\u00e9sormais rendez-vous des skippers de renomm\u00e9e internationale.<\/p>\n<ul>\n<li><img decoding=\"async\" src=\"https:\/\/www.my-watchsite.fr\/blog\/wp-content\/uploads\/2020\/08\/96_161.jpg\" alt=\"Voiles de St Barth\" \/><\/li>\n<\/ul>\n","protected":false},"excerpt":{"rendered":"<p>En 2010, Richard Mille s&rsquo;associait \u00e0 la premi\u00e8re \u00e9dition des Voiles de St Barth, prestigieux rendez-vous nautique dans les mers des Cara\u00efbes, en tant que Partenaire Principal. Le succ\u00e8s de ce premier opus l&rsquo;a amen\u00e9 tout naturellement \u00e0 signer pour la seconde \u00e9dition, programm\u00e9e du 4 au 9 avril 2011. 23 \u00e9quipages et plus de [&hellip;]<\/p>\n","protected":false},"author":1,"featured_media":304,"comment_status":"closed","ping_status":"closed","sticky":false,"template":"","format":"standard","meta":{"footnotes":""},"categories":[2],"tags":[40],"acf":[],"yoast_head":"<!-- This site is optimized with the Yoast SEO plugin v20.4 - https:\/\/yoast.com\/wordpress\/plugins\/seo\/ -->\n<title>Partenaire Principal des Voiles de St Barth - MyWatch FR<\/title>\n<meta name=\"robots\" content=\"index, follow, max-snippet:-1, max-image-preview:large, max-video-preview:-1\" \/>\n<link rel=\"canonical\" href=\"https:\/\/www.my-watchsite.fr\/blog\/partenaire-principal-des-voiles-de-st-barth-n96\/\" \/>\n<meta property=\"og:locale\" content=\"fr_FR\" \/>\n<meta property=\"og:type\" content=\"article\" \/>\n<meta property=\"og:title\" content=\"Partenaire Principal des Voiles de St Barth - MyWatch FR\" \/>\n<meta property=\"og:description\" content=\"En 2010, Richard Mille s&rsquo;associait \u00e0 la premi\u00e8re \u00e9dition des Voiles de St Barth, prestigieux rendez-vous nautique dans les mers des Cara\u00efbes, en tant que Partenaire Principal. Le succ\u00e8s de ce premier opus l&rsquo;a amen\u00e9 tout naturellement \u00e0 signer pour la seconde \u00e9dition, programm\u00e9e du 4 au 9 avril 2011. 23 \u00e9quipages et plus de [&hellip;]\" \/>\n<meta property=\"og:url\" content=\"https:\/\/www.my-watchsite.fr\/blog\/partenaire-principal-des-voiles-de-st-barth-n96\/\" \/>\n<meta property=\"og:site_name\" content=\"MyWatch FR\" \/>\n<meta property=\"article:publisher\" content=\"https:\/\/www.facebook.com\/mywatchsite\/\" \/>\n<meta property=\"article:published_time\" content=\"2011-02-16T23:00:00+00:00\" \/>\n<meta property=\"og:image\" content=\"https:\/\/www.my-watchsite.fr\/blog\/wp-content\/uploads\/2020\/08\/96_161.jpg\" \/>\n\t<meta property=\"og:image:width\" content=\"450\" \/>\n\t<meta property=\"og:image:height\" content=\"279\" \/>\n\t<meta property=\"og:image:type\" content=\"image\/jpeg\" \/>\n<meta name=\"author\" content=\"MyWatch\" \/>\n<meta name=\"twitter:card\" content=\"summary_large_image\" \/>\n<meta name=\"twitter:creator\" content=\"@mywatchsite\" \/>\n<meta name=\"twitter:site\" content=\"@mywatchsite\" \/>\n<meta name=\"twitter:label1\" content=\"\u00c9crit par\" \/>\n\t<meta name=\"twitter:data1\" content=\"MyWatch\" \/>\n\t<meta name=\"twitter:label2\" content=\"Dur\u00e9e de lecture estim\u00e9e\" \/>\n\t<meta name=\"twitter:data2\" content=\"1 minute\" \/>\n<script type=\"application\/ld+json\" class=\"yoast-schema-graph\">{\"@context\":\"https:\/\/schema.org\",\"@graph\":[{\"@type\":\"WebPage\",\"@id\":\"https:\/\/www.my-watchsite.fr\/blog\/partenaire-principal-des-voiles-de-st-barth-n96\/\",\"url\":\"https:\/\/www.my-watchsite.fr\/blog\/partenaire-principal-des-voiles-de-st-barth-n96\/\",\"name\":\"Partenaire Principal des Voiles de St Barth - MyWatch FR\",\"isPartOf\":{\"@id\":\"https:\/\/www.my-watchsite.fr\/blog\/#website\"},\"datePublished\":\"2011-02-16T23:00:00+00:00\",\"dateModified\":\"2011-02-16T23:00:00+00:00\",\"author\":{\"@id\":\"https:\/\/www.my-watchsite.fr\/blog\/#\/schema\/person\/67e19b3e3d014465042ff1be1c9fcf44\"},\"breadcrumb\":{\"@id\":\"https:\/\/www.my-watchsite.fr\/blog\/partenaire-principal-des-voiles-de-st-barth-n96\/#breadcrumb\"},\"inLanguage\":\"fr-FR\",\"potentialAction\":[{\"@type\":\"ReadAction\",\"target\":[\"https:\/\/www.my-watchsite.fr\/blog\/partenaire-principal-des-voiles-de-st-barth-n96\/\"]}]},{\"@type\":\"BreadcrumbList\",\"@id\":\"https:\/\/www.my-watchsite.fr\/blog\/partenaire-principal-des-voiles-de-st-barth-n96\/#breadcrumb\",\"itemListElement\":[{\"@type\":\"ListItem\",\"position\":1,\"name\":\"Accueil\",\"item\":\"https:\/\/www.my-watchsite.fr\/blog\/\"},{\"@type\":\"ListItem\",\"position\":2,\"name\":\"Partenaire Principal des Voiles de St Barth\"}]},{\"@type\":\"WebSite\",\"@id\":\"https:\/\/www.my-watchsite.fr\/blog\/#website\",\"url\":\"https:\/\/www.my-watchsite.fr\/blog\/\",\"name\":\"MyWatch FR\",\"description\":\"Make Time a Lifestyle\",\"potentialAction\":[{\"@type\":\"SearchAction\",\"target\":{\"@type\":\"EntryPoint\",\"urlTemplate\":\"https:\/\/www.my-watchsite.fr\/blog\/?s={search_term_string}\"},\"query-input\":\"required name=search_term_string\"}],\"inLanguage\":\"fr-FR\"},{\"@type\":\"Person\",\"@id\":\"https:\/\/www.my-watchsite.fr\/blog\/#\/schema\/person\/67e19b3e3d014465042ff1be1c9fcf44\",\"name\":\"MyWatch\",\"image\":{\"@type\":\"ImageObject\",\"inLanguage\":\"fr-FR\",\"@id\":\"https:\/\/www.my-watchsite.fr\/blog\/#\/schema\/person\/image\/\",\"url\":\"https:\/\/secure.gravatar.com\/avatar\/e52d1e94806c54826c863f554ca1dd2a?s=96&d=mm&r=g\",\"contentUrl\":\"https:\/\/secure.gravatar.com\/avatar\/e52d1e94806c54826c863f554ca1dd2a?s=96&d=mm&r=g\",\"caption\":\"MyWatch\"},\"sameAs\":[\"https:\/\/www.my-watchsite.fr\/blog\"]}]}<\/script>\n<!-- \/ Yoast SEO plugin. -->","yoast_head_json":{"title":"Partenaire Principal des Voiles de St Barth - MyWatch FR","robots":{"index":"index","follow":"follow","max-snippet":"max-snippet:-1","max-image-preview":"max-image-preview:large","max-video-preview":"max-video-preview:-1"},"canonical":"https:\/\/www.my-watchsite.fr\/blog\/partenaire-principal-des-voiles-de-st-barth-n96\/","og_locale":"fr_FR","og_type":"article","og_title":"Partenaire Principal des Voiles de St Barth - MyWatch FR","og_description":"En 2010, Richard Mille s&rsquo;associait \u00e0 la premi\u00e8re \u00e9dition des Voiles de St Barth, prestigieux rendez-vous nautique dans les mers des Cara\u00efbes, en tant que Partenaire Principal. Le succ\u00e8s de ce premier opus l&rsquo;a amen\u00e9 tout naturellement \u00e0 signer pour la seconde \u00e9dition, programm\u00e9e du 4 au 9 avril 2011. 23 \u00e9quipages et plus de [&hellip;]","og_url":"https:\/\/www.my-watchsite.fr\/blog\/partenaire-principal-des-voiles-de-st-barth-n96\/","og_site_name":"MyWatch FR","article_publisher":"https:\/\/www.facebook.com\/mywatchsite\/","article_published_time":"2011-02-16T23:00:00+00:00","og_image":[{"width":450,"height":279,"url":"https:\/\/www.my-watchsite.fr\/blog\/wp-content\/uploads\/2020\/08\/96_161.jpg","type":"image\/jpeg"}],"author":"MyWatch","twitter_card":"summary_large_image","twitter_creator":"@mywatchsite","twitter_site":"@mywatchsite","twitter_misc":{"\u00c9crit par":"MyWatch","Dur\u00e9e de lecture estim\u00e9e":"1 minute"},"schema":{"@context":"https:\/\/schema.org","@graph":[{"@type":"WebPage","@id":"https:\/\/www.my-watchsite.fr\/blog\/partenaire-principal-des-voiles-de-st-barth-n96\/","url":"https:\/\/www.my-watchsite.fr\/blog\/partenaire-principal-des-voiles-de-st-barth-n96\/","name":"Partenaire Principal des Voiles de St Barth - MyWatch FR","isPartOf":{"@id":"https:\/\/www.my-watchsite.fr\/blog\/#website"},"datePublished":"2011-02-16T23:00:00+00:00","dateModified":"2011-02-16T23:00:00+00:00","author":{"@id":"https:\/\/www.my-watchsite.fr\/blog\/#\/schema\/person\/67e19b3e3d014465042ff1be1c9fcf44"},"breadcrumb":{"@id":"https:\/\/www.my-watchsite.fr\/blog\/partenaire-principal-des-voiles-de-st-barth-n96\/#breadcrumb"},"inLanguage":"fr-FR","potentialAction":[{"@type":"ReadAction","target":["https:\/\/www.my-watchsite.fr\/blog\/partenaire-principal-des-voiles-de-st-barth-n96\/"]}]},{"@type":"BreadcrumbList","@id":"https:\/\/www.my-watchsite.fr\/blog\/partenaire-principal-des-voiles-de-st-barth-n96\/#breadcrumb","itemListElement":[{"@type":"ListItem","position":1,"name":"Accueil","item":"https:\/\/www.my-watchsite.fr\/blog\/"},{"@type":"ListItem","position":2,"name":"Partenaire Principal des Voiles de St Barth"}]},{"@type":"WebSite","@id":"https:\/\/www.my-watchsite.fr\/blog\/#website","url":"https:\/\/www.my-watchsite.fr\/blog\/","name":"MyWatch FR","description":"Make Time a Lifestyle","potentialAction":[{"@type":"SearchAction","target":{"@type":"EntryPoint","urlTemplate":"https:\/\/www.my-watchsite.fr\/blog\/?s={search_term_string}"},"query-input":"required name=search_term_string"}],"inLanguage":"fr-FR"},{"@type":"Person","@id":"https:\/\/www.my-watchsite.fr\/blog\/#\/schema\/person\/67e19b3e3d014465042ff1be1c9fcf44","name":"MyWatch","image":{"@type":"ImageObject","inLanguage":"fr-FR","@id":"https:\/\/www.my-watchsite.fr\/blog\/#\/schema\/person\/image\/","url":"https:\/\/secure.gravatar.com\/avatar\/e52d1e94806c54826c863f554ca1dd2a?s=96&d=mm&r=g","contentUrl":"https:\/\/secure.gravatar.com\/avatar\/e52d1e94806c54826c863f554ca1dd2a?s=96&d=mm&r=g","caption":"MyWatch"},"sameAs":["https:\/\/www.my-watchsite.fr\/blog"]}]}},"_links":{"self":[{"href":"https:\/\/www.my-watchsite.fr\/blog\/wp-json\/wp\/v2\/posts\/303"}],"collection":[{"href":"https:\/\/www.my-watchsite.fr\/blog\/wp-json\/wp\/v2\/posts"}],"about":[{"href":"https:\/\/www.my-watchsite.fr\/blog\/wp-json\/wp\/v2\/types\/post"}],"author":[{"embeddable":true,"href":"https:\/\/www.my-watchsite.fr\/blog\/wp-json\/wp\/v2\/users\/1"}],"replies":[{"embeddable":true,"href":"https:\/\/www.my-watchsite.fr\/blog\/wp-json\/wp\/v2\/comments?post=303"}],"version-history":[{"count":0,"href":"https:\/\/www.my-watchsite.fr\/blog\/wp-json\/wp\/v2\/posts\/303\/revisions"}],"wp:featuredmedia":[{"embeddable":true,"href":"https:\/\/www.my-watchsite.fr\/blog\/wp-json\/wp\/v2\/media\/304"}],"wp:attachment":[{"href":"https:\/\/www.my-watchsite.fr\/blog\/wp-json\/wp\/v2\/media?parent=303"}],"wp:term":[{"taxonomy":"category","embeddable":true,"href":"https:\/\/www.my-watchsite.fr\/blog\/wp-json\/wp\/v2\/categories?post=303"},{"taxonomy":"post_tag","embeddable":true,"href":"https:\/\/www.my-watchsite.fr\/blog\/wp-json\/wp\/v2\/tags?post=303"}],"curies":[{"name":"wp","href":"https:\/\/api.w.org\/{rel}","templated":true}]}}