{"id":31270,"date":"2023-11-13T17:27:48","date_gmt":"2023-11-13T16:27:48","guid":{"rendered":"https:\/\/www.my-watchsite.fr\/blog\/?p=31270"},"modified":"2023-11-17T10:23:57","modified_gmt":"2023-11-17T09:23:57","slug":"breitling-et-tag-heuer-a-lyon-deux-boutiques-de-montres-tres-en-vue","status":"publish","type":"post","link":"https:\/\/www.my-watchsite.fr\/blog\/breitling-et-tag-heuer-a-lyon-deux-boutiques-de-montres-tres-en-vue\/","title":{"rendered":"Breitling et TAG Heuer \u00e0 Lyon : deux boutiques de montres tr\u00e8s en vue !"},"content":{"rendered":"\n<figure class=\"wp-block-embed is-type-video is-provider-youtube wp-block-embed-youtube wp-embed-aspect-16-9 wp-has-aspect-ratio\"><div class=\"wp-block-embed__wrapper\">\n<iframe loading=\"lazy\" title=\"Montres sport et chic \u00e0 Lyon : les conseils d&#039;Arthur Maier\" width=\"500\" height=\"281\" src=\"https:\/\/www.youtube.com\/embed\/Pi5BKHZTovI?feature=oembed\" frameborder=\"0\" allow=\"accelerometer; autoplay; clipboard-write; encrypted-media; gyroscope; picture-in-picture; web-share\" allowfullscreen><\/iframe>\n<\/div><\/figure>\n\n\n\n<p>Certaines id\u00e9es d&rsquo;\u00e9missions naissent dans les salles de r\u00e9daction, d&rsquo;autres au restaurant lorsque l&rsquo;on d\u00e9jeune avec un des acteurs incontournables de l&rsquo;horlogerie fran\u00e7aise en g\u00e9n\u00e9ral et lyonnaise en particulier. J&rsquo;ai nomm\u00e9 Jean-Louis Maier, le fondateur du groupe Maier qui r\u00e9unit plusieurs boutiques de montres \u00e0 Lyon.\u00ab&nbsp;Aujourd\u2019hui, le style de la montre peut \u00eatre compl\u00e8tement d\u00e9connect\u00e9 du style de la tenue&nbsp;\u00bb dit-il \u00e0 Frank Sans C. \u00ab&nbsp;Int\u00e9ressant, on devrait en parler dans une \u00e9mission&nbsp;\u00bb, r\u00e9pond Frank. \u00ab&nbsp;Oui, mais comme j\u2019ai eu l\u2019id\u00e9e, tu viens la tourner chez moi \u00e0 Lyon&nbsp;! \u00bb.&nbsp;<\/p>\n\n\n\n<p>Et voil\u00e0 comment est n\u00e9 cette \u00e9mission sur les boutiques Breitling et TAG Heuer \u00e0 Lyon, deux manufactures sp\u00e9cialis\u00e9es dans les montres \u00e0 caract\u00e8re sportif et que pourtant on porte en toutes circonstances. Avec Arthur Maier comme invit\u00e9, de beaux \u00e9changes en perspective\u2026 suivez le guide&nbsp;!<\/p>\n\n\n\n<h2 class=\"wp-block-heading\"><strong>BREITLING : LES AILES DE L&rsquo;ELEGANCE<\/strong><\/h2>\n\n\n\n<h3 class=\"wp-block-heading\">Un peu d&rsquo;histoire&#8230;<\/h3>\n\n\n\n<figure class=\"wp-block-image size-full\"><img decoding=\"async\" width=\"900\" height=\"560\" loading=\"lazy\" src=\"https:\/\/www.my-watchsite.fr\/blog\/wp-content\/uploads\/2022\/04\/breitling1.jpg\" alt=\"\" class=\"wp-image-20895\" \/><figcaption class=\"wp-element-caption\">La collection Navitimer B01 Chronograph 43 de Breitling est pr\u00e9sente \u00e0 la boutique Maier.<\/figcaption><\/figure>\n\n\n\n<p>Pour bien comprendre l\u2019ADN des nouvelles r\u00e9f\u00e9rences r\u00e9cemment d\u00e9voil\u00e9es par Breitling, lan\u00e7ons un petit coup d\u2019\u0153il dans le r\u00e9tro. Si l&rsquo;on regarde vers le pass\u00e9, l&rsquo;int\u00e9r\u00eat de Breitling s&rsquo;est avant tout port\u00e9 sur des montres fonctionnelles, pens\u00e9es comme de v\u00e9ritables instruments utilitaires. En 1938, Breitling fonde le d\u00e9partement Huit Aviation qui r\u00e9pond aux besoins des secteurs de l\u2019aviation militaire et civile. Navitimer (contraction de <em>Navigation timer<\/em>) est aujourd\u2019hui la collection la plus c\u00e9l\u00e8bre de l\u2019horloger et l\u2019une des montres les plus connues au monde. Sa naissance d\u00e9coule de toute \u00e9vidence de l\u2019exp\u00e9rience acquise durant des ann\u00e9es par les acteurs du d\u00e9partement Huit Aviation. Nous sommes en 1952. Willy Breitling souhaite fa\u00e7onner un chronographe de poignet permettant aux pilotes d\u2019effectuer tous les calculs n\u00e9cessaires une fois en vol \u00e0 l\u2019instar de la vitesse moyenne, la distance parcourue, la consommation de carburant ou encore la vitesse ascensionnelle. Il se met au travail et trouve une id\u00e9e : celle d\u2019adapter la r\u00e8gle de calcul logarithmique de son Chronomat au profit de l\u2019aviation et d\u2019int\u00e9grer le tout dans une lunette tournante perl\u00e9e afin de faciliter sa manipulation avec des gants de pilotage.<\/p>\n\n\n\n<h3 class=\"wp-block-heading\">Navitimer B01 Chronograph<\/h3>\n\n\n\n<figure class=\"wp-block-gallery has-nested-images columns-default is-cropped wp-block-gallery-1 is-layout-flex wp-block-gallery-is-layout-flex\">\n<figure class=\"wp-block-image size-large\"><img decoding=\"async\" width=\"900\" height=\"1450\" loading=\"lazy\" data-id=\"31510\" src=\"https:\/\/www.my-watchsite.fr\/blog\/wp-content\/uploads\/2023\/11\/navitimer2.jpg\" alt=\"\" class=\"wp-image-31510\" \/><\/figure>\n\n\n\n<figure class=\"wp-block-image size-large\"><img decoding=\"async\" width=\"900\" height=\"1450\" loading=\"lazy\" data-id=\"31509\" src=\"https:\/\/www.my-watchsite.fr\/blog\/wp-content\/uploads\/2023\/11\/navitimer1-1.jpg\" alt=\"\" class=\"wp-image-31509\" \/><\/figure>\n<figcaption class=\"blocks-gallery-caption wp-element-caption\">Pr\u00e9sentes chez Maier la <a href=\"https:\/\/www.my-watchsite.fr\/navitimer\/7860-breitling-navitimer-b01-chronograph-46.html\" target=\"_blank\" rel=\"noreferrer noopener\">Navitimer B01 Chronograph 43<\/a> &#8211; 9 150 euros et la <a href=\"https:\/\/www.my-watchsite.fr\/navitimer\/7854-breitling-navitimer-b01-chronograph-46.html\" target=\"_blank\" rel=\"noreferrer noopener\">Navitimer B01 Chronograph 46<\/a> &#8211; 9 250 euros.<\/figcaption><\/figure>\n\n\n\n<p>Le mythe Navitimer est n\u00e9. En 2022, Breitling c\u00e9l\u00e9bre les 70 ans de la r\u00e9f\u00e9rence. Pour ce jubil\u00e9 de platine, la marque d\u00e9voile la collection Navitimer B01 Chronograph. Elle fait le choix de conserver l\u2019allure g\u00e9n\u00e9rale de la montre mais en ajoutant nombre de d\u00e9tails qui la modernisent. Ainsi de la r\u00e8gle \u00e0 calcul aplanie ou du verre bomb\u00e9 conf\u00e9rant \u00e0 la pi\u00e8ce un profil plus compact. On retrouve par ailleurs trois dimensions de bo\u00eetier (41, 43 et 46 mm), deux mat\u00e9riaux (l\u2019acier et l\u2019or rouge), de nouvelles nuances color\u00e9es et pop de bleu, de vert ou de cuivre sans oublier les ailes de l\u2019AOPA (l\u2019Aircraft Owners and Pilots Association qui avait fait de la Navitimer son garde-temps officiel) qui ont retrouv\u00e9 leur place sur le cadran comme en 1952.<\/p>\n\n\n\n<figure class=\"wp-block-gallery has-nested-images columns-default is-cropped wp-block-gallery-3 is-layout-flex wp-block-gallery-is-layout-flex\">\n<figure class=\"wp-block-image size-large\"><img decoding=\"async\" width=\"900\" height=\"1450\" loading=\"lazy\" data-id=\"31512\" src=\"https:\/\/www.my-watchsite.fr\/blog\/wp-content\/uploads\/2023\/11\/navitimer3.jpg\" alt=\"\" class=\"wp-image-31512\" \/><\/figure>\n\n\n\n<figure class=\"wp-block-image size-large\"><img decoding=\"async\" width=\"900\" height=\"1450\" loading=\"lazy\" data-id=\"31511\" src=\"https:\/\/www.my-watchsite.fr\/blog\/wp-content\/uploads\/2023\/11\/navitimer4.jpg\" alt=\"\" class=\"wp-image-31511\" \/><\/figure>\n<figcaption class=\"blocks-gallery-caption wp-element-caption\"><a href=\"https:\/\/www.my-watchsite.fr\/navitimer\/7865-breitling-navitimer-b01-chronograph-46.html\" target=\"_blank\" rel=\"noreferrer noopener\">Navitimer B01 Chronograph 43<\/a> &#8211; 8 800 euros.<br><a href=\"https:\/\/www.my-watchsite.fr\/navitimer\/7871-breitling-navitimer-b01-chronograph-46.html\" target=\"_blank\" rel=\"noreferrer noopener\">Navitimer B01 Chronograph 41<\/a> &#8211; 8 700 euros.<\/figcaption><\/figure>\n\n\n\n<h3 class=\"wp-block-heading\">Navitimer Automatic 36 et Navitimer 32<\/h3>\n\n\n\n<figure class=\"wp-block-image size-full\"><img decoding=\"async\" width=\"900\" height=\"560\" loading=\"lazy\" src=\"https:\/\/www.my-watchsite.fr\/blog\/wp-content\/uploads\/2023\/09\/breitling1.jpg\" alt=\"\" class=\"wp-image-30306\" \/><figcaption class=\"wp-element-caption\">Les nouvelles Breitling Navitimer Automatic 36 et Navitimer 32.<\/figcaption><\/figure>\n\n\n\n<p>Pr\u00e9sentant des dimensions toujours \u00ab&nbsp;solides&nbsp;\u00bb, les Navitimer de 2022 avaient d\u00fb laisser sur leur faim quelques fans de la montre. Les amateurs de r\u00e9f\u00e9rences plus mesur\u00e9es semblent avoir \u00e9t\u00e9 entendus par Breitling qui remet une fois de plus la Navitimer au go\u00fbt du jour et ce, avec style. Les derni\u00e8res nouveaut\u00e9s Navitimer se pr\u00e9sentent dans un format affin\u00e9 de 36 mm (\u00e9galement en 32 mm). Surprise de taille, puisqu\u2019elles abandonnent la fonction chronographe au profit d\u2019une allure plus habill\u00e9e et urbaine. Principalement destin\u00e9es aux femmes, les nouvelles Navitimer se veulent pourtant unisexe. <\/p>\n\n\n\n<figure class=\"wp-block-image size-full\"><img decoding=\"async\" width=\"900\" height=\"1450\" loading=\"lazy\" src=\"https:\/\/www.my-watchsite.fr\/blog\/wp-content\/uploads\/2023\/11\/navitimer5.jpg\" alt=\"\" class=\"wp-image-31513\" \/><figcaption class=\"wp-element-caption\"><a href=\"https:\/\/www.my-watchsite.fr\/navitimer\/8536-breitling-navitimer-automatic-36.html\" target=\"_blank\" rel=\"noreferrer noopener\">Navitimer Automatic 36<\/a> &#8211; 5 200 euros.<\/figcaption><\/figure>\n\n\n\n<p>On retrouve ici la r\u00e8gle \u00e0 calcul et la lunette perl\u00e9e, avec cadran vert menthe, argent ou anthracite rythm\u00e9 par des index b\u00e2tons, ou bien avec cadran en nacre blanche serti de diamants de synth\u00e8se. Pour Breitling, ce choix lui assure une tra\u00e7abilit\u00e9 et s&rsquo;inscrit dans une d\u00e9marche intitul\u00e9e \u00ab mission to do better \u00bb, dont l&rsquo;objectif est d&rsquo;agir sur l&rsquo;impact social et environnemental. C\u00f4t\u00e9 technique, cette pi\u00e8ce trois aiguilles est anim\u00e9e par le mouvement automatique calibre Breitling 17 certifi\u00e9 chronom\u00e8tre par le COSC.<\/p>\n\n\n\n<figure class=\"wp-block-gallery has-nested-images columns-default is-cropped wp-block-gallery-5 is-layout-flex wp-block-gallery-is-layout-flex\">\n<figure class=\"wp-block-image size-large\"><img decoding=\"async\" width=\"900\" height=\"1450\" loading=\"lazy\" data-id=\"31514\" src=\"https:\/\/www.my-watchsite.fr\/blog\/wp-content\/uploads\/2023\/11\/navitimer6.jpg\" alt=\"\" class=\"wp-image-31514\" \/><\/figure>\n\n\n\n<figure class=\"wp-block-image size-large\"><img decoding=\"async\" width=\"900\" height=\"1450\" loading=\"lazy\" data-id=\"31515\" src=\"https:\/\/www.my-watchsite.fr\/blog\/wp-content\/uploads\/2023\/11\/navitimer7.jpg\" alt=\"\" class=\"wp-image-31515\" \/><\/figure>\n<figcaption class=\"blocks-gallery-caption wp-element-caption\"><a href=\"https:\/\/www.my-watchsite.fr\/women\/navitimer\/8543-breitling-navitimer-32.html\" target=\"_blank\" rel=\"noreferrer noopener\">Navitimer 32 &#8211; Nacre rose<\/a> &#8211; 4 100 euros.<br><a href=\"https:\/\/www.my-watchsite.fr\/women\/navitimer\/8546-breitling-navitimer-32.html\" target=\"_blank\" rel=\"noreferrer noopener\">Navitimer 32 &#8211; Nacre bleue<\/a> &#8211; 4 400 euros.<\/figcaption><\/figure>\n\n\n\n<p>Sur les versions de 32 mm, le cadran de couleur est \u00e9galement ponctu\u00e9 de diamants synth\u00e9tiques qui lui conf\u00e8rent une pr\u00e9ciosit\u00e9 ind\u00e9niable. Elles sont anim\u00e9s par un mouvement SuperQuartz\u2122 aussi certifi\u00e9 par le tr\u00e8s s\u00e9rieux COSC. <\/p>\n\n\n\n<h3 class=\"wp-block-heading\">Superocean Automatic <\/h3>\n\n\n\n<figure class=\"wp-block-gallery has-nested-images columns-default is-cropped wp-block-gallery-7 is-layout-flex wp-block-gallery-is-layout-flex\">\n<figure class=\"wp-block-image size-large\"><img decoding=\"async\" width=\"900\" height=\"1450\" loading=\"lazy\" data-id=\"31519\" src=\"https:\/\/www.my-watchsite.fr\/blog\/wp-content\/uploads\/2023\/11\/superocean1-1.jpg\" alt=\"\" class=\"wp-image-31519\" \/><\/figure>\n\n\n\n<figure class=\"wp-block-image size-large\"><img decoding=\"async\" width=\"900\" height=\"1450\" loading=\"lazy\" data-id=\"31521\" src=\"https:\/\/www.my-watchsite.fr\/blog\/wp-content\/uploads\/2023\/11\/superocean4-1.jpg\" alt=\"\" class=\"wp-image-31521\" \/><\/figure>\n\n\n\n<figure class=\"wp-block-image size-large\"><img decoding=\"async\" width=\"900\" height=\"1450\" loading=\"lazy\" data-id=\"31520\" src=\"https:\/\/www.my-watchsite.fr\/blog\/wp-content\/uploads\/2023\/11\/superocean2-1.jpg\" alt=\"\" class=\"wp-image-31520\" \/><\/figure>\n<figcaption class=\"blocks-gallery-caption wp-element-caption\">Les <a href=\"https:\/\/www.breitling.com\/fr-fr\/watches\/superocean\/superocean-automatic-46-my22\/A17378211B1\/?watch=A17378211B1A1\" target=\"_blank\" rel=\"noreferrer noopener\">Superocean Automatic 46<\/a> (5 200 euros), <a href=\"https:\/\/www.breitling.com\/fr-fr\/watches\/superocean\/superocean-automatic-42-my22\/N17375201L1\/\" target=\"_blank\" rel=\"noreferrer noopener\">Superocean Automatic 42<\/a> (5 750 euros), <a href=\"https:\/\/www.breitling.com\/fr-fr\/watches\/superocean\/superocean-automatic-44-my22\/A17376211L2\/\" target=\"_blank\" rel=\"noreferrer noopener\">Superocean Automatic 44<\/a> (4 950 euros), d\u00e9voil\u00e9es chez Maier.<\/figcaption><\/figure>\n\n\n\n<p>Lanc\u00e9e en 1957, la Superocean a \u00e9tendu la port\u00e9e de Breitling au-del\u00e0 des cieux, r\u00e9pondant ainsi \u00e0 la demande croissante de r\u00e9f\u00e9rences de plong\u00e9e. La marque a lanc\u00e9 une multitude de nouvelles pi\u00e8ces inspir\u00e9es des designs des Superocean des ann\u00e9es 1960 et 1970, telles que la \u00ab Slow Motion \u00bb, une montre d\u00e9nu\u00e9e d&rsquo;aiguille des secondes, celle-ci \u00e9tant remplac\u00e9e par une aiguille principale du chronographe effectuant le tour du cadran au ralenti, soit en une heure au lieu d&rsquo;une minute. Des plongeuses color\u00e9es et d\u00e9contract\u00e9es pour des moments chic et sportifs. La gamme se d\u00e9cline en quatre tailles de bo\u00eetier afin de ravir tous les poignets : 46, 44, 42 et 36 mm. <\/p>\n\n\n\n<figure class=\"wp-block-gallery has-nested-images columns-default is-cropped wp-block-gallery-9 is-layout-flex wp-block-gallery-is-layout-flex\">\n<figure class=\"wp-block-image size-large\"><img decoding=\"async\" width=\"900\" height=\"1450\" loading=\"lazy\" data-id=\"31523\" src=\"https:\/\/www.my-watchsite.fr\/blog\/wp-content\/uploads\/2023\/11\/superocean5.jpg\" alt=\"\" class=\"wp-image-31523\" \/><\/figure>\n\n\n\n<figure class=\"wp-block-image size-large\"><img decoding=\"async\" width=\"900\" height=\"1450\" loading=\"lazy\" data-id=\"31522\" src=\"https:\/\/www.my-watchsite.fr\/blog\/wp-content\/uploads\/2023\/11\/superocean7.jpg\" alt=\"\" class=\"wp-image-31522\" \/><\/figure>\n<figcaption class=\"blocks-gallery-caption wp-element-caption\"><a href=\"https:\/\/www.breitling.com\/fr-fr\/watches\/superocean\/superocean-automatic-36-my22\/A17377211O1\/\" target=\"_blank\" rel=\"noreferrer noopener\">Superocean Automatic 36 <\/a>&#8211; 4 850 euros.<br><a href=\"https:\/\/www.breitling.com\/fr-fr\/watches\/superocean\/superocean-automatic-36-my22\/A17377211C1\/?watch=A17377211C1S1\" target=\"_blank\" rel=\"noreferrer noopener\">Superocean Automatic 36<\/a> &#8211; 4 850 euros.<\/figcaption><\/figure>\n\n\n\n<p>Les cadrans aux couleurs pop surmont\u00e9s d&rsquo;une lunette unidirectionnelle en c\u00e9ramique sont associ\u00e9s \u00e0 trois m\u00e9taux : l&rsquo;acier, l&rsquo;acier-or et le bronze pour les amateurs de belles patines. Chacune des montres est livr\u00e9e avec deux options de bracelet, l&rsquo;un sportif en caoutchouc et un second m\u00e9tallique \u00e0 trois rang\u00e9es, une nouveaut\u00e9 de la maison. C\u00f4t\u00e9 technique, les Superocean sont \u00e9tanches \u00e0 300 m\u00e8tres. \u00c0 l\u2019int\u00e9rieur, bat le calibre Breitling 17 automatique qui assure 38 heures d&rsquo;autonomie. Une sortie r\u00e9ussie de Breitling entre pass\u00e9 et pr\u00e9sent.<\/p>\n\n\n\n<p><a href=\"https:\/\/www.breitling.com\/fr-fr\/?gclid=EAIaIQobChMI7rzpqeC5ggMV_YZoCR2-IwKfEAAYASAAEgLUk_D_BwE&amp;gclsrc=aw.ds\" target=\"_blank\" rel=\"noreferrer noopener\">LE SITE DES MONTRES BREITLING<\/a><\/p>\n\n\n\n<h2 class=\"wp-block-heading\"><strong>TAG HEUER : DES CHRONOS DANS LA COURSE<\/strong><\/h2>\n\n\n\n<p>Le monde automobile est intimement li\u00e9 \u00e0 celui de la manufacture TAG Heuer. Jack Heuer, passionn\u00e9 d&rsquo;automobile et ing\u00e9nieur a con\u00e7u le premier chronographe automatique et insistait pour ses montres soient d&rsquo;une extr\u00eame lisibilit\u00e9 pour pouvoir \u00eatre consult\u00e9es en course. Tr\u00e8s vite il voit l&rsquo;int\u00e9r\u00eat d&rsquo;avoir des ambassadeurs de marque et Jo Siffert, un des pilotes les plus renomm\u00e9s de sa g\u00e9n\u00e9ration porte les couleurs Heuer.<\/p>\n\n\n\n<figure class=\"wp-block-image size-full\"><img decoding=\"async\" width=\"894\" height=\"1284\" loading=\"lazy\" src=\"https:\/\/www.my-watchsite.fr\/blog\/wp-content\/uploads\/2023\/11\/capture-decran-2023-11-13-a-172710.png\" alt=\"\" class=\"wp-image-31750\" \/><\/figure>\n\n\n\n<p>Le coup de chance vient avec le film Le Mans en 1971, produit et r\u00e9alis\u00e9 par Steve McQueen qui y joue d&rsquo;ailleurs le r\u00f4le principal d&rsquo;un pilote. L&rsquo;idole de Steve McQueen ? Jo Siffert. Il veut absolument \u00eatre dans le film une copie conforme du pilote. Meme combinaison marque Heuer et surtout m\u00eame montre. Jo Siffert portait une Heuer Autavia en course (contraction d\u2019auto et aviation). Mais voil\u00e0, pas assez de mod\u00e8les disponibles pour tourner le film. Jack Heuer met alors au poignet de Steve une Monaco, un chronographe carr\u00e9 automatique reconnaissable au premier coup d\u2019\u0153il. La montre deviendra ic\u00f4ne, la l\u00e9gende est n\u00e9e&#8230;\u00a0<\/p>\n\n\n\n<p><\/p>\n\n\n\n<h3 class=\"wp-block-heading\"><strong>TAG Heuer Carrera Chronosprint x Porsche Edition<\/strong><\/h3>\n\n\n\n<figure class=\"wp-block-gallery has-nested-images columns-default is-cropped wp-block-gallery-11 is-layout-flex wp-block-gallery-is-layout-flex\">\n<figure class=\"wp-block-image size-large\"><img decoding=\"async\" width=\"900\" height=\"1450\" loading=\"lazy\" data-id=\"31274\" src=\"https:\/\/www.my-watchsite.fr\/blog\/wp-content\/uploads\/2023\/11\/tag2-1.jpg\" alt=\"\" class=\"wp-image-31274\" \/><\/figure>\n\n\n\n<figure class=\"wp-block-image size-large\"><img decoding=\"async\" width=\"900\" height=\"1450\" loading=\"lazy\" data-id=\"31275\" src=\"https:\/\/www.my-watchsite.fr\/blog\/wp-content\/uploads\/2023\/11\/tag3-1.jpg\" alt=\"\" class=\"wp-image-31275\" \/><\/figure>\n<figcaption class=\"blocks-gallery-caption wp-element-caption\"><strong>TAG Heuer Carrera Chronosprint x Porsche Edition<\/strong>, version acier et version or rouge \u00e0 d\u00e9couvrir chez Maier.<\/figcaption><\/figure>\n\n\n\n<p>D\u00e9but\u00e9 en 2021, le partenariat entre TAG Heuer et le constructeur allemand ouvre une nouvelle \u00e8re avec le lancement d\u2019un mod\u00e8le propos\u00e9 sous deux visages de 42 mm : acier et or. Comme les pr\u00e9c\u00e9dentes it\u00e9rations, la montre marie des \u00e9l\u00e9ments des univers horlogers et automobiles avec ici un accent mis sur la mythique 911 qui comme la Carrera (la montre) f\u00eate \u00e9galement ses 60 ans. <\/p>\n\n\n\n<figure class=\"wp-block-image size-full\"><img decoding=\"async\" width=\"900\" height=\"900\" loading=\"lazy\" src=\"https:\/\/www.my-watchsite.fr\/blog\/wp-content\/uploads\/2023\/11\/tag1.jpg\" alt=\"\" class=\"wp-image-31271\" \/><figcaption class=\"wp-element-caption\">La montre Carrera Chronosprint x Porsche embarque un moteur automatique qui permet \u00e0 l\u2019aiguille du chronographe d\u2019acc\u00e9l\u00e9rer et de d\u00e9c\u00e9l\u00e9rer sur 60 secondes, un clin d\u2019\u0153il au m\u00e9morable 0 \u00e0 100 en 9,1 secondes de la premi\u00e8re Porsche 911.<\/figcaption><\/figure>\n\n\n\n<p>Au c\u0153ur de l\u2019instrument, on retrouve un nouveau moteur automatique qui peut mesurer avec pr\u00e9cision des intervalles de temps courts. Il refl\u00e8te l\u2019acc\u00e9l\u00e9ration de la Porsche 911 de 0 \u00e0 100 kilom\u00e8tres par heure en 9,1 secondes gr\u00e2ce \u00e0 l\u2019aiguille centrale qui acc\u00e9l\u00e8re puis d\u00e9c\u00e9l\u00e8re progressivement sur 60 secondes avant de red\u00e9marrer en trombe.<\/p>\n\n\n\n<figure class=\"wp-block-image size-full\"><img decoding=\"async\" width=\"900\" height=\"900\" loading=\"lazy\" src=\"https:\/\/www.my-watchsite.fr\/blog\/wp-content\/uploads\/2023\/11\/tag10.jpg\" alt=\"\" class=\"wp-image-31279\" \/><figcaption class=\"wp-element-caption\">Le calibre automatique de la TAG Heuer Carrera Chronosprint x Porsche.<\/figcaption><\/figure>\n\n\n\n<p><a href=\"https:\/\/www.tagheuer.com\/fr\/fr\/montres\/collections\/tag-heuer-carrera\/42-mm-calibre-th20-08\/CBS2011.FC6529.html#gclid=EAIaIQobChMIvP-679-5ggMVr4pQBh3lsw99EAAYASAAEgLuv_D_BwE&amp;start=0\" target=\"_blank\" rel=\"noreferrer noopener\">Consulter les d\u00e9tails techniques de la TAG Heuer Carrera Chronosprint x Porsche en acier<\/a> &#8211; 9 450 euros.<br><a href=\"https:\/\/www.tagheuer.com\/fr\/fr\/montres\/collections\/tag-heuer-carrera\/42-mm-calibre-th20-08\/CBS2040.FC8318.html\" target=\"_blank\" rel=\"noreferrer noopener\">Consulter  les d\u00e9tails techniques  de la TAG Heuer Carrera Chronosprint x Porsche en or rose<\/a> &#8211; 23 900 euros.<\/p>\n\n\n\n<h3 class=\"wp-block-heading\">TAG Heuer Formula 1 x Red Bull Racing<\/h3>\n\n\n\n<figure class=\"wp-block-gallery has-nested-images columns-default is-cropped wp-block-gallery-13 is-layout-flex wp-block-gallery-is-layout-flex\">\n<figure class=\"wp-block-image size-large\"><img decoding=\"async\" width=\"900\" height=\"1450\" loading=\"lazy\" data-id=\"31276\" src=\"https:\/\/www.my-watchsite.fr\/blog\/wp-content\/uploads\/2023\/11\/tag7.jpg\" alt=\"\" class=\"wp-image-31276\" \/><\/figure>\n\n\n\n<figure class=\"wp-block-image size-large\"><img decoding=\"async\" width=\"900\" height=\"1450\" loading=\"lazy\" data-id=\"31277\" src=\"https:\/\/www.my-watchsite.fr\/blog\/wp-content\/uploads\/2023\/11\/tag4.jpg\" alt=\"\" class=\"wp-image-31277\" \/><\/figure>\n<figcaption class=\"blocks-gallery-caption wp-element-caption\">La TAG Heuer Formula 1 x Red Bull Racing sur bracelet acier, disponible \u00e9galement sur bracelet en caoutchouc.<\/figcaption><\/figure>\n\n\n\n<p>TAG Heuer, le partenaire horloger de Red Bull Racing, a lanc\u00e9 un nouveau mod\u00e8le de sa gamme Formula 1, initi\u00e9e il y a 36 ans, en 1986. Une collection notamment popularis\u00e9e par le l\u00e9gendaire Ayrton Senna au d\u00e9but des ann\u00e9es 1990. Ce chronographe sportif et dynamique taill\u00e9 pour l\u2019asphalte pr\u00e9sente un bo\u00eetier en acier de 43 mm \u00e9tanche \u00e0 200 m\u00e8tres, compl\u00e9t\u00e9 d\u2019une lunette en aluminium sur laquelle s\u2019affiche une \u00e9chelle tachym\u00e8trique. On retrouve un cadran bleu sur lequel se d\u00e9tachent des d\u00e9tails rouges et jaune vif pour un style racing assur\u00e9 ainsi que trois sous-compteurs (1\/10 de seconde, secondes et compteur des 30 minutes) \u00e0 la mani\u00e8re des jauges des bolides de course. Anim\u00e9e par un calibre de chronographe \u00e0 quartz, la montre (qui existe \u00e9galement sur un bracelet en caoutchouc bleu) est livr\u00e9e avec un bracelet en acier satin\u00e9.<\/p>\n\n\n\n<figure class=\"wp-block-image size-full\"><img decoding=\"async\" width=\"900\" height=\"900\" loading=\"lazy\" src=\"https:\/\/www.my-watchsite.fr\/blog\/wp-content\/uploads\/2023\/11\/tag8.jpg\" alt=\"\" class=\"wp-image-31278\" \/><figcaption class=\"wp-element-caption\">L&rsquo;allure sportive et rac\u00e9e des TAG Heuer Formula 1 x Red Bull Racing \u00e0 voir absolument chez Maier.<\/figcaption><\/figure>\n\n\n\n<p>Consulter les d\u00e9tails techniques de la <a href=\"https:\/\/www.tagheuer.com\/fr\/fr\/montres\/collections\/tag-heuer-formula-1\/43-mm-chronographe-a-quartz\/CAZ101AL.BA0842.html\" target=\"_blank\" rel=\"noreferrer noopener\">TAG Heuer Formula 1 x Red Bull Racing sur bracelet en acier<\/a> &#8211; <strong>2 350 euros.<\/strong><\/p>\n\n\n\n<p>Consulter les d\u00e9tails techniques de la <a href=\"https:\/\/www.tagheuer.com\/fr\/fr\/montres\/collections\/tag-heuer-formula-1\/43-mm-chronographe-a-quartz\/CAZ101AL.FT8052.html\" target=\"_blank\" rel=\"noreferrer noopener\">TAG Heuer Formula 1 x Red Bull Racing <\/a>sur bracelet en caoutchouc &#8211; <strong>2 150 euros.<\/strong><\/p>\n\n\n\n<h3 class=\"wp-block-heading\"><strong>TAG Heuer Monaco Chronograph Skeleton \u2013 \u00ab Original Blue \u00bb<\/strong><\/h3>\n\n\n\n<figure class=\"wp-block-image size-full\"><img decoding=\"async\" width=\"900\" height=\"560\" loading=\"lazy\" src=\"https:\/\/www.my-watchsite.fr\/blog\/wp-content\/uploads\/2023\/11\/tag.jpg\" alt=\"\" class=\"wp-image-31280\" \/><figcaption class=\"wp-element-caption\">Les rouages de la <strong>TAG Heuer Monaco Chronograph Skeleton \u2013 \u00ab Original Blue \u00bb<\/strong>.<\/figcaption><\/figure>\n\n\n\n<p>Le c\u00e9l\u00e8bre chronographe au bo\u00eetier carr\u00e9 imagin\u00e9 par Jack Heuer en 1969, met \u00e0 nu ses rouages. En effet, chose in\u00e9dite, c\u2019est la premi\u00e8re fois que le mod\u00e8le est pr\u00e9sent\u00e9 dans une version enti\u00e8rement squelett\u00e9e. Il se pr\u00e9sente sur un bo\u00eetier de 39 mm fa\u00e7onn\u00e9 en titane, une mati\u00e8re qui habille \u00e9galement la lunette. <\/p>\n\n\n\n<figure class=\"wp-block-image size-full\"><img decoding=\"async\" width=\"900\" height=\"1450\" loading=\"lazy\" src=\"https:\/\/www.my-watchsite.fr\/blog\/wp-content\/uploads\/2023\/11\/tag11.jpg\" alt=\"\" class=\"wp-image-31281\" \/><figcaption class=\"wp-element-caption\"><strong>TAG Heuer Monaco Chronograph Skeleton \u2013 \u00ab Original Blue \u00bb<\/strong>.<\/figcaption><\/figure>\n\n\n\n<p>On retrouve un cadran bleu sabl\u00e9 (en hommage \u00e0 la palette de couleurs originale de la TAG Heuer Monaco) rehauss\u00e9 d&rsquo;un m\u00e9lange unique de d\u00e9tails rouges et blancs. Sous le capot, cette Monaco s&rsquo;anime du calibre Heuer 02 Automatique visible \u00e0 travers le fond de bo\u00eete. Affichant les indications heures, minutes, secondes, date et assurant la fonction chronographe (avec compteurs 30 minutes et 12 heures), le mouvement poss\u00e8de une r\u00e9serve de marche de 80 heures. Enfin, la montre est livr\u00e9e avec un bracelet bi-mati\u00e8re en caoutchouc et cuir bleu, assurant confort et style.<\/p>\n\n\n\n<figure class=\"wp-block-image size-full\"><img decoding=\"async\" width=\"900\" height=\"900\" loading=\"lazy\" src=\"https:\/\/www.my-watchsite.fr\/blog\/wp-content\/uploads\/2023\/11\/tag12.jpg\" alt=\"\" class=\"wp-image-31282\" \/><figcaption class=\"wp-element-caption\">La vue \u00ab\u00a0luminovesque\u00a0\u00bb laisse appara\u00eetre des aiguilles et des index recouverts de mati\u00e8re luminescente bleue.<\/figcaption><\/figure>\n\n\n\n<p>Consulter la fiche technique de la <a href=\"https:\/\/www.my-watchsite.fr\/monaco\/8446-tag-heuer-monaco-chronographe-skeleton-original-blue-.html\" target=\"_blank\" rel=\"noreferrer noopener\">TAG Heuer Monaco Chronograph Skeleton \u2013 \u00ab Original Blue \u00bb<\/a> &#8211; <strong>10 850 euros.<\/strong><\/p>\n\n\n\n<p>Voici les deux autres mod\u00e8les disponibles :<\/p>\n\n\n\n<figure class=\"wp-block-gallery has-nested-images columns-default is-cropped wp-block-gallery-15 is-layout-flex wp-block-gallery-is-layout-flex\">\n<figure class=\"wp-block-image size-large\"><img decoding=\"async\" width=\"900\" height=\"1450\" loading=\"lazy\" data-id=\"31764\" src=\"https:\/\/www.my-watchsite.fr\/blog\/wp-content\/uploads\/2023\/11\/tag2-2.jpg\" alt=\"\" class=\"wp-image-31764\" \/><\/figure>\n\n\n\n<figure class=\"wp-block-image size-large\"><img decoding=\"async\" width=\"900\" height=\"1450\" loading=\"lazy\" data-id=\"31763\" src=\"https:\/\/www.my-watchsite.fr\/blog\/wp-content\/uploads\/2023\/11\/tag3-2.jpg\" alt=\"\" class=\"wp-image-31763\" \/><\/figure>\n<figcaption class=\"blocks-gallery-caption wp-element-caption\">La <a href=\"https:\/\/www.my-watchsite.fr\/monaco\/8447-tag-heuer-monaco-chronographe-skeleton-original-blue-.html\" target=\"_blank\" rel=\"noreferrer noopener\">TAG Heuer Monaco Red Racing<\/a> (10 850 euros) et la <a href=\"https:\/\/www.my-watchsite.fr\/monaco\/8448-tag-heuer-monaco-chronographe-skeleton-original-blue-.html\" target=\"_blank\" rel=\"noreferrer noopener\">TAG Heuer Monaco Turquoise<\/a> (11 400 euros).<\/figcaption><\/figure>\n\n\n\n<h3 class=\"wp-block-heading\"><strong>TAG Heuer Carrera Date<\/strong><\/h3>\n\n\n\n<figure class=\"wp-block-image size-full\"><img decoding=\"async\" width=\"900\" height=\"560\" loading=\"lazy\" src=\"https:\/\/www.my-watchsite.fr\/blog\/wp-content\/uploads\/2023\/11\/tag-1.jpg\" alt=\"\" class=\"wp-image-31761\" \/><\/figure>\n\n\n\n<p>Pour (re)d\u00e9couvrir la collection TAG Heuer Carrera Date, voici l&rsquo;article que nous lui avions d\u00e9di\u00e9 cet \u00e9t\u00e9 :<\/p>\n\n\n\n<figure class=\"wp-block-embed is-type-wp-embed is-provider-mywatch-fr wp-block-embed-mywatch-fr\"><div class=\"wp-block-embed__wrapper\">\n<blockquote class=\"wp-embedded-content\" data-secret=\"LOvMeKqDTS\"><a href=\"https:\/\/www.my-watchsite.fr\/blog\/vacances-joublie-tout-mais-pas-ma-montre\/\">Vacances j&rsquo;oublie tout&#8230; mais pas ma montre !<\/a><\/blockquote><iframe class=\"wp-embedded-content\" sandbox=\"allow-scripts\" security=\"restricted\" style=\"position: absolute; clip: rect(1px, 1px, 1px, 1px);\" title=\"\u00ab\u00a0Vacances j&rsquo;oublie tout&#8230; mais pas ma montre !\u00a0\u00bb &#8212; MyWatch FR\" src=\"https:\/\/www.my-watchsite.fr\/blog\/vacances-joublie-tout-mais-pas-ma-montre\/embed\/#?secret=XIJNXBer62#?secret=LOvMeKqDTS\" data-secret=\"LOvMeKqDTS\" width=\"500\" height=\"282\" frameborder=\"0\" marginwidth=\"0\" marginheight=\"0\" scrolling=\"no\"><\/iframe>\n<\/div><\/figure>\n\n\n\n<p><strong>3 200 euros<\/strong><\/p>\n\n\n\n<p>Consulter les fiches techniques de la TAG Heuer Carrera Date <a href=\"https:\/\/www.my-watchsite.fr\/carrera\/8368-tag-heuer-carrera-date.html\" target=\"_blank\" rel=\"noreferrer noopener\">cadran argent\u00e9<\/a>, <a href=\"https:\/\/www.my-watchsite.fr\/carrera\/8365-tag-heuer-carrera-date.html\" target=\"_blank\" rel=\"noreferrer noopener\">cadran rose<\/a> et <a href=\"https:\/\/www.my-watchsite.fr\/carrera\/8366-tag-heuer-carrera-date.html\" target=\"_blank\" rel=\"noreferrer noopener\">cadran vert<\/a>.<\/p>\n\n\n\n<p><a href=\"https:\/\/www.tagheuer.com\/fr\/fr\/\" target=\"_blank\" rel=\"noreferrer noopener\">LE SITE DES MONTRES TAG HEUER<\/a><\/p>\n\n\n\n<p><\/p>\n\n\n\n<h2 class=\"wp-block-heading\"><strong>BOUTIQUES :<\/strong><\/h2>\n\n\n\n<p><strong>Maier Horloger<\/strong> &#8211; 99, rue du pr\u00e9sident \u00c9douard Herriot, Lyon 2e &#8211; <br>T\u00e9l : 04 78 42 08 81.<br><strong>Maier Vintage<\/strong> &#8211; 16, rue des archers, Lyon 2e &#8211; T\u00e9l : 04 37 57 54 50.<\/p>\n\n\n\n<p><a href=\"https:\/\/www.maier.fr\/\" target=\"_blank\" rel=\"noreferrer noopener\">LE SITE MAIER<\/a><\/p>\n\n\n\n<p><strong>\u00c0 voir aussi :<\/strong><\/p>\n\n\n\n<figure class=\"wp-block-embed is-type-video is-provider-youtube wp-block-embed-youtube wp-embed-aspect-16-9 wp-has-aspect-ratio\"><div class=\"wp-block-embed__wrapper\">\n<iframe loading=\"lazy\" title=\"Les p\u00e9pites du salon Geneva Watch Days 2023 : Interviews exclusives ! (Episode 1 sur 3)\" width=\"500\" height=\"281\" src=\"https:\/\/www.youtube.com\/embed\/QosqyI3Zxxk?feature=oembed\" frameborder=\"0\" allow=\"accelerometer; autoplay; clipboard-write; encrypted-media; gyroscope; picture-in-picture; web-share\" allowfullscreen><\/iframe>\n<\/div><\/figure>\n\n\n\n<p><strong>\u00c0 lire \u00e9galement :<\/strong><\/p>\n\n\n\n<figure class=\"wp-block-embed is-type-wp-embed is-provider-mywatch-fr wp-block-embed-mywatch-fr\"><div class=\"wp-block-embed__wrapper\">\n<blockquote class=\"wp-embedded-content\" data-secret=\"1nxQI97cqT\"><a href=\"https:\/\/www.my-watchsite.fr\/blog\/poiray-investit-la-capitale-des-gaules\/\">Poiray investit la capitale des Gaules<\/a><\/blockquote><iframe class=\"wp-embedded-content\" sandbox=\"allow-scripts\" security=\"restricted\" style=\"position: absolute; clip: rect(1px, 1px, 1px, 1px);\" title=\"\u00ab\u00a0Poiray investit la capitale des Gaules\u00a0\u00bb &#8212; MyWatch FR\" src=\"https:\/\/www.my-watchsite.fr\/blog\/poiray-investit-la-capitale-des-gaules\/embed\/#?secret=l0MuiiaRpn#?secret=1nxQI97cqT\" data-secret=\"1nxQI97cqT\" width=\"500\" height=\"282\" frameborder=\"0\" marginwidth=\"0\" marginheight=\"0\" scrolling=\"no\"><\/iframe>\n<\/div><\/figure>\n\n\n\n<figure class=\"wp-block-embed is-type-wp-embed is-provider-mywatch-fr wp-block-embed-mywatch-fr\"><div class=\"wp-block-embed__wrapper\">\n<blockquote class=\"wp-embedded-content\" data-secret=\"DfJyUADy0p\"><a href=\"https:\/\/www.my-watchsite.fr\/blog\/geneva-watch-days-2023-episode-1\/\">Geneva Watch Days 2023 : \u00e9pisode 1<\/a><\/blockquote><iframe class=\"wp-embedded-content\" sandbox=\"allow-scripts\" security=\"restricted\" style=\"position: absolute; clip: rect(1px, 1px, 1px, 1px);\" title=\"\u00ab\u00a0Geneva Watch Days 2023 : \u00e9pisode 1\u00a0\u00bb &#8212; MyWatch FR\" src=\"https:\/\/www.my-watchsite.fr\/blog\/geneva-watch-days-2023-episode-1\/embed\/#?secret=c6LSM32DpP#?secret=DfJyUADy0p\" data-secret=\"DfJyUADy0p\" width=\"500\" height=\"282\" frameborder=\"0\" marginwidth=\"0\" marginheight=\"0\" scrolling=\"no\"><\/iframe>\n<\/div><\/figure>\n","protected":false},"excerpt":{"rendered":"<p>Premier \u00e9pisode de nos reportages sur les boutiques Maier \u00e0 Lyon avec une \u00e9mission consacr\u00e9e \u00e0 Breitling et TAG Heuer qui met en lumi\u00e8re les collections des maisons horlog\u00e8res. Le postulat ? Aujourd&rsquo;hui plus que jamais, on peut porter n&rsquo;importe quel style de montre quelle que soit sa tenue.<\/p>\n","protected":false},"author":18,"featured_media":31635,"comment_status":"closed","ping_status":"closed","sticky":false,"template":"","format":"standard","meta":{"footnotes":""},"categories":[2],"tags":[642,484,17],"acf":[],"yoast_head":"<!-- This site is optimized with the Yoast SEO plugin v20.4 - https:\/\/yoast.com\/wordpress\/plugins\/seo\/ -->\n<title>Sp\u00e9cial Maier : \u00e9mission #1<\/title>\n<meta name=\"description\" content=\"Premier \u00e9pisode de la trilogie Maier : d\u00e9couverte du sacro-saint local de l\u2019horlogerie et de la joaillerie lyonnaise.\" \/>\n<meta name=\"robots\" content=\"index, follow, max-snippet:-1, max-image-preview:large, max-video-preview:-1\" \/>\n<link rel=\"canonical\" href=\"https:\/\/www.my-watchsite.fr\/blog\/breitling-et-tag-heuer-a-lyon-deux-boutiques-de-montres-tres-en-vue\/\" \/>\n<meta property=\"og:locale\" content=\"fr_FR\" \/>\n<meta property=\"og:type\" content=\"article\" \/>\n<meta property=\"og:title\" content=\"Sp\u00e9cial Maier : \u00e9mission #1\" \/>\n<meta property=\"og:description\" content=\"Premier \u00e9pisode de la trilogie Maier : d\u00e9couverte du sacro-saint local de l\u2019horlogerie et de la joaillerie lyonnaise.\" \/>\n<meta property=\"og:url\" content=\"https:\/\/www.my-watchsite.fr\/blog\/breitling-et-tag-heuer-a-lyon-deux-boutiques-de-montres-tres-en-vue\/\" \/>\n<meta property=\"og:site_name\" content=\"MyWatch FR\" \/>\n<meta property=\"article:publisher\" content=\"https:\/\/www.facebook.com\/mywatchsite\/\" \/>\n<meta property=\"article:published_time\" content=\"2023-11-13T16:27:48+00:00\" \/>\n<meta property=\"article:modified_time\" content=\"2023-11-17T09:23:57+00:00\" \/>\n<meta property=\"og:image\" content=\"https:\/\/www.my-watchsite.fr\/blog\/wp-content\/uploads\/2023\/11\/unknown-1.jpeg\" \/>\n\t<meta property=\"og:image:width\" content=\"1563\" \/>\n\t<meta property=\"og:image:height\" content=\"969\" \/>\n\t<meta property=\"og:image:type\" content=\"image\/jpeg\" \/>\n<meta name=\"author\" content=\"Arthur Frydman\" \/>\n<meta name=\"twitter:card\" content=\"summary_large_image\" \/>\n<meta name=\"twitter:creator\" content=\"@mywatchsite\" \/>\n<meta name=\"twitter:site\" content=\"@mywatchsite\" \/>\n<meta name=\"twitter:label1\" content=\"\u00c9crit par\" \/>\n\t<meta name=\"twitter:data1\" content=\"Arthur Frydman\" \/>\n\t<meta name=\"twitter:label2\" content=\"Dur\u00e9e de lecture estim\u00e9e\" \/>\n\t<meta name=\"twitter:data2\" content=\"16 minutes\" \/>\n<script type=\"application\/ld+json\" class=\"yoast-schema-graph\">{\"@context\":\"https:\/\/schema.org\",\"@graph\":[{\"@type\":\"WebPage\",\"@id\":\"https:\/\/www.my-watchsite.fr\/blog\/breitling-et-tag-heuer-a-lyon-deux-boutiques-de-montres-tres-en-vue\/\",\"url\":\"https:\/\/www.my-watchsite.fr\/blog\/breitling-et-tag-heuer-a-lyon-deux-boutiques-de-montres-tres-en-vue\/\",\"name\":\"Sp\u00e9cial Maier : \u00e9mission #1\",\"isPartOf\":{\"@id\":\"https:\/\/www.my-watchsite.fr\/blog\/#website\"},\"datePublished\":\"2023-11-13T16:27:48+00:00\",\"dateModified\":\"2023-11-17T09:23:57+00:00\",\"author\":{\"@id\":\"https:\/\/www.my-watchsite.fr\/blog\/#\/schema\/person\/1ee9f7ebc70e108ce4ae2dc91257ad64\"},\"description\":\"Premier \u00e9pisode de la trilogie Maier : d\u00e9couverte du sacro-saint local de l\u2019horlogerie et de la joaillerie lyonnaise.\",\"breadcrumb\":{\"@id\":\"https:\/\/www.my-watchsite.fr\/blog\/breitling-et-tag-heuer-a-lyon-deux-boutiques-de-montres-tres-en-vue\/#breadcrumb\"},\"inLanguage\":\"fr-FR\",\"potentialAction\":[{\"@type\":\"ReadAction\",\"target\":[\"https:\/\/www.my-watchsite.fr\/blog\/breitling-et-tag-heuer-a-lyon-deux-boutiques-de-montres-tres-en-vue\/\"]}]},{\"@type\":\"BreadcrumbList\",\"@id\":\"https:\/\/www.my-watchsite.fr\/blog\/breitling-et-tag-heuer-a-lyon-deux-boutiques-de-montres-tres-en-vue\/#breadcrumb\",\"itemListElement\":[{\"@type\":\"ListItem\",\"position\":1,\"name\":\"Accueil\",\"item\":\"https:\/\/www.my-watchsite.fr\/blog\/\"},{\"@type\":\"ListItem\",\"position\":2,\"name\":\"Breitling et TAG Heuer \u00e0 Lyon : deux boutiques de montres tr\u00e8s en vue !\"}]},{\"@type\":\"WebSite\",\"@id\":\"https:\/\/www.my-watchsite.fr\/blog\/#website\",\"url\":\"https:\/\/www.my-watchsite.fr\/blog\/\",\"name\":\"MyWatch FR\",\"description\":\"Make Time a Lifestyle\",\"potentialAction\":[{\"@type\":\"SearchAction\",\"target\":{\"@type\":\"EntryPoint\",\"urlTemplate\":\"https:\/\/www.my-watchsite.fr\/blog\/?s={search_term_string}\"},\"query-input\":\"required name=search_term_string\"}],\"inLanguage\":\"fr-FR\"},{\"@type\":\"Person\",\"@id\":\"https:\/\/www.my-watchsite.fr\/blog\/#\/schema\/person\/1ee9f7ebc70e108ce4ae2dc91257ad64\",\"name\":\"Arthur Frydman\",\"image\":{\"@type\":\"ImageObject\",\"inLanguage\":\"fr-FR\",\"@id\":\"https:\/\/www.my-watchsite.fr\/blog\/#\/schema\/person\/image\/\",\"url\":\"https:\/\/secure.gravatar.com\/avatar\/aa90715503afd1072169d469e7ef1471?s=96&d=mm&r=g\",\"contentUrl\":\"https:\/\/secure.gravatar.com\/avatar\/aa90715503afd1072169d469e7ef1471?s=96&d=mm&r=g\",\"caption\":\"Arthur Frydman\"}}]}<\/script>\n<!-- \/ Yoast SEO plugin. -->","yoast_head_json":{"title":"Sp\u00e9cial Maier : \u00e9mission #1","description":"Premier \u00e9pisode de la trilogie Maier : d\u00e9couverte du sacro-saint local de l\u2019horlogerie et de la joaillerie lyonnaise.","robots":{"index":"index","follow":"follow","max-snippet":"max-snippet:-1","max-image-preview":"max-image-preview:large","max-video-preview":"max-video-preview:-1"},"canonical":"https:\/\/www.my-watchsite.fr\/blog\/breitling-et-tag-heuer-a-lyon-deux-boutiques-de-montres-tres-en-vue\/","og_locale":"fr_FR","og_type":"article","og_title":"Sp\u00e9cial Maier : \u00e9mission #1","og_description":"Premier \u00e9pisode de la trilogie Maier : d\u00e9couverte du sacro-saint local de l\u2019horlogerie et de la joaillerie lyonnaise.","og_url":"https:\/\/www.my-watchsite.fr\/blog\/breitling-et-tag-heuer-a-lyon-deux-boutiques-de-montres-tres-en-vue\/","og_site_name":"MyWatch FR","article_publisher":"https:\/\/www.facebook.com\/mywatchsite\/","article_published_time":"2023-11-13T16:27:48+00:00","article_modified_time":"2023-11-17T09:23:57+00:00","og_image":[{"width":1563,"height":969,"url":"https:\/\/www.my-watchsite.fr\/blog\/wp-content\/uploads\/2023\/11\/unknown-1.jpeg","type":"image\/jpeg"}],"author":"Arthur Frydman","twitter_card":"summary_large_image","twitter_creator":"@mywatchsite","twitter_site":"@mywatchsite","twitter_misc":{"\u00c9crit par":"Arthur Frydman","Dur\u00e9e de lecture estim\u00e9e":"16 minutes"},"schema":{"@context":"https:\/\/schema.org","@graph":[{"@type":"WebPage","@id":"https:\/\/www.my-watchsite.fr\/blog\/breitling-et-tag-heuer-a-lyon-deux-boutiques-de-montres-tres-en-vue\/","url":"https:\/\/www.my-watchsite.fr\/blog\/breitling-et-tag-heuer-a-lyon-deux-boutiques-de-montres-tres-en-vue\/","name":"Sp\u00e9cial Maier : \u00e9mission #1","isPartOf":{"@id":"https:\/\/www.my-watchsite.fr\/blog\/#website"},"datePublished":"2023-11-13T16:27:48+00:00","dateModified":"2023-11-17T09:23:57+00:00","author":{"@id":"https:\/\/www.my-watchsite.fr\/blog\/#\/schema\/person\/1ee9f7ebc70e108ce4ae2dc91257ad64"},"description":"Premier \u00e9pisode de la trilogie Maier : d\u00e9couverte du sacro-saint local de l\u2019horlogerie et de la joaillerie lyonnaise.","breadcrumb":{"@id":"https:\/\/www.my-watchsite.fr\/blog\/breitling-et-tag-heuer-a-lyon-deux-boutiques-de-montres-tres-en-vue\/#breadcrumb"},"inLanguage":"fr-FR","potentialAction":[{"@type":"ReadAction","target":["https:\/\/www.my-watchsite.fr\/blog\/breitling-et-tag-heuer-a-lyon-deux-boutiques-de-montres-tres-en-vue\/"]}]},{"@type":"BreadcrumbList","@id":"https:\/\/www.my-watchsite.fr\/blog\/breitling-et-tag-heuer-a-lyon-deux-boutiques-de-montres-tres-en-vue\/#breadcrumb","itemListElement":[{"@type":"ListItem","position":1,"name":"Accueil","item":"https:\/\/www.my-watchsite.fr\/blog\/"},{"@type":"ListItem","position":2,"name":"Breitling et TAG Heuer \u00e0 Lyon : deux boutiques de montres tr\u00e8s en vue !"}]},{"@type":"WebSite","@id":"https:\/\/www.my-watchsite.fr\/blog\/#website","url":"https:\/\/www.my-watchsite.fr\/blog\/","name":"MyWatch FR","description":"Make Time a Lifestyle","potentialAction":[{"@type":"SearchAction","target":{"@type":"EntryPoint","urlTemplate":"https:\/\/www.my-watchsite.fr\/blog\/?s={search_term_string}"},"query-input":"required name=search_term_string"}],"inLanguage":"fr-FR"},{"@type":"Person","@id":"https:\/\/www.my-watchsite.fr\/blog\/#\/schema\/person\/1ee9f7ebc70e108ce4ae2dc91257ad64","name":"Arthur Frydman","image":{"@type":"ImageObject","inLanguage":"fr-FR","@id":"https:\/\/www.my-watchsite.fr\/blog\/#\/schema\/person\/image\/","url":"https:\/\/secure.gravatar.com\/avatar\/aa90715503afd1072169d469e7ef1471?s=96&d=mm&r=g","contentUrl":"https:\/\/secure.gravatar.com\/avatar\/aa90715503afd1072169d469e7ef1471?s=96&d=mm&r=g","caption":"Arthur Frydman"}}]}},"_links":{"self":[{"href":"https:\/\/www.my-watchsite.fr\/blog\/wp-json\/wp\/v2\/posts\/31270"}],"collection":[{"href":"https:\/\/www.my-watchsite.fr\/blog\/wp-json\/wp\/v2\/posts"}],"about":[{"href":"https:\/\/www.my-watchsite.fr\/blog\/wp-json\/wp\/v2\/types\/post"}],"author":[{"embeddable":true,"href":"https:\/\/www.my-watchsite.fr\/blog\/wp-json\/wp\/v2\/users\/18"}],"replies":[{"embeddable":true,"href":"https:\/\/www.my-watchsite.fr\/blog\/wp-json\/wp\/v2\/comments?post=31270"}],"version-history":[{"count":56,"href":"https:\/\/www.my-watchsite.fr\/blog\/wp-json\/wp\/v2\/posts\/31270\/revisions"}],"predecessor-version":[{"id":31872,"href":"https:\/\/www.my-watchsite.fr\/blog\/wp-json\/wp\/v2\/posts\/31270\/revisions\/31872"}],"wp:featuredmedia":[{"embeddable":true,"href":"https:\/\/www.my-watchsite.fr\/blog\/wp-json\/wp\/v2\/media\/31635"}],"wp:attachment":[{"href":"https:\/\/www.my-watchsite.fr\/blog\/wp-json\/wp\/v2\/media?parent=31270"}],"wp:term":[{"taxonomy":"category","embeddable":true,"href":"https:\/\/www.my-watchsite.fr\/blog\/wp-json\/wp\/v2\/categories?post=31270"},{"taxonomy":"post_tag","embeddable":true,"href":"https:\/\/www.my-watchsite.fr\/blog\/wp-json\/wp\/v2\/tags?post=31270"}],"curies":[{"name":"wp","href":"https:\/\/api.w.org\/{rel}","templated":true}]}}