{"id":314,"date":"2011-04-04T00:00:00","date_gmt":"2011-04-03T22:00:00","guid":{"rendered":"https:\/\/www.my-watchsite.fr\/blog\/blog\/un-tour-du-monde-a-voile-rondement-mene-n99\/"},"modified":"2011-04-04T00:00:00","modified_gmt":"2011-04-03T22:00:00","slug":"un-tour-du-monde-a-voile-rondement-mene-n99","status":"publish","type":"post","link":"https:\/\/www.my-watchsite.fr\/blog\/un-tour-du-monde-a-voile-rondement-mene-n99\/","title":{"rendered":"Un tour du monde \u00e0 voile rondement men\u00e9"},"content":{"rendered":"<p>Lundi 4 avril 2011 \u00e0 12h, 20min, et 36sec, Virbac-Paprec 3 franchit la ligne d\u2019arriv\u00e9e de la Barcelona World Race au pied de l\u2019h\u00f4tel W dans le port de Barcelone. Jean-Pierre Dick et Lo\u00efck Peyron, ambassadeur de Corum, ont pris le d\u00e9part le 31 d\u00e9cembre 2010. En t\u00eate pratiquement toute la course, le tandem a reli\u00e9 Barcelone \u00e0 Barcelone en 93 jours, 22h, 20 min et 36 sec. Le trac\u00e9 passe par les trois caps \u2013 Bonne Esp\u00e9rance, Leeuwin, Horn &#8211; et le d\u00e9troit de Cook, en laissant l\u2019Antarctique \u00e0 tribord. Marins de haut vol, le duo Jean-Pierre Dick et Lo\u00efck Peyron avait d\u00e9j\u00e0 gagn\u00e9 la Transat Jacques Vabre en 2005.<\/p>\n<p>Lo\u00efck Peyron, ambassadeur de Corum, a d\u00e9clar\u00e9 : \u00ab Une course en double autour du monde, ce n\u2019est pas anodin, il s\u2019agit au contraire d\u2019une grande histoire ! Difficile de d\u00e9crire la victoire ; c\u2019est un moment magique, unique et plein d\u2019\u00e9motion. Naviguer en duo n\u2019est pas si simple, il s\u2019agit de tout g\u00e9rer en tandem et chaque action \u00e0 bord t\u00e9moigne de notre travail d\u2019\u00e9quipe. Nous avons r\u00e9gat\u00e9 proprement sur un bateau magnifique ! J\u2019ai \u00e9t\u00e9 ravi de porter mon Admiral\u2019s Cup en mer, elle m\u2019a accompagn\u00e9 dans toutes les manoeuvres. C\u2019est la premi\u00e8re fois qu\u2019une montre Corum fait le tour du monde \u00e0 voile, non ? \u00bb<\/p>\n<p>Antonio Calce, CEO de Corum a d\u00e9clar\u00e9 : \u00ab Aujourd\u2019hui, nous f\u00eatons la victoire de notre ambassadeur ! Quand Lo\u00efck Peyron a rejoint la famille Corum en 2009, nous avons imm\u00e9diatement \u00e9t\u00e9 s\u00e9duits par ses qualit\u00e9s sportives et humaines. Apr\u00e8s trois mois en mer, sans escales, il nous montre une fois de plus que la pers\u00e9v\u00e9rance et l\u2019endurance sont la cl\u00e9 du succ\u00e8s. Alors que notre marque s\u2019inscrit dans un processus de reconstruction \u00e0 long terme, nous partageons ces valeurs que sont la d\u00e9termination et la r\u00e9gularit\u00e9. \u00bb<\/p>\n<ul>\n<li><img decoding=\"async\" src=\"https:\/\/www.my-watchsite.fr\/blog\/wp-content\/uploads\/2020\/08\/99_169.jpg\" alt=\"photo : Nico Martinez\" \/><\/li>\n<li><img decoding=\"async\" src=\"https:\/\/www.my-watchsite.fr\/blog\/wp-content\/uploads\/2020\/08\/99_170.jpg\" alt=\"photo : Jorge Andreu\" \/><\/li>\n<\/ul>\n","protected":false},"excerpt":{"rendered":"<p>Lundi 4 avril 2011 \u00e0 12h, 20min, et 36sec, Virbac-Paprec 3 franchit la ligne d\u2019arriv\u00e9e de la Barcelona World Race au pied de l\u2019h\u00f4tel W dans le port de Barcelone. Jean-Pierre Dick et Lo\u00efck Peyron, ambassadeur de Corum, ont pris le d\u00e9part le 31 d\u00e9cembre 2010. En t\u00eate pratiquement toute la course, le tandem a [&hellip;]<\/p>\n","protected":false},"author":1,"featured_media":315,"comment_status":"closed","ping_status":"closed","sticky":false,"template":"","format":"standard","meta":{"footnotes":""},"categories":[2],"tags":[38],"acf":[],"yoast_head":"<!-- This site is optimized with the Yoast SEO plugin v20.4 - https:\/\/yoast.com\/wordpress\/plugins\/seo\/ -->\n<title>Un tour du monde \u00e0 voile rondement men\u00e9 - MyWatch FR<\/title>\n<meta name=\"robots\" content=\"index, follow, max-snippet:-1, max-image-preview:large, max-video-preview:-1\" \/>\n<link rel=\"canonical\" href=\"https:\/\/www.my-watchsite.fr\/blog\/un-tour-du-monde-a-voile-rondement-mene-n99\/\" \/>\n<meta property=\"og:locale\" content=\"fr_FR\" \/>\n<meta property=\"og:type\" content=\"article\" \/>\n<meta property=\"og:title\" content=\"Un tour du monde \u00e0 voile rondement men\u00e9 - MyWatch FR\" \/>\n<meta property=\"og:description\" content=\"Lundi 4 avril 2011 \u00e0 12h, 20min, et 36sec, Virbac-Paprec 3 franchit la ligne d\u2019arriv\u00e9e de la Barcelona World Race au pied de l\u2019h\u00f4tel W dans le port de Barcelone. Jean-Pierre Dick et Lo\u00efck Peyron, ambassadeur de Corum, ont pris le d\u00e9part le 31 d\u00e9cembre 2010. En t\u00eate pratiquement toute la course, le tandem a [&hellip;]\" \/>\n<meta property=\"og:url\" content=\"https:\/\/www.my-watchsite.fr\/blog\/un-tour-du-monde-a-voile-rondement-mene-n99\/\" \/>\n<meta property=\"og:site_name\" content=\"MyWatch FR\" \/>\n<meta property=\"article:publisher\" content=\"https:\/\/www.facebook.com\/mywatchsite\/\" \/>\n<meta property=\"article:published_time\" content=\"2011-04-03T22:00:00+00:00\" \/>\n<meta property=\"og:image\" content=\"https:\/\/www.my-watchsite.fr\/blog\/wp-content\/uploads\/2020\/08\/99_169.jpg\" \/>\n\t<meta property=\"og:image:width\" content=\"450\" \/>\n\t<meta property=\"og:image:height\" content=\"357\" \/>\n\t<meta property=\"og:image:type\" content=\"image\/jpeg\" \/>\n<meta name=\"author\" content=\"MyWatch\" \/>\n<meta name=\"twitter:card\" content=\"summary_large_image\" \/>\n<meta name=\"twitter:creator\" content=\"@mywatchsite\" \/>\n<meta name=\"twitter:site\" content=\"@mywatchsite\" \/>\n<meta name=\"twitter:label1\" content=\"\u00c9crit par\" \/>\n\t<meta name=\"twitter:data1\" content=\"MyWatch\" \/>\n\t<meta name=\"twitter:label2\" content=\"Dur\u00e9e de lecture estim\u00e9e\" \/>\n\t<meta name=\"twitter:data2\" content=\"2 minutes\" \/>\n<script type=\"application\/ld+json\" class=\"yoast-schema-graph\">{\"@context\":\"https:\/\/schema.org\",\"@graph\":[{\"@type\":\"WebPage\",\"@id\":\"https:\/\/www.my-watchsite.fr\/blog\/un-tour-du-monde-a-voile-rondement-mene-n99\/\",\"url\":\"https:\/\/www.my-watchsite.fr\/blog\/un-tour-du-monde-a-voile-rondement-mene-n99\/\",\"name\":\"Un tour du monde \u00e0 voile rondement men\u00e9 - MyWatch FR\",\"isPartOf\":{\"@id\":\"https:\/\/www.my-watchsite.fr\/blog\/#website\"},\"datePublished\":\"2011-04-03T22:00:00+00:00\",\"dateModified\":\"2011-04-03T22:00:00+00:00\",\"author\":{\"@id\":\"https:\/\/www.my-watchsite.fr\/blog\/#\/schema\/person\/67e19b3e3d014465042ff1be1c9fcf44\"},\"breadcrumb\":{\"@id\":\"https:\/\/www.my-watchsite.fr\/blog\/un-tour-du-monde-a-voile-rondement-mene-n99\/#breadcrumb\"},\"inLanguage\":\"fr-FR\",\"potentialAction\":[{\"@type\":\"ReadAction\",\"target\":[\"https:\/\/www.my-watchsite.fr\/blog\/un-tour-du-monde-a-voile-rondement-mene-n99\/\"]}]},{\"@type\":\"BreadcrumbList\",\"@id\":\"https:\/\/www.my-watchsite.fr\/blog\/un-tour-du-monde-a-voile-rondement-mene-n99\/#breadcrumb\",\"itemListElement\":[{\"@type\":\"ListItem\",\"position\":1,\"name\":\"Accueil\",\"item\":\"https:\/\/www.my-watchsite.fr\/blog\/\"},{\"@type\":\"ListItem\",\"position\":2,\"name\":\"Un tour du monde \u00e0 voile rondement men\u00e9\"}]},{\"@type\":\"WebSite\",\"@id\":\"https:\/\/www.my-watchsite.fr\/blog\/#website\",\"url\":\"https:\/\/www.my-watchsite.fr\/blog\/\",\"name\":\"MyWatch FR\",\"description\":\"Make Time a Lifestyle\",\"potentialAction\":[{\"@type\":\"SearchAction\",\"target\":{\"@type\":\"EntryPoint\",\"urlTemplate\":\"https:\/\/www.my-watchsite.fr\/blog\/?s={search_term_string}\"},\"query-input\":\"required name=search_term_string\"}],\"inLanguage\":\"fr-FR\"},{\"@type\":\"Person\",\"@id\":\"https:\/\/www.my-watchsite.fr\/blog\/#\/schema\/person\/67e19b3e3d014465042ff1be1c9fcf44\",\"name\":\"MyWatch\",\"image\":{\"@type\":\"ImageObject\",\"inLanguage\":\"fr-FR\",\"@id\":\"https:\/\/www.my-watchsite.fr\/blog\/#\/schema\/person\/image\/\",\"url\":\"https:\/\/secure.gravatar.com\/avatar\/e52d1e94806c54826c863f554ca1dd2a?s=96&d=mm&r=g\",\"contentUrl\":\"https:\/\/secure.gravatar.com\/avatar\/e52d1e94806c54826c863f554ca1dd2a?s=96&d=mm&r=g\",\"caption\":\"MyWatch\"},\"sameAs\":[\"https:\/\/www.my-watchsite.fr\/blog\"]}]}<\/script>\n<!-- \/ Yoast SEO plugin. -->","yoast_head_json":{"title":"Un tour du monde \u00e0 voile rondement men\u00e9 - MyWatch FR","robots":{"index":"index","follow":"follow","max-snippet":"max-snippet:-1","max-image-preview":"max-image-preview:large","max-video-preview":"max-video-preview:-1"},"canonical":"https:\/\/www.my-watchsite.fr\/blog\/un-tour-du-monde-a-voile-rondement-mene-n99\/","og_locale":"fr_FR","og_type":"article","og_title":"Un tour du monde \u00e0 voile rondement men\u00e9 - MyWatch FR","og_description":"Lundi 4 avril 2011 \u00e0 12h, 20min, et 36sec, Virbac-Paprec 3 franchit la ligne d\u2019arriv\u00e9e de la Barcelona World Race au pied de l\u2019h\u00f4tel W dans le port de Barcelone. Jean-Pierre Dick et Lo\u00efck Peyron, ambassadeur de Corum, ont pris le d\u00e9part le 31 d\u00e9cembre 2010. En t\u00eate pratiquement toute la course, le tandem a [&hellip;]","og_url":"https:\/\/www.my-watchsite.fr\/blog\/un-tour-du-monde-a-voile-rondement-mene-n99\/","og_site_name":"MyWatch FR","article_publisher":"https:\/\/www.facebook.com\/mywatchsite\/","article_published_time":"2011-04-03T22:00:00+00:00","og_image":[{"width":450,"height":357,"url":"https:\/\/www.my-watchsite.fr\/blog\/wp-content\/uploads\/2020\/08\/99_169.jpg","type":"image\/jpeg"}],"author":"MyWatch","twitter_card":"summary_large_image","twitter_creator":"@mywatchsite","twitter_site":"@mywatchsite","twitter_misc":{"\u00c9crit par":"MyWatch","Dur\u00e9e de lecture estim\u00e9e":"2 minutes"},"schema":{"@context":"https:\/\/schema.org","@graph":[{"@type":"WebPage","@id":"https:\/\/www.my-watchsite.fr\/blog\/un-tour-du-monde-a-voile-rondement-mene-n99\/","url":"https:\/\/www.my-watchsite.fr\/blog\/un-tour-du-monde-a-voile-rondement-mene-n99\/","name":"Un tour du monde \u00e0 voile rondement men\u00e9 - MyWatch FR","isPartOf":{"@id":"https:\/\/www.my-watchsite.fr\/blog\/#website"},"datePublished":"2011-04-03T22:00:00+00:00","dateModified":"2011-04-03T22:00:00+00:00","author":{"@id":"https:\/\/www.my-watchsite.fr\/blog\/#\/schema\/person\/67e19b3e3d014465042ff1be1c9fcf44"},"breadcrumb":{"@id":"https:\/\/www.my-watchsite.fr\/blog\/un-tour-du-monde-a-voile-rondement-mene-n99\/#breadcrumb"},"inLanguage":"fr-FR","potentialAction":[{"@type":"ReadAction","target":["https:\/\/www.my-watchsite.fr\/blog\/un-tour-du-monde-a-voile-rondement-mene-n99\/"]}]},{"@type":"BreadcrumbList","@id":"https:\/\/www.my-watchsite.fr\/blog\/un-tour-du-monde-a-voile-rondement-mene-n99\/#breadcrumb","itemListElement":[{"@type":"ListItem","position":1,"name":"Accueil","item":"https:\/\/www.my-watchsite.fr\/blog\/"},{"@type":"ListItem","position":2,"name":"Un tour du monde \u00e0 voile rondement men\u00e9"}]},{"@type":"WebSite","@id":"https:\/\/www.my-watchsite.fr\/blog\/#website","url":"https:\/\/www.my-watchsite.fr\/blog\/","name":"MyWatch FR","description":"Make Time a Lifestyle","potentialAction":[{"@type":"SearchAction","target":{"@type":"EntryPoint","urlTemplate":"https:\/\/www.my-watchsite.fr\/blog\/?s={search_term_string}"},"query-input":"required name=search_term_string"}],"inLanguage":"fr-FR"},{"@type":"Person","@id":"https:\/\/www.my-watchsite.fr\/blog\/#\/schema\/person\/67e19b3e3d014465042ff1be1c9fcf44","name":"MyWatch","image":{"@type":"ImageObject","inLanguage":"fr-FR","@id":"https:\/\/www.my-watchsite.fr\/blog\/#\/schema\/person\/image\/","url":"https:\/\/secure.gravatar.com\/avatar\/e52d1e94806c54826c863f554ca1dd2a?s=96&d=mm&r=g","contentUrl":"https:\/\/secure.gravatar.com\/avatar\/e52d1e94806c54826c863f554ca1dd2a?s=96&d=mm&r=g","caption":"MyWatch"},"sameAs":["https:\/\/www.my-watchsite.fr\/blog"]}]}},"_links":{"self":[{"href":"https:\/\/www.my-watchsite.fr\/blog\/wp-json\/wp\/v2\/posts\/314"}],"collection":[{"href":"https:\/\/www.my-watchsite.fr\/blog\/wp-json\/wp\/v2\/posts"}],"about":[{"href":"https:\/\/www.my-watchsite.fr\/blog\/wp-json\/wp\/v2\/types\/post"}],"author":[{"embeddable":true,"href":"https:\/\/www.my-watchsite.fr\/blog\/wp-json\/wp\/v2\/users\/1"}],"replies":[{"embeddable":true,"href":"https:\/\/www.my-watchsite.fr\/blog\/wp-json\/wp\/v2\/comments?post=314"}],"version-history":[{"count":0,"href":"https:\/\/www.my-watchsite.fr\/blog\/wp-json\/wp\/v2\/posts\/314\/revisions"}],"wp:featuredmedia":[{"embeddable":true,"href":"https:\/\/www.my-watchsite.fr\/blog\/wp-json\/wp\/v2\/media\/315"}],"wp:attachment":[{"href":"https:\/\/www.my-watchsite.fr\/blog\/wp-json\/wp\/v2\/media?parent=314"}],"wp:term":[{"taxonomy":"category","embeddable":true,"href":"https:\/\/www.my-watchsite.fr\/blog\/wp-json\/wp\/v2\/categories?post=314"},{"taxonomy":"post_tag","embeddable":true,"href":"https:\/\/www.my-watchsite.fr\/blog\/wp-json\/wp\/v2\/tags?post=314"}],"curies":[{"name":"wp","href":"https:\/\/api.w.org\/{rel}","templated":true}]}}