{"id":3261,"date":"2015-01-16T00:00:00","date_gmt":"2015-01-15T23:00:00","guid":{"rendered":"https:\/\/www.my-watchsite.fr\/blog\/blog\/le-sihh-ouvre-ses-portes-lundi-sur-une-25e-edition-anniversaire-n738\/"},"modified":"2015-01-16T00:00:00","modified_gmt":"2015-01-15T23:00:00","slug":"le-sihh-ouvre-ses-portes-lundi-sur-une-25e-edition-anniversaire-n738","status":"publish","type":"post","link":"https:\/\/www.my-watchsite.fr\/blog\/le-sihh-ouvre-ses-portes-lundi-sur-une-25e-edition-anniversaire-n738\/","title":{"rendered":"Le SIHH ouvre ses portes lundi sur une 25e \u00e9dition anniversaire"},"content":{"rendered":"<p>De cinq exposants en 1991 repartis sur 4&rsquo;500 m2 \u00e0 16 Maisons occupant cette ann\u00e9e une surface multipli\u00e9e par dix au sein de Palexpo Gen\u00e8ve, le Salon International de la Haute Horlogerie a fait du chemin en un quart de si\u00e8cle d\u2019existence. A tel point qu\u2019il n\u2019est plus besoin aujourd\u2019hui de sp\u00e9cifier l\u2019acronyme SIHH. Dans les cercles horlogers, il est devenu un label de qualit\u00e9 et d\u2019authenticit\u00e9, au m\u00eame titre que les certifications d\u2019excellence qui ont ponctu\u00e9 l\u2019histoire de la mesure du temps.<\/p>\n<p>Mais si le Salon offre un nouveau visage, son esprit est rest\u00e9 rigoureusement le m\u00eame. Les Maisons exposantes des origines ont en effet voulu mettre sur pied une manifestation destin\u00e9e aux professionnels de la branche, repr\u00e9sentants des r\u00e9seaux de distribution et des m\u00e9dias, dans un environnement chaleureux et convivial. Le pari a tenu ses promesses au-del\u00e0 de toutes esp\u00e9rances. D\u00e9sormais plac\u00e9 en janvier, le SIHH est devenu un rendez-vous incontournable qui donne immanquablement le ton de l\u2019ann\u00e9e horlog\u00e8re. Cette 25\u00e8me \u00e9dition en fera une nouvelle fois la preuve avec son lot de surprises et de d\u00e9couvertes. Elle inaugurera avec faste l\u2019ann\u00e9e horlog\u00e8re 2015 et ouvrira ses portes lundi 19 janvier \u00e0 Palexpo.<\/p>\n<p>C\u2019est dans cette majestueuse Cit\u00e9 du Temps, un d\u00e9cor qui a impos\u00e9 son style depuis plusieurs ann\u00e9es non sans laisser libre cours \u00e0 l\u2019imagination exub\u00e9rante des marques, que seront donc expos\u00e9es les nouveaut\u00e9s techniques et pr\u00e9cieuses des 16 Maisons exposantes. Si l\u2019\u00e9loge de leur ma\u00eetrise technique n\u2019est certes plus \u00e0 faire, force est aujourd\u2019hui d\u2019y adjoindre leur expertise dans les m\u00e9tiers d\u2019art. Cette double approche de la mesure du temps en fait une activit\u00e9 unique dans l\u2019univers du luxe.<\/p>\n<p>Pour bien en saisir toute la mesure, la SIHH propose cette ann\u00e9e une nouvelle approche de la culture propre \u00e0 la Haute Horlogerie. Lors des derni\u00e8res \u00e9ditions, le Salon avait surtout privil\u00e9gi\u00e9 le concept des expositions historiques et th\u00e9matiques. Rien de tel pour cette 25\u00e8me \u00e9dition, cette fois mis en exergue par des ateliers d\u2019initiation \u00e0 la technique horlog\u00e8re. Les participant auront ainsi l\u2019occasion de d\u00e9monter puis remonter un calibre de montre pour bien saisir toute l\u2019ampleur des savoirs int\u00e9gr\u00e9s dans cet univers de l\u2019infiniment petit. L\u2019\u00e9merveillement est immanquablement la gratification de l\u2019exercice. Exactement le m\u00eame que saisit tout visiteur d\u00e9ambulant dans les trav\u00e9es du SIHH ! <\/p>\n<p><strong>Les 16 Maisons exposantes:<\/strong><br \/>A. Lange &amp; S\u00f6hne<br \/>Audemars Piguet<br \/>Baume &amp; Mercier<br \/>Cartier<br \/>Greubel Forsey<br \/>IWC<br \/>Jaeger-LeCoultre<br \/>Montblanc<br \/>Officine Panerai<br \/>Parmigiani Fleurier<br \/>Piaget<br \/>Ralph Lauren Watch &amp; Jewelry<br \/>Richard Mille<br \/>Roger Dubuis<br \/>Vacheron Constantin<br \/>Van Cleef &amp; Arpels<\/p>\n<p>Le SIHH 2015 est organis\u00e9 par la Fondation de la Haute Horlogerie pour le compte du Comit\u00e9 des Exposants du SIHH.<br \/>Fondation de la Haute Horlogerie \u2013 Gen\u00e8ve \u2013 www.hautehorlogerie.org<\/p>\n<p>Pour tout renseignement compl\u00e9mentaire, veuillez consulter le site www.sihh.org <br \/>Salon International de la Haute Horlogerie <br \/>19 \u2013 23 janvier 2015 &#8211; Palexpo \u2013 Gen\u00e8ve <\/p>\n<ul>\n<li><img decoding=\"async\" src=\"https:\/\/www.my-watchsite.fr\/blog\/wp-content\/uploads\/2020\/08\/738_2608.jpg\" alt=\"SIHH 2015\" \/><\/li>\n<\/ul>\n","protected":false},"excerpt":{"rendered":"<p>De cinq exposants en 1991 repartis sur 4&rsquo;500 m2 \u00e0 16 Maisons occupant cette ann\u00e9e une surface multipli\u00e9e par dix au sein de Palexpo Gen\u00e8ve, le Salon International de la Haute Horlogerie a fait du chemin en un quart de si\u00e8cle d\u2019existence. A tel point qu\u2019il n\u2019est plus besoin aujourd\u2019hui de sp\u00e9cifier l\u2019acronyme SIHH. Dans [&hellip;]<\/p>\n","protected":false},"author":1,"featured_media":3263,"comment_status":"closed","ping_status":"closed","sticky":false,"template":"","format":"standard","meta":{"footnotes":""},"categories":[2],"tags":[33],"acf":[],"yoast_head":"<!-- This site is optimized with the Yoast SEO plugin v20.4 - https:\/\/yoast.com\/wordpress\/plugins\/seo\/ -->\n<title>Le SIHH ouvre ses portes lundi sur une 25e \u00e9dition anniversaire - MyWatch FR<\/title>\n<meta name=\"robots\" content=\"index, follow, max-snippet:-1, max-image-preview:large, max-video-preview:-1\" \/>\n<link rel=\"canonical\" href=\"https:\/\/www.my-watchsite.fr\/blog\/le-sihh-ouvre-ses-portes-lundi-sur-une-25e-edition-anniversaire-n738\/\" \/>\n<meta property=\"og:locale\" content=\"fr_FR\" \/>\n<meta property=\"og:type\" content=\"article\" \/>\n<meta property=\"og:title\" content=\"Le SIHH ouvre ses portes lundi sur une 25e \u00e9dition anniversaire - MyWatch FR\" \/>\n<meta property=\"og:description\" content=\"De cinq exposants en 1991 repartis sur 4&rsquo;500 m2 \u00e0 16 Maisons occupant cette ann\u00e9e une surface multipli\u00e9e par dix au sein de Palexpo Gen\u00e8ve, le Salon International de la Haute Horlogerie a fait du chemin en un quart de si\u00e8cle d\u2019existence. A tel point qu\u2019il n\u2019est plus besoin aujourd\u2019hui de sp\u00e9cifier l\u2019acronyme SIHH. Dans [&hellip;]\" \/>\n<meta property=\"og:url\" content=\"https:\/\/www.my-watchsite.fr\/blog\/le-sihh-ouvre-ses-portes-lundi-sur-une-25e-edition-anniversaire-n738\/\" \/>\n<meta property=\"og:site_name\" content=\"MyWatch FR\" \/>\n<meta property=\"article:publisher\" content=\"https:\/\/www.facebook.com\/mywatchsite\/\" \/>\n<meta property=\"article:published_time\" content=\"2015-01-15T23:00:00+00:00\" \/>\n<meta property=\"og:image\" content=\"https:\/\/www.my-watchsite.fr\/blog\/wp-content\/uploads\/2020\/08\/thumb_738.jpg\" \/>\n\t<meta property=\"og:image:width\" content=\"654\" \/>\n\t<meta property=\"og:image:height\" content=\"435\" \/>\n\t<meta property=\"og:image:type\" content=\"image\/jpeg\" \/>\n<meta name=\"author\" content=\"MyWatch\" \/>\n<meta name=\"twitter:card\" content=\"summary_large_image\" \/>\n<meta name=\"twitter:creator\" content=\"@mywatchsite\" \/>\n<meta name=\"twitter:site\" content=\"@mywatchsite\" \/>\n<meta name=\"twitter:label1\" content=\"\u00c9crit par\" \/>\n\t<meta name=\"twitter:data1\" content=\"MyWatch\" \/>\n\t<meta name=\"twitter:label2\" content=\"Dur\u00e9e de lecture estim\u00e9e\" \/>\n\t<meta name=\"twitter:data2\" content=\"3 minutes\" \/>\n<script type=\"application\/ld+json\" class=\"yoast-schema-graph\">{\"@context\":\"https:\/\/schema.org\",\"@graph\":[{\"@type\":\"WebPage\",\"@id\":\"https:\/\/www.my-watchsite.fr\/blog\/le-sihh-ouvre-ses-portes-lundi-sur-une-25e-edition-anniversaire-n738\/\",\"url\":\"https:\/\/www.my-watchsite.fr\/blog\/le-sihh-ouvre-ses-portes-lundi-sur-une-25e-edition-anniversaire-n738\/\",\"name\":\"Le SIHH ouvre ses portes lundi sur une 25e \u00e9dition anniversaire - MyWatch FR\",\"isPartOf\":{\"@id\":\"https:\/\/www.my-watchsite.fr\/blog\/#website\"},\"datePublished\":\"2015-01-15T23:00:00+00:00\",\"dateModified\":\"2015-01-15T23:00:00+00:00\",\"author\":{\"@id\":\"https:\/\/www.my-watchsite.fr\/blog\/#\/schema\/person\/67e19b3e3d014465042ff1be1c9fcf44\"},\"breadcrumb\":{\"@id\":\"https:\/\/www.my-watchsite.fr\/blog\/le-sihh-ouvre-ses-portes-lundi-sur-une-25e-edition-anniversaire-n738\/#breadcrumb\"},\"inLanguage\":\"fr-FR\",\"potentialAction\":[{\"@type\":\"ReadAction\",\"target\":[\"https:\/\/www.my-watchsite.fr\/blog\/le-sihh-ouvre-ses-portes-lundi-sur-une-25e-edition-anniversaire-n738\/\"]}]},{\"@type\":\"BreadcrumbList\",\"@id\":\"https:\/\/www.my-watchsite.fr\/blog\/le-sihh-ouvre-ses-portes-lundi-sur-une-25e-edition-anniversaire-n738\/#breadcrumb\",\"itemListElement\":[{\"@type\":\"ListItem\",\"position\":1,\"name\":\"Accueil\",\"item\":\"https:\/\/www.my-watchsite.fr\/blog\/\"},{\"@type\":\"ListItem\",\"position\":2,\"name\":\"Le SIHH ouvre ses portes lundi sur une 25e \u00e9dition anniversaire\"}]},{\"@type\":\"WebSite\",\"@id\":\"https:\/\/www.my-watchsite.fr\/blog\/#website\",\"url\":\"https:\/\/www.my-watchsite.fr\/blog\/\",\"name\":\"MyWatch FR\",\"description\":\"Make Time a Lifestyle\",\"potentialAction\":[{\"@type\":\"SearchAction\",\"target\":{\"@type\":\"EntryPoint\",\"urlTemplate\":\"https:\/\/www.my-watchsite.fr\/blog\/?s={search_term_string}\"},\"query-input\":\"required name=search_term_string\"}],\"inLanguage\":\"fr-FR\"},{\"@type\":\"Person\",\"@id\":\"https:\/\/www.my-watchsite.fr\/blog\/#\/schema\/person\/67e19b3e3d014465042ff1be1c9fcf44\",\"name\":\"MyWatch\",\"image\":{\"@type\":\"ImageObject\",\"inLanguage\":\"fr-FR\",\"@id\":\"https:\/\/www.my-watchsite.fr\/blog\/#\/schema\/person\/image\/\",\"url\":\"https:\/\/secure.gravatar.com\/avatar\/e52d1e94806c54826c863f554ca1dd2a?s=96&d=mm&r=g\",\"contentUrl\":\"https:\/\/secure.gravatar.com\/avatar\/e52d1e94806c54826c863f554ca1dd2a?s=96&d=mm&r=g\",\"caption\":\"MyWatch\"},\"sameAs\":[\"https:\/\/www.my-watchsite.fr\/blog\"]}]}<\/script>\n<!-- \/ Yoast SEO plugin. -->","yoast_head_json":{"title":"Le SIHH ouvre ses portes lundi sur une 25e \u00e9dition anniversaire - MyWatch FR","robots":{"index":"index","follow":"follow","max-snippet":"max-snippet:-1","max-image-preview":"max-image-preview:large","max-video-preview":"max-video-preview:-1"},"canonical":"https:\/\/www.my-watchsite.fr\/blog\/le-sihh-ouvre-ses-portes-lundi-sur-une-25e-edition-anniversaire-n738\/","og_locale":"fr_FR","og_type":"article","og_title":"Le SIHH ouvre ses portes lundi sur une 25e \u00e9dition anniversaire - MyWatch FR","og_description":"De cinq exposants en 1991 repartis sur 4&rsquo;500 m2 \u00e0 16 Maisons occupant cette ann\u00e9e une surface multipli\u00e9e par dix au sein de Palexpo Gen\u00e8ve, le Salon International de la Haute Horlogerie a fait du chemin en un quart de si\u00e8cle d\u2019existence. A tel point qu\u2019il n\u2019est plus besoin aujourd\u2019hui de sp\u00e9cifier l\u2019acronyme SIHH. Dans [&hellip;]","og_url":"https:\/\/www.my-watchsite.fr\/blog\/le-sihh-ouvre-ses-portes-lundi-sur-une-25e-edition-anniversaire-n738\/","og_site_name":"MyWatch FR","article_publisher":"https:\/\/www.facebook.com\/mywatchsite\/","article_published_time":"2015-01-15T23:00:00+00:00","og_image":[{"width":654,"height":435,"url":"https:\/\/www.my-watchsite.fr\/blog\/wp-content\/uploads\/2020\/08\/thumb_738.jpg","type":"image\/jpeg"}],"author":"MyWatch","twitter_card":"summary_large_image","twitter_creator":"@mywatchsite","twitter_site":"@mywatchsite","twitter_misc":{"\u00c9crit par":"MyWatch","Dur\u00e9e de lecture estim\u00e9e":"3 minutes"},"schema":{"@context":"https:\/\/schema.org","@graph":[{"@type":"WebPage","@id":"https:\/\/www.my-watchsite.fr\/blog\/le-sihh-ouvre-ses-portes-lundi-sur-une-25e-edition-anniversaire-n738\/","url":"https:\/\/www.my-watchsite.fr\/blog\/le-sihh-ouvre-ses-portes-lundi-sur-une-25e-edition-anniversaire-n738\/","name":"Le SIHH ouvre ses portes lundi sur une 25e \u00e9dition anniversaire - MyWatch FR","isPartOf":{"@id":"https:\/\/www.my-watchsite.fr\/blog\/#website"},"datePublished":"2015-01-15T23:00:00+00:00","dateModified":"2015-01-15T23:00:00+00:00","author":{"@id":"https:\/\/www.my-watchsite.fr\/blog\/#\/schema\/person\/67e19b3e3d014465042ff1be1c9fcf44"},"breadcrumb":{"@id":"https:\/\/www.my-watchsite.fr\/blog\/le-sihh-ouvre-ses-portes-lundi-sur-une-25e-edition-anniversaire-n738\/#breadcrumb"},"inLanguage":"fr-FR","potentialAction":[{"@type":"ReadAction","target":["https:\/\/www.my-watchsite.fr\/blog\/le-sihh-ouvre-ses-portes-lundi-sur-une-25e-edition-anniversaire-n738\/"]}]},{"@type":"BreadcrumbList","@id":"https:\/\/www.my-watchsite.fr\/blog\/le-sihh-ouvre-ses-portes-lundi-sur-une-25e-edition-anniversaire-n738\/#breadcrumb","itemListElement":[{"@type":"ListItem","position":1,"name":"Accueil","item":"https:\/\/www.my-watchsite.fr\/blog\/"},{"@type":"ListItem","position":2,"name":"Le SIHH ouvre ses portes lundi sur une 25e \u00e9dition anniversaire"}]},{"@type":"WebSite","@id":"https:\/\/www.my-watchsite.fr\/blog\/#website","url":"https:\/\/www.my-watchsite.fr\/blog\/","name":"MyWatch FR","description":"Make Time a Lifestyle","potentialAction":[{"@type":"SearchAction","target":{"@type":"EntryPoint","urlTemplate":"https:\/\/www.my-watchsite.fr\/blog\/?s={search_term_string}"},"query-input":"required name=search_term_string"}],"inLanguage":"fr-FR"},{"@type":"Person","@id":"https:\/\/www.my-watchsite.fr\/blog\/#\/schema\/person\/67e19b3e3d014465042ff1be1c9fcf44","name":"MyWatch","image":{"@type":"ImageObject","inLanguage":"fr-FR","@id":"https:\/\/www.my-watchsite.fr\/blog\/#\/schema\/person\/image\/","url":"https:\/\/secure.gravatar.com\/avatar\/e52d1e94806c54826c863f554ca1dd2a?s=96&d=mm&r=g","contentUrl":"https:\/\/secure.gravatar.com\/avatar\/e52d1e94806c54826c863f554ca1dd2a?s=96&d=mm&r=g","caption":"MyWatch"},"sameAs":["https:\/\/www.my-watchsite.fr\/blog"]}]}},"_links":{"self":[{"href":"https:\/\/www.my-watchsite.fr\/blog\/wp-json\/wp\/v2\/posts\/3261"}],"collection":[{"href":"https:\/\/www.my-watchsite.fr\/blog\/wp-json\/wp\/v2\/posts"}],"about":[{"href":"https:\/\/www.my-watchsite.fr\/blog\/wp-json\/wp\/v2\/types\/post"}],"author":[{"embeddable":true,"href":"https:\/\/www.my-watchsite.fr\/blog\/wp-json\/wp\/v2\/users\/1"}],"replies":[{"embeddable":true,"href":"https:\/\/www.my-watchsite.fr\/blog\/wp-json\/wp\/v2\/comments?post=3261"}],"version-history":[{"count":0,"href":"https:\/\/www.my-watchsite.fr\/blog\/wp-json\/wp\/v2\/posts\/3261\/revisions"}],"wp:featuredmedia":[{"embeddable":true,"href":"https:\/\/www.my-watchsite.fr\/blog\/wp-json\/wp\/v2\/media\/3263"}],"wp:attachment":[{"href":"https:\/\/www.my-watchsite.fr\/blog\/wp-json\/wp\/v2\/media?parent=3261"}],"wp:term":[{"taxonomy":"category","embeddable":true,"href":"https:\/\/www.my-watchsite.fr\/blog\/wp-json\/wp\/v2\/categories?post=3261"},{"taxonomy":"post_tag","embeddable":true,"href":"https:\/\/www.my-watchsite.fr\/blog\/wp-json\/wp\/v2\/tags?post=3261"}],"curies":[{"name":"wp","href":"https:\/\/api.w.org\/{rel}","templated":true}]}}