{"id":3397,"date":"2015-02-17T00:00:00","date_gmt":"2015-02-16T23:00:00","guid":{"rendered":"https:\/\/www.my-watchsite.fr\/blog\/blog\/la-tradition-breguet-au-coeur-dune-icone-n762\/"},"modified":"2021-09-09T12:47:39","modified_gmt":"2021-09-09T10:47:39","slug":"la-tradition-breguet-au-coeur-dune-icone-n762","status":"publish","type":"post","link":"https:\/\/www.my-watchsite.fr\/blog\/la-tradition-breguet-au-coeur-dune-icone-n762\/","title":{"rendered":"La Tradition Breguet, au coeur d&rsquo;une ic\u00f4ne"},"content":{"rendered":"<p>La collection Tradition de Breguet voit le jour en 2005. Lors de sa sortie, le mod\u00e8le 7027 est le premier garde-temps contemporain \u00e0 d\u00e9voiler les organes du mouvement au-dessus de la platine. Cette architecture extraordinaire qui offre le loisir d\u2019admirer les principaux composants du mouvement positionnera rapidement la Tradition en tant qu\u2019ic\u00f4ne absolue.<\/p>\n<p>Au-del\u00e0 de cette caract\u00e9ristique in\u00e9dite, les montres Tradition affichent une forte identit\u00e9 graphique gr\u00e2ce \u00e0 une habile disposition, tout en sym\u00e9trie, des composants du mouvement. La plupart des mod\u00e8les comportent un barillet au centre, un cadran situ\u00e9 \u00e0 12 heures avec des aiguilles entra\u00een\u00e9es directement depuis le barillet, un balancier et des roues interm\u00e9diaires formant un arc dont la port\u00e9e s\u2019\u00e9tend de 4 \u00e0 8 heures. Le pare-chute \u2013 syst\u00e8me de protection contre les chocs invent\u00e9 par Abraham-Louis Breguet \u2013, visible sur bon nombre des cr\u00e9ations Tradition, contribue \u00e0 leur reconnaissance imm\u00e9diate et ancre \u00e0 la fois la collection dans l\u2019histoire qui l\u2019a inspir\u00e9e.<\/p>\n<p>En 1796, Abraham-Louis Breguet finalise un nouveau mod\u00e8le de garde-temps, la montre de souscription. De diam\u00e8tre relativement grand, \u00e0 une seule aiguille et cadran d\u2019\u00e9mail, elle est dot\u00e9e d\u2019un mouvement sp\u00e9cial d\u2019une grande simplicit\u00e9 pouvant \u00eatre produit en quantit\u00e9 importante. Dans le premier chapitre de son trait\u00e9 d\u2019horlogerie, dont la r\u00e9daction d\u00e9butera une dizaine d\u2019ann\u00e9es avant sa mort, A.-L. Breguet d\u00e9crira la montre de souscription en ces termes qui trouvent \u00e9cho dans la ligne Tradition : \u00ab La disposition du mouvement est telle qu\u2019un amateur de m\u00e9canique peut en suivre tous les effets par le c\u00f4t\u00e9 d\u00e9couvert (\u2026). \u00bb<\/p>\n<p>Sa commercialisation sera bas\u00e9e sur le principe de la souscription, expliqu\u00e9 par l\u2019horloger dans un prospectus publicitaire qu\u2019il fera imprimer en 1797 : \u00ab Le prix des montres sera de 600 livres ; le quart de cette somme se paiera en souscrivant (\u2026). \u00bb L\u2019argent ainsi collect\u00e9 par avance servirait \u00e0 acheter les fournitures n\u00e9cessaires \u00e0 ce qui ressemble fort \u00e0 une production en s\u00e9rie. Fiable et d\u2019un prix abordable, la montre de souscription rencontrera un vif succ\u00e8s et attirera une client\u00e8le nouvelle. Il s\u2019en fabriquera 700 exemplaires environ, \u00e0 bo\u00eete d\u2019or ou d\u2019argent. A.-L. Breguet utilisera le calibre des montres de souscription pour r\u00e9aliser ses premi\u00e8res montres \u00e0 tact trois ans plus tard.<\/p>\n<p>Caract\u00e9ris\u00e9es par une fl\u00e8che ext\u00e9rieure au bo\u00eetier qui reproduit la position de l\u2019aiguille des heures et de douze rep\u00e8res saillants situ\u00e9s autour de la toucher. La lecture conventionnelle de l\u2019heure s\u2019effectue \u00e0 l\u2019aide d\u2019un cadran traditionnel pourvu de deux aiguilles. De conception r\u00e9duite et excentr\u00e9 sur certaines pi\u00e8ces, ce type de cadrans se retrouve sur les montres contemporaines Tradition, qui t\u00e9moignent d\u2019une exceptionnelle capacit\u00e9 \u00e0 innover.<\/p>\n<p>Un indicateur de r\u00e9serve de marche, un tourbillon \u00e0 fus\u00e9e, une fonction GMT ou un affichage de la petite seconde r\u00e9trograde sont autant de complications venues enrichir la ligne Tradition au fil des ans, en parall\u00e8le \u00e0 l\u2019utilisation de mat\u00e9riaux ultramodernes comme le silicium ou le titane.<\/p>\n<p>Des montres anciennes N\u00b0960, 1009 et 1576 \u00e0 la toute derni\u00e8re cr\u00e9ation de Breguet d\u00e9voil\u00e9e de fa\u00e7on totalement in\u00e9dite en pr\u00e9lude de Baselworld 2015, l\u2019exposition \u00ab La Tradition Breguet, au c\u0153ur d\u2019une ic\u00f4ne \u00bb retrace la gen\u00e8se d\u2019une collection l\u00e9gendaire n\u00e9e de la subtile fusion entre deux \u00e9poques fastes de l\u2019art horloger.<\/p>\n<ul>\n<li><img decoding=\"async\" src=\"https:\/\/www.my-watchsite.fr\/blog\/wp-content\/uploads\/2020\/08\/762_2654.jpg\" alt=\"Expositon La Tradition Breguet \" \/><\/li>\n<li><img decoding=\"async\" src=\"https:\/\/www.my-watchsite.fr\/blog\/wp-content\/uploads\/2020\/08\/762_2655.jpg\" alt=\"Expositon La Tradition Breguet\" \/><\/li>\n<li><img decoding=\"async\" src=\"https:\/\/www.my-watchsite.fr\/blog\/wp-content\/uploads\/2020\/08\/762_2656.jpg\" alt=\"Expositon La Tradition Breguet\" \/><\/li>\n<li><img decoding=\"async\" src=\"https:\/\/www.my-watchsite.fr\/blog\/wp-content\/uploads\/2020\/08\/762_2657.jpg\" alt=\"Expositon La Tradition Breguet\" \/><\/li>\n<li><img decoding=\"async\" src=\"https:\/\/www.my-watchsite.fr\/blog\/wp-content\/uploads\/2020\/08\/762_2658.jpg\" alt=\"Expositon La Tradition Breguet\" \/><\/li>\n<li><img decoding=\"async\" src=\"https:\/\/www.my-watchsite.fr\/blog\/wp-content\/uploads\/2020\/08\/762_2659.jpg\" alt=\"Expositon La Tradition Breguet\" \/><\/li>\n<li><img decoding=\"async\" src=\"https:\/\/www.my-watchsite.fr\/blog\/wp-content\/uploads\/2020\/08\/762_2660.jpg\" alt=\"Expositon La Tradition Breguet\" \/><\/li>\n<li><img decoding=\"async\" src=\"https:\/\/www.my-watchsite.fr\/blog\/wp-content\/uploads\/2020\/08\/762_2662.jpg\" alt=\"Breguet N\u00b0960\" \/><\/li>\n<li><img decoding=\"async\" src=\"https:\/\/www.my-watchsite.fr\/blog\/wp-content\/uploads\/2020\/08\/762_2663.jpg\" alt=\"Breguet N\u00b0960\" \/><\/li>\n<li><img decoding=\"async\" src=\"https:\/\/www.my-watchsite.fr\/blog\/wp-content\/uploads\/2020\/08\/762_2664.jpg\" alt=\"Breguet N\u00b01009\" \/><\/li>\n<li><img decoding=\"async\" src=\"https:\/\/www.my-watchsite.fr\/blog\/wp-content\/uploads\/2020\/08\/762_2665.jpg\" alt=\"Breguet N\u00b01009\" \/><\/li>\n<li><img decoding=\"async\" src=\"https:\/\/www.my-watchsite.fr\/blog\/wp-content\/uploads\/2020\/08\/762_2666.jpg\" alt=\"Breguet N\u00b01009\" \/><\/li>\n<li><img decoding=\"async\" src=\"https:\/\/www.my-watchsite.fr\/blog\/wp-content\/uploads\/2020\/08\/762_2667.jpg\" alt=\"Breguet N\u00b01576\" \/><\/li>\n<li><img decoding=\"async\" src=\"https:\/\/www.my-watchsite.fr\/blog\/wp-content\/uploads\/2020\/08\/762_2668.jpg\" alt=\"Breguet N\u00b01576\" \/><\/li>\n<li><img decoding=\"async\" src=\"https:\/\/www.my-watchsite.fr\/blog\/wp-content\/uploads\/2020\/08\/762_2669.jpg\" alt=\"Breguet N\u00b01576\" \/><\/li>\n<li><img decoding=\"async\" src=\"https:\/\/www.my-watchsite.fr\/blog\/wp-content\/uploads\/2020\/08\/762_2670.jpg\" alt=\"Breguet Tradition 7027\" \/><\/li>\n<li><img decoding=\"async\" src=\"https:\/\/www.my-watchsite.fr\/blog\/wp-content\/uploads\/2020\/08\/762_2671.jpg\" alt=\"Breguet Tradition 7057\" \/><\/li>\n<li><img decoding=\"async\" src=\"https:\/\/www.my-watchsite.fr\/blog\/wp-content\/uploads\/2020\/08\/762_2672.jpg\" alt=\"Breguet Tradition GMT 7067\" \/><\/li>\n<li><img decoding=\"async\" src=\"https:\/\/www.my-watchsite.fr\/blog\/wp-content\/uploads\/2020\/08\/762_2673.jpg\" alt=\"Breguet Tradition Tourbillon 7047\" \/><\/li>\n<li><img decoding=\"async\" src=\"https:\/\/www.my-watchsite.fr\/blog\/wp-content\/uploads\/2020\/08\/762_2674.jpg\" alt=\"Breguet Tradition Automatique Seconde R\u00e9trograde 7097\" \/><\/li>\n<\/ul>\n\n\n<p><a href=\"https:\/\/www.breguet.com\/fr#\" target=\"_blank\" rel=\"noreferrer noopener\">www.breguet.com<\/a><\/p>\n\n\n\n<p>Lire aussi l&rsquo;article <a href=\"https:\/\/www.my-watchsite.fr\/blog\/breguet-au-fine-arts-museums-of-san-francisco-n709\/\" target=\"_blank\" rel=\"noreferrer noopener\">Breguet au Fine Arts Museums of San Francisco<\/a><\/p>\n","protected":false},"excerpt":{"rendered":"<p>La collection Tradition de Breguet voit le jour en 2005. Lors de sa sortie, le mod\u00e8le 7027 est le premier garde-temps contemporain \u00e0 d\u00e9voiler les organes du mouvement au-dessus de la platine. Cette architecture extraordinaire qui offre le loisir d\u2019admirer les principaux composants du mouvement positionnera rapidement la Tradition en tant qu\u2019ic\u00f4ne absolue. Au-del\u00e0 de [&hellip;]<\/p>\n","protected":false},"author":1,"featured_media":3418,"comment_status":"closed","ping_status":"closed","sticky":false,"template":"","format":"standard","meta":{"footnotes":""},"categories":[2],"tags":[59],"acf":[],"yoast_head":"<!-- This site is optimized with the Yoast SEO plugin v20.4 - https:\/\/yoast.com\/wordpress\/plugins\/seo\/ -->\n<title>La Tradition Breguet, au coeur d&#039;une ic\u00f4ne - MyWatch FR<\/title>\n<meta name=\"description\" content=\"La collection Tradition de Breguet voit le jour en 2005. Lors de sa sortie, le mod\u00e8le 7027 est le premier garde-temps contemporain...\" \/>\n<meta name=\"robots\" content=\"index, follow, max-snippet:-1, max-image-preview:large, max-video-preview:-1\" \/>\n<link rel=\"canonical\" href=\"https:\/\/www.my-watchsite.fr\/blog\/la-tradition-breguet-au-coeur-dune-icone-n762\/\" \/>\n<meta property=\"og:locale\" content=\"fr_FR\" \/>\n<meta property=\"og:type\" content=\"article\" \/>\n<meta property=\"og:title\" content=\"La Tradition Breguet, au coeur d&#039;une ic\u00f4ne - MyWatch FR\" \/>\n<meta property=\"og:description\" content=\"La collection Tradition de Breguet voit le jour en 2005. Lors de sa sortie, le mod\u00e8le 7027 est le premier garde-temps contemporain...\" \/>\n<meta property=\"og:url\" content=\"https:\/\/www.my-watchsite.fr\/blog\/la-tradition-breguet-au-coeur-dune-icone-n762\/\" \/>\n<meta property=\"og:site_name\" content=\"MyWatch FR\" \/>\n<meta property=\"article:publisher\" content=\"https:\/\/www.facebook.com\/mywatchsite\/\" \/>\n<meta property=\"article:published_time\" content=\"2015-02-16T23:00:00+00:00\" \/>\n<meta property=\"article:modified_time\" content=\"2021-09-09T10:47:39+00:00\" \/>\n<meta property=\"og:image\" content=\"https:\/\/www.my-watchsite.fr\/blog\/wp-content\/uploads\/2020\/08\/thumb_762.jpg\" \/>\n\t<meta property=\"og:image:width\" content=\"654\" \/>\n\t<meta property=\"og:image:height\" content=\"435\" \/>\n\t<meta property=\"og:image:type\" content=\"image\/jpeg\" \/>\n<meta name=\"author\" content=\"MyWatch\" \/>\n<meta name=\"twitter:card\" content=\"summary_large_image\" \/>\n<meta name=\"twitter:creator\" content=\"@mywatchsite\" \/>\n<meta name=\"twitter:site\" content=\"@mywatchsite\" \/>\n<meta name=\"twitter:label1\" content=\"\u00c9crit par\" \/>\n\t<meta name=\"twitter:data1\" content=\"MyWatch\" \/>\n\t<meta name=\"twitter:label2\" content=\"Dur\u00e9e de lecture estim\u00e9e\" \/>\n\t<meta name=\"twitter:data2\" content=\"7 minutes\" \/>\n<script type=\"application\/ld+json\" class=\"yoast-schema-graph\">{\"@context\":\"https:\/\/schema.org\",\"@graph\":[{\"@type\":\"WebPage\",\"@id\":\"https:\/\/www.my-watchsite.fr\/blog\/la-tradition-breguet-au-coeur-dune-icone-n762\/\",\"url\":\"https:\/\/www.my-watchsite.fr\/blog\/la-tradition-breguet-au-coeur-dune-icone-n762\/\",\"name\":\"La Tradition Breguet, au coeur d'une ic\u00f4ne - MyWatch FR\",\"isPartOf\":{\"@id\":\"https:\/\/www.my-watchsite.fr\/blog\/#website\"},\"datePublished\":\"2015-02-16T23:00:00+00:00\",\"dateModified\":\"2021-09-09T10:47:39+00:00\",\"author\":{\"@id\":\"https:\/\/www.my-watchsite.fr\/blog\/#\/schema\/person\/67e19b3e3d014465042ff1be1c9fcf44\"},\"description\":\"La collection Tradition de Breguet voit le jour en 2005. Lors de sa sortie, le mod\u00e8le 7027 est le premier garde-temps contemporain...\",\"breadcrumb\":{\"@id\":\"https:\/\/www.my-watchsite.fr\/blog\/la-tradition-breguet-au-coeur-dune-icone-n762\/#breadcrumb\"},\"inLanguage\":\"fr-FR\",\"potentialAction\":[{\"@type\":\"ReadAction\",\"target\":[\"https:\/\/www.my-watchsite.fr\/blog\/la-tradition-breguet-au-coeur-dune-icone-n762\/\"]}]},{\"@type\":\"BreadcrumbList\",\"@id\":\"https:\/\/www.my-watchsite.fr\/blog\/la-tradition-breguet-au-coeur-dune-icone-n762\/#breadcrumb\",\"itemListElement\":[{\"@type\":\"ListItem\",\"position\":1,\"name\":\"Accueil\",\"item\":\"https:\/\/www.my-watchsite.fr\/blog\/\"},{\"@type\":\"ListItem\",\"position\":2,\"name\":\"La Tradition Breguet, au coeur d&rsquo;une ic\u00f4ne\"}]},{\"@type\":\"WebSite\",\"@id\":\"https:\/\/www.my-watchsite.fr\/blog\/#website\",\"url\":\"https:\/\/www.my-watchsite.fr\/blog\/\",\"name\":\"MyWatch FR\",\"description\":\"Make Time a Lifestyle\",\"potentialAction\":[{\"@type\":\"SearchAction\",\"target\":{\"@type\":\"EntryPoint\",\"urlTemplate\":\"https:\/\/www.my-watchsite.fr\/blog\/?s={search_term_string}\"},\"query-input\":\"required name=search_term_string\"}],\"inLanguage\":\"fr-FR\"},{\"@type\":\"Person\",\"@id\":\"https:\/\/www.my-watchsite.fr\/blog\/#\/schema\/person\/67e19b3e3d014465042ff1be1c9fcf44\",\"name\":\"MyWatch\",\"image\":{\"@type\":\"ImageObject\",\"inLanguage\":\"fr-FR\",\"@id\":\"https:\/\/www.my-watchsite.fr\/blog\/#\/schema\/person\/image\/\",\"url\":\"https:\/\/secure.gravatar.com\/avatar\/e52d1e94806c54826c863f554ca1dd2a?s=96&d=mm&r=g\",\"contentUrl\":\"https:\/\/secure.gravatar.com\/avatar\/e52d1e94806c54826c863f554ca1dd2a?s=96&d=mm&r=g\",\"caption\":\"MyWatch\"},\"sameAs\":[\"https:\/\/www.my-watchsite.fr\/blog\"]}]}<\/script>\n<!-- \/ Yoast SEO plugin. -->","yoast_head_json":{"title":"La Tradition Breguet, au coeur d'une ic\u00f4ne - MyWatch FR","description":"La collection Tradition de Breguet voit le jour en 2005. Lors de sa sortie, le mod\u00e8le 7027 est le premier garde-temps contemporain...","robots":{"index":"index","follow":"follow","max-snippet":"max-snippet:-1","max-image-preview":"max-image-preview:large","max-video-preview":"max-video-preview:-1"},"canonical":"https:\/\/www.my-watchsite.fr\/blog\/la-tradition-breguet-au-coeur-dune-icone-n762\/","og_locale":"fr_FR","og_type":"article","og_title":"La Tradition Breguet, au coeur d'une ic\u00f4ne - MyWatch FR","og_description":"La collection Tradition de Breguet voit le jour en 2005. Lors de sa sortie, le mod\u00e8le 7027 est le premier garde-temps contemporain...","og_url":"https:\/\/www.my-watchsite.fr\/blog\/la-tradition-breguet-au-coeur-dune-icone-n762\/","og_site_name":"MyWatch FR","article_publisher":"https:\/\/www.facebook.com\/mywatchsite\/","article_published_time":"2015-02-16T23:00:00+00:00","article_modified_time":"2021-09-09T10:47:39+00:00","og_image":[{"width":654,"height":435,"url":"https:\/\/www.my-watchsite.fr\/blog\/wp-content\/uploads\/2020\/08\/thumb_762.jpg","type":"image\/jpeg"}],"author":"MyWatch","twitter_card":"summary_large_image","twitter_creator":"@mywatchsite","twitter_site":"@mywatchsite","twitter_misc":{"\u00c9crit par":"MyWatch","Dur\u00e9e de lecture estim\u00e9e":"7 minutes"},"schema":{"@context":"https:\/\/schema.org","@graph":[{"@type":"WebPage","@id":"https:\/\/www.my-watchsite.fr\/blog\/la-tradition-breguet-au-coeur-dune-icone-n762\/","url":"https:\/\/www.my-watchsite.fr\/blog\/la-tradition-breguet-au-coeur-dune-icone-n762\/","name":"La Tradition Breguet, au coeur d'une ic\u00f4ne - MyWatch FR","isPartOf":{"@id":"https:\/\/www.my-watchsite.fr\/blog\/#website"},"datePublished":"2015-02-16T23:00:00+00:00","dateModified":"2021-09-09T10:47:39+00:00","author":{"@id":"https:\/\/www.my-watchsite.fr\/blog\/#\/schema\/person\/67e19b3e3d014465042ff1be1c9fcf44"},"description":"La collection Tradition de Breguet voit le jour en 2005. Lors de sa sortie, le mod\u00e8le 7027 est le premier garde-temps contemporain...","breadcrumb":{"@id":"https:\/\/www.my-watchsite.fr\/blog\/la-tradition-breguet-au-coeur-dune-icone-n762\/#breadcrumb"},"inLanguage":"fr-FR","potentialAction":[{"@type":"ReadAction","target":["https:\/\/www.my-watchsite.fr\/blog\/la-tradition-breguet-au-coeur-dune-icone-n762\/"]}]},{"@type":"BreadcrumbList","@id":"https:\/\/www.my-watchsite.fr\/blog\/la-tradition-breguet-au-coeur-dune-icone-n762\/#breadcrumb","itemListElement":[{"@type":"ListItem","position":1,"name":"Accueil","item":"https:\/\/www.my-watchsite.fr\/blog\/"},{"@type":"ListItem","position":2,"name":"La Tradition Breguet, au coeur d&rsquo;une ic\u00f4ne"}]},{"@type":"WebSite","@id":"https:\/\/www.my-watchsite.fr\/blog\/#website","url":"https:\/\/www.my-watchsite.fr\/blog\/","name":"MyWatch FR","description":"Make Time a Lifestyle","potentialAction":[{"@type":"SearchAction","target":{"@type":"EntryPoint","urlTemplate":"https:\/\/www.my-watchsite.fr\/blog\/?s={search_term_string}"},"query-input":"required name=search_term_string"}],"inLanguage":"fr-FR"},{"@type":"Person","@id":"https:\/\/www.my-watchsite.fr\/blog\/#\/schema\/person\/67e19b3e3d014465042ff1be1c9fcf44","name":"MyWatch","image":{"@type":"ImageObject","inLanguage":"fr-FR","@id":"https:\/\/www.my-watchsite.fr\/blog\/#\/schema\/person\/image\/","url":"https:\/\/secure.gravatar.com\/avatar\/e52d1e94806c54826c863f554ca1dd2a?s=96&d=mm&r=g","contentUrl":"https:\/\/secure.gravatar.com\/avatar\/e52d1e94806c54826c863f554ca1dd2a?s=96&d=mm&r=g","caption":"MyWatch"},"sameAs":["https:\/\/www.my-watchsite.fr\/blog"]}]}},"_links":{"self":[{"href":"https:\/\/www.my-watchsite.fr\/blog\/wp-json\/wp\/v2\/posts\/3397"}],"collection":[{"href":"https:\/\/www.my-watchsite.fr\/blog\/wp-json\/wp\/v2\/posts"}],"about":[{"href":"https:\/\/www.my-watchsite.fr\/blog\/wp-json\/wp\/v2\/types\/post"}],"author":[{"embeddable":true,"href":"https:\/\/www.my-watchsite.fr\/blog\/wp-json\/wp\/v2\/users\/1"}],"replies":[{"embeddable":true,"href":"https:\/\/www.my-watchsite.fr\/blog\/wp-json\/wp\/v2\/comments?post=3397"}],"version-history":[{"count":2,"href":"https:\/\/www.my-watchsite.fr\/blog\/wp-json\/wp\/v2\/posts\/3397\/revisions"}],"predecessor-version":[{"id":16045,"href":"https:\/\/www.my-watchsite.fr\/blog\/wp-json\/wp\/v2\/posts\/3397\/revisions\/16045"}],"wp:featuredmedia":[{"embeddable":true,"href":"https:\/\/www.my-watchsite.fr\/blog\/wp-json\/wp\/v2\/media\/3418"}],"wp:attachment":[{"href":"https:\/\/www.my-watchsite.fr\/blog\/wp-json\/wp\/v2\/media?parent=3397"}],"wp:term":[{"taxonomy":"category","embeddable":true,"href":"https:\/\/www.my-watchsite.fr\/blog\/wp-json\/wp\/v2\/categories?post=3397"},{"taxonomy":"post_tag","embeddable":true,"href":"https:\/\/www.my-watchsite.fr\/blog\/wp-json\/wp\/v2\/tags?post=3397"}],"curies":[{"name":"wp","href":"https:\/\/api.w.org\/{rel}","templated":true}]}}