{"id":34645,"date":"2024-03-25T17:26:06","date_gmt":"2024-03-25T16:26:06","guid":{"rendered":"https:\/\/www.my-watchsite.fr\/blog\/?p=34645"},"modified":"2024-03-26T09:14:01","modified_gmt":"2024-03-26T08:14:01","slug":"la-ruee-vers-lor-jaune","status":"publish","type":"post","link":"https:\/\/www.my-watchsite.fr\/blog\/la-ruee-vers-lor-jaune\/","title":{"rendered":"La ru\u00e9e vers l&rsquo;or jaune&#8230;"},"content":{"rendered":"\n<figure class=\"wp-block-embed is-type-video is-provider-youtube wp-block-embed-youtube wp-embed-aspect-16-9 wp-has-aspect-ratio\"><div class=\"wp-block-embed__wrapper\">\n<iframe loading=\"lazy\" title=\"La ru\u00e9e vers l&#039;or jaune ! (avec quelques ic\u00f4nes horlog\u00e8res...)\" width=\"500\" height=\"281\" src=\"https:\/\/www.youtube.com\/embed\/WOkDuCgqaDo?feature=oembed\" frameborder=\"0\" allow=\"accelerometer; autoplay; clipboard-write; encrypted-media; gyroscope; picture-in-picture; web-share\" allowfullscreen><\/iframe>\n<\/div><\/figure>\n\n\n\n<h2 class=\"wp-block-heading\"><strong>TISSOT, PRX Powermatic 80 Damian Lillard Special Edition<\/strong><\/h2>\n\n\n\n<figure class=\"wp-block-embed is-type-video is-provider-youtube wp-block-embed-youtube wp-embed-aspect-16-9 wp-has-aspect-ratio\"><div class=\"wp-block-embed__wrapper\">\n<iframe loading=\"lazy\" title=\"Tissot x Damian Lillard\" width=\"500\" height=\"281\" src=\"https:\/\/www.youtube.com\/embed\/EmM3elbw5Tk?feature=oembed\" frameborder=\"0\" allow=\"accelerometer; autoplay; clipboard-write; encrypted-media; gyroscope; picture-in-picture; web-share\" allowfullscreen><\/iframe>\n<\/div><\/figure>\n\n\n\n<p>La marque Tissot propose une excellente alternative aux montres en or, qui, il faut bien l\u2019avouer, seule une poign\u00e9e de personnes a la chance de pouvoir s\u2019offrir. Avec un bo\u00eetier en PVD or, la nouvelle PRX Damian Lillard de 40 mm est une \u00e9dition sp\u00e9ciale cr\u00e9\u00e9e en collaboration avec le joueur de basketball, huit fois All-Star de la NBA&nbsp;: Damian Lillard. <\/p>\n\n\n\n<figure class=\"wp-block-image size-full\"><img decoding=\"async\" width=\"900\" height=\"1450\" loading=\"lazy\" src=\"https:\/\/www.my-watchsite.fr\/blog\/wp-content\/uploads\/2024\/03\/tissot1.jpg\" alt=\"\" class=\"wp-image-34594\" \/><figcaption class=\"wp-element-caption\">La <strong>TISSOT PRX Powermatic 80 Damian Lillard Special Edition<\/strong>.<\/figcaption><\/figure>\n\n\n\n<p>Aussi connu sous son nom de sc\u00e8ne Dame D.O.L.L.A. (le basketteur est aussi chanteur), Damian s\u2019est amus\u00e9, avec le concours de Tissot, \u00e0 ponctuer cette PRX, d\u00e9sormais mod\u00e8le iconique de la marque horlog\u00e8re, de d\u00e9tails qui la rendent unique. Apportant un beau contraste avec le dor\u00e9, le cadran noir est estamp\u00e9 de multiples \u00ab&nbsp;0&nbsp;\u00bb, le num\u00e9ro du basketteur. Il affiche \u00e9galement une aiguille des secondes de couleur noire dont le contrepoids prend la forme du monogramme de Damian. <\/p>\n\n\n\n<figure class=\"wp-block-image size-full\"><img decoding=\"async\" width=\"900\" height=\"900\" loading=\"lazy\" src=\"https:\/\/www.my-watchsite.fr\/blog\/wp-content\/uploads\/2024\/03\/tissotd.jpg\" alt=\"\" class=\"wp-image-34761\" \/><figcaption class=\"wp-element-caption\">L&rsquo;aiguille des secondes porte le monogramme de Damian.<\/figcaption><\/figure>\n\n\n\n<p>L\u2019\u0153il averti aura remarqu\u00e9 les inscriptions \u00ab&nbsp;DAME&nbsp;\u00bb et \u00ab&nbsp;TIME&nbsp;\u00bb sur le rehaut, en r\u00e9f\u00e9rence \u00e0 ses performances remarquables sur le terrain, et plus pr\u00e9cis\u00e9ment  le tir d\u00e9cisif effectu\u00e9 \u00e0 la derni\u00e8re minute qui peut faire basculer un match. Mais \u00e9galement, en bas \u00e0 droite, \u00ab&nbsp;DDKK&nbsp;\u00bb, initiales qui font \u00e9cho aux membres de sa famille et \u00ab&nbsp;YKWTII&nbsp;\u00bb pour \u00ab&nbsp;You Know What Time It Is&nbsp;\u00bb, un rappel au c\u00e9l\u00e8bre \u00ab&nbsp;Dame Time&nbsp;\u00bb. Ultime d\u00e9tail&nbsp;: le fond transparent est grav\u00e9 de Damian Lillard effectuant son c\u00e9l\u00e8bre \u00ab&nbsp;shoot clutch&nbsp;\u00bb. \u00c9tanche \u00e0 100 m\u00e8tres, la pi\u00e8ce est anim\u00e9e par un calibre Powermatic 80, dot\u00e9 de 80 heures de r\u00e9serve de marche et d\u2019un spiral en Nivachron\u2122 amagn\u00e9tique.<\/p>\n\n\n\n<figure class=\"wp-block-image size-full\"><img decoding=\"async\" width=\"900\" height=\"560\" loading=\"lazy\" src=\"https:\/\/www.my-watchsite.fr\/blog\/wp-content\/uploads\/2024\/03\/tissot2.jpg\" alt=\"\" class=\"wp-image-34595\" \/><figcaption class=\"wp-element-caption\">Le fond transparent pr\u00e9sente Damian Lillard effectuant son c\u00e9l\u00e8bre \u00ab\u00a0Dame Time\u00a0\u00bb.<\/figcaption><\/figure>\n\n\n\n<p><strong>895 euros<\/strong><\/p>\n\n\n\n<p>Consulter les d\u00e9tails techniques de la <a href=\"https:\/\/www.tissotwatches.com\/fr-fr\/t1374073305100.html\" target=\"_blank\" rel=\"noreferrer noopener\">TISSOT PRX Powermatic 80 Damian Lillard Special Edition.<\/a><\/p>\n\n\n\n<h2 class=\"wp-block-heading\"><strong>PRX 35 MM QUARTZ<\/strong><\/h2>\n\n\n\n<figure class=\"wp-block-image size-full\"><img decoding=\"async\" width=\"900\" height=\"1450\" loading=\"lazy\" src=\"https:\/\/www.my-watchsite.fr\/blog\/wp-content\/uploads\/2024\/03\/prx1.jpg\" alt=\"\" class=\"wp-image-34744\" \/><figcaption class=\"wp-element-caption\">La Tissot PRX 35 mm, version quartz.<\/figcaption><\/figure>\n\n\n\n<p>En acier 316L avec rev\u00eatement PVD or jaune, \u00e9tanch\u00e9it\u00e9 \u00e0 100 m\u00e8tres, couronne grav\u00e9e, cadran soleill\u00e9 or jaune, aiguilles et index recouverts de mati\u00e8re luminescente, date \u00e0 3 heures, bracelet muni du syst\u00e8me d\u2019interchangeabilit\u00e9, ces caract\u00e9ristiques sont autant d\u2019\u00e9l\u00e9ments qui font de cette PRX version quartz (mouvement EOL \u00ab&nbsp;End Of Life&nbsp;\u00bb), un intemporel. Au style tr\u00e8s seventies, son diam\u00e8tre de 35 mm s\u2019adresse aussi bien aux poignets masculins que f\u00e9minins.<\/p>\n\n\n\n<p><strong>495 euros<\/strong><\/p>\n\n\n\n<p>Consulter les d\u00e9tails techniques de la <a href=\"https:\/\/www.tissotwatches.com\/fr-fr\/t1372103302100.html\" target=\"_blank\" rel=\"noreferrer noopener\">Tissot PRX 35 mm quartz.<\/a><\/p>\n\n\n\n<p><a href=\"https:\/\/www.tissotwatches.com\/fr-fr\/\" target=\"_blank\" rel=\"noreferrer noopener\">LE SITE DES MONTRES TISSOT<\/a><\/p>\n\n\n\n<h2 class=\"wp-block-heading\"><strong>BULGARI, Bulgari Bulgari<\/strong><\/h2>\n\n\n\n<figure class=\"wp-block-image size-full\"><img decoding=\"async\" width=\"900\" height=\"560\" loading=\"lazy\" src=\"https:\/\/www.my-watchsite.fr\/blog\/wp-content\/uploads\/2024\/02\/bulgari1.jpg\" alt=\"\" class=\"wp-image-33893\" \/><figcaption class=\"wp-element-caption\">Les nouvelles montres Bulgari Bulgari.<\/figcaption><\/figure>\n\n\n\n<p>D\u00e9voil\u00e9es \u00e0 l\u2019occasion de la LVMH Watch Week en janvier dernier, ces nouvelles Bulgari Bulgari avec leurs bo\u00eetiers en or jaune ont sublim\u00e9 le salon. D\u00e9clin\u00e9es en 38 mm pour la version automatique et 26 mm pour le mod\u00e8le \u00e0 quartz, ces deux r\u00e9f\u00e9rences arborent une lunette grav\u00e9e des 14 lettres de la collection iconique de la Maison. <\/p>\n\n\n\n<figure class=\"wp-block-image size-full\"><img decoding=\"async\" width=\"900\" height=\"900\" loading=\"lazy\" src=\"https:\/\/www.my-watchsite.fr\/blog\/wp-content\/uploads\/2024\/03\/bulgari1-1.jpg\" alt=\"\" class=\"wp-image-34729\" \/><figcaption class=\"wp-element-caption\">Dessin\u00e9e \u00e0 l&rsquo;\u00e9poque par le g\u00e9nial G\u00e9rald Genta, la collection Bulgari Bulgari s&rsquo;\u00e9toffe d&rsquo;un nouveau mod\u00e8le en or jaune de 26 mm, anim\u00e9 par un mouvement \u00e0 quartz.<\/figcaption><\/figure>\n\n\n\n<p>Rappelant ses origines, elle s\u2019inspire des pi\u00e8ces romaines sur lesquelles les empereurs apposaient leur nom pour affirmer leur pouvoir et faire conna\u00eetre \u00e0 tout l\u2019empire leur domination. Audacieuses, ces pi\u00e8ces poss\u00e8dent n\u00e9anmoins, un cadran noir mat \u00e9pur\u00e9 o\u00f9 seuls des aiguilles, des index fins et \u00e9lanc\u00e9s, les chiffres arabes dor\u00e9s, \u00ab&nbsp;12&nbsp;\u00bb et \u00ab&nbsp;6&nbsp;\u00bb, ainsi qu\u2019une date \u00e0 3 heures, contrastent avec l\u2019ensemble. <\/p>\n\n\n\n<figure class=\"wp-block-image size-full\"><img decoding=\"async\" width=\"900\" height=\"1450\" loading=\"lazy\" src=\"https:\/\/www.my-watchsite.fr\/blog\/wp-content\/uploads\/2024\/02\/bulgari2-2.jpg\" alt=\"\" class=\"wp-image-33894\" \/><figcaption class=\"wp-element-caption\">La Bulgari Bulgari de 38 mm, cadran noir mat et lunette en or jaune.<\/figcaption><\/figure>\n\n\n\n<p>Toutes deux sont livr\u00e9es sur un bracelet en alligator noir muni d\u2019une boucle ardillon, tr\u00e8s \u00e9l\u00e9gant.<\/p>\n\n\n\n<figure class=\"wp-block-image size-full\"><img decoding=\"async\" width=\"900\" height=\"900\" loading=\"lazy\" src=\"https:\/\/www.my-watchsite.fr\/blog\/wp-content\/uploads\/2024\/03\/bulgari2-2.jpg\" alt=\"\" class=\"wp-image-34730\" \/><figcaption class=\"wp-element-caption\">La version de 38 mm embarque un mouvement m\u00e9canique de manufacture \u00e0 remontage automatique de 3,8 mm d&rsquo;\u00e9paisseur, et dot\u00e9 d&rsquo;une r\u00e9serve de marche d&rsquo;environ 42 heures.<\/figcaption><\/figure>\n\n\n\n<p><a href=\"https:\/\/www.my-watchsite.fr\/women\/bulgari-bulgari\/8701-bulgari-bulgari.html\" target=\"_blank\" rel=\"noreferrer noopener\">Consulter la fiche technique de la Bulgari Bulgari &#8211; 26 mm <\/a>&#8211; 9 100 euros<br><a href=\"https:\/\/www.my-watchsite.fr\/bulgari-bulgari\/8699-bulgari-bulgari.html\" target=\"_blank\" rel=\"noreferrer noopener\">Consulter la fiche technique de la Bulgari Bulgari &#8211; 38 mm <\/a>&#8211; 14 700 euros<\/p>\n\n\n\n<p><a href=\"https:\/\/www.bulgari.com\/fr-fr\/\" target=\"_blank\" rel=\"noreferrer noopener\">LE SITE DES MONTRES BULGARI<\/a><\/p>\n\n\n\n<h2 class=\"wp-block-heading\"><strong>LONGINES, The Longines Master Collection GMT<\/strong><\/h2>\n\n\n\n<p>Limit\u00e9e \u00e0 500 exemplaires, la nouvelle Longines Master Collection GMT en or jaune vient \u00e9toffer une des collections iconiques de Longines. Livr\u00e9 sur un bracelet en cuir gris anthracite \u00ab&nbsp;soft touch&nbsp;\u00bb, cet instrument embarque un calibre automatique muni d\u2019un spiral en silicium et de composants antimagn\u00e9tiques, dot\u00e9s d\u2019une r\u00e9sistance qui d\u00e9passe dix fois la norme ISO 764. <\/p>\n\n\n\n<figure class=\"wp-block-image size-full\"><img decoding=\"async\" width=\"900\" height=\"1450\" loading=\"lazy\" src=\"https:\/\/www.my-watchsite.fr\/blog\/wp-content\/uploads\/2024\/03\/longines.jpg\" alt=\"\" class=\"wp-image-34741\" \/><figcaption class=\"wp-element-caption\"><strong>The Longines Master Collection GMT<\/strong> en or jaune et bracelet en cuir gris anthracite.<\/figcaption><\/figure>\n\n\n\n<p>Offrant environ 72 heures de r\u00e9serve de marche, ce mouvement remarquable est visible au verso \u00e0 travers un fond en saphir, dont la masse oscillante en or est d\u00e9cor\u00e9e de c\u00f4tes de Gen\u00e8ve et minutieusement ajour\u00e9e de l\u2019embl\u00e8me de la marque au sablier ail\u00e9. La montre se distingue \u00e9galement par son bo\u00eetier en or jaune de 40 mm qui abrite un cadran argent\u00e9 \u00e0 l\u2019effet l\u00e9g\u00e8rement givr\u00e9. Celui-ci est rehauss\u00e9 d\u2019une \u00e9chelle des 24 heures dont les chiffres arabes d\u00e9calqu\u00e9s sont invers\u00e9s \u00e0 3 h et 9 h pour ainsi faciliter la lecture. <\/p>\n\n\n\n<figure class=\"wp-block-image size-full\"><img decoding=\"async\" width=\"900\" height=\"900\" loading=\"lazy\" src=\"https:\/\/www.my-watchsite.fr\/blog\/wp-content\/uploads\/2024\/03\/longines2.jpg\" alt=\"\" class=\"wp-image-34742\" \/><figcaption class=\"wp-element-caption\">\u00c0 travers un fond saphir, le calibre automatique est pourvu d&rsquo;un spiral en silicium et de composants novateurs qui lui assurent une protection antimagn\u00e9tique remarquable.<\/figcaption><\/figure>\n\n\n\n<p>De plus, onze chiffres romains dor\u00e9s appliqu\u00e9s et une date \u00e0 6 h sont aur\u00e9ol\u00e9s d\u2019une minuterie chemin de fer. L\u2019ensemble est compl\u00e9t\u00e9 par des aiguilles feuilles dor\u00e9es. L\u2019aiguille GMT, quant \u00e0 elle, apporte du contraste avec sa couleur noire. \u00c9tanche \u00e0 30 m\u00e8tres, cette \u00e9dition saura s\u00e9duire les globe-trotters \u00e0 l\u2019\u00e9l\u00e9gance aventuri\u00e8re.<\/p>\n\n\n\n<p><strong>16 500 euros<\/strong><\/p>\n\n\n\n<p>Consulter les d\u00e9tails techniques de la montre <a href=\"https:\/\/www.longines.com\/fr\/p\/watch-longines-master-collection-l2-844-6-71-2\" target=\"_blank\" rel=\"noreferrer noopener\">The Longines Master Collection GMT.<\/a><\/p>\n\n\n\n<p><a href=\"https:\/\/www.longines.com\/fr\" target=\"_blank\" rel=\"noreferrer noopener\">LE SITE DE LONGINES<\/a><\/p>\n\n\n\n<h2 class=\"wp-block-heading\"><strong>CARTIER, Montre Panth\u00e8re de Cartier, mini mod\u00e8le<\/strong><\/h2>\n\n\n\n<p>En d\u00e9cembre dernier, une \u00e9mission lui a \u00e9t\u00e9 enti\u00e8rement consacr\u00e9e, la Panth\u00e8re de Cartier appara\u00eet ici dans une version mini. <\/p>\n\n\n\n<figure class=\"wp-block-embed is-type-wp-embed is-provider-mywatch-fr wp-block-embed-mywatch-fr\"><div class=\"wp-block-embed__wrapper\">\n<blockquote class=\"wp-embedded-content\" data-secret=\"X13BZNyiWb\"><a href=\"https:\/\/www.my-watchsite.fr\/blog\/la-panthere-lempreinte-de-cartier\/\">La Panth\u00e8re, l&#8217;empreinte de Cartier<\/a><\/blockquote><iframe class=\"wp-embedded-content\" sandbox=\"allow-scripts\" security=\"restricted\" style=\"position: absolute; clip: rect(1px, 1px, 1px, 1px);\" title=\"\u00ab\u00a0La Panth\u00e8re, l&#8217;empreinte de Cartier\u00a0\u00bb &#8212; MyWatch FR\" src=\"https:\/\/www.my-watchsite.fr\/blog\/la-panthere-lempreinte-de-cartier\/embed\/#?secret=I2ZJSeS7Tx#?secret=X13BZNyiWb\" data-secret=\"X13BZNyiWb\" width=\"500\" height=\"282\" frameborder=\"0\" marginwidth=\"0\" marginheight=\"0\" scrolling=\"no\"><\/iframe>\n<\/div><\/figure>\n\n\n\n<p>D\u00e9licate, elle s\u2019habille d\u2019or jaune qui recouvre un bo\u00eetier aux dimensions r\u00e9duites \u2013 25,15 mm x 18,51 mm \u2013 et un bracelet aux maillons d\u2019une grande souplesse. Chiffres romains avec signature secr\u00e8te dans la barre du \u00ab&nbsp;X&nbsp;\u00bb, aiguilles glaive en acier bleui, couronne coiff\u00e9e d\u2019un saphir cabochon, les codes identitaires Cartier sont pr\u00e9sents. <\/p>\n\n\n\n<figure class=\"wp-block-image size-full\"><img decoding=\"async\" width=\"900\" height=\"1450\" loading=\"lazy\" src=\"https:\/\/www.my-watchsite.fr\/blog\/wp-content\/uploads\/2024\/03\/panthere1.jpg\" alt=\"\" class=\"wp-image-34738\" \/><figcaption class=\"wp-element-caption\">La Montre Panth\u00e8re de Cartier, version mini, en or jaune.<\/figcaption><\/figure>\n\n\n\n<p>Cependant, notons que, \u00e0 la diff\u00e9rence du petit et du moyen mod\u00e8les, cette d\u00e9clinaison ne pr\u00e9sente aucune minuterie chemin de fer sur son cadran argent\u00e9, s\u00fbrement par souci de lisibilit\u00e9.<\/p>\n\n\n\n<figure class=\"wp-block-image size-full\"><img decoding=\"async\" width=\"900\" height=\"900\" loading=\"lazy\" src=\"https:\/\/www.my-watchsite.fr\/blog\/wp-content\/uploads\/2024\/03\/panthere2.jpg\" alt=\"\" class=\"wp-image-34739\" \/><figcaption class=\"wp-element-caption\">Mini, petit, moyen mod\u00e8le de la Montre Panth\u00e8re de Cartier.<\/figcaption><\/figure>\n\n\n\n<p><strong>22 700 euros<\/strong><\/p>\n\n\n\n<p>Consulter la fiche technique de la <a href=\"https:\/\/www.my-watchsite.fr\/women\/panthere-de-cartier\/6965-panthere-de-cartier.html\" target=\"_blank\" rel=\"noreferrer noopener\">Montre Panth\u00e8re de Cartier, mini mod\u00e8le.<\/a><\/p>\n\n\n\n<h2 class=\"wp-block-heading\"><strong>Montre Pasha de Cartier<\/strong><\/h2>\n\n\n\n<p>Cette pi\u00e8ce tiendrait son nom du Pacha de Marrakech, Thami El Mezouari, qui aurait demand\u00e9, \u00e0 Louis Cartier, en 1943, de lui cr\u00e9er une montre \u00e9tanche et atypique&nbsp;: la premi\u00e8re Pasha \u00e9tait n\u00e9e pour cette commande sp\u00e9ciale. Cependant, il faudra attendre 1985 pour qu\u2019elle entre en collection sous le nom de Pasha de Cartier.<\/p>\n\n\n\n<figure class=\"wp-block-image size-full\"><img decoding=\"async\" width=\"900\" height=\"1450\" loading=\"lazy\" src=\"https:\/\/www.my-watchsite.fr\/blog\/wp-content\/uploads\/2024\/03\/pasha.jpg\" alt=\"\" class=\"wp-image-34731\" \/><figcaption class=\"wp-element-caption\">La Pasha de Cartier de 41 mm en or jaune.<\/figcaption><\/figure>\n\n\n\n<p>D\u00e8s son lancement, cette ic\u00f4ne des ann\u00e9es 1980 provoque, par l\u2019audace de son design, une petite r\u00e9volution dans la sph\u00e8re horlog\u00e8re. En effet, elle se distingue par son cadran qui se coiffe d\u2019une grille amovible pour la prot\u00e9ger des chocs \u00e9ventuels. Cet \u00e9l\u00e9ment est visible sur ce mod\u00e8le en or jaune de 41 mm qui, par un syst\u00e8me reposant sur quatre petits cliquets dot\u00e9s de ressorts permet le montage et le d\u00e9montage de la grille. Illustration d\u2019une montre de forme, cette \u00e9dition au bo\u00eetier rond pr\u00e9sente une minuterie chemin de fer carr\u00e9e. Sur un cadran flinqu\u00e9 argent\u00e9, elle partage l\u2019affiche avec des aiguilles losange en acier bleui et une date discr\u00e8te plac\u00e9e \u00e0 5 h.<\/p>\n\n\n\n<figure class=\"wp-block-image size-full\"><img decoding=\"async\" width=\"900\" height=\"900\" loading=\"lazy\" src=\"https:\/\/www.my-watchsite.fr\/blog\/wp-content\/uploads\/2024\/03\/pasha2.jpg\" alt=\"\" class=\"wp-image-34732\" \/><figcaption class=\"wp-element-caption\">Amovible, la grille, \u00e9l\u00e9ment caract\u00e9ristique de la collection, sert \u00e0 prot\u00e9ger la montres des chocs.<\/figcaption><\/figure>\n\n\n\n<p><strong>21 900 euros<\/strong><\/p>\n\n\n\n<p>Consulter la fiche technique de <a href=\"https:\/\/www.my-watchsite.fr\/pasha-de-cartier\/7972-pasha-de-cartier-phase-de-lune.html\" target=\"_blank\" rel=\"noreferrer noopener\">Pasha de Cartier en or jaune.<\/a><\/p>\n\n\n\n<h2 class=\"wp-block-heading\"><strong>Bracelet Juste un Clou de Cartier<\/strong><\/h2>\n\n\n\n<figure class=\"wp-block-gallery has-nested-images columns-default is-cropped wp-block-gallery-1 is-layout-flex wp-block-gallery-is-layout-flex\">\n<figure class=\"wp-block-image size-large\"><img decoding=\"async\" width=\"1193\" height=\"1177\" loading=\"lazy\" data-id=\"34734\" src=\"https:\/\/www.my-watchsite.fr\/blog\/wp-content\/uploads\/2024\/03\/capture-decran-2024-03-19-a-170435.png\" alt=\"\" class=\"wp-image-34734\" \/><\/figure>\n\n\n\n<figure class=\"wp-block-image size-large\"><img decoding=\"async\" width=\"1141\" height=\"1034\" loading=\"lazy\" data-id=\"34735\" src=\"https:\/\/www.my-watchsite.fr\/blog\/wp-content\/uploads\/2024\/03\/capture-decran-2024-03-19-a-170405.png\" alt=\"\" class=\"wp-image-34735\" \/><\/figure>\n<figcaption class=\"blocks-gallery-caption wp-element-caption\">Le bracelet Juste un Clou de Cartier.<\/figcaption><\/figure>\n\n\n\n<p>La puret\u00e9 et la simplicit\u00e9 des lignes sont au service de ce simple clou en or jaune. Juste un Clou s\u2019impose par sa sobri\u00e9t\u00e9 puisque le d\u00e9sir de Cartier est de \u00ab&nbsp;r\u00e9duire l\u2019objet dans sa plus pure expression&nbsp;\u00bb. Transform\u00e9 en bijou pr\u00e9cieux, cet accessoire pr\u00e9sente deux extr\u00e9mit\u00e9s, une en pointe adoucie et l\u2019autre en t\u00eate de vis. Le bracelet se d\u00e9cline en version pav\u00e9e, mais \u00e9galement en bagues, colliers, broches et pendants d\u2019oreilles.<\/p>\n\n\n\n<figure class=\"wp-block-image size-full\"><img decoding=\"async\" width=\"900\" height=\"900\" loading=\"lazy\" src=\"https:\/\/www.my-watchsite.fr\/blog\/wp-content\/uploads\/2024\/03\/clou3.jpg\" alt=\"\" class=\"wp-image-34736\" \/><figcaption class=\"wp-element-caption\">Le bracelet Juste un Clou dans sa plus simple expression.<\/figcaption><\/figure>\n\n\n\n<p><strong>8 650 euros<\/strong><\/p>\n\n\n\n<p><a href=\"https:\/\/www.cartier.com\/fr-fr\/\" target=\"_blank\" rel=\"noreferrer noopener\">LE SITE DE CARTIER<\/a><\/p>\n\n\n\n<h2 class=\"wp-block-heading\"><strong>\u00c0 voir aussi :<\/strong><\/h2>\n\n\n\n<figure class=\"wp-block-embed is-type-video is-provider-youtube wp-block-embed-youtube wp-embed-aspect-16-9 wp-has-aspect-ratio\"><div class=\"wp-block-embed__wrapper\">\n<iframe loading=\"lazy\" title=\"Les secrets de la Panth\u00e8re de Cartier avec Cyrille Vigneron le CEO de la Maison\" width=\"500\" height=\"281\" src=\"https:\/\/www.youtube.com\/embed\/Y2xsbjIcuSQ?feature=oembed\" frameborder=\"0\" allow=\"accelerometer; autoplay; clipboard-write; encrypted-media; gyroscope; picture-in-picture; web-share\" allowfullscreen><\/iframe>\n<\/div><\/figure>\n\n\n\n<figure class=\"wp-block-embed is-type-video is-provider-youtube wp-block-embed-youtube wp-embed-aspect-16-9 wp-has-aspect-ratio\"><div class=\"wp-block-embed__wrapper\">\n<iframe loading=\"lazy\" title=\"Les nouveaut\u00e9s de la LVMH Watch Week \u00e0 Miami avec Judikael Hirel !\" width=\"500\" height=\"281\" src=\"https:\/\/www.youtube.com\/embed\/Muc2LRlyq1s?feature=oembed\" frameborder=\"0\" allow=\"accelerometer; autoplay; clipboard-write; encrypted-media; gyroscope; picture-in-picture; web-share\" allowfullscreen><\/iframe>\n<\/div><\/figure>\n\n\n\n<figure class=\"wp-block-embed is-type-video is-provider-youtube wp-block-embed-youtube wp-embed-aspect-16-9 wp-has-aspect-ratio\"><div class=\"wp-block-embed__wrapper\">\n<iframe loading=\"lazy\" title=\"Nouvelle collection Pasha de Cartier : le retour de la grille !\" width=\"500\" height=\"281\" src=\"https:\/\/www.youtube.com\/embed\/sQs3PbdXpxs?feature=oembed\" frameborder=\"0\" allow=\"accelerometer; autoplay; clipboard-write; encrypted-media; gyroscope; picture-in-picture; web-share\" allowfullscreen><\/iframe>\n<\/div><\/figure>\n\n\n\n<figure class=\"wp-block-embed is-type-video is-provider-youtube wp-block-embed-youtube wp-embed-aspect-16-9 wp-has-aspect-ratio\"><div class=\"wp-block-embed__wrapper\">\n<iframe loading=\"lazy\" title=\"Les secrets et les tr\u00e9sors romains avec Jean-Christophe Babin, le CEO de la Maison !\" width=\"500\" height=\"281\" src=\"https:\/\/www.youtube.com\/embed\/uFDTpi-dKrI?feature=oembed\" frameborder=\"0\" allow=\"accelerometer; autoplay; clipboard-write; encrypted-media; gyroscope; picture-in-picture; web-share\" allowfullscreen><\/iframe>\n<\/div><\/figure>\n\n\n\n<p><strong>\u00c0 lire \u00e9galement :<\/strong><\/p>\n\n\n\n<figure class=\"wp-block-embed is-type-wp-embed is-provider-mywatch-fr wp-block-embed-mywatch-fr\"><div class=\"wp-block-embed__wrapper\">\n<blockquote class=\"wp-embedded-content\" data-secret=\"X13BZNyiWb\"><a href=\"https:\/\/www.my-watchsite.fr\/blog\/la-panthere-lempreinte-de-cartier\/\">La Panth\u00e8re, l&#8217;empreinte de Cartier<\/a><\/blockquote><iframe class=\"wp-embedded-content\" sandbox=\"allow-scripts\" security=\"restricted\" style=\"position: absolute; clip: rect(1px, 1px, 1px, 1px);\" title=\"\u00ab\u00a0La Panth\u00e8re, l&#8217;empreinte de Cartier\u00a0\u00bb &#8212; MyWatch FR\" src=\"https:\/\/www.my-watchsite.fr\/blog\/la-panthere-lempreinte-de-cartier\/embed\/#?secret=I2ZJSeS7Tx#?secret=X13BZNyiWb\" data-secret=\"X13BZNyiWb\" width=\"500\" height=\"282\" frameborder=\"0\" marginwidth=\"0\" marginheight=\"0\" scrolling=\"no\"><\/iframe>\n<\/div><\/figure>\n\n\n\n<figure class=\"wp-block-embed is-type-wp-embed is-provider-mywatch-fr wp-block-embed-mywatch-fr\"><div class=\"wp-block-embed__wrapper\">\n<blockquote class=\"wp-embedded-content\" data-secret=\"H7pt3bQnl5\"><a href=\"https:\/\/www.my-watchsite.fr\/blog\/lvmh-watch-week-deux-journalistes-a-miami\/\">Deux journalistes \u00e0 Miami !<\/a><\/blockquote><iframe class=\"wp-embedded-content\" sandbox=\"allow-scripts\" security=\"restricted\" style=\"position: absolute; clip: rect(1px, 1px, 1px, 1px);\" title=\"\u00ab\u00a0Deux journalistes \u00e0 Miami !\u00a0\u00bb &#8212; MyWatch FR\" src=\"https:\/\/www.my-watchsite.fr\/blog\/lvmh-watch-week-deux-journalistes-a-miami\/embed\/#?secret=eC2wFmwugW#?secret=H7pt3bQnl5\" data-secret=\"H7pt3bQnl5\" width=\"500\" height=\"282\" frameborder=\"0\" marginwidth=\"0\" marginheight=\"0\" scrolling=\"no\"><\/iframe>\n<\/div><\/figure>\n\n\n\n<figure class=\"wp-block-embed is-type-wp-embed is-provider-mywatch-fr wp-block-embed-mywatch-fr\"><div class=\"wp-block-embed__wrapper\">\n<blockquote class=\"wp-embedded-content\" data-secret=\"GwxC2ZZmDJ\"><a href=\"https:\/\/www.my-watchsite.fr\/blog\/nouvelle-collection-pasha-cartier-libre-pour-la-creation\/\">Nouvelle collection Pasha : Cartier libre pour la cr\u00e9ation !<\/a><\/blockquote><iframe class=\"wp-embedded-content\" sandbox=\"allow-scripts\" security=\"restricted\" style=\"position: absolute; clip: rect(1px, 1px, 1px, 1px);\" title=\"\u00ab\u00a0Nouvelle collection Pasha : Cartier libre pour la cr\u00e9ation !\u00a0\u00bb &#8212; MyWatch FR\" src=\"https:\/\/www.my-watchsite.fr\/blog\/nouvelle-collection-pasha-cartier-libre-pour-la-creation\/embed\/#?secret=e2ko5gpIuH#?secret=GwxC2ZZmDJ\" data-secret=\"GwxC2ZZmDJ\" width=\"500\" height=\"282\" frameborder=\"0\" marginwidth=\"0\" marginheight=\"0\" scrolling=\"no\"><\/iframe>\n<\/div><\/figure>\n\n\n\n<figure class=\"wp-block-embed is-type-wp-embed is-provider-mywatch-fr wp-block-embed-mywatch-fr\"><div class=\"wp-block-embed__wrapper\">\n<blockquote class=\"wp-embedded-content\" data-secret=\"oolpnQQsaH\"><a href=\"https:\/\/www.my-watchsite.fr\/blog\/panthere-de-cartier-griffe-horlogere-n2403\/\">Panth\u00e8re de Cartier, griffe horlog\u00e8re<\/a><\/blockquote><iframe class=\"wp-embedded-content\" sandbox=\"allow-scripts\" security=\"restricted\" style=\"position: absolute; clip: rect(1px, 1px, 1px, 1px);\" title=\"\u00ab\u00a0Panth\u00e8re de Cartier, griffe horlog\u00e8re\u00a0\u00bb &#8212; MyWatch FR\" src=\"https:\/\/www.my-watchsite.fr\/blog\/panthere-de-cartier-griffe-horlogere-n2403\/embed\/#?secret=45YWrzySr7#?secret=oolpnQQsaH\" data-secret=\"oolpnQQsaH\" width=\"500\" height=\"282\" frameborder=\"0\" marginwidth=\"0\" marginheight=\"0\" scrolling=\"no\"><\/iframe>\n<\/div><\/figure>\n","protected":false},"excerpt":{"rendered":"<p>Cette saison signe le grand retour de l\u2019or jaune dans les collections de montres et de bijoux. Valeur refuge ou effet de mode, ce mat\u00e9riau a sans aucun doute le vent en poupe. Illustration par l\u2019exemple avec une s\u00e9lection de six montres en or&#8230;ou presque.<\/p>\n","protected":false},"author":3,"featured_media":34759,"comment_status":"closed","ping_status":"closed","sticky":false,"template":"","format":"standard","meta":{"footnotes":""},"categories":[2],"tags":[279,5,49,63],"acf":[],"yoast_head":"<!-- This site is optimized with the Yoast SEO plugin v20.4 - https:\/\/yoast.com\/wordpress\/plugins\/seo\/ -->\n<title>La ru\u00e9e vers l&#039;or jaune... - MyWatch FR<\/title>\n<meta name=\"description\" content=\"Cette saison signe le grand retour de l\u2019or jaune dans les collections horlog\u00e8res. Illustration avec une s\u00e9lection de six montres en or.\" \/>\n<meta name=\"robots\" content=\"index, follow, max-snippet:-1, max-image-preview:large, max-video-preview:-1\" \/>\n<link rel=\"canonical\" href=\"https:\/\/www.my-watchsite.fr\/blog\/la-ruee-vers-lor-jaune\/\" \/>\n<meta property=\"og:locale\" content=\"fr_FR\" \/>\n<meta property=\"og:type\" content=\"article\" \/>\n<meta property=\"og:title\" content=\"La ru\u00e9e vers l&#039;or jaune... - MyWatch FR\" \/>\n<meta property=\"og:description\" content=\"Cette saison signe le grand retour de l\u2019or jaune dans les collections horlog\u00e8res. Illustration avec une s\u00e9lection de six montres en or.\" \/>\n<meta property=\"og:url\" content=\"https:\/\/www.my-watchsite.fr\/blog\/la-ruee-vers-lor-jaune\/\" \/>\n<meta property=\"og:site_name\" content=\"MyWatch FR\" \/>\n<meta property=\"article:publisher\" content=\"https:\/\/www.facebook.com\/mywatchsite\/\" \/>\n<meta property=\"article:published_time\" content=\"2024-03-25T16:26:06+00:00\" \/>\n<meta property=\"article:modified_time\" content=\"2024-03-26T08:14:01+00:00\" \/>\n<meta property=\"og:image\" content=\"https:\/\/www.my-watchsite.fr\/blog\/wp-content\/uploads\/2024\/03\/unknown-1-1.jpeg\" \/>\n\t<meta property=\"og:image:width\" content=\"1563\" \/>\n\t<meta property=\"og:image:height\" content=\"969\" \/>\n\t<meta property=\"og:image:type\" content=\"image\/jpeg\" \/>\n<meta name=\"author\" content=\"Chlo\u00e9 Redler\" \/>\n<meta name=\"twitter:card\" content=\"summary_large_image\" \/>\n<meta name=\"twitter:creator\" content=\"@mywatchsite\" \/>\n<meta name=\"twitter:site\" content=\"@mywatchsite\" \/>\n<meta name=\"twitter:label1\" content=\"\u00c9crit par\" \/>\n\t<meta name=\"twitter:data1\" content=\"Chlo\u00e9 Redler\" \/>\n\t<meta name=\"twitter:label2\" content=\"Dur\u00e9e de lecture estim\u00e9e\" \/>\n\t<meta name=\"twitter:data2\" content=\"11 minutes\" \/>\n<script type=\"application\/ld+json\" class=\"yoast-schema-graph\">{\"@context\":\"https:\/\/schema.org\",\"@graph\":[{\"@type\":\"WebPage\",\"@id\":\"https:\/\/www.my-watchsite.fr\/blog\/la-ruee-vers-lor-jaune\/\",\"url\":\"https:\/\/www.my-watchsite.fr\/blog\/la-ruee-vers-lor-jaune\/\",\"name\":\"La ru\u00e9e vers l'or jaune... - MyWatch FR\",\"isPartOf\":{\"@id\":\"https:\/\/www.my-watchsite.fr\/blog\/#website\"},\"datePublished\":\"2024-03-25T16:26:06+00:00\",\"dateModified\":\"2024-03-26T08:14:01+00:00\",\"author\":{\"@id\":\"https:\/\/www.my-watchsite.fr\/blog\/#\/schema\/person\/d0a71aaf376997c19bcc32876032e616\"},\"description\":\"Cette saison signe le grand retour de l\u2019or jaune dans les collections horlog\u00e8res. Illustration avec une s\u00e9lection de six montres en or.\",\"breadcrumb\":{\"@id\":\"https:\/\/www.my-watchsite.fr\/blog\/la-ruee-vers-lor-jaune\/#breadcrumb\"},\"inLanguage\":\"fr-FR\",\"potentialAction\":[{\"@type\":\"ReadAction\",\"target\":[\"https:\/\/www.my-watchsite.fr\/blog\/la-ruee-vers-lor-jaune\/\"]}]},{\"@type\":\"BreadcrumbList\",\"@id\":\"https:\/\/www.my-watchsite.fr\/blog\/la-ruee-vers-lor-jaune\/#breadcrumb\",\"itemListElement\":[{\"@type\":\"ListItem\",\"position\":1,\"name\":\"Accueil\",\"item\":\"https:\/\/www.my-watchsite.fr\/blog\/\"},{\"@type\":\"ListItem\",\"position\":2,\"name\":\"La ru\u00e9e vers l&rsquo;or jaune&#8230;\"}]},{\"@type\":\"WebSite\",\"@id\":\"https:\/\/www.my-watchsite.fr\/blog\/#website\",\"url\":\"https:\/\/www.my-watchsite.fr\/blog\/\",\"name\":\"MyWatch FR\",\"description\":\"Make Time a Lifestyle\",\"potentialAction\":[{\"@type\":\"SearchAction\",\"target\":{\"@type\":\"EntryPoint\",\"urlTemplate\":\"https:\/\/www.my-watchsite.fr\/blog\/?s={search_term_string}\"},\"query-input\":\"required name=search_term_string\"}],\"inLanguage\":\"fr-FR\"},{\"@type\":\"Person\",\"@id\":\"https:\/\/www.my-watchsite.fr\/blog\/#\/schema\/person\/d0a71aaf376997c19bcc32876032e616\",\"name\":\"Chlo\u00e9 Redler\",\"image\":{\"@type\":\"ImageObject\",\"inLanguage\":\"fr-FR\",\"@id\":\"https:\/\/www.my-watchsite.fr\/blog\/#\/schema\/person\/image\/\",\"url\":\"https:\/\/secure.gravatar.com\/avatar\/68b11128a6aeda527d5c85fdfe99d5ab?s=96&d=mm&r=g\",\"contentUrl\":\"https:\/\/secure.gravatar.com\/avatar\/68b11128a6aeda527d5c85fdfe99d5ab?s=96&d=mm&r=g\",\"caption\":\"Chlo\u00e9 Redler\"}}]}<\/script>\n<!-- \/ Yoast SEO plugin. -->","yoast_head_json":{"title":"La ru\u00e9e vers l'or jaune... - MyWatch FR","description":"Cette saison signe le grand retour de l\u2019or jaune dans les collections horlog\u00e8res. Illustration avec une s\u00e9lection de six montres en or.","robots":{"index":"index","follow":"follow","max-snippet":"max-snippet:-1","max-image-preview":"max-image-preview:large","max-video-preview":"max-video-preview:-1"},"canonical":"https:\/\/www.my-watchsite.fr\/blog\/la-ruee-vers-lor-jaune\/","og_locale":"fr_FR","og_type":"article","og_title":"La ru\u00e9e vers l'or jaune... - MyWatch FR","og_description":"Cette saison signe le grand retour de l\u2019or jaune dans les collections horlog\u00e8res. Illustration avec une s\u00e9lection de six montres en or.","og_url":"https:\/\/www.my-watchsite.fr\/blog\/la-ruee-vers-lor-jaune\/","og_site_name":"MyWatch FR","article_publisher":"https:\/\/www.facebook.com\/mywatchsite\/","article_published_time":"2024-03-25T16:26:06+00:00","article_modified_time":"2024-03-26T08:14:01+00:00","og_image":[{"width":1563,"height":969,"url":"https:\/\/www.my-watchsite.fr\/blog\/wp-content\/uploads\/2024\/03\/unknown-1-1.jpeg","type":"image\/jpeg"}],"author":"Chlo\u00e9 Redler","twitter_card":"summary_large_image","twitter_creator":"@mywatchsite","twitter_site":"@mywatchsite","twitter_misc":{"\u00c9crit par":"Chlo\u00e9 Redler","Dur\u00e9e de lecture estim\u00e9e":"11 minutes"},"schema":{"@context":"https:\/\/schema.org","@graph":[{"@type":"WebPage","@id":"https:\/\/www.my-watchsite.fr\/blog\/la-ruee-vers-lor-jaune\/","url":"https:\/\/www.my-watchsite.fr\/blog\/la-ruee-vers-lor-jaune\/","name":"La ru\u00e9e vers l'or jaune... - MyWatch FR","isPartOf":{"@id":"https:\/\/www.my-watchsite.fr\/blog\/#website"},"datePublished":"2024-03-25T16:26:06+00:00","dateModified":"2024-03-26T08:14:01+00:00","author":{"@id":"https:\/\/www.my-watchsite.fr\/blog\/#\/schema\/person\/d0a71aaf376997c19bcc32876032e616"},"description":"Cette saison signe le grand retour de l\u2019or jaune dans les collections horlog\u00e8res. Illustration avec une s\u00e9lection de six montres en or.","breadcrumb":{"@id":"https:\/\/www.my-watchsite.fr\/blog\/la-ruee-vers-lor-jaune\/#breadcrumb"},"inLanguage":"fr-FR","potentialAction":[{"@type":"ReadAction","target":["https:\/\/www.my-watchsite.fr\/blog\/la-ruee-vers-lor-jaune\/"]}]},{"@type":"BreadcrumbList","@id":"https:\/\/www.my-watchsite.fr\/blog\/la-ruee-vers-lor-jaune\/#breadcrumb","itemListElement":[{"@type":"ListItem","position":1,"name":"Accueil","item":"https:\/\/www.my-watchsite.fr\/blog\/"},{"@type":"ListItem","position":2,"name":"La ru\u00e9e vers l&rsquo;or jaune&#8230;"}]},{"@type":"WebSite","@id":"https:\/\/www.my-watchsite.fr\/blog\/#website","url":"https:\/\/www.my-watchsite.fr\/blog\/","name":"MyWatch FR","description":"Make Time a Lifestyle","potentialAction":[{"@type":"SearchAction","target":{"@type":"EntryPoint","urlTemplate":"https:\/\/www.my-watchsite.fr\/blog\/?s={search_term_string}"},"query-input":"required name=search_term_string"}],"inLanguage":"fr-FR"},{"@type":"Person","@id":"https:\/\/www.my-watchsite.fr\/blog\/#\/schema\/person\/d0a71aaf376997c19bcc32876032e616","name":"Chlo\u00e9 Redler","image":{"@type":"ImageObject","inLanguage":"fr-FR","@id":"https:\/\/www.my-watchsite.fr\/blog\/#\/schema\/person\/image\/","url":"https:\/\/secure.gravatar.com\/avatar\/68b11128a6aeda527d5c85fdfe99d5ab?s=96&d=mm&r=g","contentUrl":"https:\/\/secure.gravatar.com\/avatar\/68b11128a6aeda527d5c85fdfe99d5ab?s=96&d=mm&r=g","caption":"Chlo\u00e9 Redler"}}]}},"_links":{"self":[{"href":"https:\/\/www.my-watchsite.fr\/blog\/wp-json\/wp\/v2\/posts\/34645"}],"collection":[{"href":"https:\/\/www.my-watchsite.fr\/blog\/wp-json\/wp\/v2\/posts"}],"about":[{"href":"https:\/\/www.my-watchsite.fr\/blog\/wp-json\/wp\/v2\/types\/post"}],"author":[{"embeddable":true,"href":"https:\/\/www.my-watchsite.fr\/blog\/wp-json\/wp\/v2\/users\/3"}],"replies":[{"embeddable":true,"href":"https:\/\/www.my-watchsite.fr\/blog\/wp-json\/wp\/v2\/comments?post=34645"}],"version-history":[{"count":50,"href":"https:\/\/www.my-watchsite.fr\/blog\/wp-json\/wp\/v2\/posts\/34645\/revisions"}],"predecessor-version":[{"id":34811,"href":"https:\/\/www.my-watchsite.fr\/blog\/wp-json\/wp\/v2\/posts\/34645\/revisions\/34811"}],"wp:featuredmedia":[{"embeddable":true,"href":"https:\/\/www.my-watchsite.fr\/blog\/wp-json\/wp\/v2\/media\/34759"}],"wp:attachment":[{"href":"https:\/\/www.my-watchsite.fr\/blog\/wp-json\/wp\/v2\/media?parent=34645"}],"wp:term":[{"taxonomy":"category","embeddable":true,"href":"https:\/\/www.my-watchsite.fr\/blog\/wp-json\/wp\/v2\/categories?post=34645"},{"taxonomy":"post_tag","embeddable":true,"href":"https:\/\/www.my-watchsite.fr\/blog\/wp-json\/wp\/v2\/tags?post=34645"}],"curies":[{"name":"wp","href":"https:\/\/api.w.org\/{rel}","templated":true}]}}