{"id":3477,"date":"2015-03-18T00:00:00","date_gmt":"2015-03-17T23:00:00","guid":{"rendered":"https:\/\/www.my-watchsite.fr\/blog\/blog\/baselworld-cest-demain-n767\/"},"modified":"2015-03-18T00:00:00","modified_gmt":"2015-03-17T23:00:00","slug":"baselworld-cest-demain-n767","status":"publish","type":"post","link":"https:\/\/www.my-watchsite.fr\/blog\/baselworld-cest-demain-n767\/","title":{"rendered":"Baselworld, c&rsquo;est demain !"},"content":{"rendered":"<p>Du 19 au 26 mars, l&rsquo;attention du monde entier sera focalis\u00e9e sur B\u00e2le : 150 000 participants et 4 000 repr\u00e9sentants de la presse internationale convergeront vers la cit\u00e9 rh\u00e9nane pour vivre au plus pr\u00e8s une exp\u00e9rience inoubliable et d\u00e9couvrir les innovations et cr\u00e9ations qui seront les grandes tendances de l&rsquo;ann\u00e9e \u00e0 venir.<\/p>\n<p>Ev\u00e9nement num\u00e9ro un de la branche, Baselworld est indiscutablement, pour l&rsquo;industrie de l&rsquo;horlogerie et de la bijouterie, la Salon cr\u00e9ateur de tendances par excellence, l&rsquo;\u00e9v\u00e9nement f\u00e9d\u00e9rateur des marques les plus prestigieuses du monde et r\u00e9v\u00e9lateur des talents \u00e9mergents. Pendant une semaine, il subjugue les d\u00e9taillants les plus exigeants et la presse mondiale. Chaque ann\u00e9e, quelque 1 500 marques en provenance de 40 pays choisissent Baselworld pour pr\u00e9senter leurs innovations, cr\u00e9ations et collections in\u00e9dites sur des stands spectaculaires de plusieurs \u00e9tages qui s&rsquo;\u00e9tendent sur 141 000 m\u00b2.<\/p>\n<p>Baselworld suscite un int\u00e9r\u00eat m\u00e9diatique ph\u00e9nom\u00e9nal. Plis de 4 000 repr\u00e9sentants de la presse mondiale : presse financi\u00e8re, quotidiens les plui en vue, publications lifestyle, presse professionnelle ainsi que cha\u00eenes de t\u00e9l\u00e9vision les plus renomm\u00e9es se retrouvent au Salon pour couvrir l&rsquo;\u00e9v\u00e9nement. Des r\u00e9dacteurs de magazines en qu\u00eates de tendances avant-gardistes et de designers innovants aux bloggers relayant instantan\u00e9ment les tendances et les commentaires \u00e9manant du Salon, tous contribuent \u00e0 conforter Baselworld dans son rayonnement mondial et sa place de salon leader de l&rsquo;industrie horlog\u00e8re et joailli\u00e8re.<\/p>\n<ul>\n<li><img decoding=\"async\" src=\"https:\/\/www.my-watchsite.fr\/blog\/wp-content\/uploads\/2020\/08\/767_2727.jpg\" alt=\"Baselworld\" \/><\/li>\n<li><img decoding=\"async\" src=\"https:\/\/www.my-watchsite.fr\/blog\/wp-content\/uploads\/2020\/08\/767_2728.jpg\" alt=\"Baselworld\" \/><\/li>\n<li><img decoding=\"async\" src=\"https:\/\/www.my-watchsite.fr\/blog\/wp-content\/uploads\/2020\/08\/767_2729.jpg\" alt=\"Baselworld\" \/><\/li>\n<li><img decoding=\"async\" src=\"https:\/\/www.my-watchsite.fr\/blog\/wp-content\/uploads\/2020\/08\/767_2730.jpg\" alt=\"Baselworld\" \/><\/li>\n<li><img decoding=\"async\" src=\"https:\/\/www.my-watchsite.fr\/blog\/wp-content\/uploads\/2020\/08\/767_2731.jpg\" alt=\"Baselworld\" \/><\/li>\n<li><img decoding=\"async\" src=\"https:\/\/www.my-watchsite.fr\/blog\/wp-content\/uploads\/2020\/08\/767_2732.jpg\" alt=\"Baselworld\" \/><\/li>\n<li><img decoding=\"async\" src=\"https:\/\/www.my-watchsite.fr\/blog\/wp-content\/uploads\/2020\/08\/767_2733.jpg\" alt=\"Baselworld\" \/><\/li>\n<li><img decoding=\"async\" src=\"https:\/\/www.my-watchsite.fr\/blog\/wp-content\/uploads\/2020\/08\/767_2734.jpg\" alt=\"Baselworld\" \/><\/li>\n<li><img decoding=\"async\" src=\"https:\/\/www.my-watchsite.fr\/blog\/wp-content\/uploads\/2020\/08\/767_2735.jpg\" alt=\"Baselworld\" \/><\/li>\n<li><img decoding=\"async\" src=\"https:\/\/www.my-watchsite.fr\/blog\/wp-content\/uploads\/2020\/08\/767_2736.jpg\" alt=\"Baselworld\" \/><\/li>\n<li><img decoding=\"async\" src=\"https:\/\/www.my-watchsite.fr\/blog\/wp-content\/uploads\/2020\/08\/767_2737.jpg\" alt=\"Baselworld\" \/><\/li>\n<li><img decoding=\"async\" src=\"https:\/\/www.my-watchsite.fr\/blog\/wp-content\/uploads\/2020\/08\/767_2738.jpg\" alt=\"Baselworld\" \/><\/li>\n<li><img decoding=\"async\" src=\"https:\/\/www.my-watchsite.fr\/blog\/wp-content\/uploads\/2020\/08\/767_2739.jpg\" alt=\"Baselworld\" \/><\/li>\n<li><img decoding=\"async\" src=\"https:\/\/www.my-watchsite.fr\/blog\/wp-content\/uploads\/2020\/08\/767_2740.jpg\" alt=\"Baselworld\" \/><\/li>\n<li><img decoding=\"async\" src=\"https:\/\/www.my-watchsite.fr\/blog\/wp-content\/uploads\/2020\/08\/767_2741.jpg\" alt=\"Baselworld\" \/><\/li>\n<li><img decoding=\"async\" src=\"https:\/\/www.my-watchsite.fr\/blog\/wp-content\/uploads\/2020\/08\/767_2742.jpg\" alt=\"Baselworld\" \/><\/li>\n<li><img decoding=\"async\" src=\"https:\/\/www.my-watchsite.fr\/blog\/wp-content\/uploads\/2020\/08\/767_2743.jpg\" alt=\"Baselworld\" \/><\/li>\n<li><img decoding=\"async\" src=\"https:\/\/www.my-watchsite.fr\/blog\/wp-content\/uploads\/2020\/08\/767_2744.jpg\" alt=\"Baselworld\" \/><\/li>\n<li><img decoding=\"async\" src=\"https:\/\/www.my-watchsite.fr\/blog\/wp-content\/uploads\/2020\/08\/767_2745.jpg\" alt=\"Baselworld\" \/><\/li>\n<li><img decoding=\"async\" src=\"https:\/\/www.my-watchsite.fr\/blog\/wp-content\/uploads\/2020\/08\/767_2746.jpg\" alt=\"Baselworld\" \/><\/li>\n<li><img decoding=\"async\" src=\"https:\/\/www.my-watchsite.fr\/blog\/wp-content\/uploads\/2020\/08\/767_2747.jpg\" alt=\"Baselworld\" \/><\/li>\n<li><img decoding=\"async\" src=\"https:\/\/www.my-watchsite.fr\/blog\/wp-content\/uploads\/2020\/08\/767_2748.jpg\" alt=\"Baselworld\" \/><\/li>\n<\/ul>\n","protected":false},"excerpt":{"rendered":"<p>Du 19 au 26 mars, l&rsquo;attention du monde entier sera focalis\u00e9e sur B\u00e2le : 150 000 participants et 4 000 repr\u00e9sentants de la presse internationale convergeront vers la cit\u00e9 rh\u00e9nane pour vivre au plus pr\u00e8s une exp\u00e9rience inoubliable et d\u00e9couvrir les innovations et cr\u00e9ations qui seront les grandes tendances de l&rsquo;ann\u00e9e \u00e0 venir. Ev\u00e9nement num\u00e9ro [&hellip;]<\/p>\n","protected":false},"author":1,"featured_media":3500,"comment_status":"closed","ping_status":"closed","sticky":false,"template":"","format":"standard","meta":{"footnotes":""},"categories":[2],"tags":[4],"acf":[],"yoast_head":"<!-- This site is optimized with the Yoast SEO plugin v20.4 - https:\/\/yoast.com\/wordpress\/plugins\/seo\/ -->\n<title>Baselworld, c&#039;est demain ! - MyWatch FR<\/title>\n<meta name=\"robots\" content=\"index, follow, max-snippet:-1, max-image-preview:large, max-video-preview:-1\" \/>\n<link rel=\"canonical\" href=\"https:\/\/www.my-watchsite.fr\/blog\/baselworld-cest-demain-n767\/\" \/>\n<meta property=\"og:locale\" content=\"fr_FR\" \/>\n<meta property=\"og:type\" content=\"article\" \/>\n<meta property=\"og:title\" content=\"Baselworld, c&#039;est demain ! - MyWatch FR\" \/>\n<meta property=\"og:description\" content=\"Du 19 au 26 mars, l&rsquo;attention du monde entier sera focalis\u00e9e sur B\u00e2le : 150 000 participants et 4 000 repr\u00e9sentants de la presse internationale convergeront vers la cit\u00e9 rh\u00e9nane pour vivre au plus pr\u00e8s une exp\u00e9rience inoubliable et d\u00e9couvrir les innovations et cr\u00e9ations qui seront les grandes tendances de l&rsquo;ann\u00e9e \u00e0 venir. Ev\u00e9nement num\u00e9ro [&hellip;]\" \/>\n<meta property=\"og:url\" content=\"https:\/\/www.my-watchsite.fr\/blog\/baselworld-cest-demain-n767\/\" \/>\n<meta property=\"og:site_name\" content=\"MyWatch FR\" \/>\n<meta property=\"article:publisher\" content=\"https:\/\/www.facebook.com\/mywatchsite\/\" \/>\n<meta property=\"article:published_time\" content=\"2015-03-17T23:00:00+00:00\" \/>\n<meta property=\"og:image\" content=\"https:\/\/www.my-watchsite.fr\/blog\/wp-content\/uploads\/2020\/08\/thumb_767.jpg\" \/>\n\t<meta property=\"og:image:width\" content=\"654\" \/>\n\t<meta property=\"og:image:height\" content=\"435\" \/>\n\t<meta property=\"og:image:type\" content=\"image\/jpeg\" \/>\n<meta name=\"author\" content=\"MyWatch\" \/>\n<meta name=\"twitter:card\" content=\"summary_large_image\" \/>\n<meta name=\"twitter:creator\" content=\"@mywatchsite\" \/>\n<meta name=\"twitter:site\" content=\"@mywatchsite\" \/>\n<meta name=\"twitter:label1\" content=\"\u00c9crit par\" \/>\n\t<meta name=\"twitter:data1\" content=\"MyWatch\" \/>\n\t<meta name=\"twitter:label2\" content=\"Dur\u00e9e de lecture estim\u00e9e\" \/>\n\t<meta name=\"twitter:data2\" content=\"1 minute\" \/>\n<script type=\"application\/ld+json\" class=\"yoast-schema-graph\">{\"@context\":\"https:\/\/schema.org\",\"@graph\":[{\"@type\":\"WebPage\",\"@id\":\"https:\/\/www.my-watchsite.fr\/blog\/baselworld-cest-demain-n767\/\",\"url\":\"https:\/\/www.my-watchsite.fr\/blog\/baselworld-cest-demain-n767\/\",\"name\":\"Baselworld, c'est demain ! - MyWatch FR\",\"isPartOf\":{\"@id\":\"https:\/\/www.my-watchsite.fr\/blog\/#website\"},\"datePublished\":\"2015-03-17T23:00:00+00:00\",\"dateModified\":\"2015-03-17T23:00:00+00:00\",\"author\":{\"@id\":\"https:\/\/www.my-watchsite.fr\/blog\/#\/schema\/person\/67e19b3e3d014465042ff1be1c9fcf44\"},\"breadcrumb\":{\"@id\":\"https:\/\/www.my-watchsite.fr\/blog\/baselworld-cest-demain-n767\/#breadcrumb\"},\"inLanguage\":\"fr-FR\",\"potentialAction\":[{\"@type\":\"ReadAction\",\"target\":[\"https:\/\/www.my-watchsite.fr\/blog\/baselworld-cest-demain-n767\/\"]}]},{\"@type\":\"BreadcrumbList\",\"@id\":\"https:\/\/www.my-watchsite.fr\/blog\/baselworld-cest-demain-n767\/#breadcrumb\",\"itemListElement\":[{\"@type\":\"ListItem\",\"position\":1,\"name\":\"Accueil\",\"item\":\"https:\/\/www.my-watchsite.fr\/blog\/\"},{\"@type\":\"ListItem\",\"position\":2,\"name\":\"Baselworld, c&rsquo;est demain !\"}]},{\"@type\":\"WebSite\",\"@id\":\"https:\/\/www.my-watchsite.fr\/blog\/#website\",\"url\":\"https:\/\/www.my-watchsite.fr\/blog\/\",\"name\":\"MyWatch FR\",\"description\":\"Make Time a Lifestyle\",\"potentialAction\":[{\"@type\":\"SearchAction\",\"target\":{\"@type\":\"EntryPoint\",\"urlTemplate\":\"https:\/\/www.my-watchsite.fr\/blog\/?s={search_term_string}\"},\"query-input\":\"required name=search_term_string\"}],\"inLanguage\":\"fr-FR\"},{\"@type\":\"Person\",\"@id\":\"https:\/\/www.my-watchsite.fr\/blog\/#\/schema\/person\/67e19b3e3d014465042ff1be1c9fcf44\",\"name\":\"MyWatch\",\"image\":{\"@type\":\"ImageObject\",\"inLanguage\":\"fr-FR\",\"@id\":\"https:\/\/www.my-watchsite.fr\/blog\/#\/schema\/person\/image\/\",\"url\":\"https:\/\/secure.gravatar.com\/avatar\/e52d1e94806c54826c863f554ca1dd2a?s=96&d=mm&r=g\",\"contentUrl\":\"https:\/\/secure.gravatar.com\/avatar\/e52d1e94806c54826c863f554ca1dd2a?s=96&d=mm&r=g\",\"caption\":\"MyWatch\"},\"sameAs\":[\"https:\/\/www.my-watchsite.fr\/blog\"]}]}<\/script>\n<!-- \/ Yoast SEO plugin. -->","yoast_head_json":{"title":"Baselworld, c'est demain ! - MyWatch FR","robots":{"index":"index","follow":"follow","max-snippet":"max-snippet:-1","max-image-preview":"max-image-preview:large","max-video-preview":"max-video-preview:-1"},"canonical":"https:\/\/www.my-watchsite.fr\/blog\/baselworld-cest-demain-n767\/","og_locale":"fr_FR","og_type":"article","og_title":"Baselworld, c'est demain ! - MyWatch FR","og_description":"Du 19 au 26 mars, l&rsquo;attention du monde entier sera focalis\u00e9e sur B\u00e2le : 150 000 participants et 4 000 repr\u00e9sentants de la presse internationale convergeront vers la cit\u00e9 rh\u00e9nane pour vivre au plus pr\u00e8s une exp\u00e9rience inoubliable et d\u00e9couvrir les innovations et cr\u00e9ations qui seront les grandes tendances de l&rsquo;ann\u00e9e \u00e0 venir. Ev\u00e9nement num\u00e9ro [&hellip;]","og_url":"https:\/\/www.my-watchsite.fr\/blog\/baselworld-cest-demain-n767\/","og_site_name":"MyWatch FR","article_publisher":"https:\/\/www.facebook.com\/mywatchsite\/","article_published_time":"2015-03-17T23:00:00+00:00","og_image":[{"width":654,"height":435,"url":"https:\/\/www.my-watchsite.fr\/blog\/wp-content\/uploads\/2020\/08\/thumb_767.jpg","type":"image\/jpeg"}],"author":"MyWatch","twitter_card":"summary_large_image","twitter_creator":"@mywatchsite","twitter_site":"@mywatchsite","twitter_misc":{"\u00c9crit par":"MyWatch","Dur\u00e9e de lecture estim\u00e9e":"1 minute"},"schema":{"@context":"https:\/\/schema.org","@graph":[{"@type":"WebPage","@id":"https:\/\/www.my-watchsite.fr\/blog\/baselworld-cest-demain-n767\/","url":"https:\/\/www.my-watchsite.fr\/blog\/baselworld-cest-demain-n767\/","name":"Baselworld, c'est demain ! - MyWatch FR","isPartOf":{"@id":"https:\/\/www.my-watchsite.fr\/blog\/#website"},"datePublished":"2015-03-17T23:00:00+00:00","dateModified":"2015-03-17T23:00:00+00:00","author":{"@id":"https:\/\/www.my-watchsite.fr\/blog\/#\/schema\/person\/67e19b3e3d014465042ff1be1c9fcf44"},"breadcrumb":{"@id":"https:\/\/www.my-watchsite.fr\/blog\/baselworld-cest-demain-n767\/#breadcrumb"},"inLanguage":"fr-FR","potentialAction":[{"@type":"ReadAction","target":["https:\/\/www.my-watchsite.fr\/blog\/baselworld-cest-demain-n767\/"]}]},{"@type":"BreadcrumbList","@id":"https:\/\/www.my-watchsite.fr\/blog\/baselworld-cest-demain-n767\/#breadcrumb","itemListElement":[{"@type":"ListItem","position":1,"name":"Accueil","item":"https:\/\/www.my-watchsite.fr\/blog\/"},{"@type":"ListItem","position":2,"name":"Baselworld, c&rsquo;est demain !"}]},{"@type":"WebSite","@id":"https:\/\/www.my-watchsite.fr\/blog\/#website","url":"https:\/\/www.my-watchsite.fr\/blog\/","name":"MyWatch FR","description":"Make Time a Lifestyle","potentialAction":[{"@type":"SearchAction","target":{"@type":"EntryPoint","urlTemplate":"https:\/\/www.my-watchsite.fr\/blog\/?s={search_term_string}"},"query-input":"required name=search_term_string"}],"inLanguage":"fr-FR"},{"@type":"Person","@id":"https:\/\/www.my-watchsite.fr\/blog\/#\/schema\/person\/67e19b3e3d014465042ff1be1c9fcf44","name":"MyWatch","image":{"@type":"ImageObject","inLanguage":"fr-FR","@id":"https:\/\/www.my-watchsite.fr\/blog\/#\/schema\/person\/image\/","url":"https:\/\/secure.gravatar.com\/avatar\/e52d1e94806c54826c863f554ca1dd2a?s=96&d=mm&r=g","contentUrl":"https:\/\/secure.gravatar.com\/avatar\/e52d1e94806c54826c863f554ca1dd2a?s=96&d=mm&r=g","caption":"MyWatch"},"sameAs":["https:\/\/www.my-watchsite.fr\/blog"]}]}},"_links":{"self":[{"href":"https:\/\/www.my-watchsite.fr\/blog\/wp-json\/wp\/v2\/posts\/3477"}],"collection":[{"href":"https:\/\/www.my-watchsite.fr\/blog\/wp-json\/wp\/v2\/posts"}],"about":[{"href":"https:\/\/www.my-watchsite.fr\/blog\/wp-json\/wp\/v2\/types\/post"}],"author":[{"embeddable":true,"href":"https:\/\/www.my-watchsite.fr\/blog\/wp-json\/wp\/v2\/users\/1"}],"replies":[{"embeddable":true,"href":"https:\/\/www.my-watchsite.fr\/blog\/wp-json\/wp\/v2\/comments?post=3477"}],"version-history":[{"count":0,"href":"https:\/\/www.my-watchsite.fr\/blog\/wp-json\/wp\/v2\/posts\/3477\/revisions"}],"wp:featuredmedia":[{"embeddable":true,"href":"https:\/\/www.my-watchsite.fr\/blog\/wp-json\/wp\/v2\/media\/3500"}],"wp:attachment":[{"href":"https:\/\/www.my-watchsite.fr\/blog\/wp-json\/wp\/v2\/media?parent=3477"}],"wp:term":[{"taxonomy":"category","embeddable":true,"href":"https:\/\/www.my-watchsite.fr\/blog\/wp-json\/wp\/v2\/categories?post=3477"},{"taxonomy":"post_tag","embeddable":true,"href":"https:\/\/www.my-watchsite.fr\/blog\/wp-json\/wp\/v2\/tags?post=3477"}],"curies":[{"name":"wp","href":"https:\/\/api.w.org\/{rel}","templated":true}]}}