{"id":3566,"date":"2015-03-19T00:00:00","date_gmt":"2015-03-18T23:00:00","guid":{"rendered":"https:\/\/www.my-watchsite.fr\/blog\/blog\/tag-heuer-baselworld-2015-du-nouveau-sur-la-future-montre-connectee-n777\/"},"modified":"2021-09-06T17:05:36","modified_gmt":"2021-09-06T15:05:36","slug":"tag-heuer-baselworld-2015-du-nouveau-sur-la-future-montre-connectee-n777","status":"publish","type":"post","link":"https:\/\/www.my-watchsite.fr\/blog\/tag-heuer-baselworld-2015-du-nouveau-sur-la-future-montre-connectee-n777\/","title":{"rendered":"TAG Heuer Baselworld 2015 : Du nouveau sur la future montre connect\u00e9e"},"content":{"rendered":"<p>Cet effort commun marque une nouvelle \u00e8re de collaboration entre les fabricants de montres suisses et la Silicon Valley, qui permettra de combiner les expertises respectives de chaque entreprise dans le domaine des montres de luxe, du software et du hardware.<\/p>\n<p>Ce partenariat a \u00e9t\u00e9 rendu officiel \u00e0 l&rsquo;occasion du Baselworld, lors d&rsquo;une conf\u00e9rence de presse tenue le jeudi 19 mars sur le stand TAG Heuer. Jean-Claude Biver, pr\u00e9sident de la division Montres du groupe LVMH et PDG de TAG Heuer, David Singleton, directeur de l&rsquo;ing\u00e9nierie pour Android Wear, et Michael Bell, vice-pr\u00e9sident et directeur g\u00e9n\u00e9ral du New Devices Group d&rsquo;Intel, \u00e9taient pr\u00e9sents sur sc\u00e8ne pour cette annonce.<\/p>\n<p>Les trois entreprises vont cr\u00e9er ensemble un produit de luxe pleinement connect\u00e9 \u00e0 la vie quotidienne de son utilisateur, qui combinera l&rsquo;innovation, la cr\u00e9ativit\u00e9 et le design de la Silicon Valley, en Californie, et de la Watch Valley autour de La Chaux-de-Fonds, en Suisse.<\/p>\n<p>\u00ab L&rsquo;alliance du savoir-faire suisse et de la ma\u00eetrise technologique propre \u00e0 la Silicon Valley nous permet de marier innovation technologique et expertise horlog\u00e8re. Notre collaboration va permettre de nombreuses synergies, et constitue un v\u00e9ritable partenariat gagnant-gagnant porteur d&rsquo;un potentiel \u00e9norme pour nos trois entreprises \u00bb, d\u00e9clare Jean-Claude Biver.<\/p>\n<p>Guy S\u00e9mon, directeur g\u00e9n\u00e9ral de TAG Heuer, ajoute : \u00ab La qualit\u00e9 des montre suisses est renomm\u00e9e dans le monde entier. Cette qualit\u00e9, alli\u00e9e aux technologies cr\u00e9atives et aux possibilit\u00e9s globales d&rsquo;Intel et Google, qu&rsquo;illustrent la plateforme Android Wear et les technologies Intel, va permettre une v\u00e9ritable r\u00e9volution technologique au sein de notre industrie. Je suis fier d&rsquo;en \u00eatre un pionnier aujourd&rsquo;hui avec TAG Heuer. \u00bb<\/p>\n<p>David Singleton note : \u00ab En fusionnant la beaut\u00e9 et la technologie, les montres suisses ont su inspirer des g\u00e9n\u00e9rations d&rsquo;artistes et ing\u00e9nieurs, y compris chez nous, au sein de Google. Nous sommes aujourd\u2019hui ravis de pouvoir collaborer avec TAG Heuer et Intel pour apporter ce m\u00e9lange unique d&rsquo;\u00e9motion et d&rsquo;innovation au march\u00e9 du luxe. Ensemble, gr\u00e2ce \u00e0 la plateforme Android Wear, nous pouvons imaginer des montres plus belles et plus intelligentes. \u00bb<\/p>\n<p>\u00ab Intel travaille sans rel\u00e2che pour permettre des exp\u00e9riences technologiques proposant toujours plus de valeur ajout\u00e9e aux utilisateurs ; nous avons la certitude que cette approche collective permettra d&rsquo;inspirer de nouvelles innovations dans le domaine des technologies wearable. Cette collaboration avec TAG Heuer et Google nous permet d&rsquo;avancer dans la r\u00e9alisation de notre vision des technologies wearables, avec une montre connect\u00e9e exceptionnelle qui permet d&rsquo;\u00e9lever la cat\u00e9gorie enti\u00e8re. \u00bb, remarque Michael Bell.<\/p>\n<ul>\n<li><img decoding=\"async\" src=\"https:\/\/www.my-watchsite.fr\/blog\/wp-content\/uploads\/2020\/08\/777_2797.jpg\" alt=\"Baselworld 2015 : TAG Heuer, Google et Intel ont annonc\u00e9 leur collaboration sur une montre suisse connect\u00e9e\" \/><\/li>\n<li><img decoding=\"async\" src=\"https:\/\/www.my-watchsite.fr\/blog\/wp-content\/uploads\/2020\/08\/777_2798.jpg\" alt=\"Baselworld 2015 : TAG Heuer, Google et Intel ont annonc\u00e9 leur collaboration sur une montre suisse connect\u00e9e\" \/><\/li>\n<\/ul>\n\n\n<p><a href=\"https:\/\/www.tagheuer.com\/fr\/fr\/\" target=\"_blank\" rel=\"noreferrer noopener\">www.tagheuer.com<\/a><\/p>\n\n\n\n<p>Lire aussi l&rsquo;article <a href=\"https:\/\/www.my-watchsite.fr\/blog\/tag-heuer-baselworld-2015-n771\/\" target=\"_blank\" rel=\"noreferrer noopener\">TAG Heuer Baselworld 2015<\/a><\/p>\n","protected":false},"excerpt":{"rendered":"<p>Cet effort commun marque une nouvelle \u00e8re de collaboration entre les fabricants de montres suisses et la Silicon Valley, qui permettra de combiner les expertises respectives de chaque entreprise dans le domaine des montres de luxe, du software et du hardware. Ce partenariat a \u00e9t\u00e9 rendu officiel \u00e0 l&rsquo;occasion du Baselworld, lors d&rsquo;une conf\u00e9rence de [&hellip;]<\/p>\n","protected":false},"author":1,"featured_media":3569,"comment_status":"closed","ping_status":"closed","sticky":false,"template":"","format":"standard","meta":{"footnotes":""},"categories":[2],"tags":[17],"acf":[],"yoast_head":"<!-- This site is optimized with the Yoast SEO plugin v20.4 - https:\/\/yoast.com\/wordpress\/plugins\/seo\/ -->\n<title>TAG Heuer Baselworld 2015 : Du nouveau sur la future montre connect\u00e9e<\/title>\n<meta name=\"description\" content=\"Cet effort commun marque une nouvelle \u00e8re de collaboration entre les fabricants de montres suisses et la Silicon Valley : la montre connect\u00e9e\" \/>\n<meta name=\"robots\" content=\"index, follow, max-snippet:-1, max-image-preview:large, max-video-preview:-1\" \/>\n<link rel=\"canonical\" href=\"https:\/\/www.my-watchsite.fr\/blog\/tag-heuer-baselworld-2015-du-nouveau-sur-la-future-montre-connectee-n777\/\" \/>\n<meta property=\"og:locale\" content=\"fr_FR\" \/>\n<meta property=\"og:type\" content=\"article\" \/>\n<meta property=\"og:title\" content=\"TAG Heuer Baselworld 2015 : Du nouveau sur la future montre connect\u00e9e\" \/>\n<meta property=\"og:description\" content=\"Cet effort commun marque une nouvelle \u00e8re de collaboration entre les fabricants de montres suisses et la Silicon Valley : la montre connect\u00e9e\" \/>\n<meta property=\"og:url\" content=\"https:\/\/www.my-watchsite.fr\/blog\/tag-heuer-baselworld-2015-du-nouveau-sur-la-future-montre-connectee-n777\/\" \/>\n<meta property=\"og:site_name\" content=\"MyWatch FR\" \/>\n<meta property=\"article:publisher\" content=\"https:\/\/www.facebook.com\/mywatchsite\/\" \/>\n<meta property=\"article:published_time\" content=\"2015-03-18T23:00:00+00:00\" \/>\n<meta property=\"article:modified_time\" content=\"2021-09-06T15:05:36+00:00\" \/>\n<meta property=\"og:image\" content=\"https:\/\/www.my-watchsite.fr\/blog\/wp-content\/uploads\/2020\/08\/thumb_777.jpg\" \/>\n\t<meta property=\"og:image:width\" content=\"654\" \/>\n\t<meta property=\"og:image:height\" content=\"435\" \/>\n\t<meta property=\"og:image:type\" content=\"image\/jpeg\" \/>\n<meta name=\"author\" content=\"MyWatch\" \/>\n<meta name=\"twitter:card\" content=\"summary_large_image\" \/>\n<meta name=\"twitter:creator\" content=\"@mywatchsite\" \/>\n<meta name=\"twitter:site\" content=\"@mywatchsite\" \/>\n<meta name=\"twitter:label1\" content=\"\u00c9crit par\" \/>\n\t<meta name=\"twitter:data1\" content=\"MyWatch\" \/>\n\t<meta name=\"twitter:label2\" content=\"Dur\u00e9e de lecture estim\u00e9e\" \/>\n\t<meta name=\"twitter:data2\" content=\"3 minutes\" \/>\n<script type=\"application\/ld+json\" class=\"yoast-schema-graph\">{\"@context\":\"https:\/\/schema.org\",\"@graph\":[{\"@type\":\"WebPage\",\"@id\":\"https:\/\/www.my-watchsite.fr\/blog\/tag-heuer-baselworld-2015-du-nouveau-sur-la-future-montre-connectee-n777\/\",\"url\":\"https:\/\/www.my-watchsite.fr\/blog\/tag-heuer-baselworld-2015-du-nouveau-sur-la-future-montre-connectee-n777\/\",\"name\":\"TAG Heuer Baselworld 2015 : Du nouveau sur la future montre connect\u00e9e\",\"isPartOf\":{\"@id\":\"https:\/\/www.my-watchsite.fr\/blog\/#website\"},\"datePublished\":\"2015-03-18T23:00:00+00:00\",\"dateModified\":\"2021-09-06T15:05:36+00:00\",\"author\":{\"@id\":\"https:\/\/www.my-watchsite.fr\/blog\/#\/schema\/person\/67e19b3e3d014465042ff1be1c9fcf44\"},\"description\":\"Cet effort commun marque une nouvelle \u00e8re de collaboration entre les fabricants de montres suisses et la Silicon Valley : la montre connect\u00e9e\",\"breadcrumb\":{\"@id\":\"https:\/\/www.my-watchsite.fr\/blog\/tag-heuer-baselworld-2015-du-nouveau-sur-la-future-montre-connectee-n777\/#breadcrumb\"},\"inLanguage\":\"fr-FR\",\"potentialAction\":[{\"@type\":\"ReadAction\",\"target\":[\"https:\/\/www.my-watchsite.fr\/blog\/tag-heuer-baselworld-2015-du-nouveau-sur-la-future-montre-connectee-n777\/\"]}]},{\"@type\":\"BreadcrumbList\",\"@id\":\"https:\/\/www.my-watchsite.fr\/blog\/tag-heuer-baselworld-2015-du-nouveau-sur-la-future-montre-connectee-n777\/#breadcrumb\",\"itemListElement\":[{\"@type\":\"ListItem\",\"position\":1,\"name\":\"Accueil\",\"item\":\"https:\/\/www.my-watchsite.fr\/blog\/\"},{\"@type\":\"ListItem\",\"position\":2,\"name\":\"TAG Heuer Baselworld 2015 : Du nouveau sur la future montre connect\u00e9e\"}]},{\"@type\":\"WebSite\",\"@id\":\"https:\/\/www.my-watchsite.fr\/blog\/#website\",\"url\":\"https:\/\/www.my-watchsite.fr\/blog\/\",\"name\":\"MyWatch FR\",\"description\":\"Make Time a Lifestyle\",\"potentialAction\":[{\"@type\":\"SearchAction\",\"target\":{\"@type\":\"EntryPoint\",\"urlTemplate\":\"https:\/\/www.my-watchsite.fr\/blog\/?s={search_term_string}\"},\"query-input\":\"required name=search_term_string\"}],\"inLanguage\":\"fr-FR\"},{\"@type\":\"Person\",\"@id\":\"https:\/\/www.my-watchsite.fr\/blog\/#\/schema\/person\/67e19b3e3d014465042ff1be1c9fcf44\",\"name\":\"MyWatch\",\"image\":{\"@type\":\"ImageObject\",\"inLanguage\":\"fr-FR\",\"@id\":\"https:\/\/www.my-watchsite.fr\/blog\/#\/schema\/person\/image\/\",\"url\":\"https:\/\/secure.gravatar.com\/avatar\/e52d1e94806c54826c863f554ca1dd2a?s=96&d=mm&r=g\",\"contentUrl\":\"https:\/\/secure.gravatar.com\/avatar\/e52d1e94806c54826c863f554ca1dd2a?s=96&d=mm&r=g\",\"caption\":\"MyWatch\"},\"sameAs\":[\"https:\/\/www.my-watchsite.fr\/blog\"]}]}<\/script>\n<!-- \/ Yoast SEO plugin. -->","yoast_head_json":{"title":"TAG Heuer Baselworld 2015 : Du nouveau sur la future montre connect\u00e9e","description":"Cet effort commun marque une nouvelle \u00e8re de collaboration entre les fabricants de montres suisses et la Silicon Valley : la montre connect\u00e9e","robots":{"index":"index","follow":"follow","max-snippet":"max-snippet:-1","max-image-preview":"max-image-preview:large","max-video-preview":"max-video-preview:-1"},"canonical":"https:\/\/www.my-watchsite.fr\/blog\/tag-heuer-baselworld-2015-du-nouveau-sur-la-future-montre-connectee-n777\/","og_locale":"fr_FR","og_type":"article","og_title":"TAG Heuer Baselworld 2015 : Du nouveau sur la future montre connect\u00e9e","og_description":"Cet effort commun marque une nouvelle \u00e8re de collaboration entre les fabricants de montres suisses et la Silicon Valley : la montre connect\u00e9e","og_url":"https:\/\/www.my-watchsite.fr\/blog\/tag-heuer-baselworld-2015-du-nouveau-sur-la-future-montre-connectee-n777\/","og_site_name":"MyWatch FR","article_publisher":"https:\/\/www.facebook.com\/mywatchsite\/","article_published_time":"2015-03-18T23:00:00+00:00","article_modified_time":"2021-09-06T15:05:36+00:00","og_image":[{"width":654,"height":435,"url":"https:\/\/www.my-watchsite.fr\/blog\/wp-content\/uploads\/2020\/08\/thumb_777.jpg","type":"image\/jpeg"}],"author":"MyWatch","twitter_card":"summary_large_image","twitter_creator":"@mywatchsite","twitter_site":"@mywatchsite","twitter_misc":{"\u00c9crit par":"MyWatch","Dur\u00e9e de lecture estim\u00e9e":"3 minutes"},"schema":{"@context":"https:\/\/schema.org","@graph":[{"@type":"WebPage","@id":"https:\/\/www.my-watchsite.fr\/blog\/tag-heuer-baselworld-2015-du-nouveau-sur-la-future-montre-connectee-n777\/","url":"https:\/\/www.my-watchsite.fr\/blog\/tag-heuer-baselworld-2015-du-nouveau-sur-la-future-montre-connectee-n777\/","name":"TAG Heuer Baselworld 2015 : Du nouveau sur la future montre connect\u00e9e","isPartOf":{"@id":"https:\/\/www.my-watchsite.fr\/blog\/#website"},"datePublished":"2015-03-18T23:00:00+00:00","dateModified":"2021-09-06T15:05:36+00:00","author":{"@id":"https:\/\/www.my-watchsite.fr\/blog\/#\/schema\/person\/67e19b3e3d014465042ff1be1c9fcf44"},"description":"Cet effort commun marque une nouvelle \u00e8re de collaboration entre les fabricants de montres suisses et la Silicon Valley : la montre connect\u00e9e","breadcrumb":{"@id":"https:\/\/www.my-watchsite.fr\/blog\/tag-heuer-baselworld-2015-du-nouveau-sur-la-future-montre-connectee-n777\/#breadcrumb"},"inLanguage":"fr-FR","potentialAction":[{"@type":"ReadAction","target":["https:\/\/www.my-watchsite.fr\/blog\/tag-heuer-baselworld-2015-du-nouveau-sur-la-future-montre-connectee-n777\/"]}]},{"@type":"BreadcrumbList","@id":"https:\/\/www.my-watchsite.fr\/blog\/tag-heuer-baselworld-2015-du-nouveau-sur-la-future-montre-connectee-n777\/#breadcrumb","itemListElement":[{"@type":"ListItem","position":1,"name":"Accueil","item":"https:\/\/www.my-watchsite.fr\/blog\/"},{"@type":"ListItem","position":2,"name":"TAG Heuer Baselworld 2015 : Du nouveau sur la future montre connect\u00e9e"}]},{"@type":"WebSite","@id":"https:\/\/www.my-watchsite.fr\/blog\/#website","url":"https:\/\/www.my-watchsite.fr\/blog\/","name":"MyWatch FR","description":"Make Time a Lifestyle","potentialAction":[{"@type":"SearchAction","target":{"@type":"EntryPoint","urlTemplate":"https:\/\/www.my-watchsite.fr\/blog\/?s={search_term_string}"},"query-input":"required name=search_term_string"}],"inLanguage":"fr-FR"},{"@type":"Person","@id":"https:\/\/www.my-watchsite.fr\/blog\/#\/schema\/person\/67e19b3e3d014465042ff1be1c9fcf44","name":"MyWatch","image":{"@type":"ImageObject","inLanguage":"fr-FR","@id":"https:\/\/www.my-watchsite.fr\/blog\/#\/schema\/person\/image\/","url":"https:\/\/secure.gravatar.com\/avatar\/e52d1e94806c54826c863f554ca1dd2a?s=96&d=mm&r=g","contentUrl":"https:\/\/secure.gravatar.com\/avatar\/e52d1e94806c54826c863f554ca1dd2a?s=96&d=mm&r=g","caption":"MyWatch"},"sameAs":["https:\/\/www.my-watchsite.fr\/blog"]}]}},"_links":{"self":[{"href":"https:\/\/www.my-watchsite.fr\/blog\/wp-json\/wp\/v2\/posts\/3566"}],"collection":[{"href":"https:\/\/www.my-watchsite.fr\/blog\/wp-json\/wp\/v2\/posts"}],"about":[{"href":"https:\/\/www.my-watchsite.fr\/blog\/wp-json\/wp\/v2\/types\/post"}],"author":[{"embeddable":true,"href":"https:\/\/www.my-watchsite.fr\/blog\/wp-json\/wp\/v2\/users\/1"}],"replies":[{"embeddable":true,"href":"https:\/\/www.my-watchsite.fr\/blog\/wp-json\/wp\/v2\/comments?post=3566"}],"version-history":[{"count":2,"href":"https:\/\/www.my-watchsite.fr\/blog\/wp-json\/wp\/v2\/posts\/3566\/revisions"}],"predecessor-version":[{"id":15781,"href":"https:\/\/www.my-watchsite.fr\/blog\/wp-json\/wp\/v2\/posts\/3566\/revisions\/15781"}],"wp:featuredmedia":[{"embeddable":true,"href":"https:\/\/www.my-watchsite.fr\/blog\/wp-json\/wp\/v2\/media\/3569"}],"wp:attachment":[{"href":"https:\/\/www.my-watchsite.fr\/blog\/wp-json\/wp\/v2\/media?parent=3566"}],"wp:term":[{"taxonomy":"category","embeddable":true,"href":"https:\/\/www.my-watchsite.fr\/blog\/wp-json\/wp\/v2\/categories?post=3566"},{"taxonomy":"post_tag","embeddable":true,"href":"https:\/\/www.my-watchsite.fr\/blog\/wp-json\/wp\/v2\/tags?post=3566"}],"curies":[{"name":"wp","href":"https:\/\/api.w.org\/{rel}","templated":true}]}}