{"id":38166,"date":"2024-10-24T17:13:36","date_gmt":"2024-10-24T15:13:36","guid":{"rendered":"https:\/\/www.my-watchsite.fr\/blog\/?p=38166"},"modified":"2024-10-24T17:44:36","modified_gmt":"2024-10-24T15:44:36","slug":"seiko-prospex-alpinist-une-montre-au-sommet","status":"publish","type":"post","link":"https:\/\/www.my-watchsite.fr\/blog\/seiko-prospex-alpinist-une-montre-au-sommet\/","title":{"rendered":"Seiko Prospex Alpinist : une montre au sommet !"},"content":{"rendered":"\n<figure class=\"wp-block-embed is-type-video is-provider-youtube wp-block-embed-youtube wp-embed-aspect-16-9 wp-has-aspect-ratio\"><div class=\"wp-block-embed__wrapper\">\n<iframe loading=\"lazy\" title=\"Une montre test\u00e9e en live au Japon et la visite guid\u00e9e d&#039;un mus\u00e9e... EXCEPTIONNEL !\" width=\"500\" height=\"281\" src=\"https:\/\/www.youtube.com\/embed\/COcF-VyUVQA?feature=oembed\" frameborder=\"0\" allow=\"accelerometer; autoplay; clipboard-write; encrypted-media; gyroscope; picture-in-picture; web-share\" referrerpolicy=\"strict-origin-when-cross-origin\" allowfullscreen><\/iframe>\n<\/div><\/figure>\n\n\n\n<h2 class=\"wp-block-heading\"><strong>L\u2019histoire de la \u00ab&nbsp;Green Alpinist&nbsp;\u00bb<\/strong><\/h2>\n\n\n\n<p>Cr\u00e9\u00e9e en 1995 par Shigeo Sakai, designer chez Seiko depuis 1975, la montre Alpinist au cadran vert, baptis\u00e9e la \u00ab&nbsp;Green Alpinist&nbsp;\u00bb s\u2019inspire d&rsquo;une pi\u00e8ce sortie en 1959, pens\u00e9e pour r\u00e9pondre aux attentes des alpinistes et des adeptes de sport en plein air. L\u2019anecdote raconte que la Mini Rover que conduisait Sakai \u00e0 l\u2019\u00e9poque \u00e9tait de couleur vert amande. <\/p>\n\n\n\n<figure class=\"wp-block-image size-full\"><img decoding=\"async\" width=\"900\" height=\"560\" loading=\"lazy\" src=\"https:\/\/www.my-watchsite.fr\/blog\/wp-content\/uploads\/2024\/10\/sakai-alpinist2.jpg\" alt=\"\" class=\"wp-image-38187\" \/><\/figure>\n\n\n\n<p>Sujette \u00e0 de multiples questionnements au sein des ateliers de la Maison, la teinte du cadran fut alors toute trouv\u00e9e&nbsp;! Un brin britannique, la pi\u00e8ce associ\u00e9e \u00e0 un bracelet en cuir marron s\u2019impose alors par son allure r\u00e9tro. 2006, marque une nouvelle \u00e9tape pour ce mod\u00e8le qui conna\u00eet alors un certain succ\u00e8s. Arriv\u00e9e en 1981 au sein de la marque nippone, Yasuhiro Kuzuya propose une nouvelle interpr\u00e9tation de la pi\u00e8ce qui, naturellement, lui redessine un cadran vert. Non pas en r\u00e9f\u00e9rence \u00e0 la voiture de Sakai mais \u00e0 la couleur du logo d\u2019un fabricant de mat\u00e9riels de p\u00eache. En effet Kuzuya \u00e9tait un passionn\u00e9 de p\u00eache \u00e0 la mouche.<\/p>\n\n\n\n<figure class=\"wp-block-image size-full\"><img decoding=\"async\" width=\"900\" height=\"560\" loading=\"lazy\" src=\"https:\/\/www.my-watchsite.fr\/blog\/wp-content\/uploads\/2024\/10\/sakai-alpinist.jpg\" alt=\"\" class=\"wp-image-38186\" \/><\/figure>\n\n\n\n<h2 class=\"wp-block-heading\"><strong>Prospex Alpinist Automatique 3 aiguilles &#8211; SPB121J1<\/strong><\/h2>\n\n\n\n<p>C\u2019est en 2020 que l\u2019embl\u00e9matique Seiko Alpinist est introduite dans la collection Prospex, une appartenance caract\u00e9ris\u00e9e par le \u00ab&nbsp;X&nbsp;\u00bb pr\u00e9sent sur le cadran. <\/p>\n\n\n\n<figure class=\"wp-block-image size-full is-resized\"><img decoding=\"async\" width=\"900\" height=\"1450\" loading=\"lazy\" src=\"https:\/\/www.my-watchsite.fr\/blog\/wp-content\/uploads\/2024\/10\/seiko1.jpg\" alt=\"\" class=\"wp-image-38168\" style=\"aspect-ratio:0.6206896551724138;width:600px;height:auto\" \/><figcaption class=\"wp-element-caption\"><strong>Prospex Alpinist Automatique 3 aiguilles &#8211; SPB121J1<\/strong><\/figcaption><\/figure>\n\n\n\n<p>Un cadran vert soleill\u00e9, un bracelet en cuir marron, des aiguilles de type cath\u00e9drale, des index et des chiffres dor\u00e9s, loupe sur la date \u00e0 3 heures, tous les \u00e9l\u00e9ments du mod\u00e8le originel sont au rendez-vous. \u00c9tanche jusqu\u2019\u00e0 200 m\u00e8tres, la Prospex Alpinist Automatique 3 aiguilles poss\u00e8de un bo\u00eetier de 39,5 mm en acier. <\/p>\n\n\n\n<figure class=\"wp-block-image size-full\"><img decoding=\"async\" width=\"900\" height=\"560\" loading=\"lazy\" src=\"https:\/\/www.my-watchsite.fr\/blog\/wp-content\/uploads\/2024\/10\/seiko2-2.jpg\" alt=\"\" class=\"wp-image-38270\" \/><\/figure>\n\n\n\n<p>Elle est \u00e9galement \u00e9quip\u00e9e d\u2019une lunette interne de boussole sur le pourtour du cadran r\u00e9glable par une couronne \u00e0 4 heures, qui demande une certaine dext\u00e9rit\u00e9 pour le r\u00e9glage. Explications&nbsp;:<\/p>\n\n\n\n<figure class=\"wp-block-pullquote has-medium-font-size\"><blockquote><p><strong>Dans l\u2019h\u00e9misph\u00e8re septentrional<\/strong><br>1 \/ Tout en maintenant le cadran de la montre \u00e0 plat, dirigez l&rsquo;aiguille des heures vers le soleil.<br>2 \/ R\u00e9glez le \u00ab\u00a0S\u00a0\u00bb (Sud) de la lunette de boussole rotative au point central de l&rsquo;arc entre le rep\u00e8re de 12 heures et l&rsquo;\u00e9chelle de temps indiqu\u00e9e par l&rsquo;aiguille des heures.<br>Les marques de direction sur la boussole rotative indiquent les directions correspondantes.<br><br><strong>Dans l\u2019h\u00e9misph\u00e8re austral<\/strong><br>1\/ Tout en maintenant le cadran de la montre \u00e0 plat, dirigez le rep\u00e8re de 12 heures vers le soleil.<br>2 \/ R\u00e9glez le \u00ab\u00a0N\u00a0\u00bb (Nord) de la lunette de boussole rotative au point central de l&rsquo;arc entre le rep\u00e8re de 12 heures et l&rsquo;\u00e9chelle de temps indiqu\u00e9e par l&rsquo;aiguille des heures.<br>Les marques de direction sur la boussole rotative indiquent les directions correspondantes.<\/p><\/blockquote><\/figure>\n\n\n\n<figure class=\"wp-block-image size-full\"><img decoding=\"async\" width=\"900\" height=\"560\" loading=\"lazy\" src=\"https:\/\/www.my-watchsite.fr\/blog\/wp-content\/uploads\/2024\/10\/boussole.jpg\" alt=\"\" class=\"wp-image-38207\" \/><\/figure>\n\n\n\n<p><strong>780 euros<\/strong><\/p>\n\n\n\n<p>Consulter les d\u00e9tails techniques de la <a href=\"https:\/\/www.seikowatches.com\/fr-fr\/products\/prospex\/spb121j1\" target=\"_blank\" rel=\"noreferrer noopener\">Seiko Prospex \u00ab\u00a0Alpinist\u00a0\u00bb Automatique 3 aiguilles &#8211; SPB121J1.<\/a><\/p>\n\n\n\n<h2 class=\"wp-block-heading\"><strong>Prospex Alpinist GMT &#8211; Exclu Boutique &#8211; SBEJ005<\/strong><\/h2>\n\n\n\n<figure class=\"wp-block-image size-full\"><img decoding=\"async\" width=\"900\" height=\"560\" loading=\"lazy\" src=\"https:\/\/www.my-watchsite.fr\/blog\/wp-content\/uploads\/2024\/10\/seiko1-1.jpg\" alt=\"\" class=\"wp-image-38268\" \/><figcaption class=\"wp-element-caption\"><strong>Prospex Alpinist GMT &#8211; Exclu Boutique<\/strong> et le mod\u00e8le 3 aiguilles<\/figcaption><\/figure>\n\n\n\n<p>Initialement uniquement destin\u00e9e au march\u00e9 japonais, cette nouvelle Prospex Alpinist GMT est disponible \u00e0 seulement 50 exemplaires que les boutiques Seiko en France ont r\u00e9ussi \u00e0 se procurer. Alors attention, il n\u2019y en aura pas pour tout le monde&nbsp;! Pour les d\u00e9tails techniques, elle pr\u00e9sente les m\u00eames caract\u00e9ristiques que ces cons\u0153urs pr\u00e9sent\u00e9es ci-dessous et arbore les combinaisons de couleurs des pi\u00e8ces de 2020 et d\u2019origine&nbsp;: vert, marron et dor\u00e9.<\/p>\n\n\n\n<figure class=\"wp-block-image size-full\"><img decoding=\"async\" width=\"900\" height=\"560\" loading=\"lazy\" src=\"https:\/\/www.my-watchsite.fr\/blog\/wp-content\/uploads\/2024\/10\/seiko10.jpg\" alt=\"\" class=\"wp-image-38181\" \/><figcaption class=\"wp-element-caption\"><strong>Prospex Alpinist GMT &#8211; Exclu Boutique &#8211; SBEJ005<\/strong><\/figcaption><\/figure>\n\n\n\n<p><strong>1 200 euros &#8211; 50 exemplaires destin\u00e9s au march\u00e9 fran\u00e7ais<\/strong><\/p>\n\n\n\n<h2 class=\"wp-block-heading\"><strong>Prospex Alpinist GMT &#8211; SPB377 et SPB379<\/strong><\/h2>\n\n\n\n<figure class=\"wp-block-image size-full\"><img decoding=\"async\" width=\"900\" height=\"560\" loading=\"lazy\" src=\"https:\/\/www.my-watchsite.fr\/blog\/wp-content\/uploads\/2024\/10\/seiko5-1.jpg\" alt=\"\" class=\"wp-image-38266\" \/><\/figure>\n\n\n\n<p>Le vert a disparu des cadrans avec ses deux r\u00e9f\u00e9rences en acier de 39,5 mm d\u00e9voil\u00e9es en 2023. Le bleu et le noir sont d\u00e9sormais de rigueur et la fonction GMT aussi d\u2019ailleurs. <\/p>\n\n\n\n<figure class=\"wp-block-gallery has-nested-images columns-default is-cropped wp-block-gallery-1 is-layout-flex wp-block-gallery-is-layout-flex\">\n<figure class=\"wp-block-image size-large\"><img decoding=\"async\" width=\"900\" height=\"1450\" loading=\"lazy\" data-id=\"38173\" src=\"https:\/\/www.my-watchsite.fr\/blog\/wp-content\/uploads\/2024\/10\/seiko2-1.jpg\" alt=\"\" class=\"wp-image-38173\" \/><\/figure>\n\n\n\n<figure class=\"wp-block-image size-large\"><img decoding=\"async\" width=\"900\" height=\"1450\" loading=\"lazy\" data-id=\"38174\" src=\"https:\/\/www.my-watchsite.fr\/blog\/wp-content\/uploads\/2024\/10\/seiko5.jpg\" alt=\"\" class=\"wp-image-38174\" \/><\/figure>\n<figcaption class=\"blocks-gallery-caption wp-element-caption\"><strong>Prospex Alpinist GMT &#8211; SPB377 et SPB379<\/strong><\/figcaption><\/figure>\n\n\n\n<p>L\u2019affichage 24 heures sur la lunette et l\u2019aiguille 24 heures \u00e0 la pointe fl\u00e8che rouge assurent la lecture du second fuseau horaire. La lisibilit\u00e9 des informations est aussi accentu\u00e9e par la pr\u00e9sence, sur les aiguilles des heures et des secondes ainsi que sur les index, de Lumibrite, une mati\u00e8re luminescente d\u00e9velopp\u00e9e par Seiko (lire l\u2019article \u00ab&nbsp;<a href=\"https:\/\/www.my-watchsite.fr\/blog\/et-la-lumiere-fut\/\" target=\"_blank\" rel=\"noreferrer noopener\">Des montres compl\u00e8tement illumin\u00e9es<\/a>&nbsp;\u00bb et voir l\u2019\u00e9mission \u00ab&nbsp;<a href=\"https:\/\/youtu.be\/ukYhfkB7eJ4\" target=\"_blank\" rel=\"noreferrer noopener\">5 montres luminovesques<\/a>&nbsp;\u00bb). <\/p>\n\n\n\n<figure class=\"wp-block-image size-full\"><img decoding=\"async\" width=\"900\" height=\"560\" loading=\"lazy\" src=\"https:\/\/www.my-watchsite.fr\/blog\/wp-content\/uploads\/2024\/10\/seiko3.jpg\" alt=\"\" class=\"wp-image-38265\" \/><\/figure>\n\n\n\n<p>Rehauss\u00e9 d\u2019une lunette interne de boussole, le cadran est contrast\u00e9 d\u2019aiguilles cath\u00e9drale et d\u2019une date discr\u00e8te plac\u00e9e entre 4 h et 5 h. Visible \u00e0 travers un fond transparent, le calibre automatique 6R54 offre environ 72 heures de r\u00e9serve de marche.<\/p>\n\n\n\n<figure class=\"wp-block-image size-full\"><img decoding=\"async\" width=\"900\" height=\"900\" loading=\"lazy\" src=\"https:\/\/www.my-watchsite.fr\/blog\/wp-content\/uploads\/2024\/10\/seiko8.jpg\" alt=\"\" class=\"wp-image-38178\" \/><figcaption class=\"wp-element-caption\">Le calibre automatique 6R54 est dot\u00e9 d&rsquo;une masse oscillante dor\u00e9e visible \u00e0 travers un fond transparent.<\/figcaption><\/figure>\n\n\n\n<p><strong>1 200 euros<\/strong><\/p>\n\n\n\n<p>Consulter les d\u00e9tails techniques des montres Seiko Prospex Alpinist GMT &#8211; <a href=\"https:\/\/www.seikowatches.com\/fr-fr\/products\/prospex\/spb377j1\">SPB377<\/a> et <a href=\"https:\/\/www.seikoboutique.eu\/fr\/fr\/prospex\/2885-montre-homme-prospex-automatique-alpinist-cadran-noir-aiguille-gmt-spb379j1.html\" target=\"_blank\" rel=\"noreferrer noopener\">SPB379<\/a>.<\/p>\n\n\n\n<p><\/p>\n\n\n\n<h2 class=\"wp-block-heading has-text-align-center\"><strong>LE MUS\u00c9E SEIKO GINZA EN IMAGES<\/strong><\/h2>\n\n\n\n<figure class=\"wp-block-image size-full\"><img decoding=\"async\" width=\"900\" height=\"1450\" loading=\"lazy\" src=\"https:\/\/www.my-watchsite.fr\/blog\/wp-content\/uploads\/2024\/10\/seiko-etienne.jpg\" alt=\"\" class=\"wp-image-38272\" \/><figcaption class=\"wp-element-caption\">\u00c9tienne au mus\u00e9e Seiko Ginza \u00e0 Tokyo : suivez le guide sur la cha\u00eene Frank sans C&#8230;<\/figcaption><\/figure>\n\n\n\n<div class=\"wp-block-cb-carousel\" data-slick=\"{&quot;slidesToShow&quot;:2,&quot;slidesToScroll&quot;:1,&quot;speed&quot;:300,&quot;arrows&quot;:true,&quot;dots&quot;:true,&quot;autoplay&quot;:false,&quot;autoplaySpeed&quot;:3000,&quot;infinite&quot;:false,&quot;responsive&quot;:[{&quot;breakpoint&quot;:769,&quot;settings&quot;:{&quot;slidesToShow&quot;:1,&quot;slidesToScroll&quot;:1}}]}\">\n<div class=\"wp-block-cb-slide\">\n<figure class=\"wp-block-image size-full\"><img decoding=\"async\" width=\"900\" height=\"1450\" loading=\"lazy\" src=\"https:\/\/www.my-watchsite.fr\/blog\/wp-content\/uploads\/2024\/10\/musee2-1.jpg\" alt=\"\" class=\"wp-image-38295\" \/><figcaption class=\"wp-element-caption\">Pendule pr\u00e9sente dans la vitrine du Mus\u00e9e Seiko Ginza<\/figcaption><\/figure>\n<\/div>\n\n\n\n<div class=\"wp-block-cb-slide\">\n<figure class=\"wp-block-image size-full\"><img decoding=\"async\" width=\"900\" height=\"1450\" loading=\"lazy\" src=\"https:\/\/www.my-watchsite.fr\/blog\/wp-content\/uploads\/2024\/10\/musee1-1.jpg\" alt=\"\" class=\"wp-image-38296\" style=\"aspect-ratio:0.6206896551724138;object-fit:cover\" \/><figcaption class=\"wp-element-caption\">Vestiges des montres de poche br\u00fbl\u00e9es lors du tremblement de terre de 1923<\/figcaption><\/figure>\n\n\n\n<p><\/p>\n<\/div>\n\n\n\n<div class=\"wp-block-cb-slide\">\n<figure class=\"wp-block-image size-full\"><img decoding=\"async\" width=\"900\" height=\"1450\" loading=\"lazy\" src=\"https:\/\/www.my-watchsite.fr\/blog\/wp-content\/uploads\/2024\/10\/musee4-2.jpg\" alt=\"\" class=\"wp-image-38298\" \/><figcaption class=\"wp-element-caption\">Premi\u00e8re montre de poche pour les conducteurs de train japonais<\/figcaption><\/figure>\n<\/div>\n\n\n\n<div class=\"wp-block-cb-slide\">\n<figure class=\"wp-block-image size-full\"><img decoding=\"async\" width=\"900\" height=\"1450\" loading=\"lazy\" src=\"https:\/\/www.my-watchsite.fr\/blog\/wp-content\/uploads\/2024\/10\/musee3-1.jpg\" alt=\"\" class=\"wp-image-38299\" \/><figcaption class=\"wp-element-caption\">L&rsquo;univers fantaisiste des horloges Seiko<\/figcaption><\/figure>\n<\/div>\n\n\n\n<div class=\"wp-block-cb-slide\">\n<figure class=\"wp-block-image size-full\"><img decoding=\"async\" width=\"900\" height=\"1450\" loading=\"lazy\" src=\"https:\/\/www.my-watchsite.fr\/blog\/wp-content\/uploads\/2024\/10\/musee6-1.jpg\" alt=\"\" class=\"wp-image-38301\" \/><figcaption class=\"wp-element-caption\">Seiko et le chronom\u00e9trage<\/figcaption><\/figure>\n<\/div>\n\n\n\n<div class=\"wp-block-cb-slide\">\n<figure class=\"wp-block-image size-full is-resized\"><img decoding=\"async\" width=\"900\" height=\"1450\" loading=\"lazy\" src=\"https:\/\/www.my-watchsite.fr\/blog\/wp-content\/uploads\/2024\/10\/musee7-1.jpg\" alt=\"\" class=\"wp-image-38302\" style=\"aspect-ratio:0.6206896551724138;width:282px;height:auto\" \/><figcaption class=\"wp-element-caption\">Seiko quartz Astron : premi\u00e8re montre \u00e0 quartz du monde (1969) <\/figcaption><\/figure>\n<\/div>\n\n\n\n<div class=\"wp-block-cb-slide\">\n<figure class=\"wp-block-image size-full\"><img decoding=\"async\" width=\"900\" height=\"1450\" loading=\"lazy\" src=\"https:\/\/www.my-watchsite.fr\/blog\/wp-content\/uploads\/2024\/10\/musee9-1.jpg\" alt=\"\" class=\"wp-image-38303\" \/><figcaption class=\"wp-element-caption\">Vitrine compos\u00e9e d&rsquo;une centaine de montres Grand Seiko<\/figcaption><\/figure>\n<\/div>\n\n\n\n<div class=\"wp-block-cb-slide\">\n<figure class=\"wp-block-image size-full\"><img decoding=\"async\" width=\"900\" height=\"1450\" loading=\"lazy\" src=\"https:\/\/www.my-watchsite.fr\/blog\/wp-content\/uploads\/2024\/10\/musee10-1.jpg\" alt=\"\" class=\"wp-image-38304\" \/><figcaption class=\"wp-element-caption\">R\u00e9veils vintage<\/figcaption><\/figure>\n<\/div>\n\n\n\n<div class=\"wp-block-cb-slide\">\n<figure class=\"wp-block-image size-full\"><img decoding=\"async\" width=\"900\" height=\"1450\" loading=\"lazy\" src=\"https:\/\/www.my-watchsite.fr\/blog\/wp-content\/uploads\/2024\/10\/musee8-1.jpg\" alt=\"\" class=\"wp-image-38305\" \/><figcaption class=\"wp-element-caption\">Chronom\u00e8tre destin\u00e9 aux Jeux Olympiques de Tokyo de 1964<\/figcaption><\/figure>\n<\/div>\n\n\n\n<div class=\"wp-block-cb-slide\">\n<figure class=\"wp-block-image size-full\"><img decoding=\"async\" width=\"900\" height=\"1450\" loading=\"lazy\" src=\"https:\/\/www.my-watchsite.fr\/blog\/wp-content\/uploads\/2024\/10\/seikomusee1.jpg\" alt=\"\" class=\"wp-image-38357\" \/><figcaption class=\"wp-element-caption\">Record du monde de la plus petite t\u00e9l\u00e9 au monde inscrite au Guinness des Records (1982)<\/figcaption><\/figure>\n<\/div>\n<\/div>\n\n\n\n<p><strong><a href=\"https:\/\/museum.seiko.co.jp\/en\/\" target=\"_blank\" rel=\"noreferrer noopener\">MUS\u00c9E SEIKO GINZA<\/a> &#8211; 4 Chome-3-13 Ginza, Chuo City, Tokyo 104-0061, Japon<\/strong><\/p>\n\n\n\n<p><a href=\"https:\/\/www.seikoboutique.eu\/fr\/fr\/\" target=\"_blank\" rel=\"noreferrer noopener\">LE SITE DES MONTRES SEIKO<\/a><\/p>\n\n\n\n<p><strong>\u00c0 voir aussi :<\/strong><\/p>\n\n\n\n<figure class=\"wp-block-embed is-type-video is-provider-youtube wp-block-embed-youtube wp-embed-aspect-16-9 wp-has-aspect-ratio\"><div class=\"wp-block-embed__wrapper\">\n<iframe loading=\"lazy\" title=\"Ph\u00e9nom\u00e8ne horloger : \u00e9l\u00e9mentaire mon cher Seiko !\" width=\"500\" height=\"281\" src=\"https:\/\/www.youtube.com\/embed\/A9Jj__k5TnI?feature=oembed\" frameborder=\"0\" allow=\"accelerometer; autoplay; clipboard-write; encrypted-media; gyroscope; picture-in-picture; web-share\" referrerpolicy=\"strict-origin-when-cross-origin\" allowfullscreen><\/iframe>\n<\/div><\/figure>\n\n\n\n<figure class=\"wp-block-embed is-type-video is-provider-youtube wp-block-embed-youtube wp-embed-aspect-16-9 wp-has-aspect-ratio\"><div class=\"wp-block-embed__wrapper\">\n<iframe loading=\"lazy\" title=\"Seiko Prospex Alpinist PV\" width=\"500\" height=\"281\" src=\"https:\/\/www.youtube.com\/embed\/dQ9xtskMvZk?feature=oembed\" frameborder=\"0\" allow=\"accelerometer; autoplay; clipboard-write; encrypted-media; gyroscope; picture-in-picture; web-share\" referrerpolicy=\"strict-origin-when-cross-origin\" allowfullscreen><\/iframe>\n<\/div><\/figure>\n","protected":false},"excerpt":{"rendered":"<p>En 2020, la montre Seiko Alpinist vient \u00e9toffer la collection Prospex de la maison horlog\u00e8re nippone. Fid\u00e8les aux codes esth\u00e9tiques du mod\u00e8le originel, les pi\u00e8ces de la ligne se veulent empreintes d\u2019un design \u00e9l\u00e9gant \u00e0 l\u2019allure vintage \u00e0 l\u2019image des r\u00e9f\u00e9rences pr\u00e9sent\u00e9es par Frank Sans C. Une belle occasion \u00e9galement d\u2019introduire la visite priv\u00e9e d\u2019\u00c9tienne en immersion au mus\u00e9e Seiko \u00e0 Tokyo pour c\u00e9l\u00e9brer les 100 ans de la marque.<\/p>\n","protected":false},"author":3,"featured_media":38263,"comment_status":"closed","ping_status":"closed","sticky":false,"template":"","format":"standard","meta":{"footnotes":""},"categories":[2],"tags":[769,770,76],"acf":[],"yoast_head":"<!-- This site is optimized with the Yoast SEO plugin v20.4 - https:\/\/yoast.com\/wordpress\/plugins\/seo\/ -->\n<title>Seiko Prospex Alpinist : une montre au sommet ! - MyWatch FR<\/title>\n<meta name=\"description\" content=\"La montre Seiko Prospex Alpinist sur le plateau de Frank Sans C avec Etienne en visite au Mus\u00e9e Seiko Ginza.\" \/>\n<meta name=\"robots\" content=\"index, follow, max-snippet:-1, max-image-preview:large, max-video-preview:-1\" \/>\n<link rel=\"canonical\" href=\"https:\/\/www.my-watchsite.fr\/blog\/seiko-prospex-alpinist-une-montre-au-sommet\/\" \/>\n<meta property=\"og:locale\" content=\"fr_FR\" \/>\n<meta property=\"og:type\" content=\"article\" \/>\n<meta property=\"og:title\" content=\"Seiko Prospex Alpinist : une montre au sommet ! - MyWatch FR\" \/>\n<meta property=\"og:description\" content=\"La montre Seiko Prospex Alpinist sur le plateau de Frank Sans C avec Etienne en visite au Mus\u00e9e Seiko Ginza.\" \/>\n<meta property=\"og:url\" content=\"https:\/\/www.my-watchsite.fr\/blog\/seiko-prospex-alpinist-une-montre-au-sommet\/\" \/>\n<meta property=\"og:site_name\" content=\"MyWatch FR\" \/>\n<meta property=\"article:publisher\" content=\"https:\/\/www.facebook.com\/mywatchsite\/\" \/>\n<meta property=\"article:published_time\" content=\"2024-10-24T15:13:36+00:00\" \/>\n<meta property=\"article:modified_time\" content=\"2024-10-24T15:44:36+00:00\" \/>\n<meta property=\"og:image\" content=\"https:\/\/www.my-watchsite.fr\/blog\/wp-content\/uploads\/2024\/10\/seikohp.jpg\" \/>\n\t<meta property=\"og:image:width\" content=\"750\" \/>\n\t<meta property=\"og:image:height\" content=\"465\" \/>\n\t<meta property=\"og:image:type\" content=\"image\/jpeg\" \/>\n<meta name=\"author\" content=\"Chlo\u00e9 Redler\" \/>\n<meta name=\"twitter:card\" content=\"summary_large_image\" \/>\n<meta name=\"twitter:creator\" content=\"@mywatchsite\" \/>\n<meta name=\"twitter:site\" content=\"@mywatchsite\" \/>\n<meta name=\"twitter:label1\" content=\"\u00c9crit par\" \/>\n\t<meta name=\"twitter:data1\" content=\"Chlo\u00e9 Redler\" \/>\n\t<meta name=\"twitter:label2\" content=\"Dur\u00e9e de lecture estim\u00e9e\" \/>\n\t<meta name=\"twitter:data2\" content=\"9 minutes\" \/>\n<script type=\"application\/ld+json\" class=\"yoast-schema-graph\">{\"@context\":\"https:\/\/schema.org\",\"@graph\":[{\"@type\":\"WebPage\",\"@id\":\"https:\/\/www.my-watchsite.fr\/blog\/seiko-prospex-alpinist-une-montre-au-sommet\/\",\"url\":\"https:\/\/www.my-watchsite.fr\/blog\/seiko-prospex-alpinist-une-montre-au-sommet\/\",\"name\":\"Seiko Prospex Alpinist : une montre au sommet ! - MyWatch FR\",\"isPartOf\":{\"@id\":\"https:\/\/www.my-watchsite.fr\/blog\/#website\"},\"datePublished\":\"2024-10-24T15:13:36+00:00\",\"dateModified\":\"2024-10-24T15:44:36+00:00\",\"author\":{\"@id\":\"https:\/\/www.my-watchsite.fr\/blog\/#\/schema\/person\/d0a71aaf376997c19bcc32876032e616\"},\"description\":\"La montre Seiko Prospex Alpinist sur le plateau de Frank Sans C avec Etienne en visite au Mus\u00e9e Seiko Ginza.\",\"breadcrumb\":{\"@id\":\"https:\/\/www.my-watchsite.fr\/blog\/seiko-prospex-alpinist-une-montre-au-sommet\/#breadcrumb\"},\"inLanguage\":\"fr-FR\",\"potentialAction\":[{\"@type\":\"ReadAction\",\"target\":[\"https:\/\/www.my-watchsite.fr\/blog\/seiko-prospex-alpinist-une-montre-au-sommet\/\"]}]},{\"@type\":\"BreadcrumbList\",\"@id\":\"https:\/\/www.my-watchsite.fr\/blog\/seiko-prospex-alpinist-une-montre-au-sommet\/#breadcrumb\",\"itemListElement\":[{\"@type\":\"ListItem\",\"position\":1,\"name\":\"Accueil\",\"item\":\"https:\/\/www.my-watchsite.fr\/blog\/\"},{\"@type\":\"ListItem\",\"position\":2,\"name\":\"Seiko Prospex Alpinist : une montre au sommet !\"}]},{\"@type\":\"WebSite\",\"@id\":\"https:\/\/www.my-watchsite.fr\/blog\/#website\",\"url\":\"https:\/\/www.my-watchsite.fr\/blog\/\",\"name\":\"MyWatch FR\",\"description\":\"Make Time a Lifestyle\",\"potentialAction\":[{\"@type\":\"SearchAction\",\"target\":{\"@type\":\"EntryPoint\",\"urlTemplate\":\"https:\/\/www.my-watchsite.fr\/blog\/?s={search_term_string}\"},\"query-input\":\"required name=search_term_string\"}],\"inLanguage\":\"fr-FR\"},{\"@type\":\"Person\",\"@id\":\"https:\/\/www.my-watchsite.fr\/blog\/#\/schema\/person\/d0a71aaf376997c19bcc32876032e616\",\"name\":\"Chlo\u00e9 Redler\",\"image\":{\"@type\":\"ImageObject\",\"inLanguage\":\"fr-FR\",\"@id\":\"https:\/\/www.my-watchsite.fr\/blog\/#\/schema\/person\/image\/\",\"url\":\"https:\/\/secure.gravatar.com\/avatar\/68b11128a6aeda527d5c85fdfe99d5ab?s=96&d=mm&r=g\",\"contentUrl\":\"https:\/\/secure.gravatar.com\/avatar\/68b11128a6aeda527d5c85fdfe99d5ab?s=96&d=mm&r=g\",\"caption\":\"Chlo\u00e9 Redler\"}}]}<\/script>\n<!-- \/ Yoast SEO plugin. -->","yoast_head_json":{"title":"Seiko Prospex Alpinist : une montre au sommet ! - MyWatch FR","description":"La montre Seiko Prospex Alpinist sur le plateau de Frank Sans C avec Etienne en visite au Mus\u00e9e Seiko Ginza.","robots":{"index":"index","follow":"follow","max-snippet":"max-snippet:-1","max-image-preview":"max-image-preview:large","max-video-preview":"max-video-preview:-1"},"canonical":"https:\/\/www.my-watchsite.fr\/blog\/seiko-prospex-alpinist-une-montre-au-sommet\/","og_locale":"fr_FR","og_type":"article","og_title":"Seiko Prospex Alpinist : une montre au sommet ! - MyWatch FR","og_description":"La montre Seiko Prospex Alpinist sur le plateau de Frank Sans C avec Etienne en visite au Mus\u00e9e Seiko Ginza.","og_url":"https:\/\/www.my-watchsite.fr\/blog\/seiko-prospex-alpinist-une-montre-au-sommet\/","og_site_name":"MyWatch FR","article_publisher":"https:\/\/www.facebook.com\/mywatchsite\/","article_published_time":"2024-10-24T15:13:36+00:00","article_modified_time":"2024-10-24T15:44:36+00:00","og_image":[{"width":750,"height":465,"url":"https:\/\/www.my-watchsite.fr\/blog\/wp-content\/uploads\/2024\/10\/seikohp.jpg","type":"image\/jpeg"}],"author":"Chlo\u00e9 Redler","twitter_card":"summary_large_image","twitter_creator":"@mywatchsite","twitter_site":"@mywatchsite","twitter_misc":{"\u00c9crit par":"Chlo\u00e9 Redler","Dur\u00e9e de lecture estim\u00e9e":"9 minutes"},"schema":{"@context":"https:\/\/schema.org","@graph":[{"@type":"WebPage","@id":"https:\/\/www.my-watchsite.fr\/blog\/seiko-prospex-alpinist-une-montre-au-sommet\/","url":"https:\/\/www.my-watchsite.fr\/blog\/seiko-prospex-alpinist-une-montre-au-sommet\/","name":"Seiko Prospex Alpinist : une montre au sommet ! - MyWatch FR","isPartOf":{"@id":"https:\/\/www.my-watchsite.fr\/blog\/#website"},"datePublished":"2024-10-24T15:13:36+00:00","dateModified":"2024-10-24T15:44:36+00:00","author":{"@id":"https:\/\/www.my-watchsite.fr\/blog\/#\/schema\/person\/d0a71aaf376997c19bcc32876032e616"},"description":"La montre Seiko Prospex Alpinist sur le plateau de Frank Sans C avec Etienne en visite au Mus\u00e9e Seiko Ginza.","breadcrumb":{"@id":"https:\/\/www.my-watchsite.fr\/blog\/seiko-prospex-alpinist-une-montre-au-sommet\/#breadcrumb"},"inLanguage":"fr-FR","potentialAction":[{"@type":"ReadAction","target":["https:\/\/www.my-watchsite.fr\/blog\/seiko-prospex-alpinist-une-montre-au-sommet\/"]}]},{"@type":"BreadcrumbList","@id":"https:\/\/www.my-watchsite.fr\/blog\/seiko-prospex-alpinist-une-montre-au-sommet\/#breadcrumb","itemListElement":[{"@type":"ListItem","position":1,"name":"Accueil","item":"https:\/\/www.my-watchsite.fr\/blog\/"},{"@type":"ListItem","position":2,"name":"Seiko Prospex Alpinist : une montre au sommet !"}]},{"@type":"WebSite","@id":"https:\/\/www.my-watchsite.fr\/blog\/#website","url":"https:\/\/www.my-watchsite.fr\/blog\/","name":"MyWatch FR","description":"Make Time a Lifestyle","potentialAction":[{"@type":"SearchAction","target":{"@type":"EntryPoint","urlTemplate":"https:\/\/www.my-watchsite.fr\/blog\/?s={search_term_string}"},"query-input":"required name=search_term_string"}],"inLanguage":"fr-FR"},{"@type":"Person","@id":"https:\/\/www.my-watchsite.fr\/blog\/#\/schema\/person\/d0a71aaf376997c19bcc32876032e616","name":"Chlo\u00e9 Redler","image":{"@type":"ImageObject","inLanguage":"fr-FR","@id":"https:\/\/www.my-watchsite.fr\/blog\/#\/schema\/person\/image\/","url":"https:\/\/secure.gravatar.com\/avatar\/68b11128a6aeda527d5c85fdfe99d5ab?s=96&d=mm&r=g","contentUrl":"https:\/\/secure.gravatar.com\/avatar\/68b11128a6aeda527d5c85fdfe99d5ab?s=96&d=mm&r=g","caption":"Chlo\u00e9 Redler"}}]}},"_links":{"self":[{"href":"https:\/\/www.my-watchsite.fr\/blog\/wp-json\/wp\/v2\/posts\/38166"}],"collection":[{"href":"https:\/\/www.my-watchsite.fr\/blog\/wp-json\/wp\/v2\/posts"}],"about":[{"href":"https:\/\/www.my-watchsite.fr\/blog\/wp-json\/wp\/v2\/types\/post"}],"author":[{"embeddable":true,"href":"https:\/\/www.my-watchsite.fr\/blog\/wp-json\/wp\/v2\/users\/3"}],"replies":[{"embeddable":true,"href":"https:\/\/www.my-watchsite.fr\/blog\/wp-json\/wp\/v2\/comments?post=38166"}],"version-history":[{"count":48,"href":"https:\/\/www.my-watchsite.fr\/blog\/wp-json\/wp\/v2\/posts\/38166\/revisions"}],"predecessor-version":[{"id":38443,"href":"https:\/\/www.my-watchsite.fr\/blog\/wp-json\/wp\/v2\/posts\/38166\/revisions\/38443"}],"wp:featuredmedia":[{"embeddable":true,"href":"https:\/\/www.my-watchsite.fr\/blog\/wp-json\/wp\/v2\/media\/38263"}],"wp:attachment":[{"href":"https:\/\/www.my-watchsite.fr\/blog\/wp-json\/wp\/v2\/media?parent=38166"}],"wp:term":[{"taxonomy":"category","embeddable":true,"href":"https:\/\/www.my-watchsite.fr\/blog\/wp-json\/wp\/v2\/categories?post=38166"},{"taxonomy":"post_tag","embeddable":true,"href":"https:\/\/www.my-watchsite.fr\/blog\/wp-json\/wp\/v2\/tags?post=38166"}],"curies":[{"name":"wp","href":"https:\/\/api.w.org\/{rel}","templated":true}]}}