{"id":3904,"date":"2015-06-12T00:00:00","date_gmt":"2015-06-11T22:00:00","guid":{"rendered":"https:\/\/www.my-watchsite.fr\/blog\/blog\/tag-heuer-a-fond-aux-24-heures-du-mans-n818\/"},"modified":"2021-09-06T12:53:50","modified_gmt":"2021-09-06T10:53:50","slug":"tag-heuer-a-fond-aux-24-heures-du-mans-n818","status":"publish","type":"post","link":"https:\/\/www.my-watchsite.fr\/blog\/tag-heuer-a-fond-aux-24-heures-du-mans-n818\/","title":{"rendered":"TAG Heuer \u00e0 fond aux 24 Heures du Mans"},"content":{"rendered":"<p>On pourrait dire que c\u2019est toute la famille TAG Heuer qui est au d\u00e9part de la plus mythique des courses automobiles d\u2019endurance : avec le Team Nissan NISMO et son incroyable bolide hybride en LMP1 (la cat\u00e9gorie-reine), au poignet de Patrick Dempsey avec son team Dempsey Racing en GTE am et avec ses deux \u00ab Friends of the Brand \u00bb, le chinois Ho-Pin Tung et l\u2019indien Karun Chandhock, tous les deux en LMP2.<\/p>\n<p>Rien de surprenant\u2026 Depuis les ann\u00e9es 70 avec Ferrari, et bien s\u00fbr Steve McQueen avec sa Monaco pour le film culte LE MANS, l\u2019histoire de TAG Heuer est intimement li\u00e9 \u00e0 celle du circuit, quasiment chaque ann\u00e9e, \u2026 et souvent sur le podium.<\/p>\n<p>2015, TAG Heuer s\u2019associe avec le ph\u00e9nom\u00e8ne Nissan GT-R LM NISMO : Design d\u2019Avant-Garde. Apr\u00e8s 16 ann\u00e9es d\u2019absence, Nissan revient avec une voiture r\u00e9volutionnaire, un d\u00e9fi technologique. Une voiture incroyable au design diff\u00e9rent, un monstre de plus de 1&rsquo;000 chevaux \u00e0 traction hybride avant \u00e9quip\u00e9e d\u2019un V6 3 litres Biturbo. La seule ainsi motoris\u00e9e en 2015 \u2013 toutes les autres sont des propulsions \u2013 du jamais vu depuis 1997.<\/p>\n<p>Un engin engag\u00e9 dans la cat\u00e9gorie-reine (LMP1) des gros prototypes, un concentr\u00e9 de technologie avec son syst\u00e8me r\u00e9cup\u00e9rateur d\u2019\u00e9nergie cin\u00e9tique, ultra exigeante en terme de mise au point. Trois exemplaires de la voiture sont engag\u00e9s avec 9 pilotes qui vont se relayer. Trois d\u2019entre eux, Lucas Ordonez, Jann Mardenborough et Mark Shulzhitskiy sont <br \/>issus de la Nissan Academy, cette \u00ab \u00e9cole \u00bb de pilotage qui recrute\u2026 \u00e0 partir d\u2019un jeu sur Playstation.<\/p>\n<p>Jean-Claude Biver, CEO de TAG Heuer et Pr\u00e9sident de la Division Montres du Groupe LVMH, explique : \u201cNous voulions de l\u2019innovation, de l\u2019audace, du courage pour revenir sur la piste du Mans ! Nissan NISMO est le challenger parfait, un pionnier quant \u00e0 la technologie de la voiture et quant \u00e0 son mode de communication en particulier vers les jeunes par leur pr\u00e9sence massive sur les r\u00e9seaux sociaux. Regardez cette voiture, elle est puissante, diff\u00e9rente, en rupture avec les autres. C\u2019est une belle illustration de notre campagne #DontCrackUnderPressure.\u201d<\/p>\n<p>Darren Cox, NISMO\u2019s Global Head of Brand, Marketing &amp; Sales a compl\u00e9t\u00e9 : \u00abNous sommes tr\u00e8s fiers d\u2019avoir \u00e9t\u00e9 choisi par TAG Heuer. La marque est synonyme d\u2019Avant-Garde et de succ\u00e8s au Mans, et nous ferons tout pour perp\u00e9tuer la tradition. C\u2019est super de les avoir \u00e0 bord.\u00bb<\/p>\n<p>LA MONTRE S\u00e9rie Sp\u00e9ciale TAG Heuer Carrera Calibre 16 Chronographe Day-Date \u00ab Nismo \u00bb : 43 mm, sportive \u2013 noire avec ses bandes anthracite et rouge sur le cadran &#8211; en titane microbill\u00e9 rev\u00eatu de carbure de titane qui a comme propri\u00e9t\u00e9 d\u2019\u00eatre extr\u00eamement r\u00e9sistant et plus l\u00e9ger que l\u2019acier. Cette montre est \u00e9quip\u00e9e du fameux calibre 16 r\u00e9put\u00e9 pour \u00eatre fiable et robuste. La lunette en c\u00e9ramique est inrayable, avec un tachym\u00e8tre pour la mesure de la vitesse moyenne. Glace saphir bomb\u00e9e avec double traitement anti reflets. Le fond est orn\u00e9 d\u2019une d\u00e9calque Nissan NISMO. Bracelet en alligator mat Soft Touch surpiqu\u00e9 rouge. Etanche \u00e0 100 m\u00e8tres.<\/p>\n<ul>\n<li><img decoding=\"async\" src=\"https:\/\/www.my-watchsite.fr\/blog\/wp-content\/uploads\/2020\/08\/818_3078.jpg\" alt=\"TAG Heuer - Nissan GT-RLM NISMO - Le Mans 2015\" \/><\/li>\n<li><img decoding=\"async\" src=\"https:\/\/www.my-watchsite.fr\/blog\/wp-content\/uploads\/2020\/08\/818_3079.jpg\" alt=\"TAG Heuer - Nissan GT-RLM NISMO - Le Mans 2015\" \/><\/li>\n<li><img decoding=\"async\" src=\"https:\/\/www.my-watchsite.fr\/blog\/wp-content\/uploads\/2020\/08\/818_3080.jpg\" alt=\"S\u00e9rie Sp\u00e9ciale TAG Heuer Carrera Calibre 16 Chronographe Day-Date \" \/><\/li>\n<li><img decoding=\"async\" src=\"https:\/\/www.my-watchsite.fr\/blog\/wp-content\/uploads\/2020\/08\/818_3081.jpg\" alt=\"S\u00e9rie Sp\u00e9ciale TAG Heuer Carrera Calibre 16 Chronographe Day-Date \" \/><\/li>\n<\/ul>\n\n\n<p><a href=\"https:\/\/www.tagheuer.com\/fr\/fr\/\" target=\"_blank\" rel=\"noreferrer noopener\">www.tagheuer.com<\/a><\/p>\n\n\n\n<p>Lire aussi l&rsquo;article <a href=\"https:\/\/www.my-watchsite.fr\/blog\/tag-heuer-ayrton-senna-n800\/\" target=\"_blank\" rel=\"noreferrer noopener\">TAG Heuer \u2013 Ayrton Senna<\/a><\/p>\n","protected":false},"excerpt":{"rendered":"<p>On pourrait dire que c\u2019est toute la famille TAG Heuer qui est au d\u00e9part de la plus mythique des courses automobiles d\u2019endurance : avec le Team Nissan NISMO et son incroyable bolide hybride en LMP1 (la cat\u00e9gorie-reine), au poignet de Patrick Dempsey avec son team Dempsey Racing en GTE am et avec ses deux \u00ab [&hellip;]<\/p>\n","protected":false},"author":1,"featured_media":3909,"comment_status":"closed","ping_status":"closed","sticky":false,"template":"","format":"standard","meta":{"footnotes":""},"categories":[2],"tags":[17],"acf":[],"yoast_head":"<!-- This site is optimized with the Yoast SEO plugin v20.4 - https:\/\/yoast.com\/wordpress\/plugins\/seo\/ -->\n<title>TAG Heuer \u00e0 fond aux 24 Heures du Mans - MyWatch FR<\/title>\n<meta name=\"description\" content=\"C\u2019est toute la famille TAG Heuer qui est au d\u00e9part de la plus mythique des courses automobiles d\u2019endurance : les 24 Heures du Mans\" \/>\n<meta name=\"robots\" content=\"index, follow, max-snippet:-1, max-image-preview:large, max-video-preview:-1\" \/>\n<link rel=\"canonical\" href=\"https:\/\/www.my-watchsite.fr\/blog\/tag-heuer-a-fond-aux-24-heures-du-mans-n818\/\" \/>\n<meta property=\"og:locale\" content=\"fr_FR\" \/>\n<meta property=\"og:type\" content=\"article\" \/>\n<meta property=\"og:title\" content=\"TAG Heuer \u00e0 fond aux 24 Heures du Mans - MyWatch FR\" \/>\n<meta property=\"og:description\" content=\"C\u2019est toute la famille TAG Heuer qui est au d\u00e9part de la plus mythique des courses automobiles d\u2019endurance : les 24 Heures du Mans\" \/>\n<meta property=\"og:url\" content=\"https:\/\/www.my-watchsite.fr\/blog\/tag-heuer-a-fond-aux-24-heures-du-mans-n818\/\" \/>\n<meta property=\"og:site_name\" content=\"MyWatch FR\" \/>\n<meta property=\"article:publisher\" content=\"https:\/\/www.facebook.com\/mywatchsite\/\" \/>\n<meta property=\"article:published_time\" content=\"2015-06-11T22:00:00+00:00\" \/>\n<meta property=\"article:modified_time\" content=\"2021-09-06T10:53:50+00:00\" \/>\n<meta property=\"og:image\" content=\"https:\/\/www.my-watchsite.fr\/blog\/wp-content\/uploads\/2020\/08\/thumb_818.jpg\" \/>\n\t<meta property=\"og:image:width\" content=\"654\" \/>\n\t<meta property=\"og:image:height\" content=\"435\" \/>\n\t<meta property=\"og:image:type\" content=\"image\/jpeg\" \/>\n<meta name=\"author\" content=\"MyWatch\" \/>\n<meta name=\"twitter:card\" content=\"summary_large_image\" \/>\n<meta name=\"twitter:creator\" content=\"@mywatchsite\" \/>\n<meta name=\"twitter:site\" content=\"@mywatchsite\" \/>\n<meta name=\"twitter:label1\" content=\"\u00c9crit par\" \/>\n\t<meta name=\"twitter:data1\" content=\"MyWatch\" \/>\n\t<meta name=\"twitter:label2\" content=\"Dur\u00e9e de lecture estim\u00e9e\" \/>\n\t<meta name=\"twitter:data2\" content=\"3 minutes\" \/>\n<script type=\"application\/ld+json\" class=\"yoast-schema-graph\">{\"@context\":\"https:\/\/schema.org\",\"@graph\":[{\"@type\":\"WebPage\",\"@id\":\"https:\/\/www.my-watchsite.fr\/blog\/tag-heuer-a-fond-aux-24-heures-du-mans-n818\/\",\"url\":\"https:\/\/www.my-watchsite.fr\/blog\/tag-heuer-a-fond-aux-24-heures-du-mans-n818\/\",\"name\":\"TAG Heuer \u00e0 fond aux 24 Heures du Mans - MyWatch FR\",\"isPartOf\":{\"@id\":\"https:\/\/www.my-watchsite.fr\/blog\/#website\"},\"datePublished\":\"2015-06-11T22:00:00+00:00\",\"dateModified\":\"2021-09-06T10:53:50+00:00\",\"author\":{\"@id\":\"https:\/\/www.my-watchsite.fr\/blog\/#\/schema\/person\/67e19b3e3d014465042ff1be1c9fcf44\"},\"description\":\"C\u2019est toute la famille TAG Heuer qui est au d\u00e9part de la plus mythique des courses automobiles d\u2019endurance : les 24 Heures du Mans\",\"breadcrumb\":{\"@id\":\"https:\/\/www.my-watchsite.fr\/blog\/tag-heuer-a-fond-aux-24-heures-du-mans-n818\/#breadcrumb\"},\"inLanguage\":\"fr-FR\",\"potentialAction\":[{\"@type\":\"ReadAction\",\"target\":[\"https:\/\/www.my-watchsite.fr\/blog\/tag-heuer-a-fond-aux-24-heures-du-mans-n818\/\"]}]},{\"@type\":\"BreadcrumbList\",\"@id\":\"https:\/\/www.my-watchsite.fr\/blog\/tag-heuer-a-fond-aux-24-heures-du-mans-n818\/#breadcrumb\",\"itemListElement\":[{\"@type\":\"ListItem\",\"position\":1,\"name\":\"Accueil\",\"item\":\"https:\/\/www.my-watchsite.fr\/blog\/\"},{\"@type\":\"ListItem\",\"position\":2,\"name\":\"TAG Heuer \u00e0 fond aux 24 Heures du Mans\"}]},{\"@type\":\"WebSite\",\"@id\":\"https:\/\/www.my-watchsite.fr\/blog\/#website\",\"url\":\"https:\/\/www.my-watchsite.fr\/blog\/\",\"name\":\"MyWatch FR\",\"description\":\"Make Time a Lifestyle\",\"potentialAction\":[{\"@type\":\"SearchAction\",\"target\":{\"@type\":\"EntryPoint\",\"urlTemplate\":\"https:\/\/www.my-watchsite.fr\/blog\/?s={search_term_string}\"},\"query-input\":\"required name=search_term_string\"}],\"inLanguage\":\"fr-FR\"},{\"@type\":\"Person\",\"@id\":\"https:\/\/www.my-watchsite.fr\/blog\/#\/schema\/person\/67e19b3e3d014465042ff1be1c9fcf44\",\"name\":\"MyWatch\",\"image\":{\"@type\":\"ImageObject\",\"inLanguage\":\"fr-FR\",\"@id\":\"https:\/\/www.my-watchsite.fr\/blog\/#\/schema\/person\/image\/\",\"url\":\"https:\/\/secure.gravatar.com\/avatar\/e52d1e94806c54826c863f554ca1dd2a?s=96&d=mm&r=g\",\"contentUrl\":\"https:\/\/secure.gravatar.com\/avatar\/e52d1e94806c54826c863f554ca1dd2a?s=96&d=mm&r=g\",\"caption\":\"MyWatch\"},\"sameAs\":[\"https:\/\/www.my-watchsite.fr\/blog\"]}]}<\/script>\n<!-- \/ Yoast SEO plugin. -->","yoast_head_json":{"title":"TAG Heuer \u00e0 fond aux 24 Heures du Mans - MyWatch FR","description":"C\u2019est toute la famille TAG Heuer qui est au d\u00e9part de la plus mythique des courses automobiles d\u2019endurance : les 24 Heures du Mans","robots":{"index":"index","follow":"follow","max-snippet":"max-snippet:-1","max-image-preview":"max-image-preview:large","max-video-preview":"max-video-preview:-1"},"canonical":"https:\/\/www.my-watchsite.fr\/blog\/tag-heuer-a-fond-aux-24-heures-du-mans-n818\/","og_locale":"fr_FR","og_type":"article","og_title":"TAG Heuer \u00e0 fond aux 24 Heures du Mans - MyWatch FR","og_description":"C\u2019est toute la famille TAG Heuer qui est au d\u00e9part de la plus mythique des courses automobiles d\u2019endurance : les 24 Heures du Mans","og_url":"https:\/\/www.my-watchsite.fr\/blog\/tag-heuer-a-fond-aux-24-heures-du-mans-n818\/","og_site_name":"MyWatch FR","article_publisher":"https:\/\/www.facebook.com\/mywatchsite\/","article_published_time":"2015-06-11T22:00:00+00:00","article_modified_time":"2021-09-06T10:53:50+00:00","og_image":[{"width":654,"height":435,"url":"https:\/\/www.my-watchsite.fr\/blog\/wp-content\/uploads\/2020\/08\/thumb_818.jpg","type":"image\/jpeg"}],"author":"MyWatch","twitter_card":"summary_large_image","twitter_creator":"@mywatchsite","twitter_site":"@mywatchsite","twitter_misc":{"\u00c9crit par":"MyWatch","Dur\u00e9e de lecture estim\u00e9e":"3 minutes"},"schema":{"@context":"https:\/\/schema.org","@graph":[{"@type":"WebPage","@id":"https:\/\/www.my-watchsite.fr\/blog\/tag-heuer-a-fond-aux-24-heures-du-mans-n818\/","url":"https:\/\/www.my-watchsite.fr\/blog\/tag-heuer-a-fond-aux-24-heures-du-mans-n818\/","name":"TAG Heuer \u00e0 fond aux 24 Heures du Mans - MyWatch FR","isPartOf":{"@id":"https:\/\/www.my-watchsite.fr\/blog\/#website"},"datePublished":"2015-06-11T22:00:00+00:00","dateModified":"2021-09-06T10:53:50+00:00","author":{"@id":"https:\/\/www.my-watchsite.fr\/blog\/#\/schema\/person\/67e19b3e3d014465042ff1be1c9fcf44"},"description":"C\u2019est toute la famille TAG Heuer qui est au d\u00e9part de la plus mythique des courses automobiles d\u2019endurance : les 24 Heures du Mans","breadcrumb":{"@id":"https:\/\/www.my-watchsite.fr\/blog\/tag-heuer-a-fond-aux-24-heures-du-mans-n818\/#breadcrumb"},"inLanguage":"fr-FR","potentialAction":[{"@type":"ReadAction","target":["https:\/\/www.my-watchsite.fr\/blog\/tag-heuer-a-fond-aux-24-heures-du-mans-n818\/"]}]},{"@type":"BreadcrumbList","@id":"https:\/\/www.my-watchsite.fr\/blog\/tag-heuer-a-fond-aux-24-heures-du-mans-n818\/#breadcrumb","itemListElement":[{"@type":"ListItem","position":1,"name":"Accueil","item":"https:\/\/www.my-watchsite.fr\/blog\/"},{"@type":"ListItem","position":2,"name":"TAG Heuer \u00e0 fond aux 24 Heures du Mans"}]},{"@type":"WebSite","@id":"https:\/\/www.my-watchsite.fr\/blog\/#website","url":"https:\/\/www.my-watchsite.fr\/blog\/","name":"MyWatch FR","description":"Make Time a Lifestyle","potentialAction":[{"@type":"SearchAction","target":{"@type":"EntryPoint","urlTemplate":"https:\/\/www.my-watchsite.fr\/blog\/?s={search_term_string}"},"query-input":"required name=search_term_string"}],"inLanguage":"fr-FR"},{"@type":"Person","@id":"https:\/\/www.my-watchsite.fr\/blog\/#\/schema\/person\/67e19b3e3d014465042ff1be1c9fcf44","name":"MyWatch","image":{"@type":"ImageObject","inLanguage":"fr-FR","@id":"https:\/\/www.my-watchsite.fr\/blog\/#\/schema\/person\/image\/","url":"https:\/\/secure.gravatar.com\/avatar\/e52d1e94806c54826c863f554ca1dd2a?s=96&d=mm&r=g","contentUrl":"https:\/\/secure.gravatar.com\/avatar\/e52d1e94806c54826c863f554ca1dd2a?s=96&d=mm&r=g","caption":"MyWatch"},"sameAs":["https:\/\/www.my-watchsite.fr\/blog"]}]}},"_links":{"self":[{"href":"https:\/\/www.my-watchsite.fr\/blog\/wp-json\/wp\/v2\/posts\/3904"}],"collection":[{"href":"https:\/\/www.my-watchsite.fr\/blog\/wp-json\/wp\/v2\/posts"}],"about":[{"href":"https:\/\/www.my-watchsite.fr\/blog\/wp-json\/wp\/v2\/types\/post"}],"author":[{"embeddable":true,"href":"https:\/\/www.my-watchsite.fr\/blog\/wp-json\/wp\/v2\/users\/1"}],"replies":[{"embeddable":true,"href":"https:\/\/www.my-watchsite.fr\/blog\/wp-json\/wp\/v2\/comments?post=3904"}],"version-history":[{"count":2,"href":"https:\/\/www.my-watchsite.fr\/blog\/wp-json\/wp\/v2\/posts\/3904\/revisions"}],"predecessor-version":[{"id":15755,"href":"https:\/\/www.my-watchsite.fr\/blog\/wp-json\/wp\/v2\/posts\/3904\/revisions\/15755"}],"wp:featuredmedia":[{"embeddable":true,"href":"https:\/\/www.my-watchsite.fr\/blog\/wp-json\/wp\/v2\/media\/3909"}],"wp:attachment":[{"href":"https:\/\/www.my-watchsite.fr\/blog\/wp-json\/wp\/v2\/media?parent=3904"}],"wp:term":[{"taxonomy":"category","embeddable":true,"href":"https:\/\/www.my-watchsite.fr\/blog\/wp-json\/wp\/v2\/categories?post=3904"},{"taxonomy":"post_tag","embeddable":true,"href":"https:\/\/www.my-watchsite.fr\/blog\/wp-json\/wp\/v2\/tags?post=3904"}],"curies":[{"name":"wp","href":"https:\/\/api.w.org\/{rel}","templated":true}]}}