{"id":43008,"date":"2025-07-21T17:00:00","date_gmt":"2025-07-21T15:00:00","guid":{"rendered":"https:\/\/www.my-watchsite.fr\/blog\/?p=43008"},"modified":"2025-10-02T10:09:56","modified_gmt":"2025-10-02T08:09:56","slug":"les-160-ans-dune-manufacture-au-zenith","status":"publish","type":"post","link":"https:\/\/www.my-watchsite.fr\/blog\/les-160-ans-dune-manufacture-au-zenith\/","title":{"rendered":"Les 160 ans d&rsquo;une manufacture au&#8230; Zenith !"},"content":{"rendered":"\n<figure class=\"wp-block-embed is-type-video is-provider-youtube wp-block-embed-youtube wp-embed-aspect-16-9 wp-has-aspect-ratio\"><div class=\"wp-block-embed__wrapper\">\n<iframe loading=\"lazy\" title=\"Visite priv\u00e9e de la Manufacture Zenith : 160 ans de chronom\u00e9trie...et quelques secrets.\" width=\"500\" height=\"281\" src=\"https:\/\/www.youtube.com\/embed\/bRUb4f9rVaQ?feature=oembed\" frameborder=\"0\" allow=\"accelerometer; autoplay; clipboard-write; encrypted-media; gyroscope; picture-in-picture; web-share\" referrerpolicy=\"strict-origin-when-cross-origin\" allowfullscreen><\/iframe>\n<\/div><\/figure>\n\n\n\n<h2 class=\"wp-block-heading\"><strong>Viser les \u00e9toiles<\/strong><\/h2>\n\n\n\n<p>Pour ses 160 ans, Zenith ne se contente pas de c\u00e9l\u00e9brer un anniversaire. Elle persiste et signe une vision de l\u2019horlogerie fid\u00e8le \u00e0 son ADN. Fond\u00e9e en 1865 par Georges Favre-Jacot, un jeune horloger jurassien, la maison horlog\u00e8re voit le jour au Locle, dans le canton de Neuch\u00e2tel. <\/p>\n\n\n\n<figure class=\"wp-block-image size-full\"><img decoding=\"async\" width=\"900\" height=\"1450\" loading=\"lazy\" src=\"https:\/\/www.my-watchsite.fr\/blog\/wp-content\/uploads\/2025\/07\/favre-jacot.jpg\" alt=\"\" class=\"wp-image-43035\" \/><figcaption class=\"wp-element-caption\">1843 : portrait de Georges Favre-Jacot<\/figcaption><\/figure>\n\n\n\n<p>\u00c0 une \u00e9poque o\u00f9 l\u2019horlogerie repose sur un mod\u00e8le artisanal \u2013 disons \u00ab&nbsp;dispers\u00e9&nbsp;\u00bb \u2013, Favre-Jacot r\u00e9volutionne le secteur en regroupant tous les m\u00e9tiers sous un m\u00eame toit. Inspir\u00e9 par les grandes fabriques am\u00e9ricaines, il jette les bases de ce qui deviendra l\u2019une des premi\u00e8res manufactures int\u00e9gr\u00e9es au monde. Son approche industrielle novatrice transforme l\u2019atelier de la rue des Billodes en un v\u00e9ritable empire horloger. <\/p>\n\n\n\n<figure class=\"wp-block-image size-full\"><img decoding=\"async\" width=\"900\" height=\"560\" loading=\"lazy\" src=\"https:\/\/www.my-watchsite.fr\/blog\/wp-content\/uploads\/2025\/07\/lcoel2.jpg\" alt=\"\" class=\"wp-image-43037\" \/><figcaption class=\"wp-element-caption\">1880 : manufacture Zenith<\/figcaption><\/figure>\n\n\n\n<p>\u00c0 l\u2019or\u00e9e du XXe si\u00e8cle, elle s\u2019\u00e9tend sur 9 300 m\u00b2, compte 18 b\u00e2timents et emploie plus de 600 artisans, produisant 100 000 montres par an. Dot\u00e9e d\u2019installations avant-gardistes \u2014 carri\u00e8re, fonderie, briqueterie, imprimerie et m\u00eame \u00e9lectricit\u00e9 (d\u00e8s 1886) \u2014, elle devient un symbole de modernit\u00e9. Sa dimension internationale se construit gr\u00e2ce \u00e0 James Favre, neveu du fondateur, qui exporte le savoir-faire suisse sur tous les continents. Ainsi, Zenith s\u2019impose au-del\u00e0 des fronti\u00e8res suisses.<\/p>\n\n\n\n<figure class=\"wp-block-image size-full\"><img decoding=\"async\" width=\"900\" height=\"1450\" loading=\"lazy\" src=\"https:\/\/www.my-watchsite.fr\/blog\/wp-content\/uploads\/2025\/07\/zenith1-1.jpg\" alt=\"\" class=\"wp-image-43128\" \/><figcaption class=\"wp-element-caption\">1916 : Zenith \u00e0 la conqu\u00eate du monde<\/figcaption><\/figure>\n\n\n\n<h2 class=\"wp-block-heading\"><strong>\u00c9lever l\u2019art de la chronom\u00e9trie au plus haut niveau.<\/strong><\/h2>\n\n\n\n<p>D\u00e8s 1897, Zenith participe aux concours de chronom\u00e9trie organis\u00e9s par les observatoires, ces \u00e9preuves rigoureuses qui consacrent les ma\u00eetres horlogers. Avec 2 333 prix remport\u00e9s, la manufacture est aujourd\u2019hui la plus prim\u00e9e de l\u2019histoire horlog\u00e8re. Deux r\u00e9gulateurs furent m\u00eame choisis par l\u2019Observatoire de Neuch\u00e2tel pour d\u00e9finir l\u2019heure officielle, une reconnaissance rare pour une maison industrielle. Le milieu du XXe si\u00e8cle marque l\u2019\u00e2ge d\u2019or de la chronom\u00e9trie. La marque brille avec le calibre 135-O, con\u00e7u sp\u00e9cialement pour ces comp\u00e9titions. <\/p>\n\n\n\n<figure class=\"wp-block-gallery has-nested-images columns-default is-cropped wp-block-gallery-1 is-layout-flex wp-block-gallery-is-layout-flex\">\n<figure class=\"wp-block-image size-large\"><img decoding=\"async\" width=\"900\" height=\"1450\" loading=\"lazy\" data-id=\"43118\" src=\"https:\/\/www.my-watchsite.fr\/blog\/wp-content\/uploads\/2025\/07\/zenith-conours-1.jpg\" alt=\"\" class=\"wp-image-43118\" \/><\/figure>\n\n\n\n<figure class=\"wp-block-image size-large\"><img decoding=\"async\" width=\"900\" height=\"1450\" loading=\"lazy\" data-id=\"43119\" src=\"https:\/\/www.my-watchsite.fr\/blog\/wp-content\/uploads\/2025\/07\/zenith-concours2.jpg\" alt=\"\" class=\"wp-image-43119\" \/><\/figure>\n<figcaption class=\"blocks-gallery-caption wp-element-caption\">Les victoires cons\u00e9cutives de Zenith aux concours de chronom\u00e9trie organis\u00e9s par les diff\u00e9rents observatoires.<\/figcaption><\/figure>\n\n\n\n<p>Entre 1950 et 1954, il remporte cinq premiers prix cons\u00e9cutifs \u00e0 Neuch\u00e2tel \u2014 un record in\u00e9gal\u00e9. Dans les ann\u00e9es 1960, elle rel\u00e8ve un nouveau d\u00e9fi : cr\u00e9er le premier chronographe automatique int\u00e9gr\u00e9. En 1969 na\u00eet le l\u00e9gendaire El Primero, oscillant \u00e0 36 000 alternances par heure, capable de mesurer le dixi\u00e8me de seconde. Mais en pleine crise du quartz qui d\u00e9ferle sur l\u2019industrie horlog\u00e8re suisse dans les ann\u00e9es 1970, la manufacture se voir imposer l\u2019arr\u00eat de ce calibre r\u00e9volutionnaire. <\/p>\n\n\n\n<figure class=\"wp-block-image size-full\"><img decoding=\"async\" width=\"900\" height=\"1450\" loading=\"lazy\" src=\"https:\/\/www.my-watchsite.fr\/blog\/wp-content\/uploads\/2025\/07\/zenith3-2.jpg\" alt=\"\" class=\"wp-image-43122\" \/><figcaption class=\"wp-element-caption\">1969 : El Primero, le premier chronographe au monde<\/figcaption><\/figure>\n\n\n\n<p>R\u00e9volutionnaire, celui qui avait travaill\u00e9 sur le mouvement El Primero, Charles Vermot l\u2019est sans aucun doute. D\u00e9fiant ses sup\u00e9rieurs, il d\u00e9cide, clandestinement, de cacher dans le grenier de la manufacture, tous les plans techniques et les outils n\u00e9cessaires \u00e0 la r\u00e9alisation des composants du calibre. <\/p>\n\n\n\n<figure class=\"wp-block-image size-full\"><img decoding=\"async\" width=\"900\" height=\"560\" loading=\"lazy\" src=\"https:\/\/www.my-watchsite.fr\/blog\/wp-content\/uploads\/2025\/07\/charles-vermot.jpg\" alt=\"\" class=\"wp-image-43123\" \/><figcaption class=\"wp-element-caption\">Charles Vermot est l\u2019un des premiers horlogers \u00e0 travailler sur le mouvement El&nbsp;Primero et \u00e0 se r\u00e9volter contre la d\u00e9cision de la direction d&rsquo;en arr\u00eater la production en&nbsp;1975 lorsque le mouvement \u00e0 quartz menace l\u2019horlogerie m\u00e9canique.<\/figcaption><\/figure>\n\n\n\n<p>Avec cet acte \u00ab&nbsp;historique&nbsp;\u00bb, il imagine, et surtout, esp\u00e8re que le calibre ressurgisse des oubliettes et revienne sur le devant de la sc\u00e8ne. Ses pri\u00e8res sont entendues lorsque que Zenith en poursuit la production une d\u00e9cennie plus tard. <\/p>\n\n\n\n<figure class=\"wp-block-image size-full\"><img decoding=\"async\" width=\"900\" height=\"560\" loading=\"lazy\" src=\"https:\/\/www.my-watchsite.fr\/blog\/wp-content\/uploads\/2025\/07\/charles-vermot2.jpg\" alt=\"\" class=\"wp-image-43124\" \/><figcaption class=\"wp-element-caption\">Charles Vermot d\u00e9cide de pr\u00e9server l\u2019El Primero en rassemblant tous les plans techniques et outils n\u00e9cessaires \u00e0 la r\u00e9alisation de tous les composants du mouvement et les cache dans le grenier de la manufacture.<\/figcaption><\/figure>\n\n\n\n<p>Ce mouvement devient alors une r\u00e9f\u00e9rence, notamment pour Rolex, qui l\u2019int\u00e8gre \u00e0 ses Daytona d\u00e8s 1988. En 2019, le mouvement El Primero 3600 est relanc\u00e9, permettant une lecture directe du dixi\u00e8me de seconde.<\/p>\n\n\n\n<figure class=\"wp-block-image size-full\"><img decoding=\"async\" width=\"900\" height=\"1450\" loading=\"lazy\" src=\"https:\/\/www.my-watchsite.fr\/blog\/wp-content\/uploads\/2025\/07\/el-primero.jpg\" alt=\"\" class=\"wp-image-43125\" \/><figcaption class=\"wp-element-caption\">1988 : El Primero est relanc\u00e9<\/figcaption><\/figure>\n\n\n\n<h2 class=\"wp-block-heading\"><strong>Des collections embl\u00e9matiques<\/strong><\/h2>\n\n\n\n<p>Depuis sa cr\u00e9ation, Zenith met un point d\u2019orgue \u00e0 cr\u00e9er des montres dont l\u2019esth\u00e9tique est indissociable de la technique. Aujourd\u2019hui encore plus qu\u2019hier, les lignes se distinguent par leur rigueur m\u00e9canique et leur innovation artistique. Dans les ann\u00e9es 1960, la folie cr\u00e9atrice de la marque se traduit par l\u2019arriv\u00e9e en collection de l\u2019iconique Defy avec sa caract\u00e9ristique lunette \u00e0 14 pans et ses angles affirm\u00e9s. <\/p>\n\n\n\n<figure class=\"wp-block-image size-full\"><img decoding=\"async\" width=\"900\" height=\"1450\" loading=\"lazy\" src=\"https:\/\/www.my-watchsite.fr\/blog\/wp-content\/uploads\/2025\/07\/zenith5-2.jpg\" alt=\"\" class=\"wp-image-43126\" \/><figcaption class=\"wp-element-caption\">1969 : Defy, le coffre-fort temporel de Zenith<\/figcaption><\/figure>\n\n\n\n<p>Sans compter, la montre G383, baptis\u00e9e \u00ab&nbsp;jetons de poker&nbsp;\u00bb, qui interpelle par l\u2019atypisme de son cadran, ou plus r\u00e9cemment, les sublimes collaborations avec l\u2019artiste Felipe Pantone. <\/p>\n\n\n\n<h2 class=\"wp-block-heading\"><strong>Un quatuor d\u2019un bleu royal<\/strong><\/h2>\n\n\n\n<p>\u00c0 l\u2019occasion de ce 160\u1d49 anniversaire, des montres exceptionnelles sont r\u00e9interpr\u00e9t\u00e9es dans un bleu monochrome, la couleur historique de la manufacture. Focus.<\/p>\n\n\n\n<h2 class=\"wp-block-heading\"><strong>Pilot Big Date Flyback 160th Anniversary Edition : un style a\u00e9rien<\/strong><\/h2>\n\n\n\n<figure class=\"wp-block-image size-full\"><img decoding=\"async\" width=\"900\" height=\"1450\" loading=\"lazy\" src=\"https:\/\/www.my-watchsite.fr\/blog\/wp-content\/uploads\/2025\/07\/zenith10.jpg\" alt=\"\" class=\"wp-image-43016\" \/><figcaption class=\"wp-element-caption\">La montre Pilot Big Date Flyback \u00c9dition 160e anniversaire<\/figcaption><\/figure>\n\n\n\n<p>Bien avant l\u2019essor de l\u2019automobile et de l\u2019aviation, Georges Favre-Jacot d\u00e9pose, en 1888, la marque \u00ab&nbsp;Pilote \u00bb en fran\u00e7ais, puis, en 1904, sa traduction anglaise \u00ab&nbsp;Pilot&nbsp;\u00bb \u2014 une initiative qui confirme l\u2019esprit visionnaire du personnage. Depuis lors, la Maison est la seule \u00e0 pouvoir inscrire le terme \u00ab&nbsp;Pilot&nbsp;\u00bb sur le cadran de ses montres. \u00c0 l\u2019\u00e9poque, la pr\u00e9sence et l\u2019engagement de Zenith dans l\u2019univers des montres de pilote et des instruments de bord, ne sont plus \u00e0 d\u00e9montrer. <\/p>\n\n\n\n<figure class=\"wp-block-image size-full\"><img decoding=\"async\" width=\"900\" height=\"560\" loading=\"lazy\" src=\"https:\/\/www.my-watchsite.fr\/blog\/wp-content\/uploads\/2025\/07\/bleriot2.jpg\" alt=\"\" class=\"wp-image-43052\" \/><figcaption class=\"wp-element-caption\">Le pionnier de l&rsquo;aviation Louis Bl\u00e9riot et sa montre Zenith.<\/figcaption><\/figure>\n\n\n\n<p>Il faut savoir qu\u2019\u00e0 l\u2019\u00e9t\u00e9 1909, le c\u00e9l\u00e8bre pionnier de l\u2019aviation, Louis Bl\u00e9riot, devient le premier \u00e0 traverser la Manche \u00e0 bord de son \u00ab&nbsp;Bl\u00e9riot XI&nbsp;\u00bb. Il rejoint l\u2019Angleterre en 37 minutes, sa montre Zenith au poignet. <\/p>\n\n\n\n<figure class=\"wp-block-image size-full\"><img decoding=\"async\" width=\"900\" height=\"900\" loading=\"lazy\" src=\"https:\/\/www.my-watchsite.fr\/blog\/wp-content\/uploads\/2025\/07\/bleriot-1.jpg\" alt=\"\" class=\"wp-image-43051\" \/><figcaption class=\"wp-element-caption\"><em>\u00ab&nbsp;Je suis tr\u00e8s satisfait de ma montre Zenith, je l\u2019utilise r\u00e9guli\u00e8rement et je ne saurais trop la recommander aux personnes qui ont le souci de l\u2019exactitude.&nbsp;\u00bb<\/em> Louis Bl\u00e9riot<\/figcaption><\/figure>\n\n\n\n<p>Toutes ces anecdotes consolident l\u2019ADN d\u2019une collection aujourd\u2019hui embl\u00e9matique de la marque horlog\u00e8re, \u00e0 l\u2019instar du mod\u00e8le Pilot Big Date Flyback 160th Anniversary Edition. Dans une variation monochrome, cette \u00e9dition pr\u00e9sente un bo\u00eetier de 42,5 mm de diam\u00e8tre usin\u00e9 en c\u00e9ramique bleue microbill\u00e9e, muni de poussoirs rectangulaires et d\u2019une couronne en titane. Cette derni\u00e8re est crant\u00e9e et surdimensionn\u00e9e pour une meilleure pr\u00e9hension avec des gants de pilote. Coordonn\u00e9, le cadran arbore les caract\u00e9ristiques rainures horizontales, agr\u00e9ment\u00e9es de deux compteurs ton sur ton \u00e0 9 h et 3 h, correspondant respectivement \u00e0 la petite seconde et au compteur 30 minutes. <\/p>\n\n\n\n<figure class=\"wp-block-image size-full\"><img decoding=\"async\" width=\"900\" height=\"900\" loading=\"lazy\" src=\"https:\/\/www.my-watchsite.fr\/blog\/wp-content\/uploads\/2025\/07\/zenith2-1.jpg\" alt=\"\" class=\"wp-image-43018\" \/><figcaption class=\"wp-element-caption\">L\u2019affichage de la date, avec ses deux grands chiffres, assure une lisibilit\u00e9 optimale, tandis qu\u2019un m\u00e9canisme brevet\u00e9 permet un changement instantan\u00e9 en seulement 0,007 seconde<\/figcaption><\/figure>\n\n\n\n<p>Pour garantir une lisibilit\u00e9 optimale, le cadran poss\u00e8de de grands chiffres arabes et des aiguilles luminescentes. Il est \u00e9galement pourvu d\u2019une date, situ\u00e9e \u00e0 6 heures, dot\u00e9e d\u2019un syst\u00e8me brevet\u00e9 assurant un changement quasi instantan\u00e9 en 0,007 seconde.<\/p>\n\n\n\n<figure class=\"wp-block-image size-full\"><img decoding=\"async\" width=\"900\" height=\"900\" loading=\"lazy\" src=\"https:\/\/www.my-watchsite.fr\/blog\/wp-content\/uploads\/2025\/07\/zenith9.jpg\" alt=\"\" class=\"wp-image-43015\" \/><figcaption class=\"wp-element-caption\"><br>Au verso, visible \u00e0 travers un fond en saphir, le calibre automatique est d\u00e9cor\u00e9 d\u2019une masse oscillante orn\u00e9e du logo du 160e anniversaire.<\/figcaption><\/figure>\n\n\n\n<p>\u00c9tanche jusqu\u2019\u00e0 100 m\u00e8tres, ce chronographe est \u00e9quip\u00e9 de la fonction Flyback ou \u00ab&nbsp;retour en vol&nbsp;\u00bb permettant de r\u00e9initialiser et de relancer le chrono d\u2019une seule pression, sans passer par l\u2019arr\u00eat ni la remise \u00e0 z\u00e9ro. Cette complication, tr\u00e8s utile pour effectuer et simplifier les calculs en vol,&nbsp;est anim\u00e9e par le l\u00e9gendaire calibre automatique El Primero, offrant environ 60 heures de r\u00e9serve de marche. Visible au dos \u00e0 travers un fond en saphir, le mouvement pr\u00e9sente une masse oscillante ajour\u00e9e et marqu\u00e9e du logo sp\u00e9cial des 160 ans. Cette pi\u00e8ce anniversaire, limit\u00e9e \u00e0 seulement 160 exemplaires, est propos\u00e9e sur un bracelet en caoutchouc \u00e0 effet Cordura, pourvu d\u2019un syst\u00e8me de changement rapide, permettant d\u2019installer le second bracelet blanc, sans aucun outil.<\/p>\n\n\n\n<figure class=\"wp-block-image size-full\"><img decoding=\"async\" width=\"900\" height=\"900\" loading=\"lazy\" src=\"https:\/\/www.my-watchsite.fr\/blog\/wp-content\/uploads\/2025\/07\/zenith12.jpg\" alt=\"\" class=\"wp-image-43017\" \/><figcaption class=\"wp-element-caption\">Cette \u00e9dition anniversaire est livr\u00e9e avec un bracelet en caoutchouc<br>effet Cordura bleu et un second bracelet blanc, tous deux \u00e9quip\u00e9s d\u2019une boucle triple d\u00e9ployante en acier.<\/figcaption><\/figure>\n\n\n\n<p><strong>\u00c9dition limit\u00e9e \u00e0 160 exemplaires &#8211; 16 500 euros<\/strong><\/p>\n\n\n\n<p><a href=\"https:\/\/www.my-watchsite.fr\/pilot\/9614-pilot-big-date-flyback-edition-160e-anniversaire.html\" target=\"_blank\" rel=\"noreferrer noopener\">Consulter les d\u00e9tails techniques de la Pilot Big Date Flyback 160th Anniversary Edition.<\/a><\/p>\n\n\n\n<h2 class=\"wp-block-heading\"><strong>Defy Skyline Chronograph 160th Anniversary Edition : d\u00e9fi relev\u00e9<\/strong><\/h2>\n\n\n\n<p>R\u00e9interpr\u00e9tation du mod\u00e8le Defy de 1969, la Defy Skyline Chronograph rev\u00eat son habit de c\u00e9ramique bleue, qui prend une autre dimension avec la forme architecturale de son bo\u00eetier et sa lunette facett\u00e9e dod\u00e9cagonale caract\u00e9ristique. <\/p>\n\n\n\n<figure class=\"wp-block-image size-full\"><img decoding=\"async\" width=\"900\" height=\"900\" loading=\"lazy\" src=\"https:\/\/www.my-watchsite.fr\/blog\/wp-content\/uploads\/2025\/07\/zenith3-1.jpg\" alt=\"\" class=\"wp-image-43019\" \/><figcaption class=\"wp-element-caption\">La c\u00e9ramique bleue habille le bo\u00eetier facett\u00e9 de 42 mm de cette Defy Skyline Chronograph \u00c9dition 160e Anniversaire<\/figcaption><\/figure>\n\n\n\n<p>Tout en g\u00e9om\u00e9trie parfaitement orchestr\u00e9e, cette variation de 42 mm de diam\u00e8tre arbore un cadran bleu, \u00e9galement grav\u00e9 d\u2019un motif stylis\u00e9 inspir\u00e9 de l\u2019\u00e9toile \u00e0 quatre branches, embl\u00e8me de la manufacture. Le cadran abrite une date discr\u00e8te, plac\u00e9e entre 4 h et 5 h, ainsi que des compteurs de chrono azur\u00e9s&nbsp;: petite seconde (9&nbsp;h), 60 minutes (6&nbsp;h) et 60 secondes (3&nbsp;h). <\/p>\n\n\n\n<figure class=\"wp-block-image size-full\"><img decoding=\"async\" width=\"900\" height=\"900\" loading=\"lazy\" src=\"https:\/\/www.my-watchsite.fr\/blog\/wp-content\/uploads\/2025\/07\/zenith5-1.jpg\" alt=\"\" class=\"wp-image-43021\" \/><figcaption class=\"wp-element-caption\">Le cadran est orn\u00e9 d&rsquo;un motif g\u00e9om\u00e9trique grav\u00e9, directement inspir\u00e9 de l&rsquo;\u00e9toile \u00e0 quatre branches.<\/figcaption><\/figure>\n\n\n\n<p>Disponible aussi avec un bracelet en caoutchouc bleu \u00e0 motif \u00e9toil\u00e9, le chronographe sportif embarque le calibre El Primero 3600 \u00e0 haute fr\u00e9quence (5 Hz), d\u00e9voil\u00e9 en 2019. Parfaitement align\u00e9 sur les graduations du rehaut du cadran, le dixi\u00e8me de seconde est indiqu\u00e9 par une aiguille des secondes qui effectue une rotation compl\u00e8te en dix secondes \u2014 soit six fois plus vite qu\u2019un chrono normal.<\/p>\n\n\n\n<figure class=\"wp-block-image size-full\"><img decoding=\"async\" width=\"900\" height=\"900\" loading=\"lazy\" src=\"https:\/\/www.my-watchsite.fr\/blog\/wp-content\/uploads\/2025\/07\/zenith10-1.jpg\" alt=\"\" class=\"wp-image-43029\" \/><figcaption class=\"wp-element-caption\">Rhodi\u00e9s et facett\u00e9s, les aiguilles et les index sont rev\u00eatus de Super-LumiNova<\/figcaption><\/figure>\n\n\n\n<p><strong>24 800 euros<\/strong><\/p>\n\n\n\n<p><a href=\"https:\/\/www.my-watchsite.fr\/defy\/9615-defy-skyline-chronograph-edition-160e-anniversaire.html\" target=\"_blank\" rel=\"noreferrer noopener\">Consulter les d\u00e9tails techniques de la Defy Skyline Chronograph 160th Anniversary Edition.<\/a><\/p>\n\n\n\n<h2 class=\"wp-block-heading\"><strong>Chronomaster Sport 160th Anniversary Edition<\/strong><\/h2>\n\n\n\n<p>Cette version de 41 mm de diam\u00e8tre se distingue par son bo\u00eetier fa\u00e7onn\u00e9 en c\u00e9ramique bleue, qui alterne les finitions polies et satin\u00e9es, avec des cornes facett\u00e9es et des poussoirs de type pompe, offrant un jeu de lumi\u00e8re captivant. <\/p>\n\n\n\n<figure class=\"wp-block-image size-full\"><img decoding=\"async\" width=\"900\" height=\"1450\" loading=\"lazy\" src=\"https:\/\/www.my-watchsite.fr\/blog\/wp-content\/uploads\/2025\/07\/zenith1.jpg\" alt=\"\" class=\"wp-image-43010\" \/><figcaption class=\"wp-element-caption\">La <strong>Chronomaster Sport 160th Anniversary Edition<\/strong><\/figcaption><\/figure>\n\n\n\n<p>Le cadran laqu\u00e9 bleu profond pr\u00e9sente les trois compteurs tricolores embl\u00e9matiques plac\u00e9s aux positions 3, 6 et 9 heures. Les index facett\u00e9s ainsi que les aiguilles des heures, minutes et secondes sont recouverts de mati\u00e8re luminescente pour une lisibilit\u00e9 optimale. Les aiguilles du chronographe, quant \u00e0 elles, se d\u00e9marquent par leur pointe rouge, ajoutant une touche dynamique \u00e0 l\u2019ensemble. <\/p>\n\n\n\n<figure class=\"wp-block-image size-full\"><img decoding=\"async\" width=\"900\" height=\"560\" loading=\"lazy\" src=\"https:\/\/www.my-watchsite.fr\/blog\/wp-content\/uploads\/2025\/07\/zenith2.jpg\" alt=\"\" class=\"wp-image-43011\" \/><figcaption class=\"wp-element-caption\"><strong>La <strong>Chronomaster Sport 160th Anniversary Edition<\/strong><\/strong> <strong>est livr\u00e9e avec deux bracelets :<br>un bracelet en c\u00e9ramique bleue, assorti d\u2019une boucle d\u00e9ployante en c\u00e9ramique, ainsi qu\u2019un bracelet en caoutchouc bleu, dot\u00e9 d\u2019une boucle d\u00e9ployante en acier.&nbsp;<\/strong><\/figcaption><\/figure>\n\n\n\n<p>La montre embarque le calibre El Primero 3600. Ce mouvement haute fr\u00e9quence bat \u00e0 36 000 alternances par heure et permet une mesure du temps au 1\/10\u1d49 de seconde gr\u00e2ce \u00e0 l\u2019aiguille centrale effectuant un tour complet du cadran en seulement 10 secondes. <\/p>\n\n\n\n<figure class=\"wp-block-image size-full\"><img decoding=\"async\" width=\"1024\" height=\"1024\" loading=\"lazy\" src=\"https:\/\/www.my-watchsite.fr\/blog\/wp-content\/uploads\/2025\/07\/zenith3.jpg\" alt=\"\" class=\"wp-image-43012\" \/><figcaption class=\"wp-element-caption\">Le bleu intense s\u2019\u00e9tend jusqu\u2019au cadran laqu\u00e9, orn\u00e9 des trois compteurs tricolores embl\u00e9matiques de la marque aux positions 3-6-9.&nbsp;<\/figcaption><\/figure>\n\n\n\n<p>Le fond en saphir r\u00e9v\u00e8le les moindres rouages du m\u00e9canisme, notamment la roue \u00e0 colonnes, l\u2019embrayage horizontal et la masse oscillante ajour\u00e9e, grav\u00e9e du logo \u00ab\u00a0160th Anniversary\u00a0\u00bb. Cette \u00e9dition est livr\u00e9e avec deux bracelets : un bracelet en c\u00e9ramique bleue dot\u00e9 d\u2019une boucle d\u00e9ployante assortie, et un bracelet en caoutchouc bleu avec boucle en acier.<\/p>\n\n\n\n<figure class=\"wp-block-image size-full\"><img decoding=\"async\" width=\"900\" height=\"900\" loading=\"lazy\" src=\"https:\/\/www.my-watchsite.fr\/blog\/wp-content\/uploads\/2025\/07\/zenith5.jpg\" alt=\"\" class=\"wp-image-43013\" \/><figcaption class=\"wp-element-caption\">L&rsquo;architecture sophistiqu\u00e9e du calibre El Primero 3600 se d\u00e9voile \u00e0 travers le fond transparent en saphir, r\u00e9v\u00e9lant la roue \u00e0 colonnes, l\u2019embrayage horizontal et une masse oscillante ajour\u00e9e grav\u00e9e du logo \u00ab\u00a0160th Anniversary\u00a0\u00bb<\/figcaption><\/figure>\n\n\n\n<p><strong>23 700 euros<\/strong><\/p>\n\n\n\n<p><a href=\"https:\/\/www.my-watchsite.fr\/chronomaster\/9616-chronomaster-sport-edition-160-ans.html\" target=\"_blank\" rel=\"noreferrer noopener\">Consulter les d\u00e9tails techniques de la Chronomaster 160th Anniversary Edition.<\/a><\/p>\n\n\n\n<h2 class=\"wp-block-heading\"><strong>G.F.J Calibre 135<\/strong><\/h2>\n\n\n\n<p>G.F.J pour les initiales Georges Favre-Jacot, mais aussi une montre au design intemporel qui relance le l\u00e9gendaire calibre 135, le mouvement le plus prim\u00e9 des concours de chronom\u00e9trie des observatoires, un enjeu majeur \u00e0 l\u2019\u00e9poque. <\/p>\n\n\n\n<figure class=\"wp-block-image size-full\"><img decoding=\"async\" width=\"900\" height=\"1450\" loading=\"lazy\" src=\"https:\/\/www.my-watchsite.fr\/blog\/wp-content\/uploads\/2025\/07\/zenithgfj.jpg\" alt=\"\" class=\"wp-image-43024\" \/><figcaption class=\"wp-element-caption\">La montre Zenith <strong>G.F.J Calibre 135<\/strong><\/figcaption><\/figure>\n\n\n\n<p>Imagin\u00e9 par Ephrem Jobin \u00e0 la demande de Charles Ziegler, alors directeur technique de Zenith, ce mouvement a \u00e9t\u00e9 con\u00e7u pour exceller dans les prestigieux concours de chronom\u00e9trie organis\u00e9s par les observatoires de Neuch\u00e2tel, Gen\u00e8ve, Kew Teddington et Besan\u00e7on. Son nom fait r\u00e9f\u00e9rence \u00e0 ses dimensions : 13 lignes (soit 30 mm, la taille maximale autoris\u00e9e pour la cat\u00e9gorie des montres-bracelets du concours de Neuch\u00e2tel) et 5 mm d\u2019\u00e9paisseur. Avec 235 distinctions, le calibre 135-O s\u2019impose comme une r\u00e9f\u00e9rence absolue. En 2022, la marque fait revivre la l\u00e9gende du calibre 135-O \u00e0 travers une collaboration d\u2019exception avec Kari Voutilainen et Phillips, en association avec Bacs &amp; Russo. <\/p>\n\n\n\n<figure class=\"wp-block-image size-full\"><img decoding=\"async\" width=\"900\" height=\"1450\" loading=\"lazy\" src=\"https:\/\/www.my-watchsite.fr\/blog\/wp-content\/uploads\/2025\/07\/zenithgfj8.jpg\" alt=\"\" class=\"wp-image-43027\" \/><figcaption class=\"wp-element-caption\">La partie centrale, r\u00e9alis\u00e9e en Lapis-Lazuli bleu profond, est travers\u00e9e de fines incrustations de pyrite dor\u00e9e, \u00e9voquant naturellement un ciel \u00e9toil\u00e9.<\/figcaption><\/figure>\n\n\n\n<p>Aujourd\u2019hui, la pi\u00e8ce anniversaire de 39,15 mm en platine s\u2019inspire de l\u2019esth\u00e9tisme du mod\u00e8le originel mais son m\u00e9canisme a \u00e9t\u00e9 totalement retravaill\u00e9. D\u00e9sormais, le calibre \u00e0 remontage manuel est certifi\u00e9 chronom\u00e8tre par le COSC (Contr\u00f4le Officiel Suisse des Chronom\u00e8tres) et garantit une pr\u00e9cision de +\/-2 secondes par jour. Dot\u00e9 d\u2019environ 72 heures de r\u00e9serve de marche, il est \u00e9quip\u00e9 d\u2019un balancier muni de vis de r\u00e9glage et d\u2019un spiral Breguet. Pour assurer un r\u00e9glage \u00e0 la seconde pr\u00e8s, un m\u00e9canisme stop-seconde a \u00e9t\u00e9 rajout\u00e9 et l\u2019axe du balancier est \u00e9quip\u00e9 de chatons mont\u00e9s sur ressorts qui lui conf\u00e8rent une meilleure r\u00e9sistance aux chocs. <\/p>\n\n\n\n<figure class=\"wp-block-image size-full\"><img decoding=\"async\" width=\"900\" height=\"900\" loading=\"lazy\" src=\"https:\/\/www.my-watchsite.fr\/blog\/wp-content\/uploads\/2025\/07\/zenithgfj3.jpg\" alt=\"\" class=\"wp-image-43026\" \/><figcaption class=\"wp-element-caption\">Les ponts, finement d\u00e9cor\u00e9s d\u2019un guilloch\u00e9 \u00ab\u00a0brique\u00a0\u00bb, \u00e9voquent la fa\u00e7ade embl\u00e9matique de la manufacture Zenith.<\/figcaption><\/figure>\n\n\n\n<p>Visible \u00e0 travers un fond en saphir, les ponts sont d\u00e9licatement orn\u00e9s d\u2019un guilloch\u00e9 \u00ab&nbsp;brique&nbsp;\u00bb, en \u00e9cho \u00e0 la fa\u00e7ade de la manufacture. Ce d\u00e9cor se retrouve sur le pourtour du cadran, cercl\u00e9 d\u2019une minuterie chemin de fer compos\u00e9 de quarante perles en or blanc, d\u2019une d\u00e9licatesse sans nom. Le centre du cadran m\u00e9rite \u00e9galement l\u2019attention avec son fa\u00e7onnage en lapis-lazuli bleu intense, incrust\u00e9 de pyrite dor\u00e9e. Puis, plac\u00e9 \u00e0 6 heures, le compteur des secondes est, quant \u00e0 lui, r\u00e9alis\u00e9 en nacre. Une montre pr\u00e9cieuse \u00e0 plus d\u2019un titre. Cette \u00e9dition in\u00e9dite est disponible avec trois bracelets interchangeables&nbsp;: en alligator bleu, en veau noir ou en veau bleu \u00ab&nbsp;Saffiano&nbsp;\u00bb l\u00e9g\u00e8rement textur\u00e9. Notons que seulement sur demande, un bracelet en platine \u00e0 sept rangs reprenant le motif \u00ab brique&nbsp;\u00bb offre une alternative exclusive.<\/p>\n\n\n\n<figure class=\"wp-block-image size-full\"><img decoding=\"async\" width=\"900\" height=\"900\" loading=\"lazy\" src=\"https:\/\/www.my-watchsite.fr\/blog\/wp-content\/uploads\/2025\/07\/zenithgfj2.jpg\" alt=\"\" class=\"wp-image-43025\" \/><figcaption class=\"wp-element-caption\">Le bracelet est muni d&rsquo;une boucle ardillon en platine, grav\u00e9e des initiales G.F.J. et du motif \u00ab\u00a0brique\u00a0\u00bb.<\/figcaption><\/figure>\n\n\n\n<p><strong>52 900 euros<\/strong><\/p>\n\n\n\n<p><a href=\"https:\/\/www.my-watchsite.fr\/gfj\/9466-gfj.html\" target=\"_blank\" rel=\"noreferrer noopener\">Consulter les d\u00e9tails techniques de a montre G.F.J Calibre 135<\/a><\/p>\n\n\n\n<p class=\"has-text-align-center\"><strong>LE COFFRET D\u00c9DI\u00c9<\/strong><\/p>\n\n\n\n<figure class=\"wp-block-image size-full\"><img decoding=\"async\" width=\"900\" height=\"900\" loading=\"lazy\" src=\"https:\/\/www.my-watchsite.fr\/blog\/wp-content\/uploads\/2025\/07\/zenith13.jpg\" alt=\"\" class=\"wp-image-43023\" \/><figcaption class=\"wp-element-caption\">Produits en \u00e9ditions limit\u00e9es de 160 exemplaires, ces mod\u00e8les peuvent \u00eatre acquis s\u00e9par\u00e9ment ou r\u00e9unis dans un coffret anniversaire exclusif, qui peut \u00e9galement inclure la G.F.J.<\/figcaption><\/figure>\n\n\n\n<p><strong>Prix du coffret avec les trois montres : 65 000 euros \/ plus le mod\u00e8le G.F.J : 117 900 euros<\/strong><\/p>\n\n\n\n<h2 class=\"wp-block-heading has-text-align-center\"><strong>CERISE SUR LE PLATEAU &#8211; UNE BELLE EXCLUE VENUE DE TR\u00c8S TR\u00c8S LOIN<\/strong><\/h2>\n\n\n\n<p>Pr\u00e9sent\u00e9e en exclusivit\u00e9 dans l\u2019\u00e9mission et tout droit sortie d\u2019un autre univers, cette Chronomaster Sport M\u00e9t\u00e9orite en acier s\u00e9duit par son cadran en m\u00e9t\u00e9orite unique et sa lunette en c\u00e9ramique noire, sur laquelle s&rsquo;affiche l\u2019indication du 1\/10e de seconde. <\/p>\n\n\n\n<figure class=\"wp-block-image size-full\"><img decoding=\"async\" width=\"900\" height=\"900\" loading=\"lazy\" src=\"https:\/\/www.my-watchsite.fr\/blog\/wp-content\/uploads\/2025\/07\/zenith1-2.jpg\" alt=\"\" class=\"wp-image-43254\" \/><figcaption class=\"wp-element-caption\">La nouvelle Chronomaster Sport M\u00e9t\u00e9orite avec son cadran en m\u00e9t\u00e9orite.<\/figcaption><\/figure>\n\n\n\n<p>Elle embarque le mouvement automatique El Primero 3600, un chronographe haute fr\u00e9quence &#8211; 36 000 alternances par heure, soit 5 Hz &#8211; avec roue \u00e0 colonnes. Il est capable de mesurer le 1\/10e de seconde via une aiguille centrale effectuant un tour en 10 secondes. Les compteurs de 60 secondes et 60 minutes sont situ\u00e9s respectivement \u00e0 3h et 6h, avec petite seconde \u00e0 9h et date subtilement plac\u00e9e \u00e0 4h30. <\/p>\n\n\n\n<figure class=\"wp-block-image size-full\"><img decoding=\"async\" width=\"900\" height=\"900\" loading=\"lazy\" src=\"https:\/\/www.my-watchsite.fr\/blog\/wp-content\/uploads\/2025\/07\/zenith4-1.jpg\" alt=\"\" class=\"wp-image-43255\" \/><figcaption class=\"wp-element-caption\">Sur le cadran de cette Chronomaster Sport M\u00e9t\u00e9orite l&rsquo;on retrouve les figures de Widmanst\u00e4tten, caract\u00e9ristiques des m\u00e9t\u00e9orites ferreuses . <\/figcaption><\/figure>\n\n\n\n<p>\u00c9tanche \u00e0 100 m\u00e8tres, cet instrument, gardien du temps qui se fait \u00e9galement gardien de l\u2019\u00e9ternit\u00e9 avec le fragment de m\u00e9t\u00e9orite qu\u2019il renferme, offre 60 heures de r\u00e9serve de marche. Les aiguilles et les index rhodi\u00e9s, facett\u00e9s et rev\u00eatus de Super-LumiNova tr\u00e8s lumineux, garantissent une parfaite lisibilit\u00e9. Son bracelet en acier, muni d&rsquo;une boucle d\u00e9ployante, compl\u00e8te ce garde-temps au design intemporel.<\/p>\n\n\n\n<figure class=\"wp-block-image size-full\"><img decoding=\"async\" width=\"900\" height=\"1450\" loading=\"lazy\" src=\"https:\/\/www.my-watchsite.fr\/blog\/wp-content\/uploads\/2025\/07\/zenith2-3.jpg\" alt=\"\" class=\"wp-image-43256\" \/><figcaption class=\"wp-element-caption\">Visible \u00e0 travers un fond transparent, la masse oscillante ajour\u00e9e et satin\u00e9e arbore une \u00e9toile, embl\u00e8me de la manufacture<\/figcaption><\/figure>\n\n\n\n<p><strong>18 300 euros<\/strong><\/p>\n\n\n\n<p><a href=\"https:\/\/www.zenith-watches.com\/fr_fr\" target=\"_blank\" rel=\"noreferrer noopener\">LE SITE DES MONTRES ZENITH<\/a><\/p>\n\n\n\n<blockquote class=\"wp-block-quote\">\n<p>INSCRIPTION POUR LA VISITE DE LA MANUFACTURE ZENITH : <a href=\"https:\/\/www.myswitzerland.com\/fr-fr\/planification\/offres\/manufacture-horlogere-zenith-visite-guidee-publique-au-locle\/\">https:\/\/www.myswitzerland.com\/fr-fr\/planification\/offres\/manufacture-horlogere-zenith-visite-guidee-publique-au-locle\/<\/a><\/p>\n<\/blockquote>\n\n\n\n<p><strong>\u00c0 voir aussi :<\/strong><\/p>\n\n\n\n<figure class=\"wp-block-embed is-type-video is-provider-youtube wp-block-embed-youtube wp-embed-aspect-16-9 wp-has-aspect-ratio\"><div class=\"wp-block-embed__wrapper\">\n<iframe loading=\"lazy\" title=\"Hissez les couleurs ! Les montres sportives sortent le grand jeu.\" width=\"500\" height=\"281\" src=\"https:\/\/www.youtube.com\/embed\/BZxUHJ_bwpU?feature=oembed\" frameborder=\"0\" allow=\"accelerometer; autoplay; clipboard-write; encrypted-media; gyroscope; picture-in-picture; web-share\" referrerpolicy=\"strict-origin-when-cross-origin\" allowfullscreen><\/iframe>\n<\/div><\/figure>\n\n\n\n<p><strong>\u00c0 lire \u00e9galement :<\/strong><\/p>\n\n\n\n<figure class=\"wp-block-embed is-type-wp-embed is-provider-mywatch-fr wp-block-embed-mywatch-fr\"><div class=\"wp-block-embed__wrapper\">\n<blockquote class=\"wp-embedded-content\" data-secret=\"Go78cfp1ec\"><a href=\"https:\/\/www.my-watchsite.fr\/blog\/lvmh-watch-week-2025-les-manufactures-hissent-les-couleurs-2-3\/\">LVMH Watch Week 2025 : les manufactures hissent les couleurs (#2\/3)<\/a><\/blockquote><iframe class=\"wp-embedded-content\" sandbox=\"allow-scripts\" security=\"restricted\" style=\"position: absolute; clip: rect(1px, 1px, 1px, 1px);\" title=\"\u00ab\u00a0LVMH Watch Week 2025 : les manufactures hissent les couleurs (#2\/3)\u00a0\u00bb &#8212; MyWatch FR\" src=\"https:\/\/www.my-watchsite.fr\/blog\/lvmh-watch-week-2025-les-manufactures-hissent-les-couleurs-2-3\/embed\/#?secret=6mg2sOOIsz#?secret=Go78cfp1ec\" data-secret=\"Go78cfp1ec\" width=\"500\" height=\"282\" frameborder=\"0\" marginwidth=\"0\" marginheight=\"0\" scrolling=\"no\"><\/iframe>\n<\/div><\/figure>\n\n\n\n<figure class=\"wp-block-embed is-type-wp-embed is-provider-mywatch-fr wp-block-embed-mywatch-fr\"><div class=\"wp-block-embed__wrapper\">\n<blockquote class=\"wp-embedded-content\" data-secret=\"ni24VHdAYC\"><a href=\"https:\/\/www.my-watchsite.fr\/blog\/focus-sur-une-montre-de-poche-zenith-entree-dans-la-legende-n412\/\">Focus sur une montre de poche Zenith entr\u00e9e dans la l\u00e9gende<\/a><\/blockquote><iframe class=\"wp-embedded-content\" sandbox=\"allow-scripts\" security=\"restricted\" style=\"position: absolute; clip: rect(1px, 1px, 1px, 1px);\" title=\"\u00ab\u00a0Focus sur une montre de poche Zenith entr\u00e9e dans la l\u00e9gende\u00a0\u00bb &#8212; MyWatch FR\" src=\"https:\/\/www.my-watchsite.fr\/blog\/focus-sur-une-montre-de-poche-zenith-entree-dans-la-legende-n412\/embed\/#?secret=FALr3iRWFD#?secret=ni24VHdAYC\" data-secret=\"ni24VHdAYC\" width=\"500\" height=\"282\" frameborder=\"0\" marginwidth=\"0\" marginheight=\"0\" scrolling=\"no\"><\/iframe>\n<\/div><\/figure>\n","protected":false},"excerpt":{"rendered":"<p>Pour ses 160 ans, Zenith c\u00e9l\u00e8bre bien plus qu\u2019un simple anniversaire : elle r\u00e9affirme son h\u00e9ritage de pr\u00e9cision et d\u2019audace. De la fondation visionnaire de Georges Favre-Jacot \u00e0 la naissance du l\u00e9gendaire mouvement El Primero, la Maison incarne l\u2019excellence horlog\u00e8re. \u00c0 cette occasion, des montres embl\u00e9matiques sont r\u00e9\u00e9dit\u00e9es en \u00e9dition limit\u00e9e dans une d\u00e9clinaison bleue monochrome, rendant hommage \u00e0 une histoire jalonn\u00e9e de records et d\u2019innovations techniques. En prime, une visite de Frank Sans C au c\u0153ur des ateliers de la manufacture suisse et du c\u00e9l\u00e8bre grenier qui a sauv\u00e9 le calibre El Primero. Suivez le guide !<\/p>\n","protected":false},"author":3,"featured_media":43159,"comment_status":"closed","ping_status":"closed","sticky":false,"template":"","format":"standard","meta":{"footnotes":""},"categories":[2],"tags":[883,880,882,884,885,881,18],"acf":[],"yoast_head":"<!-- This site is optimized with the Yoast SEO plugin v20.4 - https:\/\/yoast.com\/wordpress\/plugins\/seo\/ -->\n<title>Les 160 ans d&#039;une manufacture au... Zenith ! - MyWatch FR<\/title>\n<meta name=\"description\" content=\"Pour ses 160 ans, la manufacture Zenith d\u00e9voile une s\u00e9rie de montres d&#039;un bleu monochrome \u00e9dit\u00e9es en s\u00e9rie limit\u00e9e.\" \/>\n<meta name=\"robots\" content=\"index, follow, max-snippet:-1, max-image-preview:large, max-video-preview:-1\" \/>\n<link rel=\"canonical\" href=\"https:\/\/www.my-watchsite.fr\/blog\/les-160-ans-dune-manufacture-au-zenith\/\" \/>\n<meta property=\"og:locale\" content=\"fr_FR\" \/>\n<meta property=\"og:type\" content=\"article\" \/>\n<meta property=\"og:title\" content=\"Les 160 ans d&#039;une manufacture au... Zenith ! - MyWatch FR\" \/>\n<meta property=\"og:description\" content=\"Pour ses 160 ans, la manufacture Zenith d\u00e9voile une s\u00e9rie de montres d&#039;un bleu monochrome \u00e9dit\u00e9es en s\u00e9rie limit\u00e9e.\" \/>\n<meta property=\"og:url\" content=\"https:\/\/www.my-watchsite.fr\/blog\/les-160-ans-dune-manufacture-au-zenith\/\" \/>\n<meta property=\"og:site_name\" content=\"MyWatch FR\" \/>\n<meta property=\"article:publisher\" content=\"https:\/\/www.facebook.com\/mywatchsite\/\" \/>\n<meta property=\"article:published_time\" content=\"2025-07-21T15:00:00+00:00\" \/>\n<meta property=\"article:modified_time\" content=\"2025-10-02T08:09:56+00:00\" \/>\n<meta property=\"og:image\" content=\"https:\/\/www.my-watchsite.fr\/blog\/wp-content\/uploads\/2025\/07\/vignettechloe.jpg\" \/>\n\t<meta property=\"og:image:width\" content=\"1563\" \/>\n\t<meta property=\"og:image:height\" content=\"969\" \/>\n\t<meta property=\"og:image:type\" content=\"image\/jpeg\" \/>\n<meta name=\"author\" content=\"Chlo\u00e9 Redler\" \/>\n<meta name=\"twitter:card\" content=\"summary_large_image\" \/>\n<meta name=\"twitter:creator\" content=\"@mywatchsite\" \/>\n<meta name=\"twitter:site\" content=\"@mywatchsite\" \/>\n<meta name=\"twitter:label1\" content=\"\u00c9crit par\" \/>\n\t<meta name=\"twitter:data1\" content=\"Chlo\u00e9 Redler\" \/>\n\t<meta name=\"twitter:label2\" content=\"Dur\u00e9e de lecture estim\u00e9e\" \/>\n\t<meta name=\"twitter:data2\" content=\"20 minutes\" \/>\n<script type=\"application\/ld+json\" class=\"yoast-schema-graph\">{\"@context\":\"https:\/\/schema.org\",\"@graph\":[{\"@type\":\"WebPage\",\"@id\":\"https:\/\/www.my-watchsite.fr\/blog\/les-160-ans-dune-manufacture-au-zenith\/\",\"url\":\"https:\/\/www.my-watchsite.fr\/blog\/les-160-ans-dune-manufacture-au-zenith\/\",\"name\":\"Les 160 ans d'une manufacture au... Zenith ! - MyWatch FR\",\"isPartOf\":{\"@id\":\"https:\/\/www.my-watchsite.fr\/blog\/#website\"},\"datePublished\":\"2025-07-21T15:00:00+00:00\",\"dateModified\":\"2025-10-02T08:09:56+00:00\",\"author\":{\"@id\":\"https:\/\/www.my-watchsite.fr\/blog\/#\/schema\/person\/d0a71aaf376997c19bcc32876032e616\"},\"description\":\"Pour ses 160 ans, la manufacture Zenith d\u00e9voile une s\u00e9rie de montres d'un bleu monochrome \u00e9dit\u00e9es en s\u00e9rie limit\u00e9e.\",\"breadcrumb\":{\"@id\":\"https:\/\/www.my-watchsite.fr\/blog\/les-160-ans-dune-manufacture-au-zenith\/#breadcrumb\"},\"inLanguage\":\"fr-FR\",\"potentialAction\":[{\"@type\":\"ReadAction\",\"target\":[\"https:\/\/www.my-watchsite.fr\/blog\/les-160-ans-dune-manufacture-au-zenith\/\"]}]},{\"@type\":\"BreadcrumbList\",\"@id\":\"https:\/\/www.my-watchsite.fr\/blog\/les-160-ans-dune-manufacture-au-zenith\/#breadcrumb\",\"itemListElement\":[{\"@type\":\"ListItem\",\"position\":1,\"name\":\"Accueil\",\"item\":\"https:\/\/www.my-watchsite.fr\/blog\/\"},{\"@type\":\"ListItem\",\"position\":2,\"name\":\"Les 160 ans d&rsquo;une manufacture au&#8230; Zenith !\"}]},{\"@type\":\"WebSite\",\"@id\":\"https:\/\/www.my-watchsite.fr\/blog\/#website\",\"url\":\"https:\/\/www.my-watchsite.fr\/blog\/\",\"name\":\"MyWatch FR\",\"description\":\"Make Time a Lifestyle\",\"potentialAction\":[{\"@type\":\"SearchAction\",\"target\":{\"@type\":\"EntryPoint\",\"urlTemplate\":\"https:\/\/www.my-watchsite.fr\/blog\/?s={search_term_string}\"},\"query-input\":\"required name=search_term_string\"}],\"inLanguage\":\"fr-FR\"},{\"@type\":\"Person\",\"@id\":\"https:\/\/www.my-watchsite.fr\/blog\/#\/schema\/person\/d0a71aaf376997c19bcc32876032e616\",\"name\":\"Chlo\u00e9 Redler\",\"image\":{\"@type\":\"ImageObject\",\"inLanguage\":\"fr-FR\",\"@id\":\"https:\/\/www.my-watchsite.fr\/blog\/#\/schema\/person\/image\/\",\"url\":\"https:\/\/secure.gravatar.com\/avatar\/68b11128a6aeda527d5c85fdfe99d5ab?s=96&d=mm&r=g\",\"contentUrl\":\"https:\/\/secure.gravatar.com\/avatar\/68b11128a6aeda527d5c85fdfe99d5ab?s=96&d=mm&r=g\",\"caption\":\"Chlo\u00e9 Redler\"}}]}<\/script>\n<!-- \/ Yoast SEO plugin. -->","yoast_head_json":{"title":"Les 160 ans d'une manufacture au... Zenith ! - MyWatch FR","description":"Pour ses 160 ans, la manufacture Zenith d\u00e9voile une s\u00e9rie de montres d'un bleu monochrome \u00e9dit\u00e9es en s\u00e9rie limit\u00e9e.","robots":{"index":"index","follow":"follow","max-snippet":"max-snippet:-1","max-image-preview":"max-image-preview:large","max-video-preview":"max-video-preview:-1"},"canonical":"https:\/\/www.my-watchsite.fr\/blog\/les-160-ans-dune-manufacture-au-zenith\/","og_locale":"fr_FR","og_type":"article","og_title":"Les 160 ans d'une manufacture au... Zenith ! - MyWatch FR","og_description":"Pour ses 160 ans, la manufacture Zenith d\u00e9voile une s\u00e9rie de montres d'un bleu monochrome \u00e9dit\u00e9es en s\u00e9rie limit\u00e9e.","og_url":"https:\/\/www.my-watchsite.fr\/blog\/les-160-ans-dune-manufacture-au-zenith\/","og_site_name":"MyWatch FR","article_publisher":"https:\/\/www.facebook.com\/mywatchsite\/","article_published_time":"2025-07-21T15:00:00+00:00","article_modified_time":"2025-10-02T08:09:56+00:00","og_image":[{"width":1563,"height":969,"url":"https:\/\/www.my-watchsite.fr\/blog\/wp-content\/uploads\/2025\/07\/vignettechloe.jpg","type":"image\/jpeg"}],"author":"Chlo\u00e9 Redler","twitter_card":"summary_large_image","twitter_creator":"@mywatchsite","twitter_site":"@mywatchsite","twitter_misc":{"\u00c9crit par":"Chlo\u00e9 Redler","Dur\u00e9e de lecture estim\u00e9e":"20 minutes"},"schema":{"@context":"https:\/\/schema.org","@graph":[{"@type":"WebPage","@id":"https:\/\/www.my-watchsite.fr\/blog\/les-160-ans-dune-manufacture-au-zenith\/","url":"https:\/\/www.my-watchsite.fr\/blog\/les-160-ans-dune-manufacture-au-zenith\/","name":"Les 160 ans d'une manufacture au... Zenith ! - MyWatch FR","isPartOf":{"@id":"https:\/\/www.my-watchsite.fr\/blog\/#website"},"datePublished":"2025-07-21T15:00:00+00:00","dateModified":"2025-10-02T08:09:56+00:00","author":{"@id":"https:\/\/www.my-watchsite.fr\/blog\/#\/schema\/person\/d0a71aaf376997c19bcc32876032e616"},"description":"Pour ses 160 ans, la manufacture Zenith d\u00e9voile une s\u00e9rie de montres d'un bleu monochrome \u00e9dit\u00e9es en s\u00e9rie limit\u00e9e.","breadcrumb":{"@id":"https:\/\/www.my-watchsite.fr\/blog\/les-160-ans-dune-manufacture-au-zenith\/#breadcrumb"},"inLanguage":"fr-FR","potentialAction":[{"@type":"ReadAction","target":["https:\/\/www.my-watchsite.fr\/blog\/les-160-ans-dune-manufacture-au-zenith\/"]}]},{"@type":"BreadcrumbList","@id":"https:\/\/www.my-watchsite.fr\/blog\/les-160-ans-dune-manufacture-au-zenith\/#breadcrumb","itemListElement":[{"@type":"ListItem","position":1,"name":"Accueil","item":"https:\/\/www.my-watchsite.fr\/blog\/"},{"@type":"ListItem","position":2,"name":"Les 160 ans d&rsquo;une manufacture au&#8230; Zenith !"}]},{"@type":"WebSite","@id":"https:\/\/www.my-watchsite.fr\/blog\/#website","url":"https:\/\/www.my-watchsite.fr\/blog\/","name":"MyWatch FR","description":"Make Time a Lifestyle","potentialAction":[{"@type":"SearchAction","target":{"@type":"EntryPoint","urlTemplate":"https:\/\/www.my-watchsite.fr\/blog\/?s={search_term_string}"},"query-input":"required name=search_term_string"}],"inLanguage":"fr-FR"},{"@type":"Person","@id":"https:\/\/www.my-watchsite.fr\/blog\/#\/schema\/person\/d0a71aaf376997c19bcc32876032e616","name":"Chlo\u00e9 Redler","image":{"@type":"ImageObject","inLanguage":"fr-FR","@id":"https:\/\/www.my-watchsite.fr\/blog\/#\/schema\/person\/image\/","url":"https:\/\/secure.gravatar.com\/avatar\/68b11128a6aeda527d5c85fdfe99d5ab?s=96&d=mm&r=g","contentUrl":"https:\/\/secure.gravatar.com\/avatar\/68b11128a6aeda527d5c85fdfe99d5ab?s=96&d=mm&r=g","caption":"Chlo\u00e9 Redler"}}]}},"_links":{"self":[{"href":"https:\/\/www.my-watchsite.fr\/blog\/wp-json\/wp\/v2\/posts\/43008"}],"collection":[{"href":"https:\/\/www.my-watchsite.fr\/blog\/wp-json\/wp\/v2\/posts"}],"about":[{"href":"https:\/\/www.my-watchsite.fr\/blog\/wp-json\/wp\/v2\/types\/post"}],"author":[{"embeddable":true,"href":"https:\/\/www.my-watchsite.fr\/blog\/wp-json\/wp\/v2\/users\/3"}],"replies":[{"embeddable":true,"href":"https:\/\/www.my-watchsite.fr\/blog\/wp-json\/wp\/v2\/comments?post=43008"}],"version-history":[{"count":74,"href":"https:\/\/www.my-watchsite.fr\/blog\/wp-json\/wp\/v2\/posts\/43008\/revisions"}],"predecessor-version":[{"id":44209,"href":"https:\/\/www.my-watchsite.fr\/blog\/wp-json\/wp\/v2\/posts\/43008\/revisions\/44209"}],"wp:featuredmedia":[{"embeddable":true,"href":"https:\/\/www.my-watchsite.fr\/blog\/wp-json\/wp\/v2\/media\/43159"}],"wp:attachment":[{"href":"https:\/\/www.my-watchsite.fr\/blog\/wp-json\/wp\/v2\/media?parent=43008"}],"wp:term":[{"taxonomy":"category","embeddable":true,"href":"https:\/\/www.my-watchsite.fr\/blog\/wp-json\/wp\/v2\/categories?post=43008"},{"taxonomy":"post_tag","embeddable":true,"href":"https:\/\/www.my-watchsite.fr\/blog\/wp-json\/wp\/v2\/tags?post=43008"}],"curies":[{"name":"wp","href":"https:\/\/api.w.org\/{rel}","templated":true}]}}