{"id":43404,"date":"2025-07-25T12:38:07","date_gmt":"2025-07-25T10:38:07","guid":{"rendered":"https:\/\/www.my-watchsite.fr\/blog\/?p=43404"},"modified":"2025-07-25T12:38:14","modified_gmt":"2025-07-25T10:38:14","slug":"millesime-como-a-puligny-montrachet","status":"publish","type":"post","link":"https:\/\/www.my-watchsite.fr\/blog\/millesime-como-a-puligny-montrachet\/","title":{"rendered":"Mill\u00e9sime COMO \u00e0 Puligny-Montrachet"},"content":{"rendered":"\n<figure class=\"wp-block-embed is-type-video is-provider-youtube wp-block-embed-youtube wp-embed-aspect-16-9 wp-has-aspect-ratio\"><div class=\"wp-block-embed__wrapper\">\n<iframe loading=\"lazy\" title=\"COMO Le Montrachet: 19th-century &#039;place du village&#039; inn at Puligny-Montrachet\" width=\"500\" height=\"281\" src=\"https:\/\/www.youtube.com\/embed\/75CcBrDPHPE?feature=oembed\" frameborder=\"0\" allow=\"accelerometer; autoplay; clipboard-write; encrypted-media; gyroscope; picture-in-picture; web-share\" referrerpolicy=\"strict-origin-when-cross-origin\" allowfullscreen><\/iframe>\n<\/div><\/figure>\n\n\n\n<p>D\u00e9but juillet, Puligny-Montrachet a fait la f\u00eate comme jamais. Le village de 353 \u00e2mes \u00e9tait la star des comm\u00e9morations du dixi\u00e8me anniversaire de l\u2019inscription par l\u2019UNESCO des Climats de Bourgogne au Patrimoine mondial. Pour m\u00e9moire, un Climat d\u00e9signe une parcelle de vigne, souvent miniature, plant\u00e9e sur un terrain singulier, cultiv\u00e9e, on devrait dire bichonn\u00e9e pour ne produire qu\u2019un seul vin qui en prend le nom.<\/p>\n\n\n\n<figure class=\"wp-block-image size-full\"><img decoding=\"async\" width=\"900\" height=\"560\" loading=\"lazy\" src=\"https:\/\/www.my-watchsite.fr\/blog\/wp-content\/uploads\/2025\/07\/jp2.jpg\" alt=\"\" class=\"wp-image-43407\" \/><figcaption class=\"wp-element-caption\">L&rsquo;ho\u0302tel est installe\u0301 dans trois maisons du village<\/figcaption><\/figure>\n\n\n\n<h2 class=\"wp-block-heading\"><strong>Une douzaine de propri\u00e9taires<\/strong><\/h2>\n\n\n\n<p>L\u2019origine de ce tr\u00e9sor remonte \u00e0 mille ans et plus. Rendant hommage au ciel, ses lumi\u00e8res autant que sa m\u00e9t\u00e9o tourment\u00e9e, les moines cisterciens d\u00e9cid\u00e8rent que le vin de messe m\u00e9ritait mieux, beaucoup mieux, qu\u2019une banale piquette. Gagn\u00e9. Ainsi naquit le Puligny-Montrachet, 8 hectares b\u00e9nis chaque matin par une douzaine de propri\u00e9taires, chacun son Climat dessin\u00e9 sur les pentes du mont Rachet, le mamelon rondouillard qu\u2019ont enchant\u00e9 une vingtaine de com\u00e9diens le temps d\u2019une c\u00e9l\u00e9bration du g\u00e9nie bourguignon et de sa belle \u00e2me.<\/p>\n\n\n\n<figure class=\"wp-block-image size-full\"><img decoding=\"async\" width=\"900\" height=\"560\" loading=\"lazy\" src=\"https:\/\/www.my-watchsite.fr\/blog\/wp-content\/uploads\/2025\/07\/jp1.jpg\" alt=\"\" class=\"wp-image-43409\" \/><figcaption class=\"wp-element-caption\">Le COMO propose aussi des promenades dans les vignes<\/figcaption><\/figure>\n\n\n\n<h2 class=\"wp-block-heading\"><strong>Cinq \u00e9toiles au fronton<\/strong><\/h2>\n\n\n\n<p>Pos\u00e9 au c\u0153ur du village et au premier rang des festivit\u00e9s, l\u2019h\u00f4tel COMO fut du m\u00eame coup baptis\u00e9. Cinq \u00e9toiles au fronton m\u00e9ritent bien qu\u2019on en pousse la porte. Le chef Romain Versino a fait danser son piano pour livrer ses recettes f\u00e9tiches, ah, ces cromesquis d\u2019escargot, vive la Bourgogne\u00a0! Suivis par le plat signature, pigeon et foie gras en croute de c\u00e9r\u00e9ales\u2026 Ici, la table a de la tenue. Le sommelier, l\u2019expert Andr\u00e9 Berthier, a d\u00e9poussi\u00e9r\u00e9 quelques flacons oubli\u00e9s tout en astiquant sa machine \u00e0 servir le vin de Bourgogne au verre, huit blancs, autant de rouges \u00e0 prix sage, les jardiniers ont taill\u00e9 les rosiers ainsi que la haie qui prot\u00e8ge la piscine et COMO Le Montrachet s\u2019est montr\u00e9 digne de son int\u00e9gration dans le paysage bourguignon.<\/p>\n\n\n\n<figure class=\"wp-block-image size-full\"><img decoding=\"async\" width=\"900\" height=\"560\" loading=\"lazy\" src=\"https:\/\/www.my-watchsite.fr\/blog\/wp-content\/uploads\/2025\/07\/jp9.jpg\" alt=\"\" class=\"wp-image-43410\" \/><figcaption class=\"wp-element-caption\">Le jardin du COMO Le Montrachet<\/figcaption><\/figure>\n\n\n\n<h2 class=\"wp-block-heading\"><strong>Discret, mais so chic<\/strong><\/h2>\n\n\n\n<p>Normal. Les conceptrices de l\u2019h\u00f4tel n\u2019ont qu\u2019un mantra \u00ab\u00a0<em>A Puligny-Montrachet, vis comme un Pulignieusien<\/em>\u00a0\u00bb. Christina Ong et sa fille Melissa, singapouriennes dont les initiales composent le nom de leur groupe (18 adresses dans le monde, de Bali \u00e0 Londres en passant par la Toscane et le Bhoutan) ont point\u00e9 du doigt ce bourg \u00e0 l\u2019\u00e9patante discr\u00e9tion, situ\u00e9 \u00e0 une heure de route de Dijon comme de M\u00e2con. Discret, mais so chic avec ses maisons de ma\u00eetre planqu\u00e9es derri\u00e8re de hautes murailles de pierres blanches. Pri\u00e8re de frapper avant d\u2019entrer, \u00e9viter la curiosit\u00e9.<\/p>\n\n\n\n<figure class=\"wp-block-image size-full\"><img decoding=\"async\" width=\"900\" height=\"560\" loading=\"lazy\" src=\"https:\/\/www.my-watchsite.fr\/blog\/wp-content\/uploads\/2025\/07\/jp5.jpg\" alt=\"\" class=\"wp-image-43414\" \/><figcaption class=\"wp-element-caption\">Le chef, Romain Versino, cre\u0301ateur de saveurs bourguignonnes<\/figcaption><\/figure>\n\n\n\n<h2 class=\"wp-block-heading\"><strong>Restaurant de haute-vol\u00e9e<\/strong><\/h2>\n\n\n\n<p>COMO a d\u00e9nich\u00e9 trois b\u00e2tisses de village \u00e0 l\u2019\u00e9patant classicisme du XIX\u00e8me si\u00e8cle. Elles bordent la place du Pasquier-de-la-Fontaine dont le fleurissement c\u00e9l\u00e8bre les Climats voisins. Apr\u00e8s quelques millions d\u2019euros d\u2019am\u00e9nagements, l\u2019h\u00f4tel propose 28 chambres et suites, un restaurant de haute vol\u00e9e (bravo pour l\u2019espacement des tables qui permet une conversation normale \u00e0 l\u2019abri des indiscrets), un bar de belle convivialit\u00e9, une piscine de 25 m\u00e8tres, un jardin, bient\u00f4t une salle de sport ainsi qu\u2019un Spa.<\/p>\n\n\n\n<figure class=\"wp-block-image size-full\"><img decoding=\"async\" width=\"900\" height=\"560\" loading=\"lazy\" src=\"https:\/\/www.my-watchsite.fr\/blog\/wp-content\/uploads\/2025\/07\/jp4.jpg\" alt=\"\" class=\"wp-image-43412\" \/><figcaption class=\"wp-element-caption\">La piscine de l&rsquo;h\u00f4tel<\/figcaption><\/figure>\n\n\n\n<h2 class=\"wp-block-heading\"><strong>Douillette et intimiste<\/strong><\/h2>\n\n\n\n<p>\u00c0 l\u2019int\u00e9rieur, l\u2019h\u00f4tel d\u00e9ploie les charmes d\u2019une maison de famille qui aurait travers\u00e9 les temps en offrant \u00e0 chaque nouveau berceau la gr\u00e2ce des g\u00e9n\u00e9rations pr\u00e9c\u00e9dentes. Ambiance douillette, intimiste et classe. Illustration dans les chambres o\u00f9 gris clair, bleu tendre et vert d\u2019eau se marient \u00e9l\u00e9gamment.<\/p>\n\n\n\n<figure class=\"wp-block-image size-full\"><img decoding=\"async\" width=\"900\" height=\"560\" loading=\"lazy\" src=\"https:\/\/www.my-watchsite.fr\/blog\/wp-content\/uploads\/2025\/07\/jp7.jpg\" alt=\"\" class=\"wp-image-43418\" \/><figcaption class=\"wp-element-caption\">Chambre de la suite Montrachet<\/figcaption><\/figure>\n\n\n\n<p>La toile de Jouy habille murs, tentures et fauteuils, en phase avec la tenue bourgeoise dont se pare la communaut\u00e9 viticole de Puligny-Montrachet. Mobilier aussi sobre que fonctionnel et confort aux normes du jour (\u00e9cran plat, machine \u00e0 caf\u00e9, room service) compl\u00e8tent l\u2019agr\u00e9ment du COMO.<\/p>\n\n\n\n<figure class=\"wp-block-image size-full\"><img decoding=\"async\" width=\"900\" height=\"560\" loading=\"lazy\" src=\"https:\/\/www.my-watchsite.fr\/blog\/wp-content\/uploads\/2025\/07\/jp3.jpg\" alt=\"\" class=\"wp-image-43413\" \/><figcaption class=\"wp-element-caption\">Couleurs douces et toile de Jouy dans les chambres<\/figcaption><\/figure>\n\n\n\n<h2 class=\"wp-block-heading\"><strong>40 000 bouteilles par an<\/strong><\/h2>\n\n\n\n<p>Pri\u00e8re quand m\u00eame de tendre l\u2019oreille. Le clocher du village sonne encore l\u2019heure. Depuis 1779, Notre-Dame de l\u2019Assomption veille sur son bouquet de maisons aux larges pierres blanches de Bourgogne dont les hauts murs butent sur la vigne, son tr\u00e9sor (40 000 bouteilles par an vendues \u00e0 partir de 40 euros, voire plus, beaucoup plus\u2026).<\/p>\n\n\n\n<figure class=\"wp-block-image size-full\"><img decoding=\"async\" width=\"900\" height=\"560\" loading=\"lazy\" src=\"https:\/\/www.my-watchsite.fr\/blog\/wp-content\/uploads\/2025\/07\/jp11.jpg\" alt=\"\" class=\"wp-image-43421\" \/><\/figure>\n\n\n\n<h2 class=\"wp-block-heading\"><strong>Place aux vendanges<\/strong><\/h2>\n\n\n\n<p>Finie la comm\u00e9moration des Climats, place maintenant aux vendanges qui, \u00e0 la mi-septembre, d\u00e9voileront leurs exigences millim\u00e9tr\u00e9es, du s\u00e9cateur au f\u00fbt de ch\u00eane. Alors, Puligny-Montrachet renouvellera son alchimie d\u2019automne, celle qui transfigure la grappe en or liquide, celle qui raconte les savoirs inspir\u00e9s, celle qui honore la belle vie.<\/p>\n\n\n\n<figure class=\"wp-block-image size-full\"><img decoding=\"async\" width=\"900\" height=\"560\" loading=\"lazy\" src=\"https:\/\/www.my-watchsite.fr\/blog\/wp-content\/uploads\/2025\/07\/jp10.jpg\" alt=\"\" class=\"wp-image-43411\" \/><figcaption class=\"wp-element-caption\">La piscine de l&rsquo;h\u00f4tel<\/figcaption><\/figure>\n\n\n\n<p><strong>Y aller<\/strong><\/p>\n\n\n\n<p><strong>S\u00e9journer<\/strong>. <strong>H\u00f4tel COMO Le Montrachet<\/strong>, \u00e0 partir de 350 euros la nuit en chambre double, et de 1 100 euros en suite, petits d\u00e9jeuners compris. Au restaurant, carte et menus \u00e0 partir de 45 euros (d\u00e9jeuner) et 90 euros (d\u00eener en cinq services). Menus v\u00e9g\u00e9tariens servis aux deux repas.<\/p>\n\n\n\n<p>10, Place du Pasquier 21190 Puligny-Montrachet. <br>T\u00e9l.\u00a0: 03 80 21 30 06  &#8211; <a href=\"https:\/\/www.comohotels.com\/burgundy\/como-le-montrachet\" target=\"_blank\" rel=\"noreferrer noopener\">www.comohotels.com<\/a><\/p>\n\n\n\n<p><strong>D\u00e9guster<\/strong>. <strong>Domaine Prosper Maufoux<\/strong>, ch\u00e2teau de Saint-Aubin, \u00e0 5 km de Puligny-Montrachet. D\u00e9gustations entre 37 euros et 98 euros par personne selon les formules. Vente de vins sur place.<\/p>\n\n\n\n<p>T\u00e9l.\u00a0: 03 80 20 68 71 &#8211; <a href=\"https:\/\/prosper-maufoux.com\/fr\" target=\"_blank\" rel=\"noreferrer noopener\">www.prosper-maufoux.com<\/a><\/p>\n\n\n\n<p><strong>\u00c0 lire aussi :<\/strong><\/p>\n\n\n\n<figure class=\"wp-block-embed is-type-wp-embed is-provider-mywatch-fr wp-block-embed-mywatch-fr\"><div class=\"wp-block-embed__wrapper\">\n<blockquote class=\"wp-embedded-content\" data-secret=\"fAWqm220ou\"><a href=\"https:\/\/www.my-watchsite.fr\/blog\/w-drague-prague\/\">W drague Prague<\/a><\/blockquote><iframe class=\"wp-embedded-content\" sandbox=\"allow-scripts\" security=\"restricted\" style=\"position: absolute; clip: rect(1px, 1px, 1px, 1px);\" title=\"\u00ab\u00a0W drague Prague\u00a0\u00bb &#8212; MyWatch FR\" src=\"https:\/\/www.my-watchsite.fr\/blog\/w-drague-prague\/embed\/#?secret=B1K6aynfoY#?secret=fAWqm220ou\" data-secret=\"fAWqm220ou\" width=\"500\" height=\"282\" frameborder=\"0\" marginwidth=\"0\" marginheight=\"0\" scrolling=\"no\"><\/iframe>\n<\/div><\/figure>\n\n\n\n<figure class=\"wp-block-embed is-type-wp-embed is-provider-mywatch-fr wp-block-embed-mywatch-fr\"><div class=\"wp-block-embed__wrapper\">\n<blockquote class=\"wp-embedded-content\" data-secret=\"TMBOjTJqjL\"><a href=\"https:\/\/www.my-watchsite.fr\/blog\/atlantis-the-royal-une-folie-a-dubai\/\">Atlantis The Royal, une folie \u00e0 Duba\u00ef<\/a><\/blockquote><iframe class=\"wp-embedded-content\" sandbox=\"allow-scripts\" security=\"restricted\" style=\"position: absolute; clip: rect(1px, 1px, 1px, 1px);\" title=\"\u00ab\u00a0Atlantis The Royal, une folie \u00e0 Duba\u00ef\u00a0\u00bb &#8212; MyWatch FR\" src=\"https:\/\/www.my-watchsite.fr\/blog\/atlantis-the-royal-une-folie-a-dubai\/embed\/#?secret=deiX0c1vxi#?secret=TMBOjTJqjL\" data-secret=\"TMBOjTJqjL\" width=\"500\" height=\"282\" frameborder=\"0\" marginwidth=\"0\" marginheight=\"0\" scrolling=\"no\"><\/iframe>\n<\/div><\/figure>\n","protected":false},"excerpt":{"rendered":"<p>Petit village, grande appellation et superbe h\u00f4tel. Ainsi brillent les \u00e9toiles dans ce fief de la Bourgogne viticole, un terroir o\u00f9 les traditions tiennent bon, o\u00f9 l\u2019\u00e9tiquette porte loin le prestige des savoirs, o\u00f9 se magnifie l\u2019art de recevoir.<\/p>\n","protected":false},"author":24,"featured_media":43424,"comment_status":"closed","ping_status":"closed","sticky":false,"template":"","format":"standard","meta":{"footnotes":""},"categories":[82],"tags":[891,892],"acf":[],"yoast_head":"<!-- This site is optimized with the Yoast SEO plugin v20.4 - https:\/\/yoast.com\/wordpress\/plugins\/seo\/ -->\n<title>Mill\u00e9sime COMO \u00e0 Puligny-Montrachet - MyWatch FR<\/title>\n<meta name=\"description\" content=\"Petit village, grande appellation et superbe h\u00f4tel. COMO. Ainsi brillent les \u00e9toiles dans ce fief de la Bourgogne viticole.\" \/>\n<meta name=\"robots\" content=\"index, follow, max-snippet:-1, max-image-preview:large, max-video-preview:-1\" \/>\n<link rel=\"canonical\" href=\"https:\/\/www.my-watchsite.fr\/blog\/millesime-como-a-puligny-montrachet\/\" \/>\n<meta property=\"og:locale\" content=\"fr_FR\" \/>\n<meta property=\"og:type\" content=\"article\" \/>\n<meta property=\"og:title\" content=\"Mill\u00e9sime COMO \u00e0 Puligny-Montrachet - MyWatch FR\" \/>\n<meta property=\"og:description\" content=\"Petit village, grande appellation et superbe h\u00f4tel. COMO. Ainsi brillent les \u00e9toiles dans ce fief de la Bourgogne viticole.\" \/>\n<meta property=\"og:url\" content=\"https:\/\/www.my-watchsite.fr\/blog\/millesime-como-a-puligny-montrachet\/\" \/>\n<meta property=\"og:site_name\" content=\"MyWatch FR\" \/>\n<meta property=\"article:publisher\" content=\"https:\/\/www.facebook.com\/mywatchsite\/\" \/>\n<meta property=\"article:published_time\" content=\"2025-07-25T10:38:07+00:00\" \/>\n<meta property=\"article:modified_time\" content=\"2025-07-25T10:38:14+00:00\" \/>\n<meta property=\"og:image\" content=\"https:\/\/www.my-watchsite.fr\/blog\/wp-content\/uploads\/2025\/07\/jp-hp.jpg\" \/>\n\t<meta property=\"og:image:width\" content=\"750\" \/>\n\t<meta property=\"og:image:height\" content=\"465\" \/>\n\t<meta property=\"og:image:type\" content=\"image\/jpeg\" \/>\n<meta name=\"author\" content=\"Jean-Pierre Chanial\" \/>\n<meta name=\"twitter:card\" content=\"summary_large_image\" \/>\n<meta name=\"twitter:creator\" content=\"@mywatchsite\" \/>\n<meta name=\"twitter:site\" content=\"@mywatchsite\" \/>\n<meta name=\"twitter:label1\" content=\"\u00c9crit par\" \/>\n\t<meta name=\"twitter:data1\" content=\"Jean-Pierre Chanial\" \/>\n\t<meta name=\"twitter:label2\" content=\"Dur\u00e9e de lecture estim\u00e9e\" \/>\n\t<meta name=\"twitter:data2\" content=\"7 minutes\" \/>\n<script type=\"application\/ld+json\" class=\"yoast-schema-graph\">{\"@context\":\"https:\/\/schema.org\",\"@graph\":[{\"@type\":\"WebPage\",\"@id\":\"https:\/\/www.my-watchsite.fr\/blog\/millesime-como-a-puligny-montrachet\/\",\"url\":\"https:\/\/www.my-watchsite.fr\/blog\/millesime-como-a-puligny-montrachet\/\",\"name\":\"Mill\u00e9sime COMO \u00e0 Puligny-Montrachet - MyWatch FR\",\"isPartOf\":{\"@id\":\"https:\/\/www.my-watchsite.fr\/blog\/#website\"},\"datePublished\":\"2025-07-25T10:38:07+00:00\",\"dateModified\":\"2025-07-25T10:38:14+00:00\",\"author\":{\"@id\":\"https:\/\/www.my-watchsite.fr\/blog\/#\/schema\/person\/9263e140022bf667270f5bafc11ad6d6\"},\"description\":\"Petit village, grande appellation et superbe h\u00f4tel. COMO. Ainsi brillent les \u00e9toiles dans ce fief de la Bourgogne viticole.\",\"breadcrumb\":{\"@id\":\"https:\/\/www.my-watchsite.fr\/blog\/millesime-como-a-puligny-montrachet\/#breadcrumb\"},\"inLanguage\":\"fr-FR\",\"potentialAction\":[{\"@type\":\"ReadAction\",\"target\":[\"https:\/\/www.my-watchsite.fr\/blog\/millesime-como-a-puligny-montrachet\/\"]}]},{\"@type\":\"BreadcrumbList\",\"@id\":\"https:\/\/www.my-watchsite.fr\/blog\/millesime-como-a-puligny-montrachet\/#breadcrumb\",\"itemListElement\":[{\"@type\":\"ListItem\",\"position\":1,\"name\":\"Accueil\",\"item\":\"https:\/\/www.my-watchsite.fr\/blog\/\"},{\"@type\":\"ListItem\",\"position\":2,\"name\":\"Mill\u00e9sime COMO \u00e0 Puligny-Montrachet\"}]},{\"@type\":\"WebSite\",\"@id\":\"https:\/\/www.my-watchsite.fr\/blog\/#website\",\"url\":\"https:\/\/www.my-watchsite.fr\/blog\/\",\"name\":\"MyWatch FR\",\"description\":\"Make Time a Lifestyle\",\"potentialAction\":[{\"@type\":\"SearchAction\",\"target\":{\"@type\":\"EntryPoint\",\"urlTemplate\":\"https:\/\/www.my-watchsite.fr\/blog\/?s={search_term_string}\"},\"query-input\":\"required name=search_term_string\"}],\"inLanguage\":\"fr-FR\"},{\"@type\":\"Person\",\"@id\":\"https:\/\/www.my-watchsite.fr\/blog\/#\/schema\/person\/9263e140022bf667270f5bafc11ad6d6\",\"name\":\"Jean-Pierre Chanial\",\"image\":{\"@type\":\"ImageObject\",\"inLanguage\":\"fr-FR\",\"@id\":\"https:\/\/www.my-watchsite.fr\/blog\/#\/schema\/person\/image\/\",\"url\":\"https:\/\/secure.gravatar.com\/avatar\/cf5a1cfca58daa9e8878a93d6009e556?s=96&d=mm&r=g\",\"contentUrl\":\"https:\/\/secure.gravatar.com\/avatar\/cf5a1cfca58daa9e8878a93d6009e556?s=96&d=mm&r=g\",\"caption\":\"Jean-Pierre Chanial\"}}]}<\/script>\n<!-- \/ Yoast SEO plugin. -->","yoast_head_json":{"title":"Mill\u00e9sime COMO \u00e0 Puligny-Montrachet - MyWatch FR","description":"Petit village, grande appellation et superbe h\u00f4tel. COMO. Ainsi brillent les \u00e9toiles dans ce fief de la Bourgogne viticole.","robots":{"index":"index","follow":"follow","max-snippet":"max-snippet:-1","max-image-preview":"max-image-preview:large","max-video-preview":"max-video-preview:-1"},"canonical":"https:\/\/www.my-watchsite.fr\/blog\/millesime-como-a-puligny-montrachet\/","og_locale":"fr_FR","og_type":"article","og_title":"Mill\u00e9sime COMO \u00e0 Puligny-Montrachet - MyWatch FR","og_description":"Petit village, grande appellation et superbe h\u00f4tel. COMO. Ainsi brillent les \u00e9toiles dans ce fief de la Bourgogne viticole.","og_url":"https:\/\/www.my-watchsite.fr\/blog\/millesime-como-a-puligny-montrachet\/","og_site_name":"MyWatch FR","article_publisher":"https:\/\/www.facebook.com\/mywatchsite\/","article_published_time":"2025-07-25T10:38:07+00:00","article_modified_time":"2025-07-25T10:38:14+00:00","og_image":[{"width":750,"height":465,"url":"https:\/\/www.my-watchsite.fr\/blog\/wp-content\/uploads\/2025\/07\/jp-hp.jpg","type":"image\/jpeg"}],"author":"Jean-Pierre Chanial","twitter_card":"summary_large_image","twitter_creator":"@mywatchsite","twitter_site":"@mywatchsite","twitter_misc":{"\u00c9crit par":"Jean-Pierre Chanial","Dur\u00e9e de lecture estim\u00e9e":"7 minutes"},"schema":{"@context":"https:\/\/schema.org","@graph":[{"@type":"WebPage","@id":"https:\/\/www.my-watchsite.fr\/blog\/millesime-como-a-puligny-montrachet\/","url":"https:\/\/www.my-watchsite.fr\/blog\/millesime-como-a-puligny-montrachet\/","name":"Mill\u00e9sime COMO \u00e0 Puligny-Montrachet - MyWatch FR","isPartOf":{"@id":"https:\/\/www.my-watchsite.fr\/blog\/#website"},"datePublished":"2025-07-25T10:38:07+00:00","dateModified":"2025-07-25T10:38:14+00:00","author":{"@id":"https:\/\/www.my-watchsite.fr\/blog\/#\/schema\/person\/9263e140022bf667270f5bafc11ad6d6"},"description":"Petit village, grande appellation et superbe h\u00f4tel. COMO. Ainsi brillent les \u00e9toiles dans ce fief de la Bourgogne viticole.","breadcrumb":{"@id":"https:\/\/www.my-watchsite.fr\/blog\/millesime-como-a-puligny-montrachet\/#breadcrumb"},"inLanguage":"fr-FR","potentialAction":[{"@type":"ReadAction","target":["https:\/\/www.my-watchsite.fr\/blog\/millesime-como-a-puligny-montrachet\/"]}]},{"@type":"BreadcrumbList","@id":"https:\/\/www.my-watchsite.fr\/blog\/millesime-como-a-puligny-montrachet\/#breadcrumb","itemListElement":[{"@type":"ListItem","position":1,"name":"Accueil","item":"https:\/\/www.my-watchsite.fr\/blog\/"},{"@type":"ListItem","position":2,"name":"Mill\u00e9sime COMO \u00e0 Puligny-Montrachet"}]},{"@type":"WebSite","@id":"https:\/\/www.my-watchsite.fr\/blog\/#website","url":"https:\/\/www.my-watchsite.fr\/blog\/","name":"MyWatch FR","description":"Make Time a Lifestyle","potentialAction":[{"@type":"SearchAction","target":{"@type":"EntryPoint","urlTemplate":"https:\/\/www.my-watchsite.fr\/blog\/?s={search_term_string}"},"query-input":"required name=search_term_string"}],"inLanguage":"fr-FR"},{"@type":"Person","@id":"https:\/\/www.my-watchsite.fr\/blog\/#\/schema\/person\/9263e140022bf667270f5bafc11ad6d6","name":"Jean-Pierre Chanial","image":{"@type":"ImageObject","inLanguage":"fr-FR","@id":"https:\/\/www.my-watchsite.fr\/blog\/#\/schema\/person\/image\/","url":"https:\/\/secure.gravatar.com\/avatar\/cf5a1cfca58daa9e8878a93d6009e556?s=96&d=mm&r=g","contentUrl":"https:\/\/secure.gravatar.com\/avatar\/cf5a1cfca58daa9e8878a93d6009e556?s=96&d=mm&r=g","caption":"Jean-Pierre Chanial"}}]}},"_links":{"self":[{"href":"https:\/\/www.my-watchsite.fr\/blog\/wp-json\/wp\/v2\/posts\/43404"}],"collection":[{"href":"https:\/\/www.my-watchsite.fr\/blog\/wp-json\/wp\/v2\/posts"}],"about":[{"href":"https:\/\/www.my-watchsite.fr\/blog\/wp-json\/wp\/v2\/types\/post"}],"author":[{"embeddable":true,"href":"https:\/\/www.my-watchsite.fr\/blog\/wp-json\/wp\/v2\/users\/24"}],"replies":[{"embeddable":true,"href":"https:\/\/www.my-watchsite.fr\/blog\/wp-json\/wp\/v2\/comments?post=43404"}],"version-history":[{"count":11,"href":"https:\/\/www.my-watchsite.fr\/blog\/wp-json\/wp\/v2\/posts\/43404\/revisions"}],"predecessor-version":[{"id":43431,"href":"https:\/\/www.my-watchsite.fr\/blog\/wp-json\/wp\/v2\/posts\/43404\/revisions\/43431"}],"wp:featuredmedia":[{"embeddable":true,"href":"https:\/\/www.my-watchsite.fr\/blog\/wp-json\/wp\/v2\/media\/43424"}],"wp:attachment":[{"href":"https:\/\/www.my-watchsite.fr\/blog\/wp-json\/wp\/v2\/media?parent=43404"}],"wp:term":[{"taxonomy":"category","embeddable":true,"href":"https:\/\/www.my-watchsite.fr\/blog\/wp-json\/wp\/v2\/categories?post=43404"},{"taxonomy":"post_tag","embeddable":true,"href":"https:\/\/www.my-watchsite.fr\/blog\/wp-json\/wp\/v2\/tags?post=43404"}],"curies":[{"name":"wp","href":"https:\/\/api.w.org\/{rel}","templated":true}]}}