{"id":44834,"date":"2025-11-14T11:54:57","date_gmt":"2025-11-14T10:54:57","guid":{"rendered":"https:\/\/www.my-watchsite.fr\/blog\/?p=44834"},"modified":"2025-11-14T16:51:00","modified_gmt":"2025-11-14T15:51:00","slug":"laiguille-dor-pour-la-classique-souscription-2025-de-breguet","status":"publish","type":"post","link":"https:\/\/www.my-watchsite.fr\/blog\/laiguille-dor-pour-la-classique-souscription-2025-de-breguet\/","title":{"rendered":"L&rsquo;Aiguille d&rsquo;Or pour la Classique Souscription 2025 de Breguet !"},"content":{"rendered":"\n<figure class=\"wp-block-embed is-type-video is-provider-youtube wp-block-embed-youtube wp-embed-aspect-16-9 wp-has-aspect-ratio\"><div class=\"wp-block-embed__wrapper\">\n<iframe loading=\"lazy\" title=\"GPHG 2025 - \u201cAiguille d\u2019Or\u201d Grand Prix\" width=\"500\" height=\"281\" src=\"https:\/\/www.youtube.com\/embed\/RyuPzuu9h60?feature=oembed\" frameborder=\"0\" allow=\"accelerometer; autoplay; clipboard-write; encrypted-media; gyroscope; picture-in-picture; web-share\" referrerpolicy=\"strict-origin-when-cross-origin\" allowfullscreen><\/iframe>\n<\/div><\/figure>\n\n\n\n<p>Ainsi, la plus haute distinction du GPHG 2025 \u2013 le Grand Prix de l\u2019Aiguille d\u2019Or \u2013 revient \u00e0 la montre Classique Souscription 2025 de Breguet, une pi\u00e8ce d\u2019exception d\u00e9voil\u00e9e \u00e0 l\u2019occasion des 250 ans de la Maison.<\/p>\n\n\n\n<figure class=\"wp-block-image size-full\"><img decoding=\"async\" width=\"900\" height=\"560\" loading=\"lazy\" src=\"https:\/\/www.my-watchsite.fr\/blog\/wp-content\/uploads\/2025\/11\/breguet2.jpg\" alt=\"\" class=\"wp-image-44839\" \/><figcaption class=\"wp-element-caption\">Gregory Kissling, CEO de Breguet, gagnant  du Grand Prix de l&rsquo;Aiguille d\u2019Or 2025<\/figcaption><\/figure>\n\n\n\n<p><a href=\"https:\/\/www.my-watchsite.fr\/classique\/9495-classique-souscription.html\" target=\"_blank\" rel=\"noreferrer noopener\">Consulter les d\u00e9tails techniques de la Classique Souscription 2025 de Breguet.<\/a><\/p>\n\n\n\n<p>Sans oublier, les autres laur\u00e9ats de cette \u00e9dition 2025 du Grand Prix de l&rsquo;Horlogerie de Gen\u00e8ve<\/p>\n\n\n\n<figure class=\"wp-block-image size-full\"><img decoding=\"async\" width=\"900\" height=\"560\" loading=\"lazy\" src=\"https:\/\/www.my-watchsite.fr\/blog\/wp-content\/uploads\/2025\/11\/gagnants-gphg.jpg\" alt=\"\" class=\"wp-image-44836\" \/><figcaption class=\"wp-element-caption\">Les gagnants 2025 : Gregory Kissling (CEO de Breguet), Beno\u00eet de Clerck (CEO de Zenith), Arnaud Nicolas (CEO et directeur artistique de L&rsquo;\u00c9p\u00e9e), Maximilian B\u00fcsser (fondateur et directeur artistique de MB&amp;F et de M.A.D. Editions), Jean-Christophe Babin (CEO de Bvlgari et CEO de la Division Montres LVMH), Michel Nydegger (CEO de Greubel Forsey), Dai Xinyan (fondateur de Fam Al Hut), Anton Suhanov (fondateur et chef designer d&rsquo;Anton Suhanov), Michel Navas et Enrico Barbasini (ma\u00eetres horlogers et fondateurs de La Fabrique du Temps Louis Vuitton), Alex Rosenfield et Kari Voutilainen (Co-CEO de Urban J\u00fcrgensen), Pascal Raffy (pr\u00e9sident de Bovet 1822), Dominic Backes (directeur g\u00e9n\u00e9ral de Dior pour l&rsquo;Europe centrale et orientale, repr\u00e9sentant de Dior Montres), Kari Voutilainen (fondateur et horloger de Voutilainen), Caroline Scheufele (co-pr\u00e9sidente et directrice artistique de Chopard) et Karl-Friedrich Scheufele (co-pr\u00e9sident de Chopard), laria Resta (CEO d&rsquo;Audemars Piguet), Pascal B\u00e9chu (directeur g\u00e9n\u00e9ral d&rsquo;Angelus), Stephane Cheikh et Toby Sutton (co-directeurs de Dennison).<\/figcaption><\/figure>\n\n\n\n<p><\/p>\n\n\n\n<h2 class=\"wp-block-heading\"><strong>Le Prix Sp\u00e9cial du jury<\/strong><\/h2>\n\n\n\n<p>Le GPHG d\u00e9cerne aussi un Prix Sp\u00e9cial du Jury, r\u00e9compensant une personnalit\u00e9 ou une institution marquante de l\u2019univers horloger. Cette ann\u00e9e, il a \u00e9t\u00e9 remis \u00e0 Alain Dominique Perrin, pr\u00e9sident de la Fondation Cartier pour l&rsquo;art contemporain, pour son r\u00f4le visionnaire dans la promotion de l&rsquo;horlogerie de qualit\u00e9.<\/p>\n\n\n\n<figure class=\"wp-block-image size-full\"><img decoding=\"async\" width=\"900\" height=\"1450\" loading=\"lazy\" src=\"https:\/\/www.my-watchsite.fr\/blog\/wp-content\/uploads\/2025\/11\/perrin.jpg\" alt=\"\" class=\"wp-image-44840\" \/><figcaption class=\"wp-element-caption\">Alain Dominique Perrin<\/figcaption><\/figure>\n\n\n\n<p>Les 90 garde-temps pr\u00e9s\u00e9lectionn\u00e9s, dont les dix-neuf laur\u00e9ats, sont expos\u00e9s au Mus\u00e9e d&rsquo;Art et d&rsquo;Histoire de Gen\u00e8ve jusqu\u2019au 16 novembre. Ils seront ensuite pr\u00e9sent\u00e9s du 19 au 23 novembre lors de la Dubai Watch Week.<\/p>\n\n\n\n<p><\/p>\n\n\n\n<h2 class=\"wp-block-heading has-text-align-center\"><strong>Les laur\u00e9ats du GPHG 2025<\/strong><\/h2>\n\n\n\n<figure class=\"wp-block-image size-full\"><img decoding=\"async\" width=\"900\" height=\"560\" loading=\"lazy\" src=\"https:\/\/www.my-watchsite.fr\/blog\/wp-content\/uploads\/2025\/11\/zenith1.jpg\" alt=\"\" class=\"wp-image-44847\" \/><figcaption class=\"wp-element-caption\"><strong>Prix de la Chronom\u00e9trie <\/strong>: Zenith, <em>G.F.J. Calibre 135<\/em><br><strong>Prix R\u00e9v\u00e9lation Horlog\u00e8re <\/strong>: Anton Suhanov, <em>St. Petersburg Easter Egg Tourbillon Clock<\/em><\/figcaption><\/figure>\n\n\n\n<figure class=\"wp-block-image size-full\"><img decoding=\"async\" width=\"900\" height=\"560\" loading=\"lazy\" src=\"https:\/\/www.my-watchsite.fr\/blog\/wp-content\/uploads\/2025\/11\/ap.jpg\" alt=\"\" class=\"wp-image-44848\" \/><figcaption class=\"wp-element-caption\"><strong>Prix de l\u2019Audace <\/strong>: Fam Al Hut, <em>M\u00f6bius<\/em><br><strong>Prix de la Montre Iconique <\/strong>: Audemars Piguet, <em>Royal Oak Quanti\u00e8me Perp\u00e9tuel<\/em><\/figcaption><\/figure>\n\n\n\n<figure class=\"wp-block-image size-full\"><img decoding=\"async\" width=\"900\" height=\"560\" loading=\"lazy\" src=\"https:\/\/www.my-watchsite.fr\/blog\/wp-content\/uploads\/2025\/11\/greubel.jpg\" alt=\"\" class=\"wp-image-44849\" \/><figcaption class=\"wp-element-caption\"><strong>Prix de l\u2019Exception M\u00e9canique <\/strong>: Greubel Forsey, <em>Nano Foudroyante<\/em><br><strong>Prix de la Montre Chronographe <\/strong>: Angelus, <em>Chronographe T\u00e9l\u00e9m\u00e8tre Or Jaune<\/em><\/figcaption><\/figure>\n\n\n\n<figure class=\"wp-block-image size-full\"><img decoding=\"async\" width=\"900\" height=\"560\" loading=\"lazy\" src=\"https:\/\/www.my-watchsite.fr\/blog\/wp-content\/uploads\/2025\/11\/bvlgari.jpg\" alt=\"\" class=\"wp-image-44850\" \/><figcaption class=\"wp-element-caption\"><strong>Prix du Tourbillon <\/strong>: Bvlgari, <em>Octo Finissimo Ultra Tourbillon<\/em><br><strong>Prix de la Montre Sport <\/strong>: Chopard, <em>Alpine Eagle 41 SL Cadence 8HF<\/em><\/figcaption><\/figure>\n\n\n\n<figure class=\"wp-block-image size-full\"><img decoding=\"async\" width=\"900\" height=\"560\" loading=\"lazy\" src=\"https:\/\/www.my-watchsite.fr\/blog\/wp-content\/uploads\/2025\/11\/bovet.jpg\" alt=\"\" class=\"wp-image-44851\" \/><figcaption class=\"wp-element-caption\"><strong>Prix de la Complication pour Homme<\/strong> : Bovet 1822, <em>R\u00e9cital 30<\/em><br><strong>Prix de la Montre Homme <\/strong>: Urban J\u00fcrgensen, <em>UJ-2 : \u00c9chappement naturel \u00e0 double roue<\/em><\/figcaption><\/figure>\n\n\n\n<figure class=\"wp-block-image size-full\"><img decoding=\"async\" width=\"900\" height=\"560\" loading=\"lazy\" src=\"https:\/\/www.my-watchsite.fr\/blog\/wp-content\/uploads\/2025\/11\/daniel-roth.jpg\" alt=\"\" class=\"wp-image-44852\" \/><figcaption class=\"wp-element-caption\"><strong>Prix \u00ab Time Only \u00bb:<\/strong> Daniel Roth, <em>Extra Plat Or Rose<\/em><br><strong>Prix de la Montre Joaillerie <\/strong>: Dior Montres, <em>La D de Dior Buisson Couture<\/em><\/figcaption><\/figure>\n\n\n\n<figure class=\"wp-block-image size-full\"><img decoding=\"async\" width=\"900\" height=\"560\" loading=\"lazy\" src=\"https:\/\/www.my-watchsite.fr\/blog\/wp-content\/uploads\/2025\/11\/chopard.jpg\" alt=\"\" class=\"wp-image-44853\" \/><figcaption class=\"wp-element-caption\"><strong>Prix de la Montre M\u00e9tiers d\u2019Art <\/strong>: Voutilainen, <em>28GML SOUYOU<\/em><br><strong>Prix de la Complication pour Femme <\/strong>: Chopard, <em>Imperiale Four Seasons<\/em><\/figcaption><\/figure>\n\n\n\n<figure class=\"wp-block-image size-full\"><img decoding=\"async\" width=\"900\" height=\"560\" loading=\"lazy\" src=\"https:\/\/www.my-watchsite.fr\/blog\/wp-content\/uploads\/2025\/11\/gerald-genta.jpg\" alt=\"\" class=\"wp-image-44854\" \/><figcaption class=\"wp-element-caption\"><strong>Prix de la Montre Femme <\/strong>: g\u00e9rald genta, <em>Gentissima Oursin Fire Opal<\/em><br><strong>Prix de la Petite Aiguille <\/strong>: M.A.D. Editions, <em>M.A.D.2 Green<\/em><\/figcaption><\/figure>\n\n\n\n<figure class=\"wp-block-image size-full\"><img decoding=\"async\" width=\"900\" height=\"560\" loading=\"lazy\" src=\"https:\/\/www.my-watchsite.fr\/blog\/wp-content\/uploads\/2025\/11\/dennison.jpg\" alt=\"\" class=\"wp-image-44855\" \/><figcaption class=\"wp-element-caption\"><strong>Prix Challenge <\/strong>: Dennison, <em>Pierre Naturelle \u0152il de Tigre en Or<\/em><br><strong>Prix de l\u2019Horloge M\u00e9canique<\/strong> : L\u2019\u00c9p\u00e9e 1839, <em>Albatross L\u2019\u00c9p\u00e9e 1839 X MB&amp;F<\/em><\/figcaption><\/figure>\n\n\n\n<p><a href=\"https:\/\/www.gphg.org\/fr\" target=\"_blank\" rel=\"noreferrer noopener\">LE SITE DU GPHG<\/a><\/p>\n\n\n\n<p><strong>\u00c0 lire \u00e9galement :<\/strong><\/p>\n\n\n\n<figure class=\"wp-block-embed is-type-wp-embed is-provider-mywatch-fr wp-block-embed-mywatch-fr\"><div class=\"wp-block-embed__wrapper\">\n<blockquote class=\"wp-embedded-content\" data-secret=\"4C9eyQpRMu\"><a href=\"https:\/\/www.my-watchsite.fr\/blog\/plus-de-190-000-votes-du-public-pour-cette-4e-edition\/\">Plus de 190 000 votes du public pour cette 4e \u00e9dition relay\u00e9e par TF1+\u00a0!<\/a><\/blockquote><iframe class=\"wp-embedded-content\" sandbox=\"allow-scripts\" security=\"restricted\" style=\"position: absolute; clip: rect(1px, 1px, 1px, 1px);\" title=\"\u00ab\u00a0Plus de 190 000 votes du public pour cette 4e \u00e9dition relay\u00e9e par TF1+\u00a0!\u00a0\u00bb &#8212; MyWatch FR\" src=\"https:\/\/www.my-watchsite.fr\/blog\/plus-de-190-000-votes-du-public-pour-cette-4e-edition\/embed\/#?secret=RQ7H4mFI2B#?secret=4C9eyQpRMu\" data-secret=\"4C9eyQpRMu\" width=\"500\" height=\"282\" frameborder=\"0\" marginwidth=\"0\" marginheight=\"0\" scrolling=\"no\"><\/iframe>\n<\/div><\/figure>\n","protected":false},"excerpt":{"rendered":"<p>Le verdict est tomb\u00e9 ce jeudi 13 novembre lors de la c\u00e9r\u00e9monie du Grand Prix d\u2019Horlogerie de Gen\u00e8ve (GPHG), organis\u00e9e au Th\u00e9\u00e2tre du L\u00e9man. Sous la pr\u00e9sidence de l\u2019historien, auteur et journaliste britannique Nick Foulkes, le jury a attribu\u00e9 dix-neuf distinctions, dont la tr\u00e8s convoit\u00e9e Aiguille d\u2019Or, remise \u00e0 Breguet pour sa Classique Souscription 2025.<\/p>\n","protected":false},"author":3,"featured_media":44837,"comment_status":"closed","ping_status":"closed","sticky":false,"template":"","format":"standard","meta":{"footnotes":""},"categories":[2],"tags":[759,39,134,59,14,11,537,917,36,915,242,914,44,645,406,916,135,18],"acf":[],"yoast_head":"<!-- This site is optimized with the Yoast SEO plugin v20.4 - https:\/\/yoast.com\/wordpress\/plugins\/seo\/ -->\n<title>L&#039;Aiguille d&#039;Or pour la Classique Souscription 2025 de Breguet ! - MyWatch FR<\/title>\n<meta name=\"description\" content=\"Le verdict du GPHG 2025 est tomb\u00e9 : la tr\u00e8s convoit\u00e9e Aiguille d\u2019Or a \u00e9t\u00e9 remise \u00e0 Breguet pour sa Classique Souscription 2025.\" \/>\n<meta name=\"robots\" content=\"index, follow, max-snippet:-1, max-image-preview:large, max-video-preview:-1\" \/>\n<link rel=\"canonical\" href=\"https:\/\/www.my-watchsite.fr\/blog\/laiguille-dor-pour-la-classique-souscription-2025-de-breguet\/\" \/>\n<meta property=\"og:locale\" content=\"fr_FR\" \/>\n<meta property=\"og:type\" content=\"article\" \/>\n<meta property=\"og:title\" content=\"L&#039;Aiguille d&#039;Or pour la Classique Souscription 2025 de Breguet ! - MyWatch FR\" \/>\n<meta property=\"og:description\" content=\"Le verdict du GPHG 2025 est tomb\u00e9 : la tr\u00e8s convoit\u00e9e Aiguille d\u2019Or a \u00e9t\u00e9 remise \u00e0 Breguet pour sa Classique Souscription 2025.\" \/>\n<meta property=\"og:url\" content=\"https:\/\/www.my-watchsite.fr\/blog\/laiguille-dor-pour-la-classique-souscription-2025-de-breguet\/\" \/>\n<meta property=\"og:site_name\" content=\"MyWatch FR\" \/>\n<meta property=\"article:publisher\" content=\"https:\/\/www.facebook.com\/mywatchsite\/\" \/>\n<meta property=\"article:published_time\" content=\"2025-11-14T10:54:57+00:00\" \/>\n<meta property=\"article:modified_time\" content=\"2025-11-14T15:51:00+00:00\" \/>\n<meta property=\"og:image\" content=\"https:\/\/www.my-watchsite.fr\/blog\/wp-content\/uploads\/2025\/11\/gphg-breguet.jpg\" \/>\n\t<meta property=\"og:image:width\" content=\"750\" \/>\n\t<meta property=\"og:image:height\" content=\"465\" \/>\n\t<meta property=\"og:image:type\" content=\"image\/jpeg\" \/>\n<meta name=\"author\" content=\"Chlo\u00e9 Redler\" \/>\n<meta name=\"twitter:card\" content=\"summary_large_image\" \/>\n<meta name=\"twitter:creator\" content=\"@mywatchsite\" \/>\n<meta name=\"twitter:site\" content=\"@mywatchsite\" \/>\n<meta name=\"twitter:label1\" content=\"\u00c9crit par\" \/>\n\t<meta name=\"twitter:data1\" content=\"Chlo\u00e9 Redler\" \/>\n\t<meta name=\"twitter:label2\" content=\"Dur\u00e9e de lecture estim\u00e9e\" \/>\n\t<meta name=\"twitter:data2\" content=\"6 minutes\" \/>\n<script type=\"application\/ld+json\" class=\"yoast-schema-graph\">{\"@context\":\"https:\/\/schema.org\",\"@graph\":[{\"@type\":\"WebPage\",\"@id\":\"https:\/\/www.my-watchsite.fr\/blog\/laiguille-dor-pour-la-classique-souscription-2025-de-breguet\/\",\"url\":\"https:\/\/www.my-watchsite.fr\/blog\/laiguille-dor-pour-la-classique-souscription-2025-de-breguet\/\",\"name\":\"L'Aiguille d'Or pour la Classique Souscription 2025 de Breguet ! - MyWatch FR\",\"isPartOf\":{\"@id\":\"https:\/\/www.my-watchsite.fr\/blog\/#website\"},\"datePublished\":\"2025-11-14T10:54:57+00:00\",\"dateModified\":\"2025-11-14T15:51:00+00:00\",\"author\":{\"@id\":\"https:\/\/www.my-watchsite.fr\/blog\/#\/schema\/person\/d0a71aaf376997c19bcc32876032e616\"},\"description\":\"Le verdict du GPHG 2025 est tomb\u00e9 : la tr\u00e8s convoit\u00e9e Aiguille d\u2019Or a \u00e9t\u00e9 remise \u00e0 Breguet pour sa Classique Souscription 2025.\",\"breadcrumb\":{\"@id\":\"https:\/\/www.my-watchsite.fr\/blog\/laiguille-dor-pour-la-classique-souscription-2025-de-breguet\/#breadcrumb\"},\"inLanguage\":\"fr-FR\",\"potentialAction\":[{\"@type\":\"ReadAction\",\"target\":[\"https:\/\/www.my-watchsite.fr\/blog\/laiguille-dor-pour-la-classique-souscription-2025-de-breguet\/\"]}]},{\"@type\":\"BreadcrumbList\",\"@id\":\"https:\/\/www.my-watchsite.fr\/blog\/laiguille-dor-pour-la-classique-souscription-2025-de-breguet\/#breadcrumb\",\"itemListElement\":[{\"@type\":\"ListItem\",\"position\":1,\"name\":\"Accueil\",\"item\":\"https:\/\/www.my-watchsite.fr\/blog\/\"},{\"@type\":\"ListItem\",\"position\":2,\"name\":\"L&rsquo;Aiguille d&rsquo;Or pour la Classique Souscription 2025 de Breguet !\"}]},{\"@type\":\"WebSite\",\"@id\":\"https:\/\/www.my-watchsite.fr\/blog\/#website\",\"url\":\"https:\/\/www.my-watchsite.fr\/blog\/\",\"name\":\"MyWatch FR\",\"description\":\"Make Time a Lifestyle\",\"potentialAction\":[{\"@type\":\"SearchAction\",\"target\":{\"@type\":\"EntryPoint\",\"urlTemplate\":\"https:\/\/www.my-watchsite.fr\/blog\/?s={search_term_string}\"},\"query-input\":\"required name=search_term_string\"}],\"inLanguage\":\"fr-FR\"},{\"@type\":\"Person\",\"@id\":\"https:\/\/www.my-watchsite.fr\/blog\/#\/schema\/person\/d0a71aaf376997c19bcc32876032e616\",\"name\":\"Chlo\u00e9 Redler\",\"image\":{\"@type\":\"ImageObject\",\"inLanguage\":\"fr-FR\",\"@id\":\"https:\/\/www.my-watchsite.fr\/blog\/#\/schema\/person\/image\/\",\"url\":\"https:\/\/secure.gravatar.com\/avatar\/68b11128a6aeda527d5c85fdfe99d5ab?s=96&d=mm&r=g\",\"contentUrl\":\"https:\/\/secure.gravatar.com\/avatar\/68b11128a6aeda527d5c85fdfe99d5ab?s=96&d=mm&r=g\",\"caption\":\"Chlo\u00e9 Redler\"}}]}<\/script>\n<!-- \/ Yoast SEO plugin. -->","yoast_head_json":{"title":"L'Aiguille d'Or pour la Classique Souscription 2025 de Breguet ! - MyWatch FR","description":"Le verdict du GPHG 2025 est tomb\u00e9 : la tr\u00e8s convoit\u00e9e Aiguille d\u2019Or a \u00e9t\u00e9 remise \u00e0 Breguet pour sa Classique Souscription 2025.","robots":{"index":"index","follow":"follow","max-snippet":"max-snippet:-1","max-image-preview":"max-image-preview:large","max-video-preview":"max-video-preview:-1"},"canonical":"https:\/\/www.my-watchsite.fr\/blog\/laiguille-dor-pour-la-classique-souscription-2025-de-breguet\/","og_locale":"fr_FR","og_type":"article","og_title":"L'Aiguille d'Or pour la Classique Souscription 2025 de Breguet ! - MyWatch FR","og_description":"Le verdict du GPHG 2025 est tomb\u00e9 : la tr\u00e8s convoit\u00e9e Aiguille d\u2019Or a \u00e9t\u00e9 remise \u00e0 Breguet pour sa Classique Souscription 2025.","og_url":"https:\/\/www.my-watchsite.fr\/blog\/laiguille-dor-pour-la-classique-souscription-2025-de-breguet\/","og_site_name":"MyWatch FR","article_publisher":"https:\/\/www.facebook.com\/mywatchsite\/","article_published_time":"2025-11-14T10:54:57+00:00","article_modified_time":"2025-11-14T15:51:00+00:00","og_image":[{"width":750,"height":465,"url":"https:\/\/www.my-watchsite.fr\/blog\/wp-content\/uploads\/2025\/11\/gphg-breguet.jpg","type":"image\/jpeg"}],"author":"Chlo\u00e9 Redler","twitter_card":"summary_large_image","twitter_creator":"@mywatchsite","twitter_site":"@mywatchsite","twitter_misc":{"\u00c9crit par":"Chlo\u00e9 Redler","Dur\u00e9e de lecture estim\u00e9e":"6 minutes"},"schema":{"@context":"https:\/\/schema.org","@graph":[{"@type":"WebPage","@id":"https:\/\/www.my-watchsite.fr\/blog\/laiguille-dor-pour-la-classique-souscription-2025-de-breguet\/","url":"https:\/\/www.my-watchsite.fr\/blog\/laiguille-dor-pour-la-classique-souscription-2025-de-breguet\/","name":"L'Aiguille d'Or pour la Classique Souscription 2025 de Breguet ! - MyWatch FR","isPartOf":{"@id":"https:\/\/www.my-watchsite.fr\/blog\/#website"},"datePublished":"2025-11-14T10:54:57+00:00","dateModified":"2025-11-14T15:51:00+00:00","author":{"@id":"https:\/\/www.my-watchsite.fr\/blog\/#\/schema\/person\/d0a71aaf376997c19bcc32876032e616"},"description":"Le verdict du GPHG 2025 est tomb\u00e9 : la tr\u00e8s convoit\u00e9e Aiguille d\u2019Or a \u00e9t\u00e9 remise \u00e0 Breguet pour sa Classique Souscription 2025.","breadcrumb":{"@id":"https:\/\/www.my-watchsite.fr\/blog\/laiguille-dor-pour-la-classique-souscription-2025-de-breguet\/#breadcrumb"},"inLanguage":"fr-FR","potentialAction":[{"@type":"ReadAction","target":["https:\/\/www.my-watchsite.fr\/blog\/laiguille-dor-pour-la-classique-souscription-2025-de-breguet\/"]}]},{"@type":"BreadcrumbList","@id":"https:\/\/www.my-watchsite.fr\/blog\/laiguille-dor-pour-la-classique-souscription-2025-de-breguet\/#breadcrumb","itemListElement":[{"@type":"ListItem","position":1,"name":"Accueil","item":"https:\/\/www.my-watchsite.fr\/blog\/"},{"@type":"ListItem","position":2,"name":"L&rsquo;Aiguille d&rsquo;Or pour la Classique Souscription 2025 de Breguet !"}]},{"@type":"WebSite","@id":"https:\/\/www.my-watchsite.fr\/blog\/#website","url":"https:\/\/www.my-watchsite.fr\/blog\/","name":"MyWatch FR","description":"Make Time a Lifestyle","potentialAction":[{"@type":"SearchAction","target":{"@type":"EntryPoint","urlTemplate":"https:\/\/www.my-watchsite.fr\/blog\/?s={search_term_string}"},"query-input":"required name=search_term_string"}],"inLanguage":"fr-FR"},{"@type":"Person","@id":"https:\/\/www.my-watchsite.fr\/blog\/#\/schema\/person\/d0a71aaf376997c19bcc32876032e616","name":"Chlo\u00e9 Redler","image":{"@type":"ImageObject","inLanguage":"fr-FR","@id":"https:\/\/www.my-watchsite.fr\/blog\/#\/schema\/person\/image\/","url":"https:\/\/secure.gravatar.com\/avatar\/68b11128a6aeda527d5c85fdfe99d5ab?s=96&d=mm&r=g","contentUrl":"https:\/\/secure.gravatar.com\/avatar\/68b11128a6aeda527d5c85fdfe99d5ab?s=96&d=mm&r=g","caption":"Chlo\u00e9 Redler"}}]}},"_links":{"self":[{"href":"https:\/\/www.my-watchsite.fr\/blog\/wp-json\/wp\/v2\/posts\/44834"}],"collection":[{"href":"https:\/\/www.my-watchsite.fr\/blog\/wp-json\/wp\/v2\/posts"}],"about":[{"href":"https:\/\/www.my-watchsite.fr\/blog\/wp-json\/wp\/v2\/types\/post"}],"author":[{"embeddable":true,"href":"https:\/\/www.my-watchsite.fr\/blog\/wp-json\/wp\/v2\/users\/3"}],"replies":[{"embeddable":true,"href":"https:\/\/www.my-watchsite.fr\/blog\/wp-json\/wp\/v2\/comments?post=44834"}],"version-history":[{"count":18,"href":"https:\/\/www.my-watchsite.fr\/blog\/wp-json\/wp\/v2\/posts\/44834\/revisions"}],"predecessor-version":[{"id":44884,"href":"https:\/\/www.my-watchsite.fr\/blog\/wp-json\/wp\/v2\/posts\/44834\/revisions\/44884"}],"wp:featuredmedia":[{"embeddable":true,"href":"https:\/\/www.my-watchsite.fr\/blog\/wp-json\/wp\/v2\/media\/44837"}],"wp:attachment":[{"href":"https:\/\/www.my-watchsite.fr\/blog\/wp-json\/wp\/v2\/media?parent=44834"}],"wp:term":[{"taxonomy":"category","embeddable":true,"href":"https:\/\/www.my-watchsite.fr\/blog\/wp-json\/wp\/v2\/categories?post=44834"},{"taxonomy":"post_tag","embeddable":true,"href":"https:\/\/www.my-watchsite.fr\/blog\/wp-json\/wp\/v2\/tags?post=44834"}],"curies":[{"name":"wp","href":"https:\/\/api.w.org\/{rel}","templated":true}]}}