{"id":44958,"date":"2025-11-18T10:10:39","date_gmt":"2025-11-18T09:10:39","guid":{"rendered":"https:\/\/www.my-watchsite.fr\/blog\/?p=44958"},"modified":"2025-11-18T12:10:04","modified_gmt":"2025-11-18T11:10:04","slug":"une-boutique-royale-pour-herbelin","status":"publish","type":"post","link":"https:\/\/www.my-watchsite.fr\/blog\/une-boutique-royale-pour-herbelin\/","title":{"rendered":"Une boutique royale pour Herbelin"},"content":{"rendered":"\n<figure class=\"wp-block-image size-full\"><img decoding=\"async\" width=\"900\" height=\"560\" loading=\"lazy\" src=\"https:\/\/www.my-watchsite.fr\/blog\/wp-content\/uploads\/2025\/11\/herbelin1.jpg\" alt=\"\" class=\"wp-image-44973\" \/><figcaption class=\"wp-element-caption\">Nouvelle boutique Herbelin situ\u00e9e 8 rue Royale dans le 8e arrondissement de Paris.<\/figcaption><\/figure>\n\n\n\n<p>Herbelin ouvre une nouvelle page de son histoire en s\u2019offrant une vitrine de choix rue Royale. Apr\u00e8s le succ\u00e8s de sa premi\u00e8re adresse parisienne rue Bonaparte, dans le tr\u00e8s chic quartier de Saint-Germain-des-Pr\u00e9s, la maison horlog\u00e8re poursuit son \u00e9l\u00e9gante conqu\u00eate de la capitale en posant ses valises \u2014 et ses garde-temps \u2014 au num\u00e9ro 8 de l\u2019une des art\u00e8res les plus prestigieuses de Paris. Nich\u00e9e entre la place de la Concorde et l\u2019\u00e9glise de la Madeleine, cette implantation a tout du clin d\u2019\u0153il au raffinement \u00e0 la fran\u00e7aise.<\/p>\n\n\n\n<figure class=\"wp-block-gallery has-nested-images columns-default is-cropped wp-block-gallery-1 is-layout-flex wp-block-gallery-is-layout-flex\">\n<figure class=\"wp-block-image size-large\"><img decoding=\"async\" width=\"900\" height=\"1450\" loading=\"lazy\" data-id=\"44976\" src=\"https:\/\/www.my-watchsite.fr\/blog\/wp-content\/uploads\/2025\/11\/herbelin5.jpg\" alt=\"\" class=\"wp-image-44976\" \/><\/figure>\n\n\n\n<figure class=\"wp-block-image size-large\"><img decoding=\"async\" width=\"900\" height=\"1450\" loading=\"lazy\" data-id=\"44977\" src=\"https:\/\/www.my-watchsite.fr\/blog\/wp-content\/uploads\/2025\/11\/herbelin2-1.jpg\" alt=\"\" class=\"wp-image-44977\" \/><\/figure>\n<figcaption class=\"blocks-gallery-caption wp-element-caption\">Pierres et moulures se m\u00ealent pour former un lieu accueillant et chaleureux.<\/figcaption><\/figure>\n\n\n\n<p>Dans la continuit\u00e9 de son \u00e9crin saint-germanois, la marque a imagin\u00e9 la boutique comme un v\u00e9ritable dialogue entre pass\u00e9 et pr\u00e9sent. L\u00e0 o\u00f9 Bonaparte respirait l\u2019\u00e2me artistique, Rue Royale r\u00e9pond par un classicisme tr\u00e8s parisien : pierres sculpt\u00e9es, plafond vo\u00fbt\u00e9, moulures pr\u00e9serv\u00e9es\u2026 Ici, tout a \u00e9t\u00e9 respect\u00e9, admir\u00e9, presque chuchot\u00e9, comme un hommage silencieux au temps qui passe \u2014 m\u00e9tier oblige.<\/p>\n\n\n\n<figure class=\"wp-block-image size-full\"><img decoding=\"async\" width=\"900\" height=\"560\" loading=\"lazy\" src=\"https:\/\/www.my-watchsite.fr\/blog\/wp-content\/uploads\/2025\/11\/herbelin3.jpg\" alt=\"\" class=\"wp-image-44975\" \/><figcaption class=\"wp-element-caption\">Espace feutr\u00e9 pour accueillir les clients en toute intimit\u00e9.<\/figcaption><\/figure>\n\n\n\n<p>Si la fa\u00e7ade se fait volontairement discr\u00e8te, l\u2019int\u00e9rieur, lui, joue la carte de la d\u00e9couverte. Sur 80 m\u00b2, les murs r\u00e9v\u00e8lent les traces de leur histoire, mises en lumi\u00e8re par un mobilier contemporain qui laisse la vedette aux collections (Newport, Cap Camarat, Octog\u00f4ne, etc). L\u2019ambiance se veut intimiste et apaisante : un luxe sinc\u00e8re, jamais tapageur o\u00f9 il fait bon \u00eatre tout simplement.<\/p>\n\n\n\n<figure class=\"wp-block-image size-full\"><img decoding=\"async\" width=\"900\" height=\"1450\" loading=\"lazy\" src=\"https:\/\/www.my-watchsite.fr\/blog\/wp-content\/uploads\/2025\/11\/herbelin6.jpg\" alt=\"\" class=\"wp-image-44978\" \/><figcaption class=\"wp-element-caption\">Une implantation symbolique, dans un quartier o\u00f9 s\u2019expriment le raffinement, la pr\u00e9cision et l\u2019art de vivre \u00e0 la fran\u00e7aise.<\/figcaption><\/figure>\n\n\n\n<p>Fond\u00e9e en 1947 dans le Jura, Herbelin incarne depuis plus de soixante-quinze ans un savoir-faire familial o\u00f9 pr\u00e9cision rime avec \u00e9l\u00e9gance et cr\u00e9ativit\u00e9. L\u2019ouverture de ce lieu s\u2019inscrit naturellement dans cette aventure ind\u00e9pendante tourn\u00e9e vers la transmission et l\u2019innovation. \u00ab&nbsp;<em>Rue Royale devient ainsi un manifeste : celui d\u2019une marque qui marie h\u00e9ritage et modernit\u00e9 avec la rigueur d\u2019un artisan et l\u2019audace d\u2019un cr\u00e9ateur.<\/em>&nbsp;\u00bb<\/p>\n\n\n\n<figure class=\"wp-block-pullquote has-text-color has-medium-font-size\" style=\"color:#156ab5\"><blockquote><p>Boutique Herbelin<br>8, rue Royale, Paris 8e<br>Ouverture du lundi au samedi de 10h30 \u00e0 19h30<\/p><\/blockquote><\/figure>\n\n\n\n<p><a href=\"https:\/\/www.my-watchsite.fr\/1281-michel-herbelin\" target=\"_blank\" rel=\"noreferrer noopener\">Consulter toutes nos fiches techniques des montres Herbelin.<\/a><\/p>\n\n\n\n<p><a href=\"https:\/\/herbelin.com\/\" target=\"_blank\" rel=\"noreferrer noopener\">LE SITE DES MONTRES HERBELIN<\/a><\/p>\n\n\n\n<p><strong>\u00c0 voir aussi :<\/strong><\/p>\n\n\n\n<figure class=\"wp-block-embed is-type-video is-provider-youtube wp-block-embed-youtube wp-embed-aspect-16-9 wp-has-aspect-ratio\"><div class=\"wp-block-embed__wrapper\">\n<iframe loading=\"lazy\" title=\"La nouvelle Herbelin au poignet d&#039;Aur\u00e9lien Ducroz ! BONUS : visite priv\u00e9e de son bolide des mers...\" width=\"500\" height=\"281\" src=\"https:\/\/www.youtube.com\/embed\/F8aoUbMbR2g?feature=oembed\" frameborder=\"0\" allow=\"accelerometer; autoplay; clipboard-write; encrypted-media; gyroscope; picture-in-picture; web-share\" referrerpolicy=\"strict-origin-when-cross-origin\" allowfullscreen><\/iframe>\n<\/div><\/figure>\n\n\n\n<p><strong>\u00c0 lire \u00e9galement :<\/strong><\/p>\n\n\n\n<figure class=\"wp-block-embed is-type-wp-embed is-provider-mywatch-fr wp-block-embed-mywatch-fr\"><div class=\"wp-block-embed__wrapper\">\n<blockquote class=\"wp-embedded-content\" data-secret=\"D1Iu0afl0g\"><a href=\"https:\/\/www.my-watchsite.fr\/blog\/cap-sur-la-nouvelle-newport-heritage-diver\/\">Cap sur la nouvelle Newport H\u00e9ritage Diver<\/a><\/blockquote><iframe class=\"wp-embedded-content\" sandbox=\"allow-scripts\" security=\"restricted\" style=\"position: absolute; clip: rect(1px, 1px, 1px, 1px);\" title=\"\u00ab\u00a0Cap sur la nouvelle Newport H\u00e9ritage Diver\u00a0\u00bb &#8212; MyWatch FR\" src=\"https:\/\/www.my-watchsite.fr\/blog\/cap-sur-la-nouvelle-newport-heritage-diver\/embed\/#?secret=lH7ZvUBFu4#?secret=D1Iu0afl0g\" data-secret=\"D1Iu0afl0g\" width=\"500\" height=\"282\" frameborder=\"0\" marginwidth=\"0\" marginheight=\"0\" scrolling=\"no\"><\/iframe>\n<\/div><\/figure>\n\n\n\n<p><\/p>\n\n\n\n<p><\/p>\n","protected":false},"excerpt":{"rendered":"<p>La marque horlog\u00e8re fran\u00e7aise remet les pendules \u00e0 l\u2019heure parisienne avec l\u2019ouverture de sa nouvelle boutique rue Royale. Entre Concorde et Madeleine, elle signe un \u00e9crin o\u00f9 l\u2019\u00e9l\u00e9gance fran\u00e7aise flirte avec la modernit\u00e9, prouvant qu\u2019on peut c\u00e9l\u00e9brer soixante-quinze ans de savoir-faire sans prendre une ride.<\/p>\n","protected":false},"author":3,"featured_media":44967,"comment_status":"closed","ping_status":"closed","sticky":false,"template":"","format":"standard","meta":{"footnotes":""},"categories":[2],"tags":[263],"acf":[],"yoast_head":"<!-- This site is optimized with the Yoast SEO plugin v20.4 - https:\/\/yoast.com\/wordpress\/plugins\/seo\/ -->\n<title>Une boutique royale pour Herbelin - MyWatch FR<\/title>\n<meta name=\"description\" content=\"Herbelin d\u00e9voile sa nouvelle boutique rue Royale. Entre Concorde et Madeleine, elle signe un \u00e9crin o\u00f9 l\u2019\u00e9l\u00e9gance flirte avec la modernit\u00e9.\" \/>\n<meta name=\"robots\" content=\"index, follow, max-snippet:-1, max-image-preview:large, max-video-preview:-1\" \/>\n<link rel=\"canonical\" href=\"https:\/\/www.my-watchsite.fr\/blog\/une-boutique-royale-pour-herbelin\/\" \/>\n<meta property=\"og:locale\" content=\"fr_FR\" \/>\n<meta property=\"og:type\" content=\"article\" \/>\n<meta property=\"og:title\" content=\"Une boutique royale pour Herbelin - MyWatch FR\" \/>\n<meta property=\"og:description\" content=\"Herbelin d\u00e9voile sa nouvelle boutique rue Royale. Entre Concorde et Madeleine, elle signe un \u00e9crin o\u00f9 l\u2019\u00e9l\u00e9gance flirte avec la modernit\u00e9.\" \/>\n<meta property=\"og:url\" content=\"https:\/\/www.my-watchsite.fr\/blog\/une-boutique-royale-pour-herbelin\/\" \/>\n<meta property=\"og:site_name\" content=\"MyWatch FR\" \/>\n<meta property=\"article:publisher\" content=\"https:\/\/www.facebook.com\/mywatchsite\/\" \/>\n<meta property=\"article:published_time\" content=\"2025-11-18T09:10:39+00:00\" \/>\n<meta property=\"article:modified_time\" content=\"2025-11-18T11:10:04+00:00\" \/>\n<meta property=\"og:image\" content=\"https:\/\/www.my-watchsite.fr\/blog\/wp-content\/uploads\/2025\/11\/herbelin-hp.jpg\" \/>\n\t<meta property=\"og:image:width\" content=\"750\" \/>\n\t<meta property=\"og:image:height\" content=\"465\" \/>\n\t<meta property=\"og:image:type\" content=\"image\/jpeg\" \/>\n<meta name=\"author\" content=\"Chlo\u00e9 Redler\" \/>\n<meta name=\"twitter:card\" content=\"summary_large_image\" \/>\n<meta name=\"twitter:creator\" content=\"@mywatchsite\" \/>\n<meta name=\"twitter:site\" content=\"@mywatchsite\" \/>\n<meta name=\"twitter:label1\" content=\"\u00c9crit par\" \/>\n\t<meta name=\"twitter:data1\" content=\"Chlo\u00e9 Redler\" \/>\n\t<meta name=\"twitter:label2\" content=\"Dur\u00e9e de lecture estim\u00e9e\" \/>\n\t<meta name=\"twitter:data2\" content=\"3 minutes\" \/>\n<script type=\"application\/ld+json\" class=\"yoast-schema-graph\">{\"@context\":\"https:\/\/schema.org\",\"@graph\":[{\"@type\":\"WebPage\",\"@id\":\"https:\/\/www.my-watchsite.fr\/blog\/une-boutique-royale-pour-herbelin\/\",\"url\":\"https:\/\/www.my-watchsite.fr\/blog\/une-boutique-royale-pour-herbelin\/\",\"name\":\"Une boutique royale pour Herbelin - MyWatch FR\",\"isPartOf\":{\"@id\":\"https:\/\/www.my-watchsite.fr\/blog\/#website\"},\"datePublished\":\"2025-11-18T09:10:39+00:00\",\"dateModified\":\"2025-11-18T11:10:04+00:00\",\"author\":{\"@id\":\"https:\/\/www.my-watchsite.fr\/blog\/#\/schema\/person\/d0a71aaf376997c19bcc32876032e616\"},\"description\":\"Herbelin d\u00e9voile sa nouvelle boutique rue Royale. Entre Concorde et Madeleine, elle signe un \u00e9crin o\u00f9 l\u2019\u00e9l\u00e9gance flirte avec la modernit\u00e9.\",\"breadcrumb\":{\"@id\":\"https:\/\/www.my-watchsite.fr\/blog\/une-boutique-royale-pour-herbelin\/#breadcrumb\"},\"inLanguage\":\"fr-FR\",\"potentialAction\":[{\"@type\":\"ReadAction\",\"target\":[\"https:\/\/www.my-watchsite.fr\/blog\/une-boutique-royale-pour-herbelin\/\"]}]},{\"@type\":\"BreadcrumbList\",\"@id\":\"https:\/\/www.my-watchsite.fr\/blog\/une-boutique-royale-pour-herbelin\/#breadcrumb\",\"itemListElement\":[{\"@type\":\"ListItem\",\"position\":1,\"name\":\"Accueil\",\"item\":\"https:\/\/www.my-watchsite.fr\/blog\/\"},{\"@type\":\"ListItem\",\"position\":2,\"name\":\"Une boutique royale pour Herbelin\"}]},{\"@type\":\"WebSite\",\"@id\":\"https:\/\/www.my-watchsite.fr\/blog\/#website\",\"url\":\"https:\/\/www.my-watchsite.fr\/blog\/\",\"name\":\"MyWatch FR\",\"description\":\"Make Time a Lifestyle\",\"potentialAction\":[{\"@type\":\"SearchAction\",\"target\":{\"@type\":\"EntryPoint\",\"urlTemplate\":\"https:\/\/www.my-watchsite.fr\/blog\/?s={search_term_string}\"},\"query-input\":\"required name=search_term_string\"}],\"inLanguage\":\"fr-FR\"},{\"@type\":\"Person\",\"@id\":\"https:\/\/www.my-watchsite.fr\/blog\/#\/schema\/person\/d0a71aaf376997c19bcc32876032e616\",\"name\":\"Chlo\u00e9 Redler\",\"image\":{\"@type\":\"ImageObject\",\"inLanguage\":\"fr-FR\",\"@id\":\"https:\/\/www.my-watchsite.fr\/blog\/#\/schema\/person\/image\/\",\"url\":\"https:\/\/secure.gravatar.com\/avatar\/68b11128a6aeda527d5c85fdfe99d5ab?s=96&d=mm&r=g\",\"contentUrl\":\"https:\/\/secure.gravatar.com\/avatar\/68b11128a6aeda527d5c85fdfe99d5ab?s=96&d=mm&r=g\",\"caption\":\"Chlo\u00e9 Redler\"}}]}<\/script>\n<!-- \/ Yoast SEO plugin. -->","yoast_head_json":{"title":"Une boutique royale pour Herbelin - MyWatch FR","description":"Herbelin d\u00e9voile sa nouvelle boutique rue Royale. Entre Concorde et Madeleine, elle signe un \u00e9crin o\u00f9 l\u2019\u00e9l\u00e9gance flirte avec la modernit\u00e9.","robots":{"index":"index","follow":"follow","max-snippet":"max-snippet:-1","max-image-preview":"max-image-preview:large","max-video-preview":"max-video-preview:-1"},"canonical":"https:\/\/www.my-watchsite.fr\/blog\/une-boutique-royale-pour-herbelin\/","og_locale":"fr_FR","og_type":"article","og_title":"Une boutique royale pour Herbelin - MyWatch FR","og_description":"Herbelin d\u00e9voile sa nouvelle boutique rue Royale. Entre Concorde et Madeleine, elle signe un \u00e9crin o\u00f9 l\u2019\u00e9l\u00e9gance flirte avec la modernit\u00e9.","og_url":"https:\/\/www.my-watchsite.fr\/blog\/une-boutique-royale-pour-herbelin\/","og_site_name":"MyWatch FR","article_publisher":"https:\/\/www.facebook.com\/mywatchsite\/","article_published_time":"2025-11-18T09:10:39+00:00","article_modified_time":"2025-11-18T11:10:04+00:00","og_image":[{"width":750,"height":465,"url":"https:\/\/www.my-watchsite.fr\/blog\/wp-content\/uploads\/2025\/11\/herbelin-hp.jpg","type":"image\/jpeg"}],"author":"Chlo\u00e9 Redler","twitter_card":"summary_large_image","twitter_creator":"@mywatchsite","twitter_site":"@mywatchsite","twitter_misc":{"\u00c9crit par":"Chlo\u00e9 Redler","Dur\u00e9e de lecture estim\u00e9e":"3 minutes"},"schema":{"@context":"https:\/\/schema.org","@graph":[{"@type":"WebPage","@id":"https:\/\/www.my-watchsite.fr\/blog\/une-boutique-royale-pour-herbelin\/","url":"https:\/\/www.my-watchsite.fr\/blog\/une-boutique-royale-pour-herbelin\/","name":"Une boutique royale pour Herbelin - MyWatch FR","isPartOf":{"@id":"https:\/\/www.my-watchsite.fr\/blog\/#website"},"datePublished":"2025-11-18T09:10:39+00:00","dateModified":"2025-11-18T11:10:04+00:00","author":{"@id":"https:\/\/www.my-watchsite.fr\/blog\/#\/schema\/person\/d0a71aaf376997c19bcc32876032e616"},"description":"Herbelin d\u00e9voile sa nouvelle boutique rue Royale. Entre Concorde et Madeleine, elle signe un \u00e9crin o\u00f9 l\u2019\u00e9l\u00e9gance flirte avec la modernit\u00e9.","breadcrumb":{"@id":"https:\/\/www.my-watchsite.fr\/blog\/une-boutique-royale-pour-herbelin\/#breadcrumb"},"inLanguage":"fr-FR","potentialAction":[{"@type":"ReadAction","target":["https:\/\/www.my-watchsite.fr\/blog\/une-boutique-royale-pour-herbelin\/"]}]},{"@type":"BreadcrumbList","@id":"https:\/\/www.my-watchsite.fr\/blog\/une-boutique-royale-pour-herbelin\/#breadcrumb","itemListElement":[{"@type":"ListItem","position":1,"name":"Accueil","item":"https:\/\/www.my-watchsite.fr\/blog\/"},{"@type":"ListItem","position":2,"name":"Une boutique royale pour Herbelin"}]},{"@type":"WebSite","@id":"https:\/\/www.my-watchsite.fr\/blog\/#website","url":"https:\/\/www.my-watchsite.fr\/blog\/","name":"MyWatch FR","description":"Make Time a Lifestyle","potentialAction":[{"@type":"SearchAction","target":{"@type":"EntryPoint","urlTemplate":"https:\/\/www.my-watchsite.fr\/blog\/?s={search_term_string}"},"query-input":"required name=search_term_string"}],"inLanguage":"fr-FR"},{"@type":"Person","@id":"https:\/\/www.my-watchsite.fr\/blog\/#\/schema\/person\/d0a71aaf376997c19bcc32876032e616","name":"Chlo\u00e9 Redler","image":{"@type":"ImageObject","inLanguage":"fr-FR","@id":"https:\/\/www.my-watchsite.fr\/blog\/#\/schema\/person\/image\/","url":"https:\/\/secure.gravatar.com\/avatar\/68b11128a6aeda527d5c85fdfe99d5ab?s=96&d=mm&r=g","contentUrl":"https:\/\/secure.gravatar.com\/avatar\/68b11128a6aeda527d5c85fdfe99d5ab?s=96&d=mm&r=g","caption":"Chlo\u00e9 Redler"}}]}},"_links":{"self":[{"href":"https:\/\/www.my-watchsite.fr\/blog\/wp-json\/wp\/v2\/posts\/44958"}],"collection":[{"href":"https:\/\/www.my-watchsite.fr\/blog\/wp-json\/wp\/v2\/posts"}],"about":[{"href":"https:\/\/www.my-watchsite.fr\/blog\/wp-json\/wp\/v2\/types\/post"}],"author":[{"embeddable":true,"href":"https:\/\/www.my-watchsite.fr\/blog\/wp-json\/wp\/v2\/users\/3"}],"replies":[{"embeddable":true,"href":"https:\/\/www.my-watchsite.fr\/blog\/wp-json\/wp\/v2\/comments?post=44958"}],"version-history":[{"count":30,"href":"https:\/\/www.my-watchsite.fr\/blog\/wp-json\/wp\/v2\/posts\/44958\/revisions"}],"predecessor-version":[{"id":44997,"href":"https:\/\/www.my-watchsite.fr\/blog\/wp-json\/wp\/v2\/posts\/44958\/revisions\/44997"}],"wp:featuredmedia":[{"embeddable":true,"href":"https:\/\/www.my-watchsite.fr\/blog\/wp-json\/wp\/v2\/media\/44967"}],"wp:attachment":[{"href":"https:\/\/www.my-watchsite.fr\/blog\/wp-json\/wp\/v2\/media?parent=44958"}],"wp:term":[{"taxonomy":"category","embeddable":true,"href":"https:\/\/www.my-watchsite.fr\/blog\/wp-json\/wp\/v2\/categories?post=44958"},{"taxonomy":"post_tag","embeddable":true,"href":"https:\/\/www.my-watchsite.fr\/blog\/wp-json\/wp\/v2\/tags?post=44958"}],"curies":[{"name":"wp","href":"https:\/\/api.w.org\/{rel}","templated":true}]}}