{"id":457,"date":"2011-06-15T00:00:00","date_gmt":"2011-06-14T22:00:00","guid":{"rendered":"https:\/\/www.my-watchsite.fr\/blog\/blog\/loick-peyron-a-la-barre-des-sponsorings-veliques-de-corum-n139\/"},"modified":"2011-06-15T00:00:00","modified_gmt":"2011-06-14T22:00:00","slug":"loick-peyron-a-la-barre-des-sponsorings-veliques-de-corum-n139","status":"publish","type":"post","link":"https:\/\/www.my-watchsite.fr\/blog\/loick-peyron-a-la-barre-des-sponsorings-veliques-de-corum-n139\/","title":{"rendered":"Lo\u00efck Peyron \u00e0 la barre des sponsorings v\u00e9liques de Corum"},"content":{"rendered":"<div><strong>Le 9 juin 2011 \u2013 La presse s\u2019est r\u00e9unie \u00e0 la Boutique Corum \u00e0 Gen\u00e8ve pour partager les exploits de Lo\u00efck Peyron \u2013 ambassadeur de la marque \u2013 \u00e0 la Barcelona World Race sur Virbac-Paprec 3. Une soir\u00e9e marqu\u00e9e par deux grandes annonces ; Monsieur Antonio Calce \u2013 CEO de Corum \u2013 nomme Lo\u00efck Peyron Conseiller de la marque pour tous les sponsorings v\u00e9liques et annonce la cr\u00e9ation d\u2019un nouveau mod\u00e8le avec fonction r\u00e9gate in\u00e9dite pour 2013.<\/strong><\/div>\n<div><\/div>\n<div>Monsieur Antonio Calce \u2013 CEO de Corum &#8211; se rappelle de sa premi\u00e8re rencontre avec Lo\u00efck Peyron en 2009 ; \u00abJ\u2019ai identifi\u00e9 plusieurs axes de collaboration avec Lo\u00efck. En tant qu\u2019ambassadeur de Corum, bien s\u00fbr que Lo\u00efck allait faire rayonner la marque au travers de sa visibilit\u00e9. Mais nous ne choisissons pas nos personnalit\u00e9s uniquement pour nous appuyer sur leur image, au contraire, nous capitalisons sur leurs comp\u00e9tences. Ainsi, j\u2019ai fait une proposition de collaboration \u00e9tendue \u00e0 Lo\u00efck. Au-del\u00e0 de son r\u00f4le d\u2019ambassadeur, je lui ai propos\u00e9 d\u2019orienter nos choix et notre pr\u00e9sence dans le monde de la voile, et de participer \u00e0 la mise sur pied de ces \u00e9v\u00e9nements. Il a accept\u00e9 ! \u00bb <\/div>\n<div><\/div>\n<div>Le 9 juin 2011, Lo\u00efck Peyron est nomm\u00e9 Conseiller de Corum pour tous les projets de sponsorings v\u00e9liques de la marque.<\/div>\n<div><\/div>\n<div>Marin hors pair avec trois tours du monde \u00e0 son actif, Lo\u00efck Peyron sera \u00e9galement au c\u0153ur du d\u00e9veloppement d\u2019une nouvelle montre Corum avec fonction r\u00e9gate. Il s\u2019est r\u00e9uni ce m\u00eame jour avec les horlogers, concepteurs et designers de la Maison horlog\u00e8re pour initier la cr\u00e9ation d\u2019un v\u00e9ritable outil de navigation, une montre professionnelle avec un nouveau contenu horloger.<\/div>\n<div>\u00ab Actuellement, il n\u2019existe pas de montre r\u00e9gate m\u00e9canique sur le march\u00e9, qui r\u00e9ponde aux exigences de tout r\u00e9gatier pour les d\u00e9parts de courses. Aujourd\u2019hui, j\u2019ai rencontr\u00e9 les personnes cl\u00e9s de Corum pour leur faire vivre une situation r\u00e9elle de d\u00e9part de course, pour imager les circonstances dans lesquelles je me trouve en comp\u00e9tition. Sur la base des \u00e9l\u00e9ments tactiques et les exigences ergonomiques qui doivent \u00eatre pris en compte lors des r\u00e9gates, nous avons \u00e9tabli un cahier des charges avec les caract\u00e9ristiques techniques que la montre Corum devra int\u00e9grer. C\u2019est une exp\u00e9rience tr\u00e8s enrichissante de rencontrer les ing\u00e9nieurs et d\u00e9veloppeurs horlogers, et d\u2019\u00eatre confront\u00e9 aux probl\u00e9matiques m\u00e9caniques, pour traduire les besoins r\u00e9els en fonctions horlog\u00e8res. Je me r\u00e9jouis de passer du temps sur ce projet, en tant que membre de la famille Corum \u00bb d\u00e9clare Lo\u00efck apr\u00e8s la s\u00e9ance de travail.<\/div>\n<div><\/div>\n<div>Le lancement du mod\u00e8le Admiral\u2019s Cup, qui accueillera la fonction r\u00e9gate, est pr\u00e9vu en 2013. L\u2019ambassadeur, et d\u00e9sormais Conseiller de la marque, portera cette montre sur toutes les r\u00e9gates auxquelles il participera \u00e0 l\u2019avenir.<\/div>\n<ul>\n<li><img decoding=\"async\" src=\"https:\/\/www.my-watchsite.fr\/blog\/wp-content\/uploads\/2020\/08\/139_279.jpg\" alt=\"Le navigateur Lo\u00efck Peyron est d\u00e9sormais le Conseiller de Corum pour tous les sponsorings v\u00e9liques. En tant qu'ambassadeur de la marque, il portera l'Admiral's Cup avec fonction r\u00e9gate qui sera d\u00e9voil\u00e9e en 2013.\" \/><\/li>\n<\/ul>\n","protected":false},"excerpt":{"rendered":"<p>Le 9 juin 2011 \u2013 La presse s\u2019est r\u00e9unie \u00e0 la Boutique Corum \u00e0 Gen\u00e8ve pour partager les exploits de Lo\u00efck Peyron \u2013 ambassadeur de la marque \u2013 \u00e0 la Barcelona World Race sur Virbac-Paprec 3. Une soir\u00e9e marqu\u00e9e par deux grandes annonces ; Monsieur Antonio Calce \u2013 CEO de Corum \u2013 nomme Lo\u00efck Peyron [&hellip;]<\/p>\n","protected":false},"author":1,"featured_media":458,"comment_status":"closed","ping_status":"closed","sticky":false,"template":"","format":"standard","meta":{"footnotes":""},"categories":[2],"tags":[38],"acf":[],"yoast_head":"<!-- This site is optimized with the Yoast SEO plugin v20.4 - https:\/\/yoast.com\/wordpress\/plugins\/seo\/ -->\n<title>Lo\u00efck Peyron \u00e0 la barre des sponsorings v\u00e9liques de Corum - MyWatch FR<\/title>\n<meta name=\"robots\" content=\"index, follow, max-snippet:-1, max-image-preview:large, max-video-preview:-1\" \/>\n<link rel=\"canonical\" href=\"https:\/\/www.my-watchsite.fr\/blog\/loick-peyron-a-la-barre-des-sponsorings-veliques-de-corum-n139\/\" \/>\n<meta property=\"og:locale\" content=\"fr_FR\" \/>\n<meta property=\"og:type\" content=\"article\" \/>\n<meta property=\"og:title\" content=\"Lo\u00efck Peyron \u00e0 la barre des sponsorings v\u00e9liques de Corum - MyWatch FR\" \/>\n<meta property=\"og:description\" content=\"Le 9 juin 2011 \u2013 La presse s\u2019est r\u00e9unie \u00e0 la Boutique Corum \u00e0 Gen\u00e8ve pour partager les exploits de Lo\u00efck Peyron \u2013 ambassadeur de la marque \u2013 \u00e0 la Barcelona World Race sur Virbac-Paprec 3. Une soir\u00e9e marqu\u00e9e par deux grandes annonces ; Monsieur Antonio Calce \u2013 CEO de Corum \u2013 nomme Lo\u00efck Peyron [&hellip;]\" \/>\n<meta property=\"og:url\" content=\"https:\/\/www.my-watchsite.fr\/blog\/loick-peyron-a-la-barre-des-sponsorings-veliques-de-corum-n139\/\" \/>\n<meta property=\"og:site_name\" content=\"MyWatch FR\" \/>\n<meta property=\"article:publisher\" content=\"https:\/\/www.facebook.com\/mywatchsite\/\" \/>\n<meta property=\"article:published_time\" content=\"2011-06-14T22:00:00+00:00\" \/>\n<meta property=\"og:image\" content=\"https:\/\/www.my-watchsite.fr\/blog\/wp-content\/uploads\/2020\/08\/139_279.jpg\" \/>\n\t<meta property=\"og:image:width\" content=\"450\" \/>\n\t<meta property=\"og:image:height\" content=\"283\" \/>\n\t<meta property=\"og:image:type\" content=\"image\/jpeg\" \/>\n<meta name=\"author\" content=\"MyWatch\" \/>\n<meta name=\"twitter:card\" content=\"summary_large_image\" \/>\n<meta name=\"twitter:creator\" content=\"@mywatchsite\" \/>\n<meta name=\"twitter:site\" content=\"@mywatchsite\" \/>\n<meta name=\"twitter:label1\" content=\"\u00c9crit par\" \/>\n\t<meta name=\"twitter:data1\" content=\"MyWatch\" \/>\n\t<meta name=\"twitter:label2\" content=\"Dur\u00e9e de lecture estim\u00e9e\" \/>\n\t<meta name=\"twitter:data2\" content=\"3 minutes\" \/>\n<script type=\"application\/ld+json\" class=\"yoast-schema-graph\">{\"@context\":\"https:\/\/schema.org\",\"@graph\":[{\"@type\":\"WebPage\",\"@id\":\"https:\/\/www.my-watchsite.fr\/blog\/loick-peyron-a-la-barre-des-sponsorings-veliques-de-corum-n139\/\",\"url\":\"https:\/\/www.my-watchsite.fr\/blog\/loick-peyron-a-la-barre-des-sponsorings-veliques-de-corum-n139\/\",\"name\":\"Lo\u00efck Peyron \u00e0 la barre des sponsorings v\u00e9liques de Corum - MyWatch FR\",\"isPartOf\":{\"@id\":\"https:\/\/www.my-watchsite.fr\/blog\/#website\"},\"datePublished\":\"2011-06-14T22:00:00+00:00\",\"dateModified\":\"2011-06-14T22:00:00+00:00\",\"author\":{\"@id\":\"https:\/\/www.my-watchsite.fr\/blog\/#\/schema\/person\/67e19b3e3d014465042ff1be1c9fcf44\"},\"breadcrumb\":{\"@id\":\"https:\/\/www.my-watchsite.fr\/blog\/loick-peyron-a-la-barre-des-sponsorings-veliques-de-corum-n139\/#breadcrumb\"},\"inLanguage\":\"fr-FR\",\"potentialAction\":[{\"@type\":\"ReadAction\",\"target\":[\"https:\/\/www.my-watchsite.fr\/blog\/loick-peyron-a-la-barre-des-sponsorings-veliques-de-corum-n139\/\"]}]},{\"@type\":\"BreadcrumbList\",\"@id\":\"https:\/\/www.my-watchsite.fr\/blog\/loick-peyron-a-la-barre-des-sponsorings-veliques-de-corum-n139\/#breadcrumb\",\"itemListElement\":[{\"@type\":\"ListItem\",\"position\":1,\"name\":\"Accueil\",\"item\":\"https:\/\/www.my-watchsite.fr\/blog\/\"},{\"@type\":\"ListItem\",\"position\":2,\"name\":\"Lo\u00efck Peyron \u00e0 la barre des sponsorings v\u00e9liques de Corum\"}]},{\"@type\":\"WebSite\",\"@id\":\"https:\/\/www.my-watchsite.fr\/blog\/#website\",\"url\":\"https:\/\/www.my-watchsite.fr\/blog\/\",\"name\":\"MyWatch FR\",\"description\":\"Make Time a Lifestyle\",\"potentialAction\":[{\"@type\":\"SearchAction\",\"target\":{\"@type\":\"EntryPoint\",\"urlTemplate\":\"https:\/\/www.my-watchsite.fr\/blog\/?s={search_term_string}\"},\"query-input\":\"required name=search_term_string\"}],\"inLanguage\":\"fr-FR\"},{\"@type\":\"Person\",\"@id\":\"https:\/\/www.my-watchsite.fr\/blog\/#\/schema\/person\/67e19b3e3d014465042ff1be1c9fcf44\",\"name\":\"MyWatch\",\"image\":{\"@type\":\"ImageObject\",\"inLanguage\":\"fr-FR\",\"@id\":\"https:\/\/www.my-watchsite.fr\/blog\/#\/schema\/person\/image\/\",\"url\":\"https:\/\/secure.gravatar.com\/avatar\/e52d1e94806c54826c863f554ca1dd2a?s=96&d=mm&r=g\",\"contentUrl\":\"https:\/\/secure.gravatar.com\/avatar\/e52d1e94806c54826c863f554ca1dd2a?s=96&d=mm&r=g\",\"caption\":\"MyWatch\"},\"sameAs\":[\"https:\/\/www.my-watchsite.fr\/blog\"]}]}<\/script>\n<!-- \/ Yoast SEO plugin. -->","yoast_head_json":{"title":"Lo\u00efck Peyron \u00e0 la barre des sponsorings v\u00e9liques de Corum - MyWatch FR","robots":{"index":"index","follow":"follow","max-snippet":"max-snippet:-1","max-image-preview":"max-image-preview:large","max-video-preview":"max-video-preview:-1"},"canonical":"https:\/\/www.my-watchsite.fr\/blog\/loick-peyron-a-la-barre-des-sponsorings-veliques-de-corum-n139\/","og_locale":"fr_FR","og_type":"article","og_title":"Lo\u00efck Peyron \u00e0 la barre des sponsorings v\u00e9liques de Corum - MyWatch FR","og_description":"Le 9 juin 2011 \u2013 La presse s\u2019est r\u00e9unie \u00e0 la Boutique Corum \u00e0 Gen\u00e8ve pour partager les exploits de Lo\u00efck Peyron \u2013 ambassadeur de la marque \u2013 \u00e0 la Barcelona World Race sur Virbac-Paprec 3. Une soir\u00e9e marqu\u00e9e par deux grandes annonces ; Monsieur Antonio Calce \u2013 CEO de Corum \u2013 nomme Lo\u00efck Peyron [&hellip;]","og_url":"https:\/\/www.my-watchsite.fr\/blog\/loick-peyron-a-la-barre-des-sponsorings-veliques-de-corum-n139\/","og_site_name":"MyWatch FR","article_publisher":"https:\/\/www.facebook.com\/mywatchsite\/","article_published_time":"2011-06-14T22:00:00+00:00","og_image":[{"width":450,"height":283,"url":"https:\/\/www.my-watchsite.fr\/blog\/wp-content\/uploads\/2020\/08\/139_279.jpg","type":"image\/jpeg"}],"author":"MyWatch","twitter_card":"summary_large_image","twitter_creator":"@mywatchsite","twitter_site":"@mywatchsite","twitter_misc":{"\u00c9crit par":"MyWatch","Dur\u00e9e de lecture estim\u00e9e":"3 minutes"},"schema":{"@context":"https:\/\/schema.org","@graph":[{"@type":"WebPage","@id":"https:\/\/www.my-watchsite.fr\/blog\/loick-peyron-a-la-barre-des-sponsorings-veliques-de-corum-n139\/","url":"https:\/\/www.my-watchsite.fr\/blog\/loick-peyron-a-la-barre-des-sponsorings-veliques-de-corum-n139\/","name":"Lo\u00efck Peyron \u00e0 la barre des sponsorings v\u00e9liques de Corum - MyWatch FR","isPartOf":{"@id":"https:\/\/www.my-watchsite.fr\/blog\/#website"},"datePublished":"2011-06-14T22:00:00+00:00","dateModified":"2011-06-14T22:00:00+00:00","author":{"@id":"https:\/\/www.my-watchsite.fr\/blog\/#\/schema\/person\/67e19b3e3d014465042ff1be1c9fcf44"},"breadcrumb":{"@id":"https:\/\/www.my-watchsite.fr\/blog\/loick-peyron-a-la-barre-des-sponsorings-veliques-de-corum-n139\/#breadcrumb"},"inLanguage":"fr-FR","potentialAction":[{"@type":"ReadAction","target":["https:\/\/www.my-watchsite.fr\/blog\/loick-peyron-a-la-barre-des-sponsorings-veliques-de-corum-n139\/"]}]},{"@type":"BreadcrumbList","@id":"https:\/\/www.my-watchsite.fr\/blog\/loick-peyron-a-la-barre-des-sponsorings-veliques-de-corum-n139\/#breadcrumb","itemListElement":[{"@type":"ListItem","position":1,"name":"Accueil","item":"https:\/\/www.my-watchsite.fr\/blog\/"},{"@type":"ListItem","position":2,"name":"Lo\u00efck Peyron \u00e0 la barre des sponsorings v\u00e9liques de Corum"}]},{"@type":"WebSite","@id":"https:\/\/www.my-watchsite.fr\/blog\/#website","url":"https:\/\/www.my-watchsite.fr\/blog\/","name":"MyWatch FR","description":"Make Time a Lifestyle","potentialAction":[{"@type":"SearchAction","target":{"@type":"EntryPoint","urlTemplate":"https:\/\/www.my-watchsite.fr\/blog\/?s={search_term_string}"},"query-input":"required name=search_term_string"}],"inLanguage":"fr-FR"},{"@type":"Person","@id":"https:\/\/www.my-watchsite.fr\/blog\/#\/schema\/person\/67e19b3e3d014465042ff1be1c9fcf44","name":"MyWatch","image":{"@type":"ImageObject","inLanguage":"fr-FR","@id":"https:\/\/www.my-watchsite.fr\/blog\/#\/schema\/person\/image\/","url":"https:\/\/secure.gravatar.com\/avatar\/e52d1e94806c54826c863f554ca1dd2a?s=96&d=mm&r=g","contentUrl":"https:\/\/secure.gravatar.com\/avatar\/e52d1e94806c54826c863f554ca1dd2a?s=96&d=mm&r=g","caption":"MyWatch"},"sameAs":["https:\/\/www.my-watchsite.fr\/blog"]}]}},"_links":{"self":[{"href":"https:\/\/www.my-watchsite.fr\/blog\/wp-json\/wp\/v2\/posts\/457"}],"collection":[{"href":"https:\/\/www.my-watchsite.fr\/blog\/wp-json\/wp\/v2\/posts"}],"about":[{"href":"https:\/\/www.my-watchsite.fr\/blog\/wp-json\/wp\/v2\/types\/post"}],"author":[{"embeddable":true,"href":"https:\/\/www.my-watchsite.fr\/blog\/wp-json\/wp\/v2\/users\/1"}],"replies":[{"embeddable":true,"href":"https:\/\/www.my-watchsite.fr\/blog\/wp-json\/wp\/v2\/comments?post=457"}],"version-history":[{"count":0,"href":"https:\/\/www.my-watchsite.fr\/blog\/wp-json\/wp\/v2\/posts\/457\/revisions"}],"wp:featuredmedia":[{"embeddable":true,"href":"https:\/\/www.my-watchsite.fr\/blog\/wp-json\/wp\/v2\/media\/458"}],"wp:attachment":[{"href":"https:\/\/www.my-watchsite.fr\/blog\/wp-json\/wp\/v2\/media?parent=457"}],"wp:term":[{"taxonomy":"category","embeddable":true,"href":"https:\/\/www.my-watchsite.fr\/blog\/wp-json\/wp\/v2\/categories?post=457"},{"taxonomy":"post_tag","embeddable":true,"href":"https:\/\/www.my-watchsite.fr\/blog\/wp-json\/wp\/v2\/tags?post=457"}],"curies":[{"name":"wp","href":"https:\/\/api.w.org\/{rel}","templated":true}]}}