{"id":4680,"date":"2016-04-19T17:32:36","date_gmt":"2016-04-19T15:32:36","guid":{"rendered":"https:\/\/www.my-watchsite.fr\/blog\/blog\/tag-heuer-formule-e-une-premiere-a-paris-samedi-n1914\/"},"modified":"2021-09-06T11:45:59","modified_gmt":"2021-09-06T09:45:59","slug":"tag-heuer-formule-e-une-premiere-a-paris-samedi-n1914","status":"publish","type":"post","link":"https:\/\/www.my-watchsite.fr\/blog\/tag-heuer-formule-e-une-premiere-a-paris-samedi-n1914\/","title":{"rendered":"TAG Heuer Formule E : une premi\u00e8re \u00e0 Paris samedi"},"content":{"rendered":"<p><strong>La Ville de Paris est l\u2019h\u00f4te de la premi\u00e8re \u00e9preuve europ\u00e9enne pour la saison 2015\/2016 de Formule E, le premier championnat 100 % \u00e9lectrique au monde, dont TAG Heuer est partenaire fondateur et chronom\u00e9treur officiel. A l&rsquo;occasion de la septi\u00e8me manche du Championnat, dix-huit monoplaces 100% \u00e9lectriques prendront le d\u00e9part du premier Visa Paris e-Prix le 23 avril prochain sur un trac\u00e9 construit autour des Invalides.<\/strong><\/p>\n<p><img decoding=\"async\" src=\"https:\/\/www.my-watchsite.fr\/blog\/wp-content\/uploads\/2020\/08\/FormuleETAGHeuer2.jpg\" alt=\"TAG Heuer - Formule E\" \/><\/p>\n<p>P\u00e9kin, Buenos Aires, Moscou, Berlin, Londres \u2026 Paris s\u2019inscrit avec autant de magnifiques \u00e9tapes qui constituent la 2\u00e8me saison de ce championnat soutenu par l\u2019horloger suisse TAG Heuer. C\u2019est aussi le grand retour de la course automobile en pleine ville depuis la Coupe de Paris qui se tenait au lendemain de la Seconde guerre mondiale dans le Bois de Boulogne.<\/p>\n<p>D\u00e8s le premier jour, TAG Heuer a cru en l&rsquo;avenir de ce premier Championnat du Monde FIA de monoplaces \u00e9lectriques, et s&rsquo;est investi comme Partenaire Fondateur. Montre Officielle et Chronom\u00e9treur Officiel de cette comp\u00e9tition innovante, TAG Heuer est fier d\u2019avoir \u0153uvr\u00e9 avec toutes les parties prenantes pour d\u00e9velopper ce championnat unique au monde qui marie parfaitement le sport automobile de haut niveau avec les technologies les plus pointues, et am\u00e8ne le divertissement directement au coeur des villes, au plus proche du grand public et des jeunes. Le premier e-Prix a \u00e9t\u00e9 organis\u00e9 \u00e0 P\u00e9kin en Chine en septembre 2014.<\/p>\n<p><img decoding=\"async\" src=\"https:\/\/www.my-watchsite.fr\/blog\/wp-content\/uploads\/2020\/08\/FormuleETAGHeuer4.jpg\" alt=\"TAG Heuer - Formule E\" \/><\/p>\n<p>Jean-Claude Biver, CEO de TAG Heuer &amp; Pr\u00e9sident de la Division Montres du Groupe LVMH, d\u00e9clare : \u00ab\u00a0TAG Heuer a toujours eu de l&rsquo;avance sur son temps. La Formule E, c&rsquo;est l&rsquo;innovation la plus importante en termes de course automobile et de divertissement des 10 derni\u00e8res ann\u00e9es. Le succ\u00e8s des courses dans les rues de villes comme P\u00e9kin, Buenos Aires, Mexico d\u00e9montre toute la capacit\u00e9 du Championnat \u00e0 connecter le monde \u00e0 un avenir meilleur. Il cible un public jeune, soucieux de la pr\u00e9servation de l&rsquo;environnement, int\u00e9ress\u00e9 par la technologie, aimant la f\u00eate. L&rsquo;univers cr\u00e9\u00e9 autour, est tout aussi important que la course elle-m\u00eame, un peu comme si la Formule E red\u00e9finissait les relations entre jeunesse et sport automobile; une approche innovante qui n\u2019est pas sans rappeler celle de TAG Heuer\u00a0\u00bb.<\/p>\n<p><img decoding=\"async\" src=\"https:\/\/www.my-watchsite.fr\/blog\/wp-content\/uploads\/2020\/08\/FormuleETAGHeuer3.jpg\" alt=\"TAG Heuer - Formule E\" \/><\/p>\n<p>Pour c\u00e9l\u00e9brer l\u2019organisation de ce premier e-Prix \u00e0 Paris, Alejandro Agag, CEO de Formula E Holdings, Jean-Claude Biver, CEO de TAG Heuer et Pr\u00e9sident de la Division Montres du Groupe LVMH, et Boris F.J. Collardi, CEO de la Banque Julius Baer, ont demand\u00e9 \u00e0 leur ami Lapo Elkann et son bureau de style Garage Custom Italia, de customiser un ShowCar Formula-e.<\/p>\n<p><img decoding=\"async\" src=\"https:\/\/www.my-watchsite.fr\/blog\/wp-content\/uploads\/2020\/08\/FormuleETAGHeuer1.jpg\" alt=\"Un Showcar Formule-e customis\u00e9 par Lapo Elkann et Garage Custom Italia\" \/><\/p>\n<p>Ce showcar unique r\u00e9alis\u00e9 gr\u00e2ce au soutien de TAG Heuer et de Julius Baer sera mis en vente aux ench\u00e8res au d\u00eener de Gala organis\u00e9 le soir de la course (le samedi 23 avril) dans les Salons de la Mairie de Paris- en pr\u00e9sence de SAS Prince Albert II de Monaco et d\u2019Alejandro Agag, CEO de la Formula E Holdings. Les fonds r\u00e9colt\u00e9s seront revers\u00e9s \u00e0 la Fondation Prince Albert II de Monaco pour la protection de l\u2019environnement.<\/p>\n<p>Pour marquer l\u2019organisation de ce 1er e-Prix, la boutique TAG Heuer exposera le ShowCar officiel du Championnat 100% \u00e9lectrique sur les Champs-Elys\u00e9es du 20 au 25 avril. La marque horlog\u00e8re suisse sera \u00e9galement pr\u00e9sente dans le village du e-Prix avec de nombreuses animations<\/p>\n\n\n<p><a href=\"https:\/\/www.tagheuer.com\/fr\/fr\/\" target=\"_blank\" rel=\"noreferrer noopener\">www.tagheuer.com<\/a><\/p>\n\n\n\n<p>Lire aussi l&rsquo;article<a href=\"https:\/\/www.my-watchsite.fr\/blog\/la-tag-heuer-connected-en-version-exclusive-chez-colette-n1857\/\" target=\"_blank\" rel=\"noreferrer noopener\"> La TAG Heuer Connected en version exclusive chez Colette<\/a><\/p>\n","protected":false},"excerpt":{"rendered":"<p>La Ville de Paris est l\u2019h\u00f4te de la premi\u00e8re \u00e9preuve europ\u00e9enne pour la saison 2015\/2016 de Formule E, le premier championnat 100 % \u00e9lectrique au monde, dont TAG Heuer est partenaire fondateur et chronom\u00e9treur officiel. A l&rsquo;occasion de la septi\u00e8me manche du Championnat, dix-huit monoplaces 100% \u00e9lectriques prendront le d\u00e9part du premier Visa Paris e-Prix [&hellip;]<\/p>\n","protected":false},"author":1,"featured_media":4685,"comment_status":"closed","ping_status":"closed","sticky":false,"template":"","format":"standard","meta":{"footnotes":""},"categories":[2],"tags":[17],"acf":[],"yoast_head":"<!-- This site is optimized with the Yoast SEO plugin v20.4 - https:\/\/yoast.com\/wordpress\/plugins\/seo\/ -->\n<title>TAG Heuer Formule E : une premi\u00e8re \u00e0 Paris samedi - MyWatch FR<\/title>\n<meta name=\"description\" content=\"Paris est l\u2019h\u00f4te de la premi\u00e8re \u00e9preuve europ\u00e9enne pour la saison 2015\/2016 de Formule E, le premier championnat 100 % \u00e9lectrique au monde.\" \/>\n<meta name=\"robots\" content=\"index, follow, max-snippet:-1, max-image-preview:large, max-video-preview:-1\" \/>\n<link rel=\"canonical\" href=\"https:\/\/www.my-watchsite.fr\/blog\/tag-heuer-formule-e-une-premiere-a-paris-samedi-n1914\/\" \/>\n<meta property=\"og:locale\" content=\"fr_FR\" \/>\n<meta property=\"og:type\" content=\"article\" \/>\n<meta property=\"og:title\" content=\"TAG Heuer Formule E : une premi\u00e8re \u00e0 Paris samedi - MyWatch FR\" \/>\n<meta property=\"og:description\" content=\"Paris est l\u2019h\u00f4te de la premi\u00e8re \u00e9preuve europ\u00e9enne pour la saison 2015\/2016 de Formule E, le premier championnat 100 % \u00e9lectrique au monde.\" \/>\n<meta property=\"og:url\" content=\"https:\/\/www.my-watchsite.fr\/blog\/tag-heuer-formule-e-une-premiere-a-paris-samedi-n1914\/\" \/>\n<meta property=\"og:site_name\" content=\"MyWatch FR\" \/>\n<meta property=\"article:publisher\" content=\"https:\/\/www.facebook.com\/mywatchsite\/\" \/>\n<meta property=\"article:published_time\" content=\"2016-04-19T15:32:36+00:00\" \/>\n<meta property=\"article:modified_time\" content=\"2021-09-06T09:45:59+00:00\" \/>\n<meta property=\"og:image\" content=\"https:\/\/www.my-watchsite.fr\/blog\/wp-content\/uploads\/2020\/08\/thumb_1914.jpg\" \/>\n\t<meta property=\"og:image:width\" content=\"654\" \/>\n\t<meta property=\"og:image:height\" content=\"435\" \/>\n\t<meta property=\"og:image:type\" content=\"image\/jpeg\" \/>\n<meta name=\"author\" content=\"MyWatch\" \/>\n<meta name=\"twitter:card\" content=\"summary_large_image\" \/>\n<meta name=\"twitter:creator\" content=\"@mywatchsite\" \/>\n<meta name=\"twitter:site\" content=\"@mywatchsite\" \/>\n<meta name=\"twitter:label1\" content=\"\u00c9crit par\" \/>\n\t<meta name=\"twitter:data1\" content=\"MyWatch\" \/>\n\t<meta name=\"twitter:label2\" content=\"Dur\u00e9e de lecture estim\u00e9e\" \/>\n\t<meta name=\"twitter:data2\" content=\"4 minutes\" \/>\n<script type=\"application\/ld+json\" class=\"yoast-schema-graph\">{\"@context\":\"https:\/\/schema.org\",\"@graph\":[{\"@type\":\"WebPage\",\"@id\":\"https:\/\/www.my-watchsite.fr\/blog\/tag-heuer-formule-e-une-premiere-a-paris-samedi-n1914\/\",\"url\":\"https:\/\/www.my-watchsite.fr\/blog\/tag-heuer-formule-e-une-premiere-a-paris-samedi-n1914\/\",\"name\":\"TAG Heuer Formule E : une premi\u00e8re \u00e0 Paris samedi - MyWatch FR\",\"isPartOf\":{\"@id\":\"https:\/\/www.my-watchsite.fr\/blog\/#website\"},\"datePublished\":\"2016-04-19T15:32:36+00:00\",\"dateModified\":\"2021-09-06T09:45:59+00:00\",\"author\":{\"@id\":\"https:\/\/www.my-watchsite.fr\/blog\/#\/schema\/person\/67e19b3e3d014465042ff1be1c9fcf44\"},\"description\":\"Paris est l\u2019h\u00f4te de la premi\u00e8re \u00e9preuve europ\u00e9enne pour la saison 2015\/2016 de Formule E, le premier championnat 100 % \u00e9lectrique au monde.\",\"breadcrumb\":{\"@id\":\"https:\/\/www.my-watchsite.fr\/blog\/tag-heuer-formule-e-une-premiere-a-paris-samedi-n1914\/#breadcrumb\"},\"inLanguage\":\"fr-FR\",\"potentialAction\":[{\"@type\":\"ReadAction\",\"target\":[\"https:\/\/www.my-watchsite.fr\/blog\/tag-heuer-formule-e-une-premiere-a-paris-samedi-n1914\/\"]}]},{\"@type\":\"BreadcrumbList\",\"@id\":\"https:\/\/www.my-watchsite.fr\/blog\/tag-heuer-formule-e-une-premiere-a-paris-samedi-n1914\/#breadcrumb\",\"itemListElement\":[{\"@type\":\"ListItem\",\"position\":1,\"name\":\"Accueil\",\"item\":\"https:\/\/www.my-watchsite.fr\/blog\/\"},{\"@type\":\"ListItem\",\"position\":2,\"name\":\"TAG Heuer Formule E : une premi\u00e8re \u00e0 Paris samedi\"}]},{\"@type\":\"WebSite\",\"@id\":\"https:\/\/www.my-watchsite.fr\/blog\/#website\",\"url\":\"https:\/\/www.my-watchsite.fr\/blog\/\",\"name\":\"MyWatch FR\",\"description\":\"Make Time a Lifestyle\",\"potentialAction\":[{\"@type\":\"SearchAction\",\"target\":{\"@type\":\"EntryPoint\",\"urlTemplate\":\"https:\/\/www.my-watchsite.fr\/blog\/?s={search_term_string}\"},\"query-input\":\"required name=search_term_string\"}],\"inLanguage\":\"fr-FR\"},{\"@type\":\"Person\",\"@id\":\"https:\/\/www.my-watchsite.fr\/blog\/#\/schema\/person\/67e19b3e3d014465042ff1be1c9fcf44\",\"name\":\"MyWatch\",\"image\":{\"@type\":\"ImageObject\",\"inLanguage\":\"fr-FR\",\"@id\":\"https:\/\/www.my-watchsite.fr\/blog\/#\/schema\/person\/image\/\",\"url\":\"https:\/\/secure.gravatar.com\/avatar\/e52d1e94806c54826c863f554ca1dd2a?s=96&d=mm&r=g\",\"contentUrl\":\"https:\/\/secure.gravatar.com\/avatar\/e52d1e94806c54826c863f554ca1dd2a?s=96&d=mm&r=g\",\"caption\":\"MyWatch\"},\"sameAs\":[\"https:\/\/www.my-watchsite.fr\/blog\"]}]}<\/script>\n<!-- \/ Yoast SEO plugin. -->","yoast_head_json":{"title":"TAG Heuer Formule E : une premi\u00e8re \u00e0 Paris samedi - MyWatch FR","description":"Paris est l\u2019h\u00f4te de la premi\u00e8re \u00e9preuve europ\u00e9enne pour la saison 2015\/2016 de Formule E, le premier championnat 100 % \u00e9lectrique au monde.","robots":{"index":"index","follow":"follow","max-snippet":"max-snippet:-1","max-image-preview":"max-image-preview:large","max-video-preview":"max-video-preview:-1"},"canonical":"https:\/\/www.my-watchsite.fr\/blog\/tag-heuer-formule-e-une-premiere-a-paris-samedi-n1914\/","og_locale":"fr_FR","og_type":"article","og_title":"TAG Heuer Formule E : une premi\u00e8re \u00e0 Paris samedi - MyWatch FR","og_description":"Paris est l\u2019h\u00f4te de la premi\u00e8re \u00e9preuve europ\u00e9enne pour la saison 2015\/2016 de Formule E, le premier championnat 100 % \u00e9lectrique au monde.","og_url":"https:\/\/www.my-watchsite.fr\/blog\/tag-heuer-formule-e-une-premiere-a-paris-samedi-n1914\/","og_site_name":"MyWatch FR","article_publisher":"https:\/\/www.facebook.com\/mywatchsite\/","article_published_time":"2016-04-19T15:32:36+00:00","article_modified_time":"2021-09-06T09:45:59+00:00","og_image":[{"width":654,"height":435,"url":"https:\/\/www.my-watchsite.fr\/blog\/wp-content\/uploads\/2020\/08\/thumb_1914.jpg","type":"image\/jpeg"}],"author":"MyWatch","twitter_card":"summary_large_image","twitter_creator":"@mywatchsite","twitter_site":"@mywatchsite","twitter_misc":{"\u00c9crit par":"MyWatch","Dur\u00e9e de lecture estim\u00e9e":"4 minutes"},"schema":{"@context":"https:\/\/schema.org","@graph":[{"@type":"WebPage","@id":"https:\/\/www.my-watchsite.fr\/blog\/tag-heuer-formule-e-une-premiere-a-paris-samedi-n1914\/","url":"https:\/\/www.my-watchsite.fr\/blog\/tag-heuer-formule-e-une-premiere-a-paris-samedi-n1914\/","name":"TAG Heuer Formule E : une premi\u00e8re \u00e0 Paris samedi - MyWatch FR","isPartOf":{"@id":"https:\/\/www.my-watchsite.fr\/blog\/#website"},"datePublished":"2016-04-19T15:32:36+00:00","dateModified":"2021-09-06T09:45:59+00:00","author":{"@id":"https:\/\/www.my-watchsite.fr\/blog\/#\/schema\/person\/67e19b3e3d014465042ff1be1c9fcf44"},"description":"Paris est l\u2019h\u00f4te de la premi\u00e8re \u00e9preuve europ\u00e9enne pour la saison 2015\/2016 de Formule E, le premier championnat 100 % \u00e9lectrique au monde.","breadcrumb":{"@id":"https:\/\/www.my-watchsite.fr\/blog\/tag-heuer-formule-e-une-premiere-a-paris-samedi-n1914\/#breadcrumb"},"inLanguage":"fr-FR","potentialAction":[{"@type":"ReadAction","target":["https:\/\/www.my-watchsite.fr\/blog\/tag-heuer-formule-e-une-premiere-a-paris-samedi-n1914\/"]}]},{"@type":"BreadcrumbList","@id":"https:\/\/www.my-watchsite.fr\/blog\/tag-heuer-formule-e-une-premiere-a-paris-samedi-n1914\/#breadcrumb","itemListElement":[{"@type":"ListItem","position":1,"name":"Accueil","item":"https:\/\/www.my-watchsite.fr\/blog\/"},{"@type":"ListItem","position":2,"name":"TAG Heuer Formule E : une premi\u00e8re \u00e0 Paris samedi"}]},{"@type":"WebSite","@id":"https:\/\/www.my-watchsite.fr\/blog\/#website","url":"https:\/\/www.my-watchsite.fr\/blog\/","name":"MyWatch FR","description":"Make Time a Lifestyle","potentialAction":[{"@type":"SearchAction","target":{"@type":"EntryPoint","urlTemplate":"https:\/\/www.my-watchsite.fr\/blog\/?s={search_term_string}"},"query-input":"required name=search_term_string"}],"inLanguage":"fr-FR"},{"@type":"Person","@id":"https:\/\/www.my-watchsite.fr\/blog\/#\/schema\/person\/67e19b3e3d014465042ff1be1c9fcf44","name":"MyWatch","image":{"@type":"ImageObject","inLanguage":"fr-FR","@id":"https:\/\/www.my-watchsite.fr\/blog\/#\/schema\/person\/image\/","url":"https:\/\/secure.gravatar.com\/avatar\/e52d1e94806c54826c863f554ca1dd2a?s=96&d=mm&r=g","contentUrl":"https:\/\/secure.gravatar.com\/avatar\/e52d1e94806c54826c863f554ca1dd2a?s=96&d=mm&r=g","caption":"MyWatch"},"sameAs":["https:\/\/www.my-watchsite.fr\/blog"]}]}},"_links":{"self":[{"href":"https:\/\/www.my-watchsite.fr\/blog\/wp-json\/wp\/v2\/posts\/4680"}],"collection":[{"href":"https:\/\/www.my-watchsite.fr\/blog\/wp-json\/wp\/v2\/posts"}],"about":[{"href":"https:\/\/www.my-watchsite.fr\/blog\/wp-json\/wp\/v2\/types\/post"}],"author":[{"embeddable":true,"href":"https:\/\/www.my-watchsite.fr\/blog\/wp-json\/wp\/v2\/users\/1"}],"replies":[{"embeddable":true,"href":"https:\/\/www.my-watchsite.fr\/blog\/wp-json\/wp\/v2\/comments?post=4680"}],"version-history":[{"count":2,"href":"https:\/\/www.my-watchsite.fr\/blog\/wp-json\/wp\/v2\/posts\/4680\/revisions"}],"predecessor-version":[{"id":15734,"href":"https:\/\/www.my-watchsite.fr\/blog\/wp-json\/wp\/v2\/posts\/4680\/revisions\/15734"}],"wp:featuredmedia":[{"embeddable":true,"href":"https:\/\/www.my-watchsite.fr\/blog\/wp-json\/wp\/v2\/media\/4685"}],"wp:attachment":[{"href":"https:\/\/www.my-watchsite.fr\/blog\/wp-json\/wp\/v2\/media?parent=4680"}],"wp:term":[{"taxonomy":"category","embeddable":true,"href":"https:\/\/www.my-watchsite.fr\/blog\/wp-json\/wp\/v2\/categories?post=4680"},{"taxonomy":"post_tag","embeddable":true,"href":"https:\/\/www.my-watchsite.fr\/blog\/wp-json\/wp\/v2\/tags?post=4680"}],"curies":[{"name":"wp","href":"https:\/\/api.w.org\/{rel}","templated":true}]}}