{"id":47986,"date":"2026-04-27T16:52:46","date_gmt":"2026-04-27T14:52:46","guid":{"rendered":"https:\/\/www.my-watchsite.fr\/blog\/?p=47986"},"modified":"2026-04-27T16:53:30","modified_gmt":"2026-04-27T14:53:30","slug":"episode-3-nouvelles-tag-heuer-monaco-tout-change-mais-rien-ne-change","status":"publish","type":"post","link":"https:\/\/www.my-watchsite.fr\/blog\/episode-3-nouvelles-tag-heuer-monaco-tout-change-mais-rien-ne-change\/","title":{"rendered":"\u00c9pisode 3 : TAG Heuer Monaco, tout change mais rien ne change !"},"content":{"rendered":"\n<p><\/p>\n\n\n\n<h2 class=\"wp-block-heading\"><strong>TAG Heuer Monaco : une ic\u00f4ne n\u00e9e de l\u2019innovation<\/strong><\/h2>\n\n\n\n<p>L\u2019histoire de la TAG Heuer Monaco est marqu\u00e9e par des rencontres d\u00e9cisives et des innovations majeures. En 1969, Jack Heuer, alors \u00e0 la t\u00eate de la marque, croise la route du pilote suisse Jo Siffert, fra\u00eechement vainqueur du Grand Prix de Grande-Bretagne. Cette rencontre donne naissance au premier partenariat entre une marque horlog\u00e8re et un pilote automobile. Le logo Heuer appara\u00eet alors sur une Lotus et sur la combinaison du pilote, offrant une visibilit\u00e9 in\u00e9dite \u00e0 la marque. Derri\u00e8re cette initiative se cache un objectif strat\u00e9gique : accompagner le lancement d\u2019un mouvement r\u00e9volutionnaire, le Chronomatic Calibre 11, premier chronographe automatique de l\u2019histoire. Ce projet ambitieux d\u00e9bute en 1967, lorsque Jack Heuer imagine associer un module chronographe Dubois-Depraz \u00e0 un calibre automatique Buren \u00e0 micro-rotor. Face au co\u00fbt \u00e9lev\u00e9 du d\u00e9veloppement, il s\u2019associe \u00e0 Willy Breitling. Ensemble, ils m\u00e8nent en secret le \u00ab Projet 99 \u00bb, qui aboutit deux ans plus tard.<\/p>\n\n\n\n<figure class=\"wp-block-image size-full\"><img decoding=\"async\" width=\"900\" height=\"1450\" loading=\"lazy\" src=\"https:\/\/www.my-watchsite.fr\/blog\/wp-content\/uploads\/2025\/05\/tag-steve.jpg\" alt=\"Apr\u00e8s deux ann\u00e9es de d\u00e9veloppement, le myst\u00e9rieux \u00ab Projet 99 \u00bb aboutit en 1969 avec la naissance du premier prototype : le Chronomatic Calibre 11. Ce mouvement modulaire impose une configuration particuli\u00e8re, avec une couronne de remontoir plac\u00e9e \u00e0 9 heures, tandis que les deux poussoirs du chronographe restent plac\u00e9s \u00e0 2 et 4 heures. Une disposition peu conventionnelle dans un univers horloger encore tr\u00e8s attach\u00e9 aux traditions. Pourtant, le placement de la couronne \u00e0 gauche est rapidement salu\u00e9 pour sa praticit\u00e9. Confiant dans le potentiel de son calibre, le visionnaire Jack Heuer en fait m\u00eame un argument marketing, affirmant que l\u2019on reconna\u00eet imm\u00e9diatement \u00ab la premi\u00e8re montre chronographe qui ne se remonte pas \u00bb gr\u00e2ce \u00e0 ce d\u00e9tail unique. Et comme le calibre pr\u00e9sente une configuration particuli\u00e8re, Jack Heuer d\u00e9cide d\u2019aller encore plus loin dans l\u2019originalit\u00e9 : il faut un bo\u00eetier hors du commun. Le choix s\u2019oriente alors vers le tout premier bo\u00eetier carr\u00e9 \u00ab \u00e9tanche brevet\u00e9 \u00bb, d\u00e9velopp\u00e9 par la soci\u00e9t\u00e9 Piquerez. Jack Heuer en obtient l\u2019exclusivit\u00e9 pour ses chronographes. Ainsi na\u00eet la \u00ab Monaco \u00bb, baptis\u00e9e en hommage au plus embl\u00e9matique Grand Prix de Formule 1.\" class=\"wp-image-42119\" \/><figcaption class=\"wp-element-caption\">Heuer Monaco r\u00e9f.1133B &#8211; 1969<\/figcaption><\/figure>\n\n\n\n<p>Le Calibre 11 se distingue par son architecture originale, notamment avec une couronne positionn\u00e9e \u00e0 gauche du bo\u00eetier, tandis que les poussoirs restent \u00e0 droite. Ce choix audacieux devient un v\u00e9ritable argument marketing, symbolisant une montre qui n\u2019a plus besoin d\u2019\u00eatre remont\u00e9e manuellement. Pour accompagner cette innovation, Heuer opte pour un design tout aussi avant-gardiste : un bo\u00eetier carr\u00e9 \u00e9tanche, une premi\u00e8re \u00e0 l\u2019\u00e9poque, d\u00e9velopp\u00e9 par la soci\u00e9t\u00e9 Piquerez. Ainsi na\u00eet la Monaco, baptis\u00e9e en hommage au mythique Grand Prix de Formule 1.<\/p>\n\n\n\n<figure class=\"wp-block-image\"><img decoding=\"async\" width=\"900\" height=\"560\" loading=\"lazy\" src=\"https:\/\/www.my-watchsite.fr\/blog\/wp-content\/uploads\/2025\/05\/tagjosiffert.jpg\" alt=\"\" class=\"wp-image-42218\" \/><figcaption class=\"wp-element-caption\">Steve McQueen et Jo Siffert lors du tournage du film&nbsp;<em>Le Mans<\/em>.<\/figcaption><\/figure>\n\n\n\n<p>Malgr\u00e9 ses qualit\u00e9s techniques et son esth\u00e9tique unique, la Monaco peine d\u2019abord \u00e0 convaincre le public. Son design atypique et son positionnement novateur d\u00e9routent. Pourtant, la m\u00eame ann\u00e9e, Steve McQueen d\u00e9couvre la montre lors de la pr\u00e9paration du film <em>Le Mans<\/em>. Soucieux de r\u00e9alisme, l\u2019acteur choisit de porter une Monaco, en coh\u00e9rence avec la combinaison Heuer inspir\u00e9e de Jo Siffert.<\/p>\n\n\n\n<figure class=\"wp-block-image\"><img decoding=\"async\" width=\"900\" height=\"900\" loading=\"lazy\" src=\"https:\/\/www.my-watchsite.fr\/blog\/wp-content\/uploads\/2025\/05\/steve.jpg\" alt=\"\" class=\"wp-image-42118\" \/><figcaption class=\"wp-element-caption\">L\u2019acteur am\u00e9ricain Steve McQueen porte sa \u00ab&nbsp;Monaco&nbsp;\u00bb au poignet droit.<\/figcaption><\/figure>\n\n\n\n<p>Ce choix s\u2019av\u00e8re d\u00e9cisif : en apparaissant au poignet de l\u2019une des plus grandes stars de son \u00e9poque, la Monaco acc\u00e8de progressivement au statut d\u2019ic\u00f4ne. D\u2019abord incomprise, elle devient finalement l\u2019un des mod\u00e8les les plus embl\u00e9matiques de l\u2019horlogerie contemporaine.<\/p>\n\n\n\n<h2 class=\"wp-block-heading has-text-align-center has-medium-font-size\"><strong>L&rsquo;\u00e9volution de la Monaco en quelques pi\u00e8ces pr\u00e9sent\u00e9es par Nicholas Biebuyck, directeur de l&rsquo;h\u00e9ritage et Julien Delcambre, Lead Design chez TAG Heuer<\/strong><\/h2>\n\n\n\n<figure class=\"wp-block-image size-full\"><img decoding=\"async\" width=\"900\" height=\"560\" loading=\"lazy\" src=\"https:\/\/www.my-watchsite.fr\/blog\/wp-content\/uploads\/2026\/04\/emission.jpg\" alt=\"\" class=\"wp-image-48146\" \/><figcaption class=\"wp-element-caption\">Julien Delcambre, Lead Design chez TAG Heuer, Frank Sans C et Nicholas Biebuyck, directeur de l&rsquo;h\u00e9ritage chez TAG Heuer.<\/figcaption><\/figure>\n\n\n\n<p><\/p>\n\n\n\n<div class=\"wp-block-cb-carousel\" data-slick=\"{&quot;slidesToShow&quot;:3,&quot;slidesToScroll&quot;:1,&quot;speed&quot;:300,&quot;arrows&quot;:true,&quot;dots&quot;:true,&quot;autoplay&quot;:false,&quot;autoplaySpeed&quot;:3000,&quot;infinite&quot;:false,&quot;responsive&quot;:[{&quot;breakpoint&quot;:769,&quot;settings&quot;:{&quot;slidesToShow&quot;:1,&quot;slidesToScroll&quot;:1}}]}\">\n<div class=\"wp-block-cb-slide\">\n<figure class=\"wp-block-image size-full\"><img decoding=\"async\" width=\"900\" height=\"1450\" loading=\"lazy\" src=\"https:\/\/www.my-watchsite.fr\/blog\/wp-content\/uploads\/2026\/04\/tag1-1.jpg\" alt=\"\" class=\"wp-image-48135\" \/><figcaption class=\"wp-element-caption\">Heuer Monaco &#8211; r\u00e9f.1133B (1969)<\/figcaption><\/figure>\n<\/div>\n\n\n\n<div class=\"wp-block-cb-slide\">\n<figure class=\"wp-block-image size-full\"><img decoding=\"async\" width=\"900\" height=\"1450\" loading=\"lazy\" src=\"https:\/\/www.my-watchsite.fr\/blog\/wp-content\/uploads\/2026\/04\/tag2.jpg\" alt=\"\" class=\"wp-image-48136\" \/><figcaption class=\"wp-element-caption\">Heuer Monaco &#8211; r\u00e9f.74033N \u00ab\u00a0Dark Lord\u00a0\u00bb<\/figcaption><\/figure>\n<\/div>\n\n\n\n<div class=\"wp-block-cb-slide\">\n<figure class=\"wp-block-image size-full\"><img decoding=\"async\" width=\"900\" height=\"1450\" loading=\"lazy\" src=\"https:\/\/www.my-watchsite.fr\/blog\/wp-content\/uploads\/2026\/04\/tag3.jpg\" alt=\"\" class=\"wp-image-48137\" \/><figcaption class=\"wp-element-caption\">Monaco Heuer CS2110 (1997)<\/figcaption><\/figure>\n<\/div>\n\n\n\n<div class=\"wp-block-cb-slide\">\n<figure class=\"wp-block-image size-full\"><img decoding=\"async\" width=\"900\" height=\"1450\" loading=\"lazy\" src=\"https:\/\/www.my-watchsite.fr\/blog\/wp-content\/uploads\/2026\/04\/tag4-2.jpg\" alt=\"\" class=\"wp-image-48140\" \/><figcaption class=\"wp-element-caption\">TAG Heuer V4<\/figcaption><\/figure>\n<\/div>\n\n\n\n<div class=\"wp-block-cb-slide\">\n<figure class=\"wp-block-image size-full\"><img decoding=\"async\" width=\"900\" height=\"1450\" loading=\"lazy\" src=\"https:\/\/www.my-watchsite.fr\/blog\/wp-content\/uploads\/2026\/04\/tag5-1.jpg\" alt=\"\" class=\"wp-image-48138\" \/><figcaption class=\"wp-element-caption\">TAG Heuer Monaco Twenty Four &#8211; Calibre 36 (2012)<\/figcaption><\/figure>\n<\/div>\n\n\n\n<div class=\"wp-block-cb-slide\">\n<figure class=\"wp-block-image size-full\"><img decoding=\"async\" width=\"900\" height=\"1450\" loading=\"lazy\" src=\"https:\/\/www.my-watchsite.fr\/blog\/wp-content\/uploads\/2026\/04\/monacols.jpg\" alt=\"\" class=\"wp-image-48141\" \/><figcaption class=\"wp-element-caption\">TAG Heuer LS Chronographe &#8211; Calibre 12 (2009)<\/figcaption><\/figure>\n<\/div>\n\n\n\n<div class=\"wp-block-cb-slide\">\n<figure class=\"wp-block-image size-full\"><img decoding=\"async\" width=\"900\" height=\"1450\" loading=\"lazy\" src=\"https:\/\/www.my-watchsite.fr\/blog\/wp-content\/uploads\/2026\/04\/tag6-1.jpg\" alt=\"\" class=\"wp-image-48143\" \/><figcaption class=\"wp-element-caption\">TAG Heuer Monaco Gulf (2007)<\/figcaption><\/figure>\n<\/div>\n<\/div>\n\n\n\n<h2 class=\"wp-block-heading has-text-align-center\"><strong>Retrouver notre \u00e9mission d\u00e9di\u00e9e \u00e0 la Monaco <\/strong><br><strong>\u00e0 travers Steve McQueen.<\/strong><\/h2>\n\n\n\n<figure class=\"wp-block-embed is-type-video is-provider-youtube wp-block-embed-youtube wp-embed-aspect-16-9 wp-has-aspect-ratio\"><div class=\"wp-block-embed__wrapper\">\n<iframe loading=\"lazy\" title=\"TAG Heuer Monaco : une ic\u00f4ne au poignet d&#039;une l\u00e9gende...\" width=\"500\" height=\"281\" src=\"https:\/\/www.youtube.com\/embed\/R_bT2_R8dTI?feature=oembed\" frameborder=\"0\" allow=\"accelerometer; autoplay; clipboard-write; encrypted-media; gyroscope; picture-in-picture; web-share\" referrerpolicy=\"strict-origin-when-cross-origin\" allowfullscreen><\/iframe>\n<\/div><\/figure>\n\n\n\n<p><\/p>\n\n\n\n<h2 class=\"wp-block-heading has-text-align-center\"><strong>Les nouveaut\u00e9s du Watches and Wonders 2026<\/strong><br><strong>Tout change mais rien ne change ! <\/strong><br><\/h2>\n\n\n\n<h2 class=\"wp-block-heading\"><strong>De la r\u00e9\u00e9dition \u00e0 la r\u00e9interpr\u00e9tation contemporaine : l\u2019\u00e9volution de la TAG Heuer Monaco<\/strong><\/h2>\n\n\n\n<p>Relanc\u00e9e en 1997, la TAG Heuer Monaco marquait le retour d\u2019une ic\u00f4ne dans un esprit tr\u00e8s fid\u00e8le au mod\u00e8le d\u2019origine. Cette renaissance relevait avant tout de la r\u00e9\u00e9dition : r\u00e9activer un mythe en conservant ses codes historiques.  Pr\u00e8s de trente ans plus tard, la Monaco actuelle va bien au-del\u00e0 d\u2019une simple \u00e9volution. Elle incarne une r\u00e9interpr\u00e9tation plus profonde, o\u00f9 fid\u00e9lit\u00e9 patrimoniale et innovation technique avancent ensemble. L\u00e0 o\u00f9 la Monaco de 1997 ressuscitait une l\u00e9gende, celle d\u2019aujourd\u2019hui la projette dans le futur.<\/p>\n\n\n\n<h2 class=\"wp-block-heading\"><strong>Une architecture repens\u00e9e, fid\u00e8le mais transform\u00e9e<\/strong><\/h2>\n\n\n\n<p>Si le diam\u00e8tre reste inchang\u00e9 \u00e0 39 mm, le bo\u00eetier a \u00e9t\u00e9 enti\u00e8rement redessin\u00e9. Inspir\u00e9e de la r\u00e9f\u00e9rence originelle 1133, la nouvelle architecture conserve les marqueurs identitaires fondamentaux \u2014 bo\u00eetier carr\u00e9, couronne \u00e0 gauche, construction singuli\u00e8re \u2014 tout en les modernisant subtilement.<\/p>\n\n\n\n<figure class=\"wp-block-image size-full\"><img decoding=\"async\" width=\"900\" height=\"560\" loading=\"lazy\" src=\"https:\/\/www.my-watchsite.fr\/blog\/wp-content\/uploads\/2026\/04\/tag.jpg\" alt=\"\" class=\"wp-image-48149\" \/><figcaption class=\"wp-element-caption\">Mod\u00e8les de 1969, 2015 et 2026<\/figcaption><\/figure>\n\n\n\n<p>Les \u00e9volutions se lisent dans les d\u00e9tails :<\/p>\n\n\n\n<ul>\n<li>carrure affin\u00e9e et angles adoucis, offrant un aspect plus sculptural et plus tendu ;<\/li>\n\n\n\n<li>cornes et ergonomie du bo\u00eetier repens\u00e9es pour am\u00e9liorer nettement le port\u00e9 ;<\/li>\n\n\n\n<li>\u00e9paisseur r\u00e9duite de 14,3 mm \u00e0 13,8 mm, <\/li>\n\n\n\n<li>une bande de carrure d\u00e9sormais biseaut\u00e9e ;<\/li>\n\n\n\n<li>lunette redessin\u00e9e, plus franchement carr\u00e9e et suivant la forme du verre en saphir ;<\/li>\n\n\n\n<li>poussoirs, typographie et d\u00e9tails de cadran retravaill\u00e9s, jusqu\u2019aux points de Super-LumiNova, d\u00e9sormais carr\u00e9s et non plus ronds.<\/li>\n<\/ul>\n\n\n\n<figure class=\"wp-block-image size-full\"><img decoding=\"async\" width=\"900\" height=\"560\" loading=\"lazy\" src=\"https:\/\/www.my-watchsite.fr\/blog\/wp-content\/uploads\/2026\/04\/tag1-2.jpg\" alt=\"\" class=\"wp-image-48153\" \/><figcaption class=\"wp-element-caption\">Plus ergonomique, confort accru et \u00e9l\u00e9gance assur\u00e9e, la nouvelle TAG Heuer entame un nouveau chapitre de son histoire.<\/figcaption><\/figure>\n\n\n\n<p>Ces changements peuvent sembler subtils, mais ils traduisent une v\u00e9ritable volont\u00e9 : conserver tous les codes identitaires chers aux collectionneurs tout en dynamisant le design pour plaire au plus grand nombre. L\u2019introduction du titane grade 5 sur les trois r\u00e9f\u00e9rences &#8211; associ\u00e9 \u00e0 une lunette en or rose 18 carats pour un des mod\u00e8les &#8211; ajoute une l\u00e9g\u00e8ret\u00e9 et une sophistication in\u00e9dites dans l\u2019univers Monaco.<\/p>\n\n\n\n<figure class=\"wp-block-image size-full\"><img decoding=\"async\" width=\"900\" height=\"560\" loading=\"lazy\" src=\"https:\/\/www.my-watchsite.fr\/blog\/wp-content\/uploads\/2026\/04\/tag3-1.jpg\" alt=\"\" class=\"wp-image-48151\" \/><figcaption class=\"wp-element-caption\">TAG Heuer Monaco Chronograph, un trio carr\u00e9ment embl\u00e9matique<\/figcaption><\/figure>\n\n\n\n<h2 class=\"wp-block-heading\"><strong>Une rupture technique majeure<\/strong><\/h2>\n\n\n\n<p>C\u2019est surtout sur le plan m\u00e9canique que la diff\u00e9rence avec la pi\u00e8ce originelle est la plus marquante. La Monaco relanc\u00e9e en 1997 reposait sur une base fiable mais relativement classique. La g\u00e9n\u00e9ration actuelle franchit un cap avec le calibre manufacture TH20-11, qui transforme profond\u00e9ment la proposition horlog\u00e8re.<\/p>\n\n\n\n<figure class=\"wp-block-image size-full\"><img decoding=\"async\" width=\"900\" height=\"900\" loading=\"lazy\" src=\"https:\/\/www.my-watchsite.fr\/blog\/wp-content\/uploads\/2026\/04\/tag8-1.jpg\" alt=\"\" class=\"wp-image-48158\" \/><figcaption class=\"wp-element-caption\">Le nouveau Calibre TH20-11 pr\u00e9sente d\u00e9sormais une configuration bi-compax, avec des sous-compteurs \u00e0 trois et neuf heures et un guichet de date \u00e0 six heures, une disposition qui rend hommage au calibre original Calibre 11.<\/figcaption><\/figure>\n\n\n\n<p>Ce nouveau mouvement introduit, une architecture bi-compax inspir\u00e9e du Calibre 11 historique, une roue \u00e0 colonnes, un remontage optimis\u00e9 et environ 80 heures de r\u00e9serve de marche.<br>L\u2019affichage \u00e9volue lui aussi, avec les compteurs repositionn\u00e9s \u00e0 3 et 9 heures et une date inclin\u00e9e \u00e0 6 heures, renfor\u00e7ant \u00e0 la fois lisibilit\u00e9 et identit\u00e9 visuelle. La Monaco passe ainsi du statut de r\u00e9\u00e9dition culte \u00e0 celui de v\u00e9ritable chronographe de manufacture.<\/p>\n\n\n\n<figure class=\"wp-block-image size-full\"><img decoding=\"async\" width=\"900\" height=\"560\" loading=\"lazy\" src=\"https:\/\/www.my-watchsite.fr\/blog\/wp-content\/uploads\/2026\/04\/tag12.jpg\" alt=\"\" class=\"wp-image-48156\" \/><\/figure>\n\n\n\n<h2 class=\"wp-block-heading\"><strong>Une modernisation jusque dans le porter<\/strong><\/h2>\n\n\n\n<p>Cette transformation ne se limite pas au bo\u00eetier et au mouvement. Le confort et l\u2019usage ont eux aussi \u00e9t\u00e9 revus : am\u00e9lioration du bracelet, nouveau syst\u00e8me de boucle ardillon, double boucle d\u00e9ployante retravaill\u00e9e. Des d\u00e9tails qui participent \u00e0 une approche plus contemporaine de la montre, pens\u00e9e autant pour le design que pour l\u2019exp\u00e9rience au poignet.<\/p>\n\n\n\n<figure class=\"wp-block-image size-full\"><img decoding=\"async\" width=\"900\" height=\"900\" loading=\"lazy\" src=\"https:\/\/www.my-watchsite.fr\/blog\/wp-content\/uploads\/2026\/04\/tag-boucle.jpg\" alt=\"\" class=\"wp-image-48202\" \/><figcaption class=\"wp-element-caption\">La nouvelle TAG Heuer Monaco Chronograph est servie sur un bracelet en cuir de veau noir perfor\u00e9 avec boucle d\u00e9ployante en titane grade 5, finition satin\u00e9e et polie, avec double poussoir de s\u00e9curit\u00e9.<\/figcaption><\/figure>\n\n\n\n<p><a href=\"https:\/\/www.tagheuer.com\/fr\/fr\/montres\/collections\/tag-heuer-monaco\/39-mm-th20-11\/CDW2150.FC8360.html\" target=\"_blank\" rel=\"noreferrer noopener\">Monaco Chronograph en titane grade 5 et or rose<\/a> &#8211; <strong>13 000 euros<\/strong><br><a href=\"https:\/\/www.tagheuer.com\/fr\/fr\/montres\/collections\/tag-heuer-monaco\/39-mm-th20-11\/CDW2180.FC8360.html\" target=\"_blank\" rel=\"noreferrer noopener\">Monaco Chronograph en titane grade 5 \/ cadran vert<\/a> :<strong> 9 300 euros<\/strong><br><a href=\"https:\/\/www.tagheuer.com\/fr\/fr\/montres\/collections\/tag-heuer-monaco\/39-mm-th20-11\/CDW2181.FC8360.html\" target=\"_blank\" rel=\"noreferrer noopener\">Monaco Chronograph en titane grade 5 \/ cadran bleu<\/a> : <strong>9 300 euros<\/strong><\/p>\n\n\n\n<figure class=\"wp-block-image size-full\"><img decoding=\"async\" width=\"900\" height=\"900\" loading=\"lazy\" src=\"https:\/\/www.my-watchsite.fr\/blog\/wp-content\/uploads\/2026\/04\/tag4-3.jpg\" alt=\"\" class=\"wp-image-48152\" \/><figcaption class=\"wp-element-caption\">Ce triptyque m\u00e9canique pr\u00e9sente trois visages diff\u00e9rents : une version bleue inspir\u00e9e de la montre port\u00e9e par Steve McQueen, une verte \u00e9voquant les codes du British Racing Green et une bicolore ultra-\u00e9l\u00e9gante.<\/figcaption><\/figure>\n\n\n\n<p><a href=\"https:\/\/www.my-watchsite.fr\/496-monaco\" target=\"_blank\" rel=\"noreferrer noopener\">Consulter toutes nos fiches techniques des montres de la collection Monaco.<\/a><\/p>\n\n\n\n<h2 class=\"wp-block-heading\"><strong>TAG Heuer Monaco Evergraph ou une m\u00e9canique flexible<\/strong><\/h2>\n\n\n\n<p>Avec la Monaco Evergraph, TAG Heuer ne se contente pas de revisiter une ic\u00f4ne ; la manufacture introduit une nouvelle lecture du chronographe m\u00e9canique en faisant converger architecture visible, haute fr\u00e9quence et innovation fondamentale. Au c\u0153ur de cette pi\u00e8ce, le calibre TH80-00 marque une rupture conceptuelle, port\u00e9e par une technologie encore rare dans l\u2019horlogerie : les composants bistables flexibles.<\/p>\n\n\n\n<figure class=\"wp-block-image size-full\"><img decoding=\"async\" width=\"900\" height=\"900\" loading=\"lazy\" src=\"https:\/\/www.my-watchsite.fr\/blog\/wp-content\/uploads\/2026\/04\/tag4.jpg\" alt=\"\" class=\"wp-image-47990\" \/><figcaption class=\"wp-element-caption\">TAG Heuer pr\u00e9sente une architecture m\u00e9canique in\u00e9dite e t une interpr\u00e9tation avant-gardiste de son ic\u00f4ne carr\u00e9e.<\/figcaption><\/figure>\n\n\n\n<p>Les traditionnelles articulations pivotantes c\u00e8dent la place \u00e0 des structures monoblocs qui se d\u00e9forment avec une pr\u00e9cision contr\u00f4l\u00e9e. Plus qu\u2019une \u00e9volution technique, cette architecture flexible red\u00e9finit le fonctionnement m\u00eame du chronographe. En r\u00e9duisant drastiquement les points de friction, les jeux m\u00e9caniques et l\u2019usure inh\u00e9rente, la manufacture ouvre la voie \u00e0 une complication plus efficiente, plus durable et plus stable.<\/p>\n\n\n\n<figure class=\"wp-block-image size-full\"><img decoding=\"async\" width=\"900\" height=\"1450\" loading=\"lazy\" src=\"https:\/\/www.my-watchsite.fr\/blog\/wp-content\/uploads\/2026\/04\/tag8.jpg\" alt=\"\" class=\"wp-image-47996\" \/><figcaption class=\"wp-element-caption\">Des composants bistables flexibles remplacent les articulations traditionnelles&nbsp;: ils se plient avec une extr\u00eame pr\u00e9cision au lieu de pivoter et de s&rsquo;user.<\/figcaption><\/figure>\n\n\n\n<p>De plus, cette r\u00e9volution m\u00e9canique trouve une autre expression spectaculaire dans l\u2019oscillateur TH-Carbonspring, v\u00e9ritable c\u0153ur battant du mouvement et d\u00e9voil\u00e9 au dernier <a href=\"https:\/\/www.my-watchsite.fr\/blog\/gwd-2025-episode-2-encore-des-surprises-et-une-revolution\/\" target=\"_blank\" rel=\"noreferrer noopener\">Geneva Watch Days<\/a>. D\u00e9velopp\u00e9 et brevet\u00e9 au sein du TAG Heuer Lab, cet organe r\u00e9glant \u00e0 5 hertz \u2014 soit 36 000 alternances par heure \u2014 permet une lecture au dixi\u00e8me de seconde, fid\u00e8le \u00e0 l\u2019ADN chronographe de la Maison. Mais sa singularit\u00e9 tient surtout \u00e0 sa construction : ultral\u00e9ger, amagn\u00e9tique et hautement r\u00e9sistant aux chocs. En une phrase : cet oscillateur conjugue les avantages des mat\u00e9riaux avanc\u00e9s \u00e0 une stabilit\u00e9 chronom\u00e9trique pens\u00e9e pour durer.<\/p>\n\n\n\n<figure class=\"wp-block-image size-full\"><img decoding=\"async\" width=\"900\" height=\"1450\" loading=\"lazy\" src=\"https:\/\/www.my-watchsite.fr\/blog\/wp-content\/uploads\/2026\/04\/tag9.jpg\" alt=\"\" class=\"wp-image-47994\" \/><figcaption class=\"wp-element-caption\">Le Calibre TH80-00 de la nouvelle TAG Heuer Evergraph est \u00e9quip\u00e9 de l&rsquo;oscillateur TH-Carbonspring d\u00e9voil\u00e9 au dernier Geneva Watch Days.<\/figcaption><\/figure>\n\n\n\n<p>Rarement une telle innovation aura \u00e9t\u00e9 aussi directement int\u00e9gr\u00e9e \u00e0 l\u2019esth\u00e9tique d\u2019une montre. Car la Monaco Evergraph expose sa m\u00e9canique. Sous un cadran ajour\u00e9, le barillet et le TH-Carbonspring s\u2019offrent au regard, soutenus par deux larges arcs architecturaux qui donnent relief et tension visuelle \u00e0 l\u2019ensemble. La transparence n\u2019est pas ici un exercice de style, mais un mantra : rendre visible la performance.<\/p>\n\n\n\n<figure class=\"wp-block-image size-full\"><img decoding=\"async\" width=\"900\" height=\"900\" loading=\"lazy\" src=\"https:\/\/www.my-watchsite.fr\/blog\/wp-content\/uploads\/2026\/04\/tag7.jpg\" alt=\"\" class=\"wp-image-47992\" \/><figcaption class=\"wp-element-caption\">Le Calibre TH80-00 : le mouvement chronographe \u00e0 l&rsquo;architecture flexible.<\/figcaption><\/figure>\n\n\n\n<p>Log\u00e9e dans un bo\u00eetier de 40 mm de diam\u00e8tre en titane grade 5, cette \u00e9dition se d\u00e9cline en deux it\u00e9rations&nbsp;: titane grade 5 avec rev\u00eatement DLC noir sur bracelet en caoutchouc noir avec motif textile et surpiq\u00fbres rouges&nbsp;; titane grade 5 et bracelet en caoutchouc bleu avec motif textile et surpiq\u00fbres grises.<\/p>\n\n\n\n<figure class=\"wp-block-image size-full\"><img decoding=\"async\" width=\"900\" height=\"900\" loading=\"lazy\" src=\"https:\/\/www.my-watchsite.fr\/blog\/wp-content\/uploads\/2026\/04\/tag5.jpg\" alt=\"\" class=\"wp-image-47995\" \/><figcaption class=\"wp-element-caption\">&nbsp;Un cadran central transparent d\u00e9voile la g\u00e9om\u00e9trie carr\u00e9e et l&rsquo;architecture invers\u00e9e du mouvement.<\/figcaption><\/figure>\n\n\n\n<p><a href=\"https:\/\/www.tagheuer.com\/fr\/fr\/montres\/collections\/tag-heuer-monaco\/40-mm-th80-00\/CEW5181.FT8123.html\" target=\"_blank\" rel=\"noreferrer noopener\">Monaco Evergraph en titane et bracelet en caoutchouc bleu<\/a> &#8211; <strong>25 000 euros<\/strong><br><a href=\"https:\/\/www.tagheuer.com\/fr\/fr\/montres\/collections\/tag-heuer-monaco\/40-mm-th80-00\/CEW5180.FT8122.html\" target=\"_blank\" rel=\"noreferrer noopener\">Monaco Evergraph en titane rev\u00eatu de DLC noir et bracelet en caoutchouc noir<\/a> &#8211; <strong>25 000 euros<\/strong><\/p>\n\n\n\n<figure class=\"wp-block-gallery has-nested-images columns-default is-cropped wp-block-gallery-1 is-layout-flex wp-block-gallery-is-layout-flex\">\n<figure class=\"wp-block-image size-large\"><img decoding=\"async\" width=\"900\" height=\"1450\" loading=\"lazy\" data-id=\"48204\" src=\"https:\/\/www.my-watchsite.fr\/blog\/wp-content\/uploads\/2026\/04\/evergraph-bleu.jpg\" alt=\"\" class=\"wp-image-48204\" \/><\/figure>\n\n\n\n<figure class=\"wp-block-image size-large\"><img decoding=\"async\" width=\"900\" height=\"1450\" loading=\"lazy\" data-id=\"48205\" src=\"https:\/\/www.my-watchsite.fr\/blog\/wp-content\/uploads\/2026\/04\/evergraph-noir.jpg\" alt=\"\" class=\"wp-image-48205\" \/><\/figure>\n<figcaption class=\"blocks-gallery-caption wp-element-caption\">TAG Heuer Evergraph, deux possibilit\u00e9s : titane grade 5 et bracelet en caoutchouc bleu avec motif textile et surpiq\u00fbres grises ; titane grade 5 avec rev\u00eatement DLC noir sur bracelet en caoutchouc noir avec motif textile et surpiq\u00fbres rouges.<\/figcaption><\/figure>\n\n\n\n<p><a href=\"https:\/\/www.tagheuer.com\/fr\/fr\/montres\/choisir-votre-montre\/toutes-nos-montres\/?gad_source=1&amp;gad_campaignid=240214046&amp;gbraid=0AAAAA-deh5GZT9EDjT3mX6l7Sca3DIqUO&amp;gclid=CjwKCAjwhqfPBhBWEiwAZo196qUXeLBJ_uPbHfng55QKRq-4Rluft40QI3FtgEnwEO4guJyeUWgGHxoCCLgQAvD_BwE\" target=\"_blank\" rel=\"noreferrer noopener\">LE SITE DE TAG HEUER<\/a><\/p>\n\n\n\n<p><strong>\u00c0 voir aussi :<\/strong><\/p>\n\n\n\n<figure class=\"wp-block-embed is-type-video is-provider-youtube wp-block-embed-youtube wp-embed-aspect-16-9 wp-has-aspect-ratio\"><div class=\"wp-block-embed__wrapper\">\n<iframe loading=\"lazy\" title=\"Rolex, Audemars Piguet, Patek Philippe : Watches and Wonders 2026 - Ep 1\" width=\"500\" height=\"281\" src=\"https:\/\/www.youtube.com\/embed\/GI24GUKUR_I?feature=oembed\" frameborder=\"0\" allow=\"accelerometer; autoplay; clipboard-write; encrypted-media; gyroscope; picture-in-picture; web-share\" referrerpolicy=\"strict-origin-when-cross-origin\" allowfullscreen><\/iframe>\n<\/div><\/figure>\n\n\n\n<figure class=\"wp-block-embed is-type-video is-provider-youtube wp-block-embed-youtube wp-embed-aspect-16-9 wp-has-aspect-ratio\"><div class=\"wp-block-embed__wrapper\">\n<iframe loading=\"lazy\" title=\"Geneva Watch Days 2025 - EP2\" width=\"500\" height=\"281\" src=\"https:\/\/www.youtube.com\/embed\/u9iYTEkE0xw?feature=oembed\" frameborder=\"0\" allow=\"accelerometer; autoplay; clipboard-write; encrypted-media; gyroscope; picture-in-picture; web-share\" referrerpolicy=\"strict-origin-when-cross-origin\" allowfullscreen><\/iframe>\n<\/div><\/figure>\n\n\n\n<p><strong>\u00c0 lire \u00e9galement : <\/strong><\/p>\n\n\n\n<figure class=\"wp-block-embed is-type-wp-embed is-provider-mywatch-fr wp-block-embed-mywatch-fr\"><div class=\"wp-block-embed__wrapper\">\n<blockquote class=\"wp-embedded-content\" data-secret=\"YlzZ85pVN0\"><a href=\"https:\/\/www.my-watchsite.fr\/blog\/rolex-et-audemars-piguet-au-programme-de-lepisode-1-du-watches-and-wonders-2026\/\">Episode 1 : Rolex, Audemars Piguet, Patek Philippe<\/a><\/blockquote><iframe class=\"wp-embedded-content\" sandbox=\"allow-scripts\" security=\"restricted\" style=\"position: absolute; clip: rect(1px, 1px, 1px, 1px);\" title=\"\u00ab\u00a0Episode 1 : Rolex, Audemars Piguet, Patek Philippe\u00a0\u00bb &#8212; MyWatch FR\" src=\"https:\/\/www.my-watchsite.fr\/blog\/rolex-et-audemars-piguet-au-programme-de-lepisode-1-du-watches-and-wonders-2026\/embed\/#?secret=h4B1tXl7ca#?secret=YlzZ85pVN0\" data-secret=\"YlzZ85pVN0\" width=\"500\" height=\"282\" frameborder=\"0\" marginwidth=\"0\" marginheight=\"0\" scrolling=\"no\"><\/iframe>\n<\/div><\/figure>\n\n\n\n<figure class=\"wp-block-embed is-type-wp-embed is-provider-mywatch-fr wp-block-embed-mywatch-fr\"><div class=\"wp-block-embed__wrapper\">\n<blockquote class=\"wp-embedded-content\" data-secret=\"F8GxpmGL7B\"><a href=\"https:\/\/www.my-watchsite.fr\/blog\/gwd-2025-episode-2-encore-des-surprises-et-une-revolution\/\">GWD 2025 (Episode 2) : encore des surprises et une r\u00e9volution !<\/a><\/blockquote><iframe class=\"wp-embedded-content\" sandbox=\"allow-scripts\" security=\"restricted\" style=\"position: absolute; clip: rect(1px, 1px, 1px, 1px);\" title=\"\u00ab\u00a0GWD 2025 (Episode 2) : encore des surprises et une r\u00e9volution !\u00a0\u00bb &#8212; MyWatch FR\" src=\"https:\/\/www.my-watchsite.fr\/blog\/gwd-2025-episode-2-encore-des-surprises-et-une-revolution\/embed\/#?secret=t8mbBmcbi6#?secret=F8GxpmGL7B\" data-secret=\"F8GxpmGL7B\" width=\"500\" height=\"282\" frameborder=\"0\" marginwidth=\"0\" marginheight=\"0\" scrolling=\"no\"><\/iframe>\n<\/div><\/figure>\n\n\n\n<figure class=\"wp-block-embed is-type-wp-embed is-provider-mywatch-fr wp-block-embed-mywatch-fr\"><div class=\"wp-block-embed__wrapper\">\n<blockquote class=\"wp-embedded-content\" data-secret=\"Mx6RNee5rn\"><a href=\"https:\/\/www.my-watchsite.fr\/blog\/tag-heuer-monaco-carrement-mythique\/\">TAG Heuer Monaco : carr\u00e9ment mythique<\/a><\/blockquote><iframe class=\"wp-embedded-content\" sandbox=\"allow-scripts\" security=\"restricted\" style=\"position: absolute; clip: rect(1px, 1px, 1px, 1px);\" title=\"\u00ab\u00a0TAG Heuer Monaco : carr\u00e9ment mythique\u00a0\u00bb &#8212; MyWatch FR\" src=\"https:\/\/www.my-watchsite.fr\/blog\/tag-heuer-monaco-carrement-mythique\/embed\/#?secret=LnQ0a5yGOz#?secret=Mx6RNee5rn\" data-secret=\"Mx6RNee5rn\" width=\"500\" height=\"282\" frameborder=\"0\" marginwidth=\"0\" marginheight=\"0\" scrolling=\"no\"><\/iframe>\n<\/div><\/figure>\n","protected":false},"excerpt":{"rendered":"<p>\u00ab Tout change et rien ne change ! \u00bb Voil\u00e0 le credo qui circule dans les couloirs de la manufacture TAG Heuer, que Frank Sans C a eu la chance de visiter pendant le salon, envoy\u00e9 par t\u00e9l\u00e9portation par l\u2019acteur am\u00e9ricain Patrick Dempsey, s\u2019il vous pla\u00eet ! Un credo sur toutes les l\u00e8vres, notamment sur celles de quatre passionn\u00e9s qui ont eu \u00e0 c\u0153ur de d\u00e9crypter la Monaco sous toutes ses coutures et de faire d\u00e9couvrir les cinq nouveaut\u00e9s \u00e0 notre toqu\u00e9 du tic-tac : Julien Delcambre, Lead Design, surnomm\u00e9 d\u00e9sormais le \u00ab King of Design \u00bb ; Nicholas Biebuyck, directeur de l\u2019h\u00e9ritage ; Laurent Kervyn, chef de groupe Haute Horlogerie ; sans oublier Carole Forestier-Kasapi, directrice Strat\u00e9gique Mouvements et Haute Horlogerie, autrement dit la \u00ab Queen of Tourbillon \u00bb. <\/p>\n","protected":false},"author":3,"featured_media":48012,"comment_status":"closed","ping_status":"closed","sticky":false,"template":"","format":"standard","meta":{"footnotes":""},"categories":[2],"tags":[17,968,970],"acf":[],"yoast_head":"<!-- This site is optimized with the Yoast SEO plugin v20.4 - https:\/\/yoast.com\/wordpress\/plugins\/seo\/ -->\n<title>\u00c9pisode 3 : TAG Heuer Monaco, tout change mais rien ne change ! - MyWatch FR<\/title>\n<meta name=\"description\" content=\"Une \u00e9mission plac\u00e9e sous le signe de la Monaco de TAG Heuer et plus particuli\u00e8rement aux cinq nouveaut\u00e9s pr\u00e9sent\u00e9es au salon W&amp;W 2026.\" \/>\n<meta name=\"robots\" content=\"index, follow, max-snippet:-1, max-image-preview:large, max-video-preview:-1\" \/>\n<link rel=\"canonical\" href=\"https:\/\/www.my-watchsite.fr\/blog\/episode-3-nouvelles-tag-heuer-monaco-tout-change-mais-rien-ne-change\/\" \/>\n<meta property=\"og:locale\" content=\"fr_FR\" \/>\n<meta property=\"og:type\" content=\"article\" \/>\n<meta property=\"og:title\" content=\"\u00c9pisode 3 : TAG Heuer Monaco, tout change mais rien ne change ! - MyWatch FR\" \/>\n<meta property=\"og:description\" content=\"Une \u00e9mission plac\u00e9e sous le signe de la Monaco de TAG Heuer et plus particuli\u00e8rement aux cinq nouveaut\u00e9s pr\u00e9sent\u00e9es au salon W&amp;W 2026.\" \/>\n<meta property=\"og:url\" content=\"https:\/\/www.my-watchsite.fr\/blog\/episode-3-nouvelles-tag-heuer-monaco-tout-change-mais-rien-ne-change\/\" \/>\n<meta property=\"og:site_name\" content=\"MyWatch FR\" \/>\n<meta property=\"article:publisher\" content=\"https:\/\/www.facebook.com\/mywatchsite\/\" \/>\n<meta property=\"article:published_time\" content=\"2026-04-27T14:52:46+00:00\" \/>\n<meta property=\"article:modified_time\" content=\"2026-04-27T14:53:30+00:00\" \/>\n<meta property=\"og:image\" content=\"https:\/\/www.my-watchsite.fr\/blog\/wp-content\/uploads\/2026\/04\/27-04-750x465-2.jpg\" \/>\n\t<meta property=\"og:image:width\" content=\"750\" \/>\n\t<meta property=\"og:image:height\" content=\"465\" \/>\n\t<meta property=\"og:image:type\" content=\"image\/jpeg\" \/>\n<meta name=\"author\" content=\"Chlo\u00e9 Redler\" \/>\n<meta name=\"twitter:card\" content=\"summary_large_image\" \/>\n<meta name=\"twitter:creator\" content=\"@mywatchsite\" \/>\n<meta name=\"twitter:site\" content=\"@mywatchsite\" \/>\n<meta name=\"twitter:label1\" content=\"\u00c9crit par\" \/>\n\t<meta name=\"twitter:data1\" content=\"Chlo\u00e9 Redler\" \/>\n\t<meta name=\"twitter:label2\" content=\"Dur\u00e9e de lecture estim\u00e9e\" \/>\n\t<meta name=\"twitter:data2\" content=\"14 minutes\" \/>\n<script type=\"application\/ld+json\" class=\"yoast-schema-graph\">{\"@context\":\"https:\/\/schema.org\",\"@graph\":[{\"@type\":\"WebPage\",\"@id\":\"https:\/\/www.my-watchsite.fr\/blog\/episode-3-nouvelles-tag-heuer-monaco-tout-change-mais-rien-ne-change\/\",\"url\":\"https:\/\/www.my-watchsite.fr\/blog\/episode-3-nouvelles-tag-heuer-monaco-tout-change-mais-rien-ne-change\/\",\"name\":\"\u00c9pisode 3 : TAG Heuer Monaco, tout change mais rien ne change ! - MyWatch FR\",\"isPartOf\":{\"@id\":\"https:\/\/www.my-watchsite.fr\/blog\/#website\"},\"datePublished\":\"2026-04-27T14:52:46+00:00\",\"dateModified\":\"2026-04-27T14:53:30+00:00\",\"author\":{\"@id\":\"https:\/\/www.my-watchsite.fr\/blog\/#\/schema\/person\/d0a71aaf376997c19bcc32876032e616\"},\"description\":\"Une \u00e9mission plac\u00e9e sous le signe de la Monaco de TAG Heuer et plus particuli\u00e8rement aux cinq nouveaut\u00e9s pr\u00e9sent\u00e9es au salon W&W 2026.\",\"breadcrumb\":{\"@id\":\"https:\/\/www.my-watchsite.fr\/blog\/episode-3-nouvelles-tag-heuer-monaco-tout-change-mais-rien-ne-change\/#breadcrumb\"},\"inLanguage\":\"fr-FR\",\"potentialAction\":[{\"@type\":\"ReadAction\",\"target\":[\"https:\/\/www.my-watchsite.fr\/blog\/episode-3-nouvelles-tag-heuer-monaco-tout-change-mais-rien-ne-change\/\"]}]},{\"@type\":\"BreadcrumbList\",\"@id\":\"https:\/\/www.my-watchsite.fr\/blog\/episode-3-nouvelles-tag-heuer-monaco-tout-change-mais-rien-ne-change\/#breadcrumb\",\"itemListElement\":[{\"@type\":\"ListItem\",\"position\":1,\"name\":\"Accueil\",\"item\":\"https:\/\/www.my-watchsite.fr\/blog\/\"},{\"@type\":\"ListItem\",\"position\":2,\"name\":\"\u00c9pisode 3 : TAG Heuer Monaco, tout change mais rien ne change !\"}]},{\"@type\":\"WebSite\",\"@id\":\"https:\/\/www.my-watchsite.fr\/blog\/#website\",\"url\":\"https:\/\/www.my-watchsite.fr\/blog\/\",\"name\":\"MyWatch FR\",\"description\":\"Make Time a Lifestyle\",\"potentialAction\":[{\"@type\":\"SearchAction\",\"target\":{\"@type\":\"EntryPoint\",\"urlTemplate\":\"https:\/\/www.my-watchsite.fr\/blog\/?s={search_term_string}\"},\"query-input\":\"required name=search_term_string\"}],\"inLanguage\":\"fr-FR\"},{\"@type\":\"Person\",\"@id\":\"https:\/\/www.my-watchsite.fr\/blog\/#\/schema\/person\/d0a71aaf376997c19bcc32876032e616\",\"name\":\"Chlo\u00e9 Redler\",\"image\":{\"@type\":\"ImageObject\",\"inLanguage\":\"fr-FR\",\"@id\":\"https:\/\/www.my-watchsite.fr\/blog\/#\/schema\/person\/image\/\",\"url\":\"https:\/\/secure.gravatar.com\/avatar\/68b11128a6aeda527d5c85fdfe99d5ab?s=96&d=mm&r=g\",\"contentUrl\":\"https:\/\/secure.gravatar.com\/avatar\/68b11128a6aeda527d5c85fdfe99d5ab?s=96&d=mm&r=g\",\"caption\":\"Chlo\u00e9 Redler\"}}]}<\/script>\n<!-- \/ Yoast SEO plugin. -->","yoast_head_json":{"title":"\u00c9pisode 3 : TAG Heuer Monaco, tout change mais rien ne change ! - MyWatch FR","description":"Une \u00e9mission plac\u00e9e sous le signe de la Monaco de TAG Heuer et plus particuli\u00e8rement aux cinq nouveaut\u00e9s pr\u00e9sent\u00e9es au salon W&W 2026.","robots":{"index":"index","follow":"follow","max-snippet":"max-snippet:-1","max-image-preview":"max-image-preview:large","max-video-preview":"max-video-preview:-1"},"canonical":"https:\/\/www.my-watchsite.fr\/blog\/episode-3-nouvelles-tag-heuer-monaco-tout-change-mais-rien-ne-change\/","og_locale":"fr_FR","og_type":"article","og_title":"\u00c9pisode 3 : TAG Heuer Monaco, tout change mais rien ne change ! - MyWatch FR","og_description":"Une \u00e9mission plac\u00e9e sous le signe de la Monaco de TAG Heuer et plus particuli\u00e8rement aux cinq nouveaut\u00e9s pr\u00e9sent\u00e9es au salon W&W 2026.","og_url":"https:\/\/www.my-watchsite.fr\/blog\/episode-3-nouvelles-tag-heuer-monaco-tout-change-mais-rien-ne-change\/","og_site_name":"MyWatch FR","article_publisher":"https:\/\/www.facebook.com\/mywatchsite\/","article_published_time":"2026-04-27T14:52:46+00:00","article_modified_time":"2026-04-27T14:53:30+00:00","og_image":[{"width":750,"height":465,"url":"https:\/\/www.my-watchsite.fr\/blog\/wp-content\/uploads\/2026\/04\/27-04-750x465-2.jpg","type":"image\/jpeg"}],"author":"Chlo\u00e9 Redler","twitter_card":"summary_large_image","twitter_creator":"@mywatchsite","twitter_site":"@mywatchsite","twitter_misc":{"\u00c9crit par":"Chlo\u00e9 Redler","Dur\u00e9e de lecture estim\u00e9e":"14 minutes"},"schema":{"@context":"https:\/\/schema.org","@graph":[{"@type":"WebPage","@id":"https:\/\/www.my-watchsite.fr\/blog\/episode-3-nouvelles-tag-heuer-monaco-tout-change-mais-rien-ne-change\/","url":"https:\/\/www.my-watchsite.fr\/blog\/episode-3-nouvelles-tag-heuer-monaco-tout-change-mais-rien-ne-change\/","name":"\u00c9pisode 3 : TAG Heuer Monaco, tout change mais rien ne change ! - MyWatch FR","isPartOf":{"@id":"https:\/\/www.my-watchsite.fr\/blog\/#website"},"datePublished":"2026-04-27T14:52:46+00:00","dateModified":"2026-04-27T14:53:30+00:00","author":{"@id":"https:\/\/www.my-watchsite.fr\/blog\/#\/schema\/person\/d0a71aaf376997c19bcc32876032e616"},"description":"Une \u00e9mission plac\u00e9e sous le signe de la Monaco de TAG Heuer et plus particuli\u00e8rement aux cinq nouveaut\u00e9s pr\u00e9sent\u00e9es au salon W&W 2026.","breadcrumb":{"@id":"https:\/\/www.my-watchsite.fr\/blog\/episode-3-nouvelles-tag-heuer-monaco-tout-change-mais-rien-ne-change\/#breadcrumb"},"inLanguage":"fr-FR","potentialAction":[{"@type":"ReadAction","target":["https:\/\/www.my-watchsite.fr\/blog\/episode-3-nouvelles-tag-heuer-monaco-tout-change-mais-rien-ne-change\/"]}]},{"@type":"BreadcrumbList","@id":"https:\/\/www.my-watchsite.fr\/blog\/episode-3-nouvelles-tag-heuer-monaco-tout-change-mais-rien-ne-change\/#breadcrumb","itemListElement":[{"@type":"ListItem","position":1,"name":"Accueil","item":"https:\/\/www.my-watchsite.fr\/blog\/"},{"@type":"ListItem","position":2,"name":"\u00c9pisode 3 : TAG Heuer Monaco, tout change mais rien ne change !"}]},{"@type":"WebSite","@id":"https:\/\/www.my-watchsite.fr\/blog\/#website","url":"https:\/\/www.my-watchsite.fr\/blog\/","name":"MyWatch FR","description":"Make Time a Lifestyle","potentialAction":[{"@type":"SearchAction","target":{"@type":"EntryPoint","urlTemplate":"https:\/\/www.my-watchsite.fr\/blog\/?s={search_term_string}"},"query-input":"required name=search_term_string"}],"inLanguage":"fr-FR"},{"@type":"Person","@id":"https:\/\/www.my-watchsite.fr\/blog\/#\/schema\/person\/d0a71aaf376997c19bcc32876032e616","name":"Chlo\u00e9 Redler","image":{"@type":"ImageObject","inLanguage":"fr-FR","@id":"https:\/\/www.my-watchsite.fr\/blog\/#\/schema\/person\/image\/","url":"https:\/\/secure.gravatar.com\/avatar\/68b11128a6aeda527d5c85fdfe99d5ab?s=96&d=mm&r=g","contentUrl":"https:\/\/secure.gravatar.com\/avatar\/68b11128a6aeda527d5c85fdfe99d5ab?s=96&d=mm&r=g","caption":"Chlo\u00e9 Redler"}}]}},"_links":{"self":[{"href":"https:\/\/www.my-watchsite.fr\/blog\/wp-json\/wp\/v2\/posts\/47986"}],"collection":[{"href":"https:\/\/www.my-watchsite.fr\/blog\/wp-json\/wp\/v2\/posts"}],"about":[{"href":"https:\/\/www.my-watchsite.fr\/blog\/wp-json\/wp\/v2\/types\/post"}],"author":[{"embeddable":true,"href":"https:\/\/www.my-watchsite.fr\/blog\/wp-json\/wp\/v2\/users\/3"}],"replies":[{"embeddable":true,"href":"https:\/\/www.my-watchsite.fr\/blog\/wp-json\/wp\/v2\/comments?post=47986"}],"version-history":[{"count":51,"href":"https:\/\/www.my-watchsite.fr\/blog\/wp-json\/wp\/v2\/posts\/47986\/revisions"}],"predecessor-version":[{"id":48232,"href":"https:\/\/www.my-watchsite.fr\/blog\/wp-json\/wp\/v2\/posts\/47986\/revisions\/48232"}],"wp:featuredmedia":[{"embeddable":true,"href":"https:\/\/www.my-watchsite.fr\/blog\/wp-json\/wp\/v2\/media\/48012"}],"wp:attachment":[{"href":"https:\/\/www.my-watchsite.fr\/blog\/wp-json\/wp\/v2\/media?parent=47986"}],"wp:term":[{"taxonomy":"category","embeddable":true,"href":"https:\/\/www.my-watchsite.fr\/blog\/wp-json\/wp\/v2\/categories?post=47986"},{"taxonomy":"post_tag","embeddable":true,"href":"https:\/\/www.my-watchsite.fr\/blog\/wp-json\/wp\/v2\/tags?post=47986"}],"curies":[{"name":"wp","href":"https:\/\/api.w.org\/{rel}","templated":true}]}}