{"id":48248,"date":"2026-05-01T15:18:50","date_gmt":"2026-05-01T13:18:50","guid":{"rendered":"https:\/\/www.my-watchsite.fr\/blog\/?p=48248"},"modified":"2026-05-01T15:22:35","modified_gmt":"2026-05-01T13:22:35","slug":"bugatti-home-dix-ans-dart-de-vivre-en-majeste","status":"publish","type":"post","link":"https:\/\/www.my-watchsite.fr\/blog\/bugatti-home-dix-ans-dart-de-vivre-en-majeste\/","title":{"rendered":"Bugatti Home, dix ans d\u2019art de vivre en majest\u00e9"},"content":{"rendered":"\n<figure class=\"wp-block-image size-full\"><img decoding=\"async\" width=\"1500\" height=\"1000\" loading=\"lazy\" src=\"https:\/\/www.my-watchsite.fr\/blog\/wp-content\/uploads\/2026\/05\/01-2603-bugatti-salone-del-mobile.jpg\" alt=\"\" class=\"wp-image-48247\" \/><\/figure>\n\n\n\n<p>\u00ab Au cours de la derni\u00e8re d\u00e9cennie, Bugatti Home s\u2019est impos\u00e9e comme une signature distinctive dans l\u2019univers des int\u00e9rieurs de luxe \u00bb, souligne Andrea Gentilini, PDG de Luxury Living Group. \u00ab Cet anniversaire c\u00e9l\u00e8bre non seulement le chemin parcouru, mais marque \u00e9galement l\u2019\u00e9volution continue d\u2019une vision o\u00f9 l\u2019artisanat, l\u2019innovation et la personnalisation sont au c\u0153ur de chaque cr\u00e9ation. \u00bb<\/p>\n\n\n\n<figure class=\"wp-block-image size-full\"><img decoding=\"async\" width=\"1500\" height=\"2250\" loading=\"lazy\" src=\"https:\/\/www.my-watchsite.fr\/blog\/wp-content\/uploads\/2026\/05\/10-2603-bugatti-salone-del-mobile.jpg\" alt=\"\" class=\"wp-image-48243\" \/><\/figure>\n\n\n\n<p><br>Pour marquer cet anniversaire, la collection Icon, lanc\u00e9e en 2016, s\u2019offre une nouvelle lecture. Certaines pi\u00e8ces embl\u00e9matiques en fibre de carbone sont ainsi r\u00e9interpr\u00e9t\u00e9es dans des finitions in\u00e9dites, bronze et bordeaux, qui enrichissent l\u2019expression de ce mat\u00e9riau indissociable de l\u2019univers Bugatti. Ces nuances, plus chaleureuses et plus profondes, renforcent la dimension technique des cr\u00e9ations tout en leur apportant une sophistication nouvelle.<\/p>\n\n\n\n<figure class=\"wp-block-image size-full\"><img decoding=\"async\" width=\"1500\" height=\"1000\" loading=\"lazy\" src=\"https:\/\/www.my-watchsite.fr\/blog\/wp-content\/uploads\/2026\/05\/04-2603-bugatti-salone-del-mobile.jpg\" alt=\"\" class=\"wp-image-48246\" \/><\/figure>\n\n\n\n<p><br>Le bureau et la chaise de bureau Ettore, issus de la collection Icon originelle, adoptent d\u00e9sormais une fibre de carbone bronze. Le fauteuil Royale, lui, se pare d\u2019une finition bordeaux intense. Dans chaque pi\u00e8ce, les structures et les surfaces semblent fusionner dans un m\u00eame mouvement, traduisant ce dialogue permanent entre innovation technologique et excellence artisanale.<br>Bugatti Home profite \u00e9galement de cette s\u00e9quence anniversaire pour d\u00e9voiler le canap\u00e9 modulaire TYPE_21.&nbsp;<\/p>\n\n\n\n<figure class=\"wp-block-image size-full\"><img decoding=\"async\" width=\"1500\" height=\"1000\" loading=\"lazy\" src=\"https:\/\/www.my-watchsite.fr\/blog\/wp-content\/uploads\/2026\/05\/03-2603-bugatti-salone-del-mobile.jpg\" alt=\"\" class=\"wp-image-48245\" \/><\/figure>\n\n\n\n<p>Pens\u00e9 comme un syst\u00e8me sur mesure, il met l\u2019accent sur la flexibilit\u00e9, le confort et l\u2019individualisation. Ses volumes g\u00e9n\u00e9reux et son architecture modulaire permettent une grande libert\u00e9 de configuration, gr\u00e2ce \u00e0 des \u00e9l\u00e9ments lin\u00e9aires, d\u2019angle et des poufs.<br>Son dossier mobile accentue encore cette adaptabilit\u00e9, en offrant plusieurs exp\u00e9riences d\u2019assise. Les coussins garnis de plumes apportent une sensation de douceur et de confort, tandis que leur caract\u00e8re repositionnable et \u00e9volutif inscrit TYPE_21 dans une logique d\u2019usage durable. Les d\u00e9tails sartoriaux, des surpiq\u00fbres r\u00e9alis\u00e9es \u00e0 la main au logo \u00ab EB \u00bb brod\u00e9, rappellent l\u2019h\u00e9ritage de la marque. Quant \u00e0 la sangle en cuir int\u00e9gr\u00e9e \u00e0 l\u2019accoudoir, elle fait subtilement \u00e9cho aux codes automobiles de Bugatti.<\/p>\n\n\n\n<figure class=\"wp-block-image size-full\"><img decoding=\"async\" width=\"1500\" height=\"1000\" loading=\"lazy\" src=\"https:\/\/www.my-watchsite.fr\/blog\/wp-content\/uploads\/2026\/05\/02-2603-bugatti-salone-del-mobile.jpg\" alt=\"\" class=\"wp-image-48242\" \/><\/figure>\n\n\n\n<p>Depuis ses d\u00e9buts, Bugatti Home a progressivement renforc\u00e9 sa pr\u00e9sence internationale, de sa premi\u00e8re boutique monomarque \u00e0 Duba\u00ef \u00e0 son arriv\u00e9e \u00e0 Paris, jusqu\u2019\u00e0 l\u2019ouverture de l\u2019Atelier Bugatti Home \u00e0 Milan. Install\u00e9 au premier \u00e9tage du Palazzo Chiesa, au 36 Corso Venezia, cet espace immersif incarne la vision Bugatti de l\u2019art de vivre. Mati\u00e8res, formes et atmosph\u00e8res s\u2019y r\u00e9pondent dans un cadre contemporain, chaleureux et intimiste.<\/p>\n\n\n\n<figure class=\"wp-block-image size-full\"><img decoding=\"async\" width=\"1500\" height=\"1000\" loading=\"lazy\" src=\"https:\/\/www.my-watchsite.fr\/blog\/wp-content\/uploads\/2026\/05\/05-2603-bugatti-salone-del-mobile.jpg\" alt=\"\" class=\"wp-image-48244\" \/><\/figure>\n\n\n\n<p><br>Pens\u00e9 comme un lieu d\u2019exp\u00e9rience, l\u2019Atelier offre aux clients un haut niveau de personnalisation, en parfaite continuit\u00e9 avec l\u2019approche Sur Mesure d\u00e9velopp\u00e9e par Bugatti pour ses hypersportives. \u00c0 l\u2019occasion de la Milan Design Week, cet \u00e9crin accueille les pi\u00e8ces r\u00e9interpr\u00e9t\u00e9es de la collection Icon ainsi que le nouveau canap\u00e9 TYPE_21. Dix ans apr\u00e8s son lancement, Bugatti Home confirme ainsi son territoire : celui d\u2019un luxe technique, \u00e9motionnel et hautement personnalis\u00e9, o\u00f9 l\u2019automobile devient une culture, et l\u2019int\u00e9rieur un prolongement naturel de la performance.<\/p>\n\n\n\n<figure class=\"wp-block-embed\"><div class=\"wp-block-embed__wrapper\">\nhttps:\/\/www.bugatti.com\/fr\/lifestyle\/bugatti-home\n<\/div><\/figure>\n","protected":false},"excerpt":{"rendered":"<p>Dix ans apr\u00e8s sa naissance, Bugatti Home c\u00e9l\u00e8bre une d\u00e9cennie d\u2019exception. En 2016, Bugatti et Luxury Living Group unissaient leurs savoir-faire autour d\u2019une ambition commune : prolonger l\u2019ADN de la marque d\u2019hypersportives au-del\u00e0 de l\u2019automobile, dans l\u2019univers de l\u2019art de vivre. Une approche fond\u00e9e sur un triptyque cher \u00e0 Bugatti \u2014 art, forme et technique \u2014 devenu depuis le fil conducteur de collections o\u00f9 artisanat, innovation et performance dialoguent avec une rare coh\u00e9rence.<\/p>\n","protected":false},"author":42,"featured_media":48247,"comment_status":"closed","ping_status":"closed","sticky":false,"template":"","format":"standard","meta":{"footnotes":""},"categories":[1],"tags":[],"acf":[],"yoast_head":"<!-- This site is optimized with the Yoast SEO plugin v20.4 - https:\/\/yoast.com\/wordpress\/plugins\/seo\/ -->\n<title>Bugatti Home, dix ans d\u2019art de vivre en majest\u00e9 - MyWatch FR<\/title>\n<meta name=\"description\" content=\"Dix ans apr\u00e8s sa naissance, Bugatti Home c\u00e9l\u00e8bre une d\u00e9cennie d\u2019exception. Fantastique, luxueux, mati\u00e8re sublime, soucis du d\u00e9tail, tout y est...\" \/>\n<meta name=\"robots\" content=\"index, follow, max-snippet:-1, max-image-preview:large, max-video-preview:-1\" \/>\n<link rel=\"canonical\" href=\"https:\/\/www.my-watchsite.fr\/blog\/bugatti-home-dix-ans-dart-de-vivre-en-majeste\/\" \/>\n<meta property=\"og:locale\" content=\"fr_FR\" \/>\n<meta property=\"og:type\" content=\"article\" \/>\n<meta property=\"og:title\" content=\"Bugatti Home, dix ans d\u2019art de vivre en majest\u00e9 - MyWatch FR\" \/>\n<meta property=\"og:description\" content=\"Dix ans apr\u00e8s sa naissance, Bugatti Home c\u00e9l\u00e8bre une d\u00e9cennie d\u2019exception. Fantastique, luxueux, mati\u00e8re sublime, soucis du d\u00e9tail, tout y est...\" \/>\n<meta property=\"og:url\" content=\"https:\/\/www.my-watchsite.fr\/blog\/bugatti-home-dix-ans-dart-de-vivre-en-majeste\/\" \/>\n<meta property=\"og:site_name\" content=\"MyWatch FR\" \/>\n<meta property=\"article:publisher\" content=\"https:\/\/www.facebook.com\/mywatchsite\/\" \/>\n<meta property=\"article:published_time\" content=\"2026-05-01T13:18:50+00:00\" \/>\n<meta property=\"article:modified_time\" content=\"2026-05-01T13:22:35+00:00\" \/>\n<meta property=\"og:image\" content=\"https:\/\/www.my-watchsite.fr\/blog\/wp-content\/uploads\/2026\/05\/01-2603-bugatti-salone-del-mobile.jpg\" \/>\n\t<meta property=\"og:image:width\" content=\"1500\" \/>\n\t<meta property=\"og:image:height\" content=\"1000\" \/>\n\t<meta property=\"og:image:type\" content=\"image\/jpeg\" \/>\n<meta name=\"author\" content=\"Jean Declerck\" \/>\n<meta name=\"twitter:card\" content=\"summary_large_image\" \/>\n<meta name=\"twitter:creator\" content=\"@mywatchsite\" \/>\n<meta name=\"twitter:site\" content=\"@mywatchsite\" \/>\n<meta name=\"twitter:label1\" content=\"\u00c9crit par\" \/>\n\t<meta name=\"twitter:data1\" content=\"Jean Declerck\" \/>\n\t<meta name=\"twitter:label2\" content=\"Dur\u00e9e de lecture estim\u00e9e\" \/>\n\t<meta name=\"twitter:data2\" content=\"4 minutes\" \/>\n<script type=\"application\/ld+json\" class=\"yoast-schema-graph\">{\"@context\":\"https:\/\/schema.org\",\"@graph\":[{\"@type\":\"WebPage\",\"@id\":\"https:\/\/www.my-watchsite.fr\/blog\/bugatti-home-dix-ans-dart-de-vivre-en-majeste\/\",\"url\":\"https:\/\/www.my-watchsite.fr\/blog\/bugatti-home-dix-ans-dart-de-vivre-en-majeste\/\",\"name\":\"Bugatti Home, dix ans d\u2019art de vivre en majest\u00e9 - MyWatch FR\",\"isPartOf\":{\"@id\":\"https:\/\/www.my-watchsite.fr\/blog\/#website\"},\"datePublished\":\"2026-05-01T13:18:50+00:00\",\"dateModified\":\"2026-05-01T13:22:35+00:00\",\"author\":{\"@id\":\"https:\/\/www.my-watchsite.fr\/blog\/#\/schema\/person\/7c7d680ca49409ebab1b4cffaec65754\"},\"description\":\"Dix ans apr\u00e8s sa naissance, Bugatti Home c\u00e9l\u00e8bre une d\u00e9cennie d\u2019exception. Fantastique, luxueux, mati\u00e8re sublime, soucis du d\u00e9tail, tout y est...\",\"breadcrumb\":{\"@id\":\"https:\/\/www.my-watchsite.fr\/blog\/bugatti-home-dix-ans-dart-de-vivre-en-majeste\/#breadcrumb\"},\"inLanguage\":\"fr-FR\",\"potentialAction\":[{\"@type\":\"ReadAction\",\"target\":[\"https:\/\/www.my-watchsite.fr\/blog\/bugatti-home-dix-ans-dart-de-vivre-en-majeste\/\"]}]},{\"@type\":\"BreadcrumbList\",\"@id\":\"https:\/\/www.my-watchsite.fr\/blog\/bugatti-home-dix-ans-dart-de-vivre-en-majeste\/#breadcrumb\",\"itemListElement\":[{\"@type\":\"ListItem\",\"position\":1,\"name\":\"Accueil\",\"item\":\"https:\/\/www.my-watchsite.fr\/blog\/\"},{\"@type\":\"ListItem\",\"position\":2,\"name\":\"Bugatti Home, dix ans d\u2019art de vivre en majest\u00e9\"}]},{\"@type\":\"WebSite\",\"@id\":\"https:\/\/www.my-watchsite.fr\/blog\/#website\",\"url\":\"https:\/\/www.my-watchsite.fr\/blog\/\",\"name\":\"MyWatch FR\",\"description\":\"Make Time a Lifestyle\",\"potentialAction\":[{\"@type\":\"SearchAction\",\"target\":{\"@type\":\"EntryPoint\",\"urlTemplate\":\"https:\/\/www.my-watchsite.fr\/blog\/?s={search_term_string}\"},\"query-input\":\"required name=search_term_string\"}],\"inLanguage\":\"fr-FR\"},{\"@type\":\"Person\",\"@id\":\"https:\/\/www.my-watchsite.fr\/blog\/#\/schema\/person\/7c7d680ca49409ebab1b4cffaec65754\",\"name\":\"Jean Declerck\",\"image\":{\"@type\":\"ImageObject\",\"inLanguage\":\"fr-FR\",\"@id\":\"https:\/\/www.my-watchsite.fr\/blog\/#\/schema\/person\/image\/\",\"url\":\"https:\/\/secure.gravatar.com\/avatar\/1352ccbe445129e54453456f3239ebad?s=96&d=mm&r=g\",\"contentUrl\":\"https:\/\/secure.gravatar.com\/avatar\/1352ccbe445129e54453456f3239ebad?s=96&d=mm&r=g\",\"caption\":\"Jean Declerck\"}}]}<\/script>\n<!-- \/ Yoast SEO plugin. -->","yoast_head_json":{"title":"Bugatti Home, dix ans d\u2019art de vivre en majest\u00e9 - MyWatch FR","description":"Dix ans apr\u00e8s sa naissance, Bugatti Home c\u00e9l\u00e8bre une d\u00e9cennie d\u2019exception. Fantastique, luxueux, mati\u00e8re sublime, soucis du d\u00e9tail, tout y est...","robots":{"index":"index","follow":"follow","max-snippet":"max-snippet:-1","max-image-preview":"max-image-preview:large","max-video-preview":"max-video-preview:-1"},"canonical":"https:\/\/www.my-watchsite.fr\/blog\/bugatti-home-dix-ans-dart-de-vivre-en-majeste\/","og_locale":"fr_FR","og_type":"article","og_title":"Bugatti Home, dix ans d\u2019art de vivre en majest\u00e9 - MyWatch FR","og_description":"Dix ans apr\u00e8s sa naissance, Bugatti Home c\u00e9l\u00e8bre une d\u00e9cennie d\u2019exception. Fantastique, luxueux, mati\u00e8re sublime, soucis du d\u00e9tail, tout y est...","og_url":"https:\/\/www.my-watchsite.fr\/blog\/bugatti-home-dix-ans-dart-de-vivre-en-majeste\/","og_site_name":"MyWatch FR","article_publisher":"https:\/\/www.facebook.com\/mywatchsite\/","article_published_time":"2026-05-01T13:18:50+00:00","article_modified_time":"2026-05-01T13:22:35+00:00","og_image":[{"width":1500,"height":1000,"url":"https:\/\/www.my-watchsite.fr\/blog\/wp-content\/uploads\/2026\/05\/01-2603-bugatti-salone-del-mobile.jpg","type":"image\/jpeg"}],"author":"Jean Declerck","twitter_card":"summary_large_image","twitter_creator":"@mywatchsite","twitter_site":"@mywatchsite","twitter_misc":{"\u00c9crit par":"Jean Declerck","Dur\u00e9e de lecture estim\u00e9e":"4 minutes"},"schema":{"@context":"https:\/\/schema.org","@graph":[{"@type":"WebPage","@id":"https:\/\/www.my-watchsite.fr\/blog\/bugatti-home-dix-ans-dart-de-vivre-en-majeste\/","url":"https:\/\/www.my-watchsite.fr\/blog\/bugatti-home-dix-ans-dart-de-vivre-en-majeste\/","name":"Bugatti Home, dix ans d\u2019art de vivre en majest\u00e9 - MyWatch FR","isPartOf":{"@id":"https:\/\/www.my-watchsite.fr\/blog\/#website"},"datePublished":"2026-05-01T13:18:50+00:00","dateModified":"2026-05-01T13:22:35+00:00","author":{"@id":"https:\/\/www.my-watchsite.fr\/blog\/#\/schema\/person\/7c7d680ca49409ebab1b4cffaec65754"},"description":"Dix ans apr\u00e8s sa naissance, Bugatti Home c\u00e9l\u00e8bre une d\u00e9cennie d\u2019exception. Fantastique, luxueux, mati\u00e8re sublime, soucis du d\u00e9tail, tout y est...","breadcrumb":{"@id":"https:\/\/www.my-watchsite.fr\/blog\/bugatti-home-dix-ans-dart-de-vivre-en-majeste\/#breadcrumb"},"inLanguage":"fr-FR","potentialAction":[{"@type":"ReadAction","target":["https:\/\/www.my-watchsite.fr\/blog\/bugatti-home-dix-ans-dart-de-vivre-en-majeste\/"]}]},{"@type":"BreadcrumbList","@id":"https:\/\/www.my-watchsite.fr\/blog\/bugatti-home-dix-ans-dart-de-vivre-en-majeste\/#breadcrumb","itemListElement":[{"@type":"ListItem","position":1,"name":"Accueil","item":"https:\/\/www.my-watchsite.fr\/blog\/"},{"@type":"ListItem","position":2,"name":"Bugatti Home, dix ans d\u2019art de vivre en majest\u00e9"}]},{"@type":"WebSite","@id":"https:\/\/www.my-watchsite.fr\/blog\/#website","url":"https:\/\/www.my-watchsite.fr\/blog\/","name":"MyWatch FR","description":"Make Time a Lifestyle","potentialAction":[{"@type":"SearchAction","target":{"@type":"EntryPoint","urlTemplate":"https:\/\/www.my-watchsite.fr\/blog\/?s={search_term_string}"},"query-input":"required name=search_term_string"}],"inLanguage":"fr-FR"},{"@type":"Person","@id":"https:\/\/www.my-watchsite.fr\/blog\/#\/schema\/person\/7c7d680ca49409ebab1b4cffaec65754","name":"Jean Declerck","image":{"@type":"ImageObject","inLanguage":"fr-FR","@id":"https:\/\/www.my-watchsite.fr\/blog\/#\/schema\/person\/image\/","url":"https:\/\/secure.gravatar.com\/avatar\/1352ccbe445129e54453456f3239ebad?s=96&d=mm&r=g","contentUrl":"https:\/\/secure.gravatar.com\/avatar\/1352ccbe445129e54453456f3239ebad?s=96&d=mm&r=g","caption":"Jean Declerck"}}]}},"_links":{"self":[{"href":"https:\/\/www.my-watchsite.fr\/blog\/wp-json\/wp\/v2\/posts\/48248"}],"collection":[{"href":"https:\/\/www.my-watchsite.fr\/blog\/wp-json\/wp\/v2\/posts"}],"about":[{"href":"https:\/\/www.my-watchsite.fr\/blog\/wp-json\/wp\/v2\/types\/post"}],"author":[{"embeddable":true,"href":"https:\/\/www.my-watchsite.fr\/blog\/wp-json\/wp\/v2\/users\/42"}],"replies":[{"embeddable":true,"href":"https:\/\/www.my-watchsite.fr\/blog\/wp-json\/wp\/v2\/comments?post=48248"}],"version-history":[{"count":4,"href":"https:\/\/www.my-watchsite.fr\/blog\/wp-json\/wp\/v2\/posts\/48248\/revisions"}],"predecessor-version":[{"id":48252,"href":"https:\/\/www.my-watchsite.fr\/blog\/wp-json\/wp\/v2\/posts\/48248\/revisions\/48252"}],"wp:featuredmedia":[{"embeddable":true,"href":"https:\/\/www.my-watchsite.fr\/blog\/wp-json\/wp\/v2\/media\/48247"}],"wp:attachment":[{"href":"https:\/\/www.my-watchsite.fr\/blog\/wp-json\/wp\/v2\/media?parent=48248"}],"wp:term":[{"taxonomy":"category","embeddable":true,"href":"https:\/\/www.my-watchsite.fr\/blog\/wp-json\/wp\/v2\/categories?post=48248"},{"taxonomy":"post_tag","embeddable":true,"href":"https:\/\/www.my-watchsite.fr\/blog\/wp-json\/wp\/v2\/tags?post=48248"}],"curies":[{"name":"wp","href":"https:\/\/api.w.org\/{rel}","templated":true}]}}