{"id":485,"date":"2011-06-22T00:00:00","date_gmt":"2011-06-21T22:00:00","guid":{"rendered":"https:\/\/www.my-watchsite.fr\/blog\/blog\/bell-and-ross-ouvre-sa-premiere-boutique-a-paris-n150\/"},"modified":"2011-06-22T00:00:00","modified_gmt":"2011-06-21T22:00:00","slug":"bell-and-ross-ouvre-sa-premiere-boutique-a-paris-n150","status":"publish","type":"post","link":"https:\/\/www.my-watchsite.fr\/blog\/bell-and-ross-ouvre-sa-premiere-boutique-a-paris-n150\/","title":{"rendered":"Bell &#038; Ross ouvre sa premi\u00e8re boutique \u00e0 Paris"},"content":{"rendered":"<div>\u00ab La France est un march\u00e9 tr\u00e8s dynamique avec une client\u00e8le raffin\u00e9e et exigeante. Cette ouverture tr\u00e8s attendue \u00e0 Paris va nous permettre d\u2019offrir aux collectionneurs une plus large s\u00e9lection de montres, un cadre conforme aux codes esth\u00e9tiques de la marque, et un service sur-mesure \u00bb, affirme Carlos Rosillo, Pr\u00e9sident de Bell &amp; Ross.<\/div>\n<div><\/div>\n<div>C\u2019est au c\u0153ur du quartier de la Madeleine, au Village Royal que la Marque s\u2019est \u00e9tablie. Un lieu prestigieux et raffin\u00e9 o\u00f9 l\u2019histoire est omnipr\u00e9sente derri\u00e8re les luxueuses enseignes. Un lieu hors du temps \u2026 un comble pour un horloger\u2026 <\/div>\n<div><\/div>\n<div>La Boutique Parisienne de Bell &amp; Ross refl\u00e8te parfaitement l\u2019identit\u00e9 et les principes qui caract\u00e9risent les montres Bell &amp; Ross : des lignes pures, et une \u00e9l\u00e9gance intemporelle.<\/div>\n<div><\/div>\n<div>Des vitrines noires laqu\u00e9es associ\u00e9es \u00e0 des panneaux de bois Wenge donnent le ton, une ambiance moderne et \u00e0 la fois intime, un esprit Lounge propice \u00e0 la d\u00e9tente et \u00e0 la d\u00e9couverte.<\/div>\n<div><\/div>\n<div>Les clients sont invit\u00e9s \u00e0 s\u2019installer dans de confortables fauteuils en cuir, pour y d\u00e9couvrir toute la collection Bell &amp; Ross \u00e0 travers la totalit\u00e9 de ses lignes AVIATION, MARINE, VINTAGE, et bien entendu les mod\u00e8les d\u2019exception la collection BR01 Tourbillon.<\/div>\n<div><\/div>\n<div>Les collectionneurs et amateurs de Bell &amp; Ross y trouveront \u00e9galement \u00e0 l\u2019avenir des pi\u00e8ces exclusives.<\/div>\n<div><\/div>\n<div>Cette nouvelle ouverture est <strong>une<\/strong><strong> \u00e9tape strat\u00e9gique dans l&rsquo;histoire de la marque<\/strong>, elle confirme sa dynamique de croissance internationale.<\/div>\n<div><\/div>\n<div><strong>Boutique Bell &amp; Ross :<\/strong> Le Village Royal 25, rue Royale 75008 Paris <\/div>\n<ul>\n<li><img decoding=\"async\" src=\"https:\/\/www.my-watchsite.fr\/blog\/wp-content\/uploads\/2020\/08\/150_297.jpg\" alt=\"La premi\u00e8re boutique parisienne de Bell &amp; Ross est situ\u00e9e Rue Royale.\" \/><\/li>\n<li><img decoding=\"async\" src=\"https:\/\/www.my-watchsite.fr\/blog\/wp-content\/uploads\/2020\/08\/150_298.jpg\" alt=\"Lignes pures et \u00e9l\u00e9gance intemporelle \u00e0 l'int\u00e9rieur de la boutique parisienne de Bell &amp; Ross. \" \/><\/li>\n<li><img decoding=\"async\" src=\"https:\/\/www.my-watchsite.fr\/blog\/wp-content\/uploads\/2020\/08\/150_299.jpg\" alt=\"Un esprit lounge propice \u00e0 la d\u00e9tente\u2026\" \/><\/li>\n<\/ul>\n","protected":false},"excerpt":{"rendered":"<p>\u00ab La France est un march\u00e9 tr\u00e8s dynamique avec une client\u00e8le raffin\u00e9e et exigeante. Cette ouverture tr\u00e8s attendue \u00e0 Paris va nous permettre d\u2019offrir aux collectionneurs une plus large s\u00e9lection de montres, un cadre conforme aux codes esth\u00e9tiques de la marque, et un service sur-mesure \u00bb, affirme Carlos Rosillo, Pr\u00e9sident de Bell &amp; Ross. C\u2019est [&hellip;]<\/p>\n","protected":false},"author":1,"featured_media":486,"comment_status":"closed","ping_status":"closed","sticky":false,"template":"","format":"standard","meta":{"footnotes":""},"categories":[2],"tags":[48],"acf":[],"yoast_head":"<!-- This site is optimized with the Yoast SEO plugin v20.4 - https:\/\/yoast.com\/wordpress\/plugins\/seo\/ -->\n<title>Bell &amp; Ross ouvre sa premi\u00e8re boutique \u00e0 Paris - MyWatch FR<\/title>\n<meta name=\"robots\" content=\"index, follow, max-snippet:-1, max-image-preview:large, max-video-preview:-1\" \/>\n<link rel=\"canonical\" href=\"https:\/\/www.my-watchsite.fr\/blog\/bell-and-ross-ouvre-sa-premiere-boutique-a-paris-n150\/\" \/>\n<meta property=\"og:locale\" content=\"fr_FR\" \/>\n<meta property=\"og:type\" content=\"article\" \/>\n<meta property=\"og:title\" content=\"Bell &amp; Ross ouvre sa premi\u00e8re boutique \u00e0 Paris - MyWatch FR\" \/>\n<meta property=\"og:description\" content=\"\u00ab La France est un march\u00e9 tr\u00e8s dynamique avec une client\u00e8le raffin\u00e9e et exigeante. Cette ouverture tr\u00e8s attendue \u00e0 Paris va nous permettre d\u2019offrir aux collectionneurs une plus large s\u00e9lection de montres, un cadre conforme aux codes esth\u00e9tiques de la marque, et un service sur-mesure \u00bb, affirme Carlos Rosillo, Pr\u00e9sident de Bell &amp; Ross. C\u2019est [&hellip;]\" \/>\n<meta property=\"og:url\" content=\"https:\/\/www.my-watchsite.fr\/blog\/bell-and-ross-ouvre-sa-premiere-boutique-a-paris-n150\/\" \/>\n<meta property=\"og:site_name\" content=\"MyWatch FR\" \/>\n<meta property=\"article:publisher\" content=\"https:\/\/www.facebook.com\/mywatchsite\/\" \/>\n<meta property=\"article:published_time\" content=\"2011-06-21T22:00:00+00:00\" \/>\n<meta property=\"og:image\" content=\"https:\/\/www.my-watchsite.fr\/blog\/wp-content\/uploads\/2020\/08\/150_297.jpg\" \/>\n\t<meta property=\"og:image:width\" content=\"450\" \/>\n\t<meta property=\"og:image:height\" content=\"374\" \/>\n\t<meta property=\"og:image:type\" content=\"image\/jpeg\" \/>\n<meta name=\"author\" content=\"MyWatch\" \/>\n<meta name=\"twitter:card\" content=\"summary_large_image\" \/>\n<meta name=\"twitter:creator\" content=\"@mywatchsite\" \/>\n<meta name=\"twitter:site\" content=\"@mywatchsite\" \/>\n<meta name=\"twitter:label1\" content=\"\u00c9crit par\" \/>\n\t<meta name=\"twitter:data1\" content=\"MyWatch\" \/>\n\t<meta name=\"twitter:label2\" content=\"Dur\u00e9e de lecture estim\u00e9e\" \/>\n\t<meta name=\"twitter:data2\" content=\"1 minute\" \/>\n<script type=\"application\/ld+json\" class=\"yoast-schema-graph\">{\"@context\":\"https:\/\/schema.org\",\"@graph\":[{\"@type\":\"WebPage\",\"@id\":\"https:\/\/www.my-watchsite.fr\/blog\/bell-and-ross-ouvre-sa-premiere-boutique-a-paris-n150\/\",\"url\":\"https:\/\/www.my-watchsite.fr\/blog\/bell-and-ross-ouvre-sa-premiere-boutique-a-paris-n150\/\",\"name\":\"Bell & Ross ouvre sa premi\u00e8re boutique \u00e0 Paris - MyWatch FR\",\"isPartOf\":{\"@id\":\"https:\/\/www.my-watchsite.fr\/blog\/#website\"},\"datePublished\":\"2011-06-21T22:00:00+00:00\",\"dateModified\":\"2011-06-21T22:00:00+00:00\",\"author\":{\"@id\":\"https:\/\/www.my-watchsite.fr\/blog\/#\/schema\/person\/67e19b3e3d014465042ff1be1c9fcf44\"},\"breadcrumb\":{\"@id\":\"https:\/\/www.my-watchsite.fr\/blog\/bell-and-ross-ouvre-sa-premiere-boutique-a-paris-n150\/#breadcrumb\"},\"inLanguage\":\"fr-FR\",\"potentialAction\":[{\"@type\":\"ReadAction\",\"target\":[\"https:\/\/www.my-watchsite.fr\/blog\/bell-and-ross-ouvre-sa-premiere-boutique-a-paris-n150\/\"]}]},{\"@type\":\"BreadcrumbList\",\"@id\":\"https:\/\/www.my-watchsite.fr\/blog\/bell-and-ross-ouvre-sa-premiere-boutique-a-paris-n150\/#breadcrumb\",\"itemListElement\":[{\"@type\":\"ListItem\",\"position\":1,\"name\":\"Accueil\",\"item\":\"https:\/\/www.my-watchsite.fr\/blog\/\"},{\"@type\":\"ListItem\",\"position\":2,\"name\":\"Bell &#038; Ross ouvre sa premi\u00e8re boutique \u00e0 Paris\"}]},{\"@type\":\"WebSite\",\"@id\":\"https:\/\/www.my-watchsite.fr\/blog\/#website\",\"url\":\"https:\/\/www.my-watchsite.fr\/blog\/\",\"name\":\"MyWatch FR\",\"description\":\"Make Time a Lifestyle\",\"potentialAction\":[{\"@type\":\"SearchAction\",\"target\":{\"@type\":\"EntryPoint\",\"urlTemplate\":\"https:\/\/www.my-watchsite.fr\/blog\/?s={search_term_string}\"},\"query-input\":\"required name=search_term_string\"}],\"inLanguage\":\"fr-FR\"},{\"@type\":\"Person\",\"@id\":\"https:\/\/www.my-watchsite.fr\/blog\/#\/schema\/person\/67e19b3e3d014465042ff1be1c9fcf44\",\"name\":\"MyWatch\",\"image\":{\"@type\":\"ImageObject\",\"inLanguage\":\"fr-FR\",\"@id\":\"https:\/\/www.my-watchsite.fr\/blog\/#\/schema\/person\/image\/\",\"url\":\"https:\/\/secure.gravatar.com\/avatar\/e52d1e94806c54826c863f554ca1dd2a?s=96&d=mm&r=g\",\"contentUrl\":\"https:\/\/secure.gravatar.com\/avatar\/e52d1e94806c54826c863f554ca1dd2a?s=96&d=mm&r=g\",\"caption\":\"MyWatch\"},\"sameAs\":[\"https:\/\/www.my-watchsite.fr\/blog\"]}]}<\/script>\n<!-- \/ Yoast SEO plugin. -->","yoast_head_json":{"title":"Bell & Ross ouvre sa premi\u00e8re boutique \u00e0 Paris - MyWatch FR","robots":{"index":"index","follow":"follow","max-snippet":"max-snippet:-1","max-image-preview":"max-image-preview:large","max-video-preview":"max-video-preview:-1"},"canonical":"https:\/\/www.my-watchsite.fr\/blog\/bell-and-ross-ouvre-sa-premiere-boutique-a-paris-n150\/","og_locale":"fr_FR","og_type":"article","og_title":"Bell & Ross ouvre sa premi\u00e8re boutique \u00e0 Paris - MyWatch FR","og_description":"\u00ab La France est un march\u00e9 tr\u00e8s dynamique avec une client\u00e8le raffin\u00e9e et exigeante. Cette ouverture tr\u00e8s attendue \u00e0 Paris va nous permettre d\u2019offrir aux collectionneurs une plus large s\u00e9lection de montres, un cadre conforme aux codes esth\u00e9tiques de la marque, et un service sur-mesure \u00bb, affirme Carlos Rosillo, Pr\u00e9sident de Bell &amp; Ross. C\u2019est [&hellip;]","og_url":"https:\/\/www.my-watchsite.fr\/blog\/bell-and-ross-ouvre-sa-premiere-boutique-a-paris-n150\/","og_site_name":"MyWatch FR","article_publisher":"https:\/\/www.facebook.com\/mywatchsite\/","article_published_time":"2011-06-21T22:00:00+00:00","og_image":[{"width":450,"height":374,"url":"https:\/\/www.my-watchsite.fr\/blog\/wp-content\/uploads\/2020\/08\/150_297.jpg","type":"image\/jpeg"}],"author":"MyWatch","twitter_card":"summary_large_image","twitter_creator":"@mywatchsite","twitter_site":"@mywatchsite","twitter_misc":{"\u00c9crit par":"MyWatch","Dur\u00e9e de lecture estim\u00e9e":"1 minute"},"schema":{"@context":"https:\/\/schema.org","@graph":[{"@type":"WebPage","@id":"https:\/\/www.my-watchsite.fr\/blog\/bell-and-ross-ouvre-sa-premiere-boutique-a-paris-n150\/","url":"https:\/\/www.my-watchsite.fr\/blog\/bell-and-ross-ouvre-sa-premiere-boutique-a-paris-n150\/","name":"Bell & Ross ouvre sa premi\u00e8re boutique \u00e0 Paris - MyWatch FR","isPartOf":{"@id":"https:\/\/www.my-watchsite.fr\/blog\/#website"},"datePublished":"2011-06-21T22:00:00+00:00","dateModified":"2011-06-21T22:00:00+00:00","author":{"@id":"https:\/\/www.my-watchsite.fr\/blog\/#\/schema\/person\/67e19b3e3d014465042ff1be1c9fcf44"},"breadcrumb":{"@id":"https:\/\/www.my-watchsite.fr\/blog\/bell-and-ross-ouvre-sa-premiere-boutique-a-paris-n150\/#breadcrumb"},"inLanguage":"fr-FR","potentialAction":[{"@type":"ReadAction","target":["https:\/\/www.my-watchsite.fr\/blog\/bell-and-ross-ouvre-sa-premiere-boutique-a-paris-n150\/"]}]},{"@type":"BreadcrumbList","@id":"https:\/\/www.my-watchsite.fr\/blog\/bell-and-ross-ouvre-sa-premiere-boutique-a-paris-n150\/#breadcrumb","itemListElement":[{"@type":"ListItem","position":1,"name":"Accueil","item":"https:\/\/www.my-watchsite.fr\/blog\/"},{"@type":"ListItem","position":2,"name":"Bell &#038; Ross ouvre sa premi\u00e8re boutique \u00e0 Paris"}]},{"@type":"WebSite","@id":"https:\/\/www.my-watchsite.fr\/blog\/#website","url":"https:\/\/www.my-watchsite.fr\/blog\/","name":"MyWatch FR","description":"Make Time a Lifestyle","potentialAction":[{"@type":"SearchAction","target":{"@type":"EntryPoint","urlTemplate":"https:\/\/www.my-watchsite.fr\/blog\/?s={search_term_string}"},"query-input":"required name=search_term_string"}],"inLanguage":"fr-FR"},{"@type":"Person","@id":"https:\/\/www.my-watchsite.fr\/blog\/#\/schema\/person\/67e19b3e3d014465042ff1be1c9fcf44","name":"MyWatch","image":{"@type":"ImageObject","inLanguage":"fr-FR","@id":"https:\/\/www.my-watchsite.fr\/blog\/#\/schema\/person\/image\/","url":"https:\/\/secure.gravatar.com\/avatar\/e52d1e94806c54826c863f554ca1dd2a?s=96&d=mm&r=g","contentUrl":"https:\/\/secure.gravatar.com\/avatar\/e52d1e94806c54826c863f554ca1dd2a?s=96&d=mm&r=g","caption":"MyWatch"},"sameAs":["https:\/\/www.my-watchsite.fr\/blog"]}]}},"_links":{"self":[{"href":"https:\/\/www.my-watchsite.fr\/blog\/wp-json\/wp\/v2\/posts\/485"}],"collection":[{"href":"https:\/\/www.my-watchsite.fr\/blog\/wp-json\/wp\/v2\/posts"}],"about":[{"href":"https:\/\/www.my-watchsite.fr\/blog\/wp-json\/wp\/v2\/types\/post"}],"author":[{"embeddable":true,"href":"https:\/\/www.my-watchsite.fr\/blog\/wp-json\/wp\/v2\/users\/1"}],"replies":[{"embeddable":true,"href":"https:\/\/www.my-watchsite.fr\/blog\/wp-json\/wp\/v2\/comments?post=485"}],"version-history":[{"count":0,"href":"https:\/\/www.my-watchsite.fr\/blog\/wp-json\/wp\/v2\/posts\/485\/revisions"}],"wp:featuredmedia":[{"embeddable":true,"href":"https:\/\/www.my-watchsite.fr\/blog\/wp-json\/wp\/v2\/media\/486"}],"wp:attachment":[{"href":"https:\/\/www.my-watchsite.fr\/blog\/wp-json\/wp\/v2\/media?parent=485"}],"wp:term":[{"taxonomy":"category","embeddable":true,"href":"https:\/\/www.my-watchsite.fr\/blog\/wp-json\/wp\/v2\/categories?post=485"},{"taxonomy":"post_tag","embeddable":true,"href":"https:\/\/www.my-watchsite.fr\/blog\/wp-json\/wp\/v2\/tags?post=485"}],"curies":[{"name":"wp","href":"https:\/\/api.w.org\/{rel}","templated":true}]}}