{"id":5030,"date":"2016-10-24T12:20:46","date_gmt":"2016-10-24T10:20:46","guid":{"rendered":"https:\/\/www.my-watchsite.fr\/blog\/blog\/la-collection-cartier-exposee-au-musee-national-des-arts-asiatiques-guimet-n2015\/"},"modified":"2021-07-01T15:51:18","modified_gmt":"2021-07-01T13:51:18","slug":"la-collection-cartier-jade-des-empereurs-a-lart-deco-n2015","status":"publish","type":"post","link":"https:\/\/www.my-watchsite.fr\/blog\/la-collection-cartier-jade-des-empereurs-a-lart-deco-n2015\/","title":{"rendered":"La Collection Cartier expos\u00e9e au Mus\u00e9e national des arts asiatiques &#8211; Guimet"},"content":{"rendered":"<p><strong>Jusqu&rsquo;au 16 janvier 2017, le Mus\u00e9e national des arts asiatiques &#8211; Guimet \u00e0 Paris pr\u00e9sente l\u2019exposition \u00ab\u00a0Jade, des empereurs \u00e0 l\u2019Art d\u00e9co\u00a0\u00bb. Une exposition d\u2019envergure internationale, pour laquelle de prestigieuses institutions ont \u00e9t\u00e9 sollicit\u00e9es : le Mus\u00e9e national du Palais de Taipei, principal pr\u00eateur, le Mus\u00e9e du Ch\u00e2teau de Fontainebleau, le Mus\u00e9e du Louvre, le Mus\u00e9e des Arts d\u00e9coratifs, la Biblioth\u00e8que nationale de France ou encore le Museum d\u2019Histoire Naturelle. Cartier r\u00e9v\u00e8le une s\u00e9lection de 26 cr\u00e9ations en jade issues de la Collection Cartier, ainsi que 6 dessins d\u2019archives. Tous ensemble, les pi\u00e8ces et objets pr\u00e9cieux r\u00e9sonnent de multiples correspondances.<\/strong><\/p>\n<p><img decoding=\"async\" src=\"https:\/\/www.my-watchsite.fr\/blog\/wp-content\/uploads\/2020\/08\/collectioncartierjademuseeguimet2.jpg\" alt=\"Pendule Carpes \u00e0 aiguille r\u00e9trograde, Cartier Paris, 1925 - Nick Welsh, Collection Cartier \u00a9 Cartier\" \/><\/p>\n<p>Aux XIXe et XXe si\u00e8cles, et notamment durant la p\u00e9riode Art d\u00e9co, les objets exotiques en provenance de Chine ou du Japon, orn\u00e9s de d\u00e9cors fantaisistes, fa\u00e7onn\u00e9s dans divers mat\u00e9riaux et souvent en jade, provoquent un fort int\u00e9r\u00eat pour l\u2019Asie et in\ufb02uencent les arts graphiques europ\u00e9ens. Cartier n\u2019\u00e9chappe pas \u00e0 cet engouement et l\u2019on trouve trace de l\u2019usage du jade d\u00e8s la \ufb01n du XIXe si\u00e8cle dans l\u2019un des registres de stock conserv\u00e9 dans ses archives qui recense un \u00ab\u00a0\ufb02acon jade, monture or, bouchon \u00e9mail rose\u00a0\u00bb dat\u00e9 de 1898.<\/p>\n<h3><strong>Les appr\u00eats<\/strong><\/h3>\n<p>Mati\u00e8res, motifs, bestiaires et divinit\u00e9s h\u00e9rit\u00e9s de Chine captivent Cartier qui les utilise moins pour reproduire \u00e0 la fran\u00e7aise un art chinois en vogue que pour leur beaut\u00e9 intrins\u00e8que. Le jade appara\u00eet souvent sous forme d\u2019appr\u00eats, ces fragments de bijoux ou d\u2019\u00e9l\u00e9ments antiques achet\u00e9s aupr\u00e8s de marchands sp\u00e9cialis\u00e9s dans les arts d\u2019Orient et d\u2019Extr\u00eame-Orient. Dans ces stocks on pouvait retrouver des plaques, des boucles de ceinture, des \ufb02acons, des \u00e9pingles \u00e0 cheveux ou des petites \ufb01gurines animales. Ces objets de jade, grav\u00e9s, sculpt\u00e9s, fragmentaires ou non, de plus ou moins grande taille, et caract\u00e9ristiques de la culture chinoise, nourrissent l\u2019inspiration des dessinateurs de la Maison qui imaginent autour d\u2019eux de nouvelles cr\u00e9ations.<\/p>\n<h3><strong>Une symbolique r\u00e9appropri\u00e9e<\/strong><\/h3>\n<p>Cartier int\u00e8gre ce tr\u00e9sor asiatique \u00e0 ses cr\u00e9ations et pioche dans l\u2019\u00e9ventail de formes fabuleuses dont la Chine lui fournit le symbolisme. Choisi pour la beaut\u00e9 de sa mati\u00e8re, le jade porte avec lui la richesse de ses l\u00e9gendes et de ses mythes : \ufb02acons miniatures, par\u00e9s de d\u00e9tails sophistiqu\u00e9s et pr\u00e9cieux ou dragon bienveillant qui, pour le joaillier, prend la pose sur une broche dans un tendre face-\u00e0-face m\u00e8re-enfant. Cartier utilise la gemme mill\u00e9naire dans l\u2019un de ses registres cr\u00e9atifs embl\u00e9matiques : les pendules myst\u00e9rieuses qui lui permettent d\u2019associer ce champ d\u2019expression horloger \u00e0 l\u2019univers fantasmagorique venu de Chine.<\/p>\n<p>Apparues en 1912 rue de la Paix, ces prodiges horlogers n\u2019\u00e9chappent pas \u00e0 ce qui fait l\u2019air du temps. Entre 1922 et 1931, le joaillier-horloger con\u00e7oit une s\u00e9rie de quatorze pendules \u00e0 animaux ou \ufb01gurines dont quatre font partie aujourd\u2019hui de la Collection Cartier. Trois d\u2019entre elles sont aujourd\u2019hui expos\u00e9es : la pendule Carpes, la pendule El\u00e9phant, et la pendule divinit\u00e9.<\/p>\n<p><img decoding=\"async\" src=\"https:\/\/www.my-watchsite.fr\/blog\/wp-content\/uploads\/2020\/08\/collectioncartierjademuseeguimet5.jpg\" alt=\"Pendule myst\u00e9rieuse avec divinit\u00e9, sonnerie au passage, Cartier Paris, 1931 - Marian G\u00e9rard, Collection Cartier \u00a9 Cartier\" \/><\/p>\n<p><img decoding=\"async\" src=\"https:\/\/www.my-watchsite.fr\/blog\/wp-content\/uploads\/2020\/08\/collectioncartierjademuseeguimet6.jpg\" alt=\"Pendule myst\u00e9rieuse El\u00e9phant, Cartier Paris, 1928 - Nick Welsh, Collection Cartier \u00a9 Cartier\" \/><\/p>\n<h3><strong>Compositions chromatiques <\/strong><\/h3>\n<p>Le jade devient pour Cartier pr\u00e9texte \u00e0 explorer d\u2019\u00e9clatants jeux de couleurs vers lesquels la Maison s\u2019aventure d\u00e8s la premi\u00e8re d\u00e9cennie du XXe si\u00e8cle. La gemme \ufb01gure en effet parmi les mat\u00e9riaux de pr\u00e9dilection que le joaillier marie notamment au corail, \u00e0 la laque rouge ou encore au rubis. En 1934, Barbara Hutton con\ufb01e \u00e0 Cartier un collier de 27 boules de jad\u00e9ite, toutes issues d\u2019un m\u00eame bloc, d\u2019un vert intense et d\u2019une qualit\u00e9 exceptionnelle, pour que soit r\u00e9alis\u00e9 un fermoir en rubis et diamants. L\u2019association chromatique est puissante, d\u2019une grande \u00e9l\u00e9gance et se retrouve tout autant sur une montre-broche cachet que sur une paire de pendants d\u2019oreilles dont le motif central en laque rouge n\u2019est autre que la version simpli\ufb01\u00e9e du symbole shou, \u00ab\u00a0longue vie\u00a0\u00bb.<\/p>\n<p>D\u2019une blancheur laiteuse parfois diaphane, le jade n\u00e9phrite pr\u00eate sa d\u00e9licatesse \u00e0 de d\u00e9licats objets du quotidien : coupe-papier, cendrier \u00e0 motif de \ufb02eur, ou, cr\u00e9ation plus \u00e9tonnante, briquet \u00ab\u00a0main de bouddha\u00a0\u00bb. En plaque grav\u00e9e de feuillage et d\u2019animaux, il sert \u00e0 la r\u00e9alisation de n\u00e9cessaires bord\u00e9s de corail, d\u2019\u00e9mail noir et de diamants. Sa mati\u00e8re translucide se pr\u00eate \u00e0 merveille \u00e0 la r\u00e9alisation de pendules \u00ab\u00a0\u00c9cran\u00a0\u00bb, sur lesquelles, selon les variations de la lumi\u00e8re, apparaissent et disparaissent des paysages \u00e0 la limite de l\u2019imaginaire.<\/p>\n<p>Les cr\u00e9ations de la Collection Cartier rendent compte de l\u2019importance du travail de compr\u00e9hension et d\u2019interpr\u00e9tation qui a permis \u00e0 cette gemme et \u00e0 sa symbolique de trouver sa place au c\u0153ur du r\u00e9pertoire de Cartier. Le jade n\u2019a pas r\u00e9v\u00e9l\u00e9 tous les secrets de son \u00e9ternelle beaut\u00e9 et continue d\u2019inspirer la Maison, dans un hommage continu qui prend aujourd\u2019hui la forme d\u2019une cr\u00e9ativit\u00e9 \u00e9blouissante, toujours renouvel\u00e9e.<\/p>\n<h3><strong>Jade n\u00e9phrite, jade jad\u00e9ite<\/strong><\/h3>\n<p>Le terme de jade d\u00e9signe deux min\u00e9raux distincts : le jade jad\u00e9ite et le jade n\u00e9phrite. La gamme de couleurs de la jad\u00e9ite, selon les \u00e9l\u00e9ments qui la composent, est extr\u00eamement vari\u00e9e et nuanc\u00e9e : blanc, rose, brun, rouge, orange, noir, mauve, bleu, violet. La pr\u00e9sence de chrome conf\u00e8re \u00e0 la jad\u00e9ite une couleur unique, un vert proche de l\u2019\u00e9meraude : elle prend alors le nom de jade imp\u00e9rial. La n\u00e9phrite, quant \u00e0 elle, offre une grande richesse de tons, souvent vein\u00e9s, allant du vert au brun rouge en passant par le blanc, le jaune, le gris ou le bleu. La couleur blanche est l\u2019une des plus recherch\u00e9es.<\/p>\n<h3><strong>La Collection Cartier<\/strong><\/h3>\n<p>Cr\u00e9\u00e9e en 1983, la Collection Cartier regroupe pr\u00e8s de 1600 \u0153uvres dont la diversit\u00e9 et la qualit\u00e9 illustrent non seulement l\u2019histoire de la Maison Cartier, mais \u00e9galement celle des arts d\u00e9coratifs de la deuxi\u00e8me moiti\u00e9 du XIXe si\u00e8cle \u00e0 la \ufb01n du XXe si\u00e8cle. Depuis 1989, elle a \u00e9t\u00e9 invit\u00e9e par de c\u00e9l\u00e8bres institutions mus\u00e9ales pour des expositions monographiques. Elle est aussi r\u00e9guli\u00e8rement sollicit\u00e9e par les commissaires d\u2019exposition, comme aujourd\u2019hui au Mus\u00e9e national des arts asiatiques &#8211; Guimet pour l\u2019exposition Jade, des empereurs \u00e0 l\u2019Art d\u00e9co.<\/p>\n\n\n<p><a href=\"https:\/\/www.cartier.com\/fr-fr\" target=\"_blank\" rel=\"noreferrer noopener\">www.cartier.com<\/a><\/p>\n\n\n\n<p>Lire aussi l&rsquo;article <a href=\"https:\/\/www.my-watchsite.fr\/blog\/la-realisatrice-sofia-coppola-devient-amie-de-la-maison-cartier-n1903\/\" target=\"_blank\" rel=\"noreferrer noopener\">La r\u00e9alisatrice Sofia Coppola devient \u00ab amie \u00bb de la Maison Cartier<\/a><\/p>\n","protected":false},"excerpt":{"rendered":"<p>Jusqu&rsquo;au 16 janvier 2017, le Mus\u00e9e national des arts asiatiques &#8211; Guimet \u00e0 Paris pr\u00e9sente l\u2019exposition \u00ab\u00a0Jade, des empereurs \u00e0 l\u2019Art d\u00e9co\u00a0\u00bb. Une exposition d\u2019envergure internationale, pour laquelle de prestigieuses institutions ont \u00e9t\u00e9 sollicit\u00e9es : le Mus\u00e9e national du Palais de Taipei, principal pr\u00eateur, le Mus\u00e9e du Ch\u00e2teau de Fontainebleau, le Mus\u00e9e du Louvre, le [&hellip;]<\/p>\n","protected":false},"author":1,"featured_media":5034,"comment_status":"closed","ping_status":"closed","sticky":false,"template":"","format":"standard","meta":{"footnotes":""},"categories":[2],"tags":[5],"acf":[],"yoast_head":"<!-- This site is optimized with the Yoast SEO plugin v20.4 - https:\/\/yoast.com\/wordpress\/plugins\/seo\/ -->\n<title>&quot;Jade, des empereurs \u00e0 l\u2019Art d\u00e9co&quot; l a Collection Cartier expos\u00e9e<\/title>\n<meta name=\"description\" content=\"Jusqu&#039;au 16 janvier 2017, le Mus\u00e9e national des arts asiatiques - Guimet \u00e0 Paris pr\u00e9sente l\u2019exposition &quot;Jade, des empereurs \u00e0 l\u2019Art d\u00e9co&quot;.\" \/>\n<meta name=\"robots\" content=\"index, follow, max-snippet:-1, max-image-preview:large, max-video-preview:-1\" \/>\n<link rel=\"canonical\" href=\"https:\/\/www.my-watchsite.fr\/blog\/la-collection-cartier-jade-des-empereurs-a-lart-deco-n2015\/\" \/>\n<meta property=\"og:locale\" content=\"fr_FR\" \/>\n<meta property=\"og:type\" content=\"article\" \/>\n<meta property=\"og:title\" content=\"&quot;Jade, des empereurs \u00e0 l\u2019Art d\u00e9co&quot; l a Collection Cartier expos\u00e9e\" \/>\n<meta property=\"og:description\" content=\"Jusqu&#039;au 16 janvier 2017, le Mus\u00e9e national des arts asiatiques - Guimet \u00e0 Paris pr\u00e9sente l\u2019exposition &quot;Jade, des empereurs \u00e0 l\u2019Art d\u00e9co&quot;.\" \/>\n<meta property=\"og:url\" content=\"https:\/\/www.my-watchsite.fr\/blog\/la-collection-cartier-jade-des-empereurs-a-lart-deco-n2015\/\" \/>\n<meta property=\"og:site_name\" content=\"MyWatch FR\" \/>\n<meta property=\"article:publisher\" content=\"https:\/\/www.facebook.com\/mywatchsite\/\" \/>\n<meta property=\"article:published_time\" content=\"2016-10-24T10:20:46+00:00\" \/>\n<meta property=\"article:modified_time\" content=\"2021-07-01T13:51:18+00:00\" \/>\n<meta property=\"og:image\" content=\"https:\/\/www.my-watchsite.fr\/blog\/wp-content\/uploads\/2020\/08\/thumb_2015.jpg\" \/>\n\t<meta property=\"og:image:width\" content=\"654\" \/>\n\t<meta property=\"og:image:height\" content=\"435\" \/>\n\t<meta property=\"og:image:type\" content=\"image\/jpeg\" \/>\n<meta name=\"author\" content=\"MyWatch\" \/>\n<meta name=\"twitter:card\" content=\"summary_large_image\" \/>\n<meta name=\"twitter:creator\" content=\"@mywatchsite\" \/>\n<meta name=\"twitter:site\" content=\"@mywatchsite\" \/>\n<meta name=\"twitter:label1\" content=\"\u00c9crit par\" \/>\n\t<meta name=\"twitter:data1\" content=\"MyWatch\" \/>\n\t<meta name=\"twitter:label2\" content=\"Dur\u00e9e de lecture estim\u00e9e\" \/>\n\t<meta name=\"twitter:data2\" content=\"5 minutes\" \/>\n<script type=\"application\/ld+json\" class=\"yoast-schema-graph\">{\"@context\":\"https:\/\/schema.org\",\"@graph\":[{\"@type\":\"WebPage\",\"@id\":\"https:\/\/www.my-watchsite.fr\/blog\/la-collection-cartier-jade-des-empereurs-a-lart-deco-n2015\/\",\"url\":\"https:\/\/www.my-watchsite.fr\/blog\/la-collection-cartier-jade-des-empereurs-a-lart-deco-n2015\/\",\"name\":\"\\\"Jade, des empereurs \u00e0 l\u2019Art d\u00e9co\\\" l a Collection Cartier expos\u00e9e\",\"isPartOf\":{\"@id\":\"https:\/\/www.my-watchsite.fr\/blog\/#website\"},\"datePublished\":\"2016-10-24T10:20:46+00:00\",\"dateModified\":\"2021-07-01T13:51:18+00:00\",\"author\":{\"@id\":\"https:\/\/www.my-watchsite.fr\/blog\/#\/schema\/person\/67e19b3e3d014465042ff1be1c9fcf44\"},\"description\":\"Jusqu'au 16 janvier 2017, le Mus\u00e9e national des arts asiatiques - Guimet \u00e0 Paris pr\u00e9sente l\u2019exposition \\\"Jade, des empereurs \u00e0 l\u2019Art d\u00e9co\\\".\",\"breadcrumb\":{\"@id\":\"https:\/\/www.my-watchsite.fr\/blog\/la-collection-cartier-jade-des-empereurs-a-lart-deco-n2015\/#breadcrumb\"},\"inLanguage\":\"fr-FR\",\"potentialAction\":[{\"@type\":\"ReadAction\",\"target\":[\"https:\/\/www.my-watchsite.fr\/blog\/la-collection-cartier-jade-des-empereurs-a-lart-deco-n2015\/\"]}]},{\"@type\":\"BreadcrumbList\",\"@id\":\"https:\/\/www.my-watchsite.fr\/blog\/la-collection-cartier-jade-des-empereurs-a-lart-deco-n2015\/#breadcrumb\",\"itemListElement\":[{\"@type\":\"ListItem\",\"position\":1,\"name\":\"Accueil\",\"item\":\"https:\/\/www.my-watchsite.fr\/blog\/\"},{\"@type\":\"ListItem\",\"position\":2,\"name\":\"La Collection Cartier expos\u00e9e au Mus\u00e9e national des arts asiatiques &#8211; Guimet\"}]},{\"@type\":\"WebSite\",\"@id\":\"https:\/\/www.my-watchsite.fr\/blog\/#website\",\"url\":\"https:\/\/www.my-watchsite.fr\/blog\/\",\"name\":\"MyWatch FR\",\"description\":\"Make Time a Lifestyle\",\"potentialAction\":[{\"@type\":\"SearchAction\",\"target\":{\"@type\":\"EntryPoint\",\"urlTemplate\":\"https:\/\/www.my-watchsite.fr\/blog\/?s={search_term_string}\"},\"query-input\":\"required name=search_term_string\"}],\"inLanguage\":\"fr-FR\"},{\"@type\":\"Person\",\"@id\":\"https:\/\/www.my-watchsite.fr\/blog\/#\/schema\/person\/67e19b3e3d014465042ff1be1c9fcf44\",\"name\":\"MyWatch\",\"image\":{\"@type\":\"ImageObject\",\"inLanguage\":\"fr-FR\",\"@id\":\"https:\/\/www.my-watchsite.fr\/blog\/#\/schema\/person\/image\/\",\"url\":\"https:\/\/secure.gravatar.com\/avatar\/e52d1e94806c54826c863f554ca1dd2a?s=96&d=mm&r=g\",\"contentUrl\":\"https:\/\/secure.gravatar.com\/avatar\/e52d1e94806c54826c863f554ca1dd2a?s=96&d=mm&r=g\",\"caption\":\"MyWatch\"},\"sameAs\":[\"https:\/\/www.my-watchsite.fr\/blog\"]}]}<\/script>\n<!-- \/ Yoast SEO plugin. -->","yoast_head_json":{"title":"\"Jade, des empereurs \u00e0 l\u2019Art d\u00e9co\" l a Collection Cartier expos\u00e9e","description":"Jusqu'au 16 janvier 2017, le Mus\u00e9e national des arts asiatiques - Guimet \u00e0 Paris pr\u00e9sente l\u2019exposition \"Jade, des empereurs \u00e0 l\u2019Art d\u00e9co\".","robots":{"index":"index","follow":"follow","max-snippet":"max-snippet:-1","max-image-preview":"max-image-preview:large","max-video-preview":"max-video-preview:-1"},"canonical":"https:\/\/www.my-watchsite.fr\/blog\/la-collection-cartier-jade-des-empereurs-a-lart-deco-n2015\/","og_locale":"fr_FR","og_type":"article","og_title":"\"Jade, des empereurs \u00e0 l\u2019Art d\u00e9co\" l a Collection Cartier expos\u00e9e","og_description":"Jusqu'au 16 janvier 2017, le Mus\u00e9e national des arts asiatiques - Guimet \u00e0 Paris pr\u00e9sente l\u2019exposition \"Jade, des empereurs \u00e0 l\u2019Art d\u00e9co\".","og_url":"https:\/\/www.my-watchsite.fr\/blog\/la-collection-cartier-jade-des-empereurs-a-lart-deco-n2015\/","og_site_name":"MyWatch FR","article_publisher":"https:\/\/www.facebook.com\/mywatchsite\/","article_published_time":"2016-10-24T10:20:46+00:00","article_modified_time":"2021-07-01T13:51:18+00:00","og_image":[{"width":654,"height":435,"url":"https:\/\/www.my-watchsite.fr\/blog\/wp-content\/uploads\/2020\/08\/thumb_2015.jpg","type":"image\/jpeg"}],"author":"MyWatch","twitter_card":"summary_large_image","twitter_creator":"@mywatchsite","twitter_site":"@mywatchsite","twitter_misc":{"\u00c9crit par":"MyWatch","Dur\u00e9e de lecture estim\u00e9e":"5 minutes"},"schema":{"@context":"https:\/\/schema.org","@graph":[{"@type":"WebPage","@id":"https:\/\/www.my-watchsite.fr\/blog\/la-collection-cartier-jade-des-empereurs-a-lart-deco-n2015\/","url":"https:\/\/www.my-watchsite.fr\/blog\/la-collection-cartier-jade-des-empereurs-a-lart-deco-n2015\/","name":"\"Jade, des empereurs \u00e0 l\u2019Art d\u00e9co\" l a Collection Cartier expos\u00e9e","isPartOf":{"@id":"https:\/\/www.my-watchsite.fr\/blog\/#website"},"datePublished":"2016-10-24T10:20:46+00:00","dateModified":"2021-07-01T13:51:18+00:00","author":{"@id":"https:\/\/www.my-watchsite.fr\/blog\/#\/schema\/person\/67e19b3e3d014465042ff1be1c9fcf44"},"description":"Jusqu'au 16 janvier 2017, le Mus\u00e9e national des arts asiatiques - Guimet \u00e0 Paris pr\u00e9sente l\u2019exposition \"Jade, des empereurs \u00e0 l\u2019Art d\u00e9co\".","breadcrumb":{"@id":"https:\/\/www.my-watchsite.fr\/blog\/la-collection-cartier-jade-des-empereurs-a-lart-deco-n2015\/#breadcrumb"},"inLanguage":"fr-FR","potentialAction":[{"@type":"ReadAction","target":["https:\/\/www.my-watchsite.fr\/blog\/la-collection-cartier-jade-des-empereurs-a-lart-deco-n2015\/"]}]},{"@type":"BreadcrumbList","@id":"https:\/\/www.my-watchsite.fr\/blog\/la-collection-cartier-jade-des-empereurs-a-lart-deco-n2015\/#breadcrumb","itemListElement":[{"@type":"ListItem","position":1,"name":"Accueil","item":"https:\/\/www.my-watchsite.fr\/blog\/"},{"@type":"ListItem","position":2,"name":"La Collection Cartier expos\u00e9e au Mus\u00e9e national des arts asiatiques &#8211; Guimet"}]},{"@type":"WebSite","@id":"https:\/\/www.my-watchsite.fr\/blog\/#website","url":"https:\/\/www.my-watchsite.fr\/blog\/","name":"MyWatch FR","description":"Make Time a Lifestyle","potentialAction":[{"@type":"SearchAction","target":{"@type":"EntryPoint","urlTemplate":"https:\/\/www.my-watchsite.fr\/blog\/?s={search_term_string}"},"query-input":"required name=search_term_string"}],"inLanguage":"fr-FR"},{"@type":"Person","@id":"https:\/\/www.my-watchsite.fr\/blog\/#\/schema\/person\/67e19b3e3d014465042ff1be1c9fcf44","name":"MyWatch","image":{"@type":"ImageObject","inLanguage":"fr-FR","@id":"https:\/\/www.my-watchsite.fr\/blog\/#\/schema\/person\/image\/","url":"https:\/\/secure.gravatar.com\/avatar\/e52d1e94806c54826c863f554ca1dd2a?s=96&d=mm&r=g","contentUrl":"https:\/\/secure.gravatar.com\/avatar\/e52d1e94806c54826c863f554ca1dd2a?s=96&d=mm&r=g","caption":"MyWatch"},"sameAs":["https:\/\/www.my-watchsite.fr\/blog"]}]}},"_links":{"self":[{"href":"https:\/\/www.my-watchsite.fr\/blog\/wp-json\/wp\/v2\/posts\/5030"}],"collection":[{"href":"https:\/\/www.my-watchsite.fr\/blog\/wp-json\/wp\/v2\/posts"}],"about":[{"href":"https:\/\/www.my-watchsite.fr\/blog\/wp-json\/wp\/v2\/types\/post"}],"author":[{"embeddable":true,"href":"https:\/\/www.my-watchsite.fr\/blog\/wp-json\/wp\/v2\/users\/1"}],"replies":[{"embeddable":true,"href":"https:\/\/www.my-watchsite.fr\/blog\/wp-json\/wp\/v2\/comments?post=5030"}],"version-history":[{"count":2,"href":"https:\/\/www.my-watchsite.fr\/blog\/wp-json\/wp\/v2\/posts\/5030\/revisions"}],"predecessor-version":[{"id":14466,"href":"https:\/\/www.my-watchsite.fr\/blog\/wp-json\/wp\/v2\/posts\/5030\/revisions\/14466"}],"wp:featuredmedia":[{"embeddable":true,"href":"https:\/\/www.my-watchsite.fr\/blog\/wp-json\/wp\/v2\/media\/5034"}],"wp:attachment":[{"href":"https:\/\/www.my-watchsite.fr\/blog\/wp-json\/wp\/v2\/media?parent=5030"}],"wp:term":[{"taxonomy":"category","embeddable":true,"href":"https:\/\/www.my-watchsite.fr\/blog\/wp-json\/wp\/v2\/categories?post=5030"},{"taxonomy":"post_tag","embeddable":true,"href":"https:\/\/www.my-watchsite.fr\/blog\/wp-json\/wp\/v2\/tags?post=5030"}],"curies":[{"name":"wp","href":"https:\/\/api.w.org\/{rel}","templated":true}]}}