{"id":5181,"date":"2017-01-06T10:16:02","date_gmt":"2017-01-06T09:16:02","guid":{"rendered":"https:\/\/www.my-watchsite.fr\/blog\/blog\/tag-heuer-carrera-heuer-01-le-bon-cote-obscur-de-la-ceramique-n2057\/"},"modified":"2021-09-06T10:26:26","modified_gmt":"2021-09-06T08:26:26","slug":"tag-heuer-carrera-heuer-01-le-bon-cote-obscur-de-la-ceramique-n2057","status":"publish","type":"post","link":"https:\/\/www.my-watchsite.fr\/blog\/tag-heuer-carrera-heuer-01-le-bon-cote-obscur-de-la-ceramique-n2057\/","title":{"rendered":"TAG Heuer Carrera Heuer-01 : le bon c\u00f4t\u00e9 obscur de la c\u00e9ramique"},"content":{"rendered":"<p><strong>Depuis 2015, le mod\u00e8le Carrera Heuer-01 est le chronographe de r\u00e9f\u00e9rence chez TAG Heuer. Cette ann\u00e9e, la manufacture en propose une belle \u00e9volution puissante rac\u00e9e, la Full Black Matt Ceramic, compos\u00e9e essentiellement de c\u00e9ramique noire. Focus.<\/strong><\/p>\n<p>Le point fort de la collection Heuer-01 r\u00e9side dans la conception de sa bo\u00eete modulaire compos\u00e9e de 12 \u00e9l\u00e9ments qui permettent de multiples combinaisons de mati\u00e8res et couleurs. TAG Heuer a pourtant jou\u00e9 la carte de la monochromie pour la nouvelle Carrera Heuer-01 Full Black Matt Ceramic.<\/p>\n<p>Aussi, au lieu d\u2019utiliser un PVD noir qui dans le temps deviendra moins insensible \u00e0 l&rsquo;usure, TAG Heuer a pr\u00e9f\u00e9r\u00e9 employer de la c\u00e9ramique, mat\u00e9riau high-tech dont les propri\u00e9t\u00e9s sont aujourd\u2019hui bien connues. L\u00e9g\u00e8re, extr\u00eamement r\u00e9sistante aux rayures, inalt\u00e9rable et hypoallerg\u00e9nique, la c\u00e9ramique conf\u00e8re ainsi bien des atouts au chrono Carrera Heuer-01 Full Black Matt Ceramic.<\/p>\n<p>En plus de l\u2019imposante bo\u00eete de 45 mm de diam\u00e8tre, TAG Heuer a \u00e9tendu l\u2019exp\u00e9rience \u00e0 d\u2019autres composants de la montre. Ainsi, la lunette et toutes les parties expos\u00e9es aux frottements, y compris le bracelet, sont en c\u00e9ramique. Dans cette configuration, le chronographe gagne encore en modernit\u00e9, d\u2019autant plus que sa finition microbill\u00e9e offre un noir d&rsquo;une profondeur exceptionnelle qui accentue la personnalit\u00e9 rac\u00e9e, propre au mod\u00e8le.<\/p>\n<p><img decoding=\"async\" src=\"https:\/\/www.my-watchsite.fr\/blog\/wp-content\/uploads\/2020\/08\/Tag-Heuer-01-Full-Black-Matt-Ceramic.jpg\" alt=\"Tag Heuer 01 Full Black Matt Ceramic\"><\/p>\n<h3><strong>C\u00e9ramique et acier : une solide combinaison<\/strong><\/h3>\n<p>Toutefois, afin de garantir une \u00e9tanch\u00e9it\u00e9 jusqu&rsquo;\u00e0 100 m\u00e8tres, l\u2019acier a \u00e9t\u00e9 conserv\u00e9 sur tous les composants fonctionnels comme le caisson int\u00e9rieur, les poussoirs, la couronne et le fond viss\u00e9s. La pr\u00e9sence de cet alliage, rev\u00eatu de carbure de titane noir, permet aux diff\u00e9rents joints de remplir id\u00e9alement leur fonction.<\/p>\n<p>Au c\u0153ur de l&rsquo;instrument, on retrouve le mouvement chronographe automatique Heuer-01 (50 heures de r\u00e9serve de marche) \u00e0 masse oscillante squelett\u00e9e, visible \u00e0 travers le fond saphir. C\u00f4t\u00e9 cadran, les informations d\u00e9livr\u00e9es demeurent parfaitement lisibles gr\u00e2ce \u00e0 un squelettage judicieux, qui apporte une profondeur de champ id\u00e9ale pour d\u00e9tacher visuellement les compteurs, la date mais aussi les aiguilles et les index recouverts de mati\u00e8re luminescente noire.<\/p>\n<p>Le mod\u00e8le TAG Heuer Carrera Heuer-01 Full Black Matt Ceramic est \u00e9galement disponible avec un bracelet en caoutchouc noir, parfaitement coordonn\u00e9 \u00e0 l\u2019esprit sportif de la montre.<\/p>\n<p>Dan Diaconu &amp; Nicolas Yvon<\/p>\n\n\n<p>Lire aussi l&rsquo;article <a href=\"https:\/\/www.my-watchsite.fr\/blog\/tag-heuer-met-les-deux-pieds-dans-le-foot-n1977\/\" target=\"_blank\" rel=\"noreferrer noopener\">Tag Heuer met les deux pieds dans le foot<\/a><\/p>\n\n\n\n<p><a href=\"https:\/\/www.tagheuer.com\/fr\/fr\/\" target=\"_blank\" rel=\"noreferrer noopener\">www.tagheuer.com<\/a> <\/p>\n","protected":false},"excerpt":{"rendered":"<p>Depuis 2015, le mod\u00e8le Carrera Heuer-01 est le chronographe de r\u00e9f\u00e9rence chez TAG Heuer. Cette ann\u00e9e, la manufacture en propose une belle \u00e9volution puissante rac\u00e9e, la Full Black Matt Ceramic, compos\u00e9e essentiellement de c\u00e9ramique noire. Focus. Le point fort de la collection Heuer-01 r\u00e9side dans la conception de sa bo\u00eete modulaire compos\u00e9e de 12 \u00e9l\u00e9ments [&hellip;]<\/p>\n","protected":false},"author":1,"featured_media":5183,"comment_status":"closed","ping_status":"closed","sticky":false,"template":"","format":"standard","meta":{"footnotes":""},"categories":[2],"tags":[17],"acf":[],"yoast_head":"<!-- This site is optimized with the Yoast SEO plugin v20.4 - https:\/\/yoast.com\/wordpress\/plugins\/seo\/ -->\n<title>TAG Heuer Carrera Heuer-01 : le bon c\u00f4t\u00e9 obscur de la c\u00e9ramique<\/title>\n<meta name=\"description\" content=\"Depuis 2015, le mod\u00e8le Carrera Heuer-01 est le chronographe de r\u00e9f\u00e9rence chez TAG Heuer. Cette ann\u00e9e il est compos\u00e9 de c\u00e9ramique noire.\" \/>\n<meta name=\"robots\" content=\"index, follow, max-snippet:-1, max-image-preview:large, max-video-preview:-1\" \/>\n<link rel=\"canonical\" href=\"https:\/\/www.my-watchsite.fr\/blog\/tag-heuer-carrera-heuer-01-le-bon-cote-obscur-de-la-ceramique-n2057\/\" \/>\n<meta property=\"og:locale\" content=\"fr_FR\" \/>\n<meta property=\"og:type\" content=\"article\" \/>\n<meta property=\"og:title\" content=\"TAG Heuer Carrera Heuer-01 : le bon c\u00f4t\u00e9 obscur de la c\u00e9ramique\" \/>\n<meta property=\"og:description\" content=\"Depuis 2015, le mod\u00e8le Carrera Heuer-01 est le chronographe de r\u00e9f\u00e9rence chez TAG Heuer. Cette ann\u00e9e il est compos\u00e9 de c\u00e9ramique noire.\" \/>\n<meta property=\"og:url\" content=\"https:\/\/www.my-watchsite.fr\/blog\/tag-heuer-carrera-heuer-01-le-bon-cote-obscur-de-la-ceramique-n2057\/\" \/>\n<meta property=\"og:site_name\" content=\"MyWatch FR\" \/>\n<meta property=\"article:publisher\" content=\"https:\/\/www.facebook.com\/mywatchsite\/\" \/>\n<meta property=\"article:published_time\" content=\"2017-01-06T09:16:02+00:00\" \/>\n<meta property=\"article:modified_time\" content=\"2021-09-06T08:26:26+00:00\" \/>\n<meta property=\"og:image\" content=\"https:\/\/www.my-watchsite.fr\/blog\/wp-content\/uploads\/2020\/08\/thumb_2057.jpg\" \/>\n\t<meta property=\"og:image:width\" content=\"654\" \/>\n\t<meta property=\"og:image:height\" content=\"435\" \/>\n\t<meta property=\"og:image:type\" content=\"image\/jpeg\" \/>\n<meta name=\"author\" content=\"MyWatch\" \/>\n<meta name=\"twitter:card\" content=\"summary_large_image\" \/>\n<meta name=\"twitter:creator\" content=\"@mywatchsite\" \/>\n<meta name=\"twitter:site\" content=\"@mywatchsite\" \/>\n<meta name=\"twitter:label1\" content=\"\u00c9crit par\" \/>\n\t<meta name=\"twitter:data1\" content=\"MyWatch\" \/>\n\t<meta name=\"twitter:label2\" content=\"Dur\u00e9e de lecture estim\u00e9e\" \/>\n\t<meta name=\"twitter:data2\" content=\"2 minutes\" \/>\n<script type=\"application\/ld+json\" class=\"yoast-schema-graph\">{\"@context\":\"https:\/\/schema.org\",\"@graph\":[{\"@type\":\"WebPage\",\"@id\":\"https:\/\/www.my-watchsite.fr\/blog\/tag-heuer-carrera-heuer-01-le-bon-cote-obscur-de-la-ceramique-n2057\/\",\"url\":\"https:\/\/www.my-watchsite.fr\/blog\/tag-heuer-carrera-heuer-01-le-bon-cote-obscur-de-la-ceramique-n2057\/\",\"name\":\"TAG Heuer Carrera Heuer-01 : le bon c\u00f4t\u00e9 obscur de la c\u00e9ramique\",\"isPartOf\":{\"@id\":\"https:\/\/www.my-watchsite.fr\/blog\/#website\"},\"datePublished\":\"2017-01-06T09:16:02+00:00\",\"dateModified\":\"2021-09-06T08:26:26+00:00\",\"author\":{\"@id\":\"https:\/\/www.my-watchsite.fr\/blog\/#\/schema\/person\/67e19b3e3d014465042ff1be1c9fcf44\"},\"description\":\"Depuis 2015, le mod\u00e8le Carrera Heuer-01 est le chronographe de r\u00e9f\u00e9rence chez TAG Heuer. Cette ann\u00e9e il est compos\u00e9 de c\u00e9ramique noire.\",\"breadcrumb\":{\"@id\":\"https:\/\/www.my-watchsite.fr\/blog\/tag-heuer-carrera-heuer-01-le-bon-cote-obscur-de-la-ceramique-n2057\/#breadcrumb\"},\"inLanguage\":\"fr-FR\",\"potentialAction\":[{\"@type\":\"ReadAction\",\"target\":[\"https:\/\/www.my-watchsite.fr\/blog\/tag-heuer-carrera-heuer-01-le-bon-cote-obscur-de-la-ceramique-n2057\/\"]}]},{\"@type\":\"BreadcrumbList\",\"@id\":\"https:\/\/www.my-watchsite.fr\/blog\/tag-heuer-carrera-heuer-01-le-bon-cote-obscur-de-la-ceramique-n2057\/#breadcrumb\",\"itemListElement\":[{\"@type\":\"ListItem\",\"position\":1,\"name\":\"Accueil\",\"item\":\"https:\/\/www.my-watchsite.fr\/blog\/\"},{\"@type\":\"ListItem\",\"position\":2,\"name\":\"TAG Heuer Carrera Heuer-01 : le bon c\u00f4t\u00e9 obscur de la c\u00e9ramique\"}]},{\"@type\":\"WebSite\",\"@id\":\"https:\/\/www.my-watchsite.fr\/blog\/#website\",\"url\":\"https:\/\/www.my-watchsite.fr\/blog\/\",\"name\":\"MyWatch FR\",\"description\":\"Make Time a Lifestyle\",\"potentialAction\":[{\"@type\":\"SearchAction\",\"target\":{\"@type\":\"EntryPoint\",\"urlTemplate\":\"https:\/\/www.my-watchsite.fr\/blog\/?s={search_term_string}\"},\"query-input\":\"required name=search_term_string\"}],\"inLanguage\":\"fr-FR\"},{\"@type\":\"Person\",\"@id\":\"https:\/\/www.my-watchsite.fr\/blog\/#\/schema\/person\/67e19b3e3d014465042ff1be1c9fcf44\",\"name\":\"MyWatch\",\"image\":{\"@type\":\"ImageObject\",\"inLanguage\":\"fr-FR\",\"@id\":\"https:\/\/www.my-watchsite.fr\/blog\/#\/schema\/person\/image\/\",\"url\":\"https:\/\/secure.gravatar.com\/avatar\/e52d1e94806c54826c863f554ca1dd2a?s=96&d=mm&r=g\",\"contentUrl\":\"https:\/\/secure.gravatar.com\/avatar\/e52d1e94806c54826c863f554ca1dd2a?s=96&d=mm&r=g\",\"caption\":\"MyWatch\"},\"sameAs\":[\"https:\/\/www.my-watchsite.fr\/blog\"]}]}<\/script>\n<!-- \/ Yoast SEO plugin. -->","yoast_head_json":{"title":"TAG Heuer Carrera Heuer-01 : le bon c\u00f4t\u00e9 obscur de la c\u00e9ramique","description":"Depuis 2015, le mod\u00e8le Carrera Heuer-01 est le chronographe de r\u00e9f\u00e9rence chez TAG Heuer. Cette ann\u00e9e il est compos\u00e9 de c\u00e9ramique noire.","robots":{"index":"index","follow":"follow","max-snippet":"max-snippet:-1","max-image-preview":"max-image-preview:large","max-video-preview":"max-video-preview:-1"},"canonical":"https:\/\/www.my-watchsite.fr\/blog\/tag-heuer-carrera-heuer-01-le-bon-cote-obscur-de-la-ceramique-n2057\/","og_locale":"fr_FR","og_type":"article","og_title":"TAG Heuer Carrera Heuer-01 : le bon c\u00f4t\u00e9 obscur de la c\u00e9ramique","og_description":"Depuis 2015, le mod\u00e8le Carrera Heuer-01 est le chronographe de r\u00e9f\u00e9rence chez TAG Heuer. Cette ann\u00e9e il est compos\u00e9 de c\u00e9ramique noire.","og_url":"https:\/\/www.my-watchsite.fr\/blog\/tag-heuer-carrera-heuer-01-le-bon-cote-obscur-de-la-ceramique-n2057\/","og_site_name":"MyWatch FR","article_publisher":"https:\/\/www.facebook.com\/mywatchsite\/","article_published_time":"2017-01-06T09:16:02+00:00","article_modified_time":"2021-09-06T08:26:26+00:00","og_image":[{"width":654,"height":435,"url":"https:\/\/www.my-watchsite.fr\/blog\/wp-content\/uploads\/2020\/08\/thumb_2057.jpg","type":"image\/jpeg"}],"author":"MyWatch","twitter_card":"summary_large_image","twitter_creator":"@mywatchsite","twitter_site":"@mywatchsite","twitter_misc":{"\u00c9crit par":"MyWatch","Dur\u00e9e de lecture estim\u00e9e":"2 minutes"},"schema":{"@context":"https:\/\/schema.org","@graph":[{"@type":"WebPage","@id":"https:\/\/www.my-watchsite.fr\/blog\/tag-heuer-carrera-heuer-01-le-bon-cote-obscur-de-la-ceramique-n2057\/","url":"https:\/\/www.my-watchsite.fr\/blog\/tag-heuer-carrera-heuer-01-le-bon-cote-obscur-de-la-ceramique-n2057\/","name":"TAG Heuer Carrera Heuer-01 : le bon c\u00f4t\u00e9 obscur de la c\u00e9ramique","isPartOf":{"@id":"https:\/\/www.my-watchsite.fr\/blog\/#website"},"datePublished":"2017-01-06T09:16:02+00:00","dateModified":"2021-09-06T08:26:26+00:00","author":{"@id":"https:\/\/www.my-watchsite.fr\/blog\/#\/schema\/person\/67e19b3e3d014465042ff1be1c9fcf44"},"description":"Depuis 2015, le mod\u00e8le Carrera Heuer-01 est le chronographe de r\u00e9f\u00e9rence chez TAG Heuer. Cette ann\u00e9e il est compos\u00e9 de c\u00e9ramique noire.","breadcrumb":{"@id":"https:\/\/www.my-watchsite.fr\/blog\/tag-heuer-carrera-heuer-01-le-bon-cote-obscur-de-la-ceramique-n2057\/#breadcrumb"},"inLanguage":"fr-FR","potentialAction":[{"@type":"ReadAction","target":["https:\/\/www.my-watchsite.fr\/blog\/tag-heuer-carrera-heuer-01-le-bon-cote-obscur-de-la-ceramique-n2057\/"]}]},{"@type":"BreadcrumbList","@id":"https:\/\/www.my-watchsite.fr\/blog\/tag-heuer-carrera-heuer-01-le-bon-cote-obscur-de-la-ceramique-n2057\/#breadcrumb","itemListElement":[{"@type":"ListItem","position":1,"name":"Accueil","item":"https:\/\/www.my-watchsite.fr\/blog\/"},{"@type":"ListItem","position":2,"name":"TAG Heuer Carrera Heuer-01 : le bon c\u00f4t\u00e9 obscur de la c\u00e9ramique"}]},{"@type":"WebSite","@id":"https:\/\/www.my-watchsite.fr\/blog\/#website","url":"https:\/\/www.my-watchsite.fr\/blog\/","name":"MyWatch FR","description":"Make Time a Lifestyle","potentialAction":[{"@type":"SearchAction","target":{"@type":"EntryPoint","urlTemplate":"https:\/\/www.my-watchsite.fr\/blog\/?s={search_term_string}"},"query-input":"required name=search_term_string"}],"inLanguage":"fr-FR"},{"@type":"Person","@id":"https:\/\/www.my-watchsite.fr\/blog\/#\/schema\/person\/67e19b3e3d014465042ff1be1c9fcf44","name":"MyWatch","image":{"@type":"ImageObject","inLanguage":"fr-FR","@id":"https:\/\/www.my-watchsite.fr\/blog\/#\/schema\/person\/image\/","url":"https:\/\/secure.gravatar.com\/avatar\/e52d1e94806c54826c863f554ca1dd2a?s=96&d=mm&r=g","contentUrl":"https:\/\/secure.gravatar.com\/avatar\/e52d1e94806c54826c863f554ca1dd2a?s=96&d=mm&r=g","caption":"MyWatch"},"sameAs":["https:\/\/www.my-watchsite.fr\/blog"]}]}},"_links":{"self":[{"href":"https:\/\/www.my-watchsite.fr\/blog\/wp-json\/wp\/v2\/posts\/5181"}],"collection":[{"href":"https:\/\/www.my-watchsite.fr\/blog\/wp-json\/wp\/v2\/posts"}],"about":[{"href":"https:\/\/www.my-watchsite.fr\/blog\/wp-json\/wp\/v2\/types\/post"}],"author":[{"embeddable":true,"href":"https:\/\/www.my-watchsite.fr\/blog\/wp-json\/wp\/v2\/users\/1"}],"replies":[{"embeddable":true,"href":"https:\/\/www.my-watchsite.fr\/blog\/wp-json\/wp\/v2\/comments?post=5181"}],"version-history":[{"count":3,"href":"https:\/\/www.my-watchsite.fr\/blog\/wp-json\/wp\/v2\/posts\/5181\/revisions"}],"predecessor-version":[{"id":15721,"href":"https:\/\/www.my-watchsite.fr\/blog\/wp-json\/wp\/v2\/posts\/5181\/revisions\/15721"}],"wp:featuredmedia":[{"embeddable":true,"href":"https:\/\/www.my-watchsite.fr\/blog\/wp-json\/wp\/v2\/media\/5183"}],"wp:attachment":[{"href":"https:\/\/www.my-watchsite.fr\/blog\/wp-json\/wp\/v2\/media?parent=5181"}],"wp:term":[{"taxonomy":"category","embeddable":true,"href":"https:\/\/www.my-watchsite.fr\/blog\/wp-json\/wp\/v2\/categories?post=5181"},{"taxonomy":"post_tag","embeddable":true,"href":"https:\/\/www.my-watchsite.fr\/blog\/wp-json\/wp\/v2\/tags?post=5181"}],"curies":[{"name":"wp","href":"https:\/\/api.w.org\/{rel}","templated":true}]}}