{"id":523,"date":"2011-07-01T00:00:00","date_gmt":"2011-06-30T22:00:00","guid":{"rendered":"https:\/\/www.my-watchsite.fr\/blog\/blog\/le-reveil-musical-de-breguet-pour-only-watch-2011-n161\/"},"modified":"2021-09-09T16:03:41","modified_gmt":"2021-09-09T14:03:41","slug":"le-reveil-musical-de-breguet-pour-only-watch-2011-n161","status":"publish","type":"post","link":"https:\/\/www.my-watchsite.fr\/blog\/le-reveil-musical-de-breguet-pour-only-watch-2011-n161\/","title":{"rendered":"Le R\u00e9veil Musical de Breguet pour Only Watch 2011"},"content":{"rendered":"<div>Gr\u00e2ce \u00e0 un m\u00e9canisme musical brevet\u00e9, ce R\u00e9veil Musical en or blanc interpr\u00e8te la m\u00e9lodie \u00ab Un ch\u00e2teau dans le ciel \u00bb, soit \u00e0 la demande soit \u00e0 une heure pr\u00e9s\u00e9lectionn\u00e9e. Apr\u00e8s que le cadran ait effectu\u00e9 une rotation compl\u00e8te, la main d\u2019un enfant, grav\u00e9e sur le cadran vient toucher celle d\u2019un adulte, repr\u00e9sent\u00e9e sur le rehaut. Ce design unique symbolise la solidarit\u00e9 interg\u00e9n\u00e9rationnelle et le soutien de Montres Breguet \u00e0 l\u2019Association Mon\u00e9gasque Contre les Myopathies.<\/div>\n<div>\u00a0<\/div>\n<h3>Description de la montre<\/h3>\n<p><img decoding=\"async\" src=\"https:\/\/www.my-watchsite.fr\/blog\/wp-content\/uploads\/2020\/08\/161_323.jpg\" alt=\"Le superbe garde-temps cr\u00e9\u00e9 par Breguet pour Only Watch 2011 joue \u00e0 la demande ou \u00e0 une heure pr\u00e9s\u00e9lectionn\u00e9e la m\u00e9lodie \" \/><\/p>\n<div><strong>Bo\u00eetier :<\/strong> rond en or blanc 18 carats \u00e0 carrure finement grav\u00e9e d\u2019une port\u00e9e musicale. Diam\u00e8tre : 48mm. Attaches arrondies et soud\u00e9es, barrettes viss\u00e9es. Fond personnalis\u00e9 Only Watch 2011 et grav\u00e9 \u00ab pi\u00e8ce unique \u00bb. \u00c9tanche jusqu\u2019\u00e0 3 bar (30m).<\/div>\n<div>\u00a0<\/div>\n<div><strong>Cadran <\/strong>: Cadran rotatif, guilloch\u00e9 \u00e0 la main sur lequel un enfant tend la main vers celle d\u2019un adulte, repr\u00e9sent\u00e9e sur le rehaut fixe. Individuellement num\u00e9rot\u00e9 et sign\u00e9 Breguet. Le centre du cadran effectue une rotation compl\u00e8te lorsque la sonnerie est actionn\u00e9e. M\u00e9lodie \u00ab Un ch\u00e2teau dans le ciel \u00bb. Tour d\u2019heures en chiffres romains sur le rehaut. Aiguilles BREGUET \u00e0 pomme \u00e9vid\u00e9e en acier bleui. Indication d\u2019enclenchement du r\u00e9veil (on\/off) dans un guichet entre 9h et 10h. Indication de la r\u00e9serve de marche du r\u00e9veil dans un guichet \u00e0 3h.<\/div>\n<div>\u00a0<\/div>\n<div>\n<div><strong>Mouvement<\/strong> m\u00e9canique \u00e0 remontage automatique num\u00e9rot\u00e9 et sign\u00e9 Breguet. R\u00e9serve de marche de 55 heures. Cal. 0900. 17 1\/3 lignes. 59 rubis. Roue d\u2019\u00e9chappement et ancre en silicium. Balancier Breguet \u00e0 vis r\u00e9glantes. Spiral Breguet. Fr\u00e9quence 4 Hz. Ajust\u00e9 en 6 positions.<\/div>\n<\/div>\n<p><img decoding=\"async\" src=\"https:\/\/www.my-watchsite.fr\/blog\/wp-content\/uploads\/2020\/08\/161_324.jpg\" alt=\"Gros plan sur la carrure du bo\u00eetier, grav\u00e9e d'une port\u00e9e musicale, du garde-temps cr\u00e9\u00e9 par Breguet pour Only Watch 2011. \" \/><\/p>\n\n\n<p><a href=\"https:\/\/www.breguet.com\/fr#\" target=\"_blank\" rel=\"noreferrer noopener\">www.breguet.com<\/a><\/p>\n\n\n\n<p>Lire aussi l&rsquo;article <a href=\"https:\/\/www.my-watchsite.fr\/blog\/breguet-passe-a-lorange-mecanique\/\" target=\"_blank\" rel=\"noreferrer noopener\">Breguet passe \u00e0 l\u2019orange m\u00e9canique<\/a><\/p>\n","protected":false},"excerpt":{"rendered":"<p>Gr\u00e2ce \u00e0 un m\u00e9canisme musical brevet\u00e9, ce R\u00e9veil Musical en or blanc interpr\u00e8te la m\u00e9lodie \u00ab Un ch\u00e2teau dans le ciel \u00bb, soit \u00e0 la demande soit \u00e0 une heure pr\u00e9s\u00e9lectionn\u00e9e. Apr\u00e8s que le cadran ait effectu\u00e9 une rotation compl\u00e8te, la main d\u2019un enfant, grav\u00e9e sur le cadran vient toucher celle d\u2019un adulte, repr\u00e9sent\u00e9e sur [&hellip;]<\/p>\n","protected":false},"author":1,"featured_media":524,"comment_status":"closed","ping_status":"closed","sticky":false,"template":"","format":"standard","meta":{"footnotes":""},"categories":[2],"tags":[59],"acf":[],"yoast_head":"<!-- This site is optimized with the Yoast SEO plugin v20.4 - https:\/\/yoast.com\/wordpress\/plugins\/seo\/ -->\n<title>Le R\u00e9veil Musical de Breguet pour Only Watch 2011 - MyWatch FR<\/title>\n<meta name=\"description\" content=\"Gr\u00e2ce \u00e0 un m\u00e9canisme musical brevet\u00e9, ce R\u00e9veil Musical de Breguet en or blanc interpr\u00e8te la m\u00e9lodie \u00ab Un ch\u00e2teau dans le ciel \u00bb\" \/>\n<meta name=\"robots\" content=\"index, follow, max-snippet:-1, max-image-preview:large, max-video-preview:-1\" \/>\n<link rel=\"canonical\" href=\"https:\/\/www.my-watchsite.fr\/blog\/le-reveil-musical-de-breguet-pour-only-watch-2011-n161\/\" \/>\n<meta property=\"og:locale\" content=\"fr_FR\" \/>\n<meta property=\"og:type\" content=\"article\" \/>\n<meta property=\"og:title\" content=\"Le R\u00e9veil Musical de Breguet pour Only Watch 2011 - MyWatch FR\" \/>\n<meta property=\"og:description\" content=\"Gr\u00e2ce \u00e0 un m\u00e9canisme musical brevet\u00e9, ce R\u00e9veil Musical de Breguet en or blanc interpr\u00e8te la m\u00e9lodie \u00ab Un ch\u00e2teau dans le ciel \u00bb\" \/>\n<meta property=\"og:url\" content=\"https:\/\/www.my-watchsite.fr\/blog\/le-reveil-musical-de-breguet-pour-only-watch-2011-n161\/\" \/>\n<meta property=\"og:site_name\" content=\"MyWatch FR\" \/>\n<meta property=\"article:publisher\" content=\"https:\/\/www.facebook.com\/mywatchsite\/\" \/>\n<meta property=\"article:published_time\" content=\"2011-06-30T22:00:00+00:00\" \/>\n<meta property=\"article:modified_time\" content=\"2021-09-09T14:03:41+00:00\" \/>\n<meta property=\"og:image\" content=\"https:\/\/www.my-watchsite.fr\/blog\/wp-content\/uploads\/2020\/08\/161_323.jpg\" \/>\n\t<meta property=\"og:image:width\" content=\"450\" \/>\n\t<meta property=\"og:image:height\" content=\"624\" \/>\n\t<meta property=\"og:image:type\" content=\"image\/jpeg\" \/>\n<meta name=\"author\" content=\"MyWatch\" \/>\n<meta name=\"twitter:card\" content=\"summary_large_image\" \/>\n<meta name=\"twitter:creator\" content=\"@mywatchsite\" \/>\n<meta name=\"twitter:site\" content=\"@mywatchsite\" \/>\n<meta name=\"twitter:label1\" content=\"\u00c9crit par\" \/>\n\t<meta name=\"twitter:data1\" content=\"MyWatch\" \/>\n\t<meta name=\"twitter:label2\" content=\"Dur\u00e9e de lecture estim\u00e9e\" \/>\n\t<meta name=\"twitter:data2\" content=\"2 minutes\" \/>\n<script type=\"application\/ld+json\" class=\"yoast-schema-graph\">{\"@context\":\"https:\/\/schema.org\",\"@graph\":[{\"@type\":\"WebPage\",\"@id\":\"https:\/\/www.my-watchsite.fr\/blog\/le-reveil-musical-de-breguet-pour-only-watch-2011-n161\/\",\"url\":\"https:\/\/www.my-watchsite.fr\/blog\/le-reveil-musical-de-breguet-pour-only-watch-2011-n161\/\",\"name\":\"Le R\u00e9veil Musical de Breguet pour Only Watch 2011 - MyWatch FR\",\"isPartOf\":{\"@id\":\"https:\/\/www.my-watchsite.fr\/blog\/#website\"},\"datePublished\":\"2011-06-30T22:00:00+00:00\",\"dateModified\":\"2021-09-09T14:03:41+00:00\",\"author\":{\"@id\":\"https:\/\/www.my-watchsite.fr\/blog\/#\/schema\/person\/67e19b3e3d014465042ff1be1c9fcf44\"},\"description\":\"Gr\u00e2ce \u00e0 un m\u00e9canisme musical brevet\u00e9, ce R\u00e9veil Musical de Breguet en or blanc interpr\u00e8te la m\u00e9lodie \u00ab Un ch\u00e2teau dans le ciel \u00bb\",\"breadcrumb\":{\"@id\":\"https:\/\/www.my-watchsite.fr\/blog\/le-reveil-musical-de-breguet-pour-only-watch-2011-n161\/#breadcrumb\"},\"inLanguage\":\"fr-FR\",\"potentialAction\":[{\"@type\":\"ReadAction\",\"target\":[\"https:\/\/www.my-watchsite.fr\/blog\/le-reveil-musical-de-breguet-pour-only-watch-2011-n161\/\"]}]},{\"@type\":\"BreadcrumbList\",\"@id\":\"https:\/\/www.my-watchsite.fr\/blog\/le-reveil-musical-de-breguet-pour-only-watch-2011-n161\/#breadcrumb\",\"itemListElement\":[{\"@type\":\"ListItem\",\"position\":1,\"name\":\"Accueil\",\"item\":\"https:\/\/www.my-watchsite.fr\/blog\/\"},{\"@type\":\"ListItem\",\"position\":2,\"name\":\"Le R\u00e9veil Musical de Breguet pour Only Watch 2011\"}]},{\"@type\":\"WebSite\",\"@id\":\"https:\/\/www.my-watchsite.fr\/blog\/#website\",\"url\":\"https:\/\/www.my-watchsite.fr\/blog\/\",\"name\":\"MyWatch FR\",\"description\":\"Make Time a Lifestyle\",\"potentialAction\":[{\"@type\":\"SearchAction\",\"target\":{\"@type\":\"EntryPoint\",\"urlTemplate\":\"https:\/\/www.my-watchsite.fr\/blog\/?s={search_term_string}\"},\"query-input\":\"required name=search_term_string\"}],\"inLanguage\":\"fr-FR\"},{\"@type\":\"Person\",\"@id\":\"https:\/\/www.my-watchsite.fr\/blog\/#\/schema\/person\/67e19b3e3d014465042ff1be1c9fcf44\",\"name\":\"MyWatch\",\"image\":{\"@type\":\"ImageObject\",\"inLanguage\":\"fr-FR\",\"@id\":\"https:\/\/www.my-watchsite.fr\/blog\/#\/schema\/person\/image\/\",\"url\":\"https:\/\/secure.gravatar.com\/avatar\/e52d1e94806c54826c863f554ca1dd2a?s=96&d=mm&r=g\",\"contentUrl\":\"https:\/\/secure.gravatar.com\/avatar\/e52d1e94806c54826c863f554ca1dd2a?s=96&d=mm&r=g\",\"caption\":\"MyWatch\"},\"sameAs\":[\"https:\/\/www.my-watchsite.fr\/blog\"]}]}<\/script>\n<!-- \/ Yoast SEO plugin. -->","yoast_head_json":{"title":"Le R\u00e9veil Musical de Breguet pour Only Watch 2011 - MyWatch FR","description":"Gr\u00e2ce \u00e0 un m\u00e9canisme musical brevet\u00e9, ce R\u00e9veil Musical de Breguet en or blanc interpr\u00e8te la m\u00e9lodie \u00ab Un ch\u00e2teau dans le ciel \u00bb","robots":{"index":"index","follow":"follow","max-snippet":"max-snippet:-1","max-image-preview":"max-image-preview:large","max-video-preview":"max-video-preview:-1"},"canonical":"https:\/\/www.my-watchsite.fr\/blog\/le-reveil-musical-de-breguet-pour-only-watch-2011-n161\/","og_locale":"fr_FR","og_type":"article","og_title":"Le R\u00e9veil Musical de Breguet pour Only Watch 2011 - MyWatch FR","og_description":"Gr\u00e2ce \u00e0 un m\u00e9canisme musical brevet\u00e9, ce R\u00e9veil Musical de Breguet en or blanc interpr\u00e8te la m\u00e9lodie \u00ab Un ch\u00e2teau dans le ciel \u00bb","og_url":"https:\/\/www.my-watchsite.fr\/blog\/le-reveil-musical-de-breguet-pour-only-watch-2011-n161\/","og_site_name":"MyWatch FR","article_publisher":"https:\/\/www.facebook.com\/mywatchsite\/","article_published_time":"2011-06-30T22:00:00+00:00","article_modified_time":"2021-09-09T14:03:41+00:00","og_image":[{"width":450,"height":624,"url":"https:\/\/www.my-watchsite.fr\/blog\/wp-content\/uploads\/2020\/08\/161_323.jpg","type":"image\/jpeg"}],"author":"MyWatch","twitter_card":"summary_large_image","twitter_creator":"@mywatchsite","twitter_site":"@mywatchsite","twitter_misc":{"\u00c9crit par":"MyWatch","Dur\u00e9e de lecture estim\u00e9e":"2 minutes"},"schema":{"@context":"https:\/\/schema.org","@graph":[{"@type":"WebPage","@id":"https:\/\/www.my-watchsite.fr\/blog\/le-reveil-musical-de-breguet-pour-only-watch-2011-n161\/","url":"https:\/\/www.my-watchsite.fr\/blog\/le-reveil-musical-de-breguet-pour-only-watch-2011-n161\/","name":"Le R\u00e9veil Musical de Breguet pour Only Watch 2011 - MyWatch FR","isPartOf":{"@id":"https:\/\/www.my-watchsite.fr\/blog\/#website"},"datePublished":"2011-06-30T22:00:00+00:00","dateModified":"2021-09-09T14:03:41+00:00","author":{"@id":"https:\/\/www.my-watchsite.fr\/blog\/#\/schema\/person\/67e19b3e3d014465042ff1be1c9fcf44"},"description":"Gr\u00e2ce \u00e0 un m\u00e9canisme musical brevet\u00e9, ce R\u00e9veil Musical de Breguet en or blanc interpr\u00e8te la m\u00e9lodie \u00ab Un ch\u00e2teau dans le ciel \u00bb","breadcrumb":{"@id":"https:\/\/www.my-watchsite.fr\/blog\/le-reveil-musical-de-breguet-pour-only-watch-2011-n161\/#breadcrumb"},"inLanguage":"fr-FR","potentialAction":[{"@type":"ReadAction","target":["https:\/\/www.my-watchsite.fr\/blog\/le-reveil-musical-de-breguet-pour-only-watch-2011-n161\/"]}]},{"@type":"BreadcrumbList","@id":"https:\/\/www.my-watchsite.fr\/blog\/le-reveil-musical-de-breguet-pour-only-watch-2011-n161\/#breadcrumb","itemListElement":[{"@type":"ListItem","position":1,"name":"Accueil","item":"https:\/\/www.my-watchsite.fr\/blog\/"},{"@type":"ListItem","position":2,"name":"Le R\u00e9veil Musical de Breguet pour Only Watch 2011"}]},{"@type":"WebSite","@id":"https:\/\/www.my-watchsite.fr\/blog\/#website","url":"https:\/\/www.my-watchsite.fr\/blog\/","name":"MyWatch FR","description":"Make Time a Lifestyle","potentialAction":[{"@type":"SearchAction","target":{"@type":"EntryPoint","urlTemplate":"https:\/\/www.my-watchsite.fr\/blog\/?s={search_term_string}"},"query-input":"required name=search_term_string"}],"inLanguage":"fr-FR"},{"@type":"Person","@id":"https:\/\/www.my-watchsite.fr\/blog\/#\/schema\/person\/67e19b3e3d014465042ff1be1c9fcf44","name":"MyWatch","image":{"@type":"ImageObject","inLanguage":"fr-FR","@id":"https:\/\/www.my-watchsite.fr\/blog\/#\/schema\/person\/image\/","url":"https:\/\/secure.gravatar.com\/avatar\/e52d1e94806c54826c863f554ca1dd2a?s=96&d=mm&r=g","contentUrl":"https:\/\/secure.gravatar.com\/avatar\/e52d1e94806c54826c863f554ca1dd2a?s=96&d=mm&r=g","caption":"MyWatch"},"sameAs":["https:\/\/www.my-watchsite.fr\/blog"]}]}},"_links":{"self":[{"href":"https:\/\/www.my-watchsite.fr\/blog\/wp-json\/wp\/v2\/posts\/523"}],"collection":[{"href":"https:\/\/www.my-watchsite.fr\/blog\/wp-json\/wp\/v2\/posts"}],"about":[{"href":"https:\/\/www.my-watchsite.fr\/blog\/wp-json\/wp\/v2\/types\/post"}],"author":[{"embeddable":true,"href":"https:\/\/www.my-watchsite.fr\/blog\/wp-json\/wp\/v2\/users\/1"}],"replies":[{"embeddable":true,"href":"https:\/\/www.my-watchsite.fr\/blog\/wp-json\/wp\/v2\/comments?post=523"}],"version-history":[{"count":2,"href":"https:\/\/www.my-watchsite.fr\/blog\/wp-json\/wp\/v2\/posts\/523\/revisions"}],"predecessor-version":[{"id":16086,"href":"https:\/\/www.my-watchsite.fr\/blog\/wp-json\/wp\/v2\/posts\/523\/revisions\/16086"}],"wp:featuredmedia":[{"embeddable":true,"href":"https:\/\/www.my-watchsite.fr\/blog\/wp-json\/wp\/v2\/media\/524"}],"wp:attachment":[{"href":"https:\/\/www.my-watchsite.fr\/blog\/wp-json\/wp\/v2\/media?parent=523"}],"wp:term":[{"taxonomy":"category","embeddable":true,"href":"https:\/\/www.my-watchsite.fr\/blog\/wp-json\/wp\/v2\/categories?post=523"},{"taxonomy":"post_tag","embeddable":true,"href":"https:\/\/www.my-watchsite.fr\/blog\/wp-json\/wp\/v2\/tags?post=523"}],"curies":[{"name":"wp","href":"https:\/\/api.w.org\/{rel}","templated":true}]}}