{"id":5398,"date":"2017-06-01T15:04:19","date_gmt":"2017-06-01T13:04:19","guid":{"rendered":"https:\/\/www.my-watchsite.fr\/blog\/blog\/longines-celebre-les-90-ans-du-premier-vol-transatlantique-de-lindbergh-n2173\/"},"modified":"2021-05-25T16:48:28","modified_gmt":"2021-05-25T14:48:28","slug":"longines-celebre-les-90-ans-du-premier-vol-transatlantique-de-lindbergh-n2173","status":"publish","type":"post","link":"https:\/\/www.my-watchsite.fr\/blog\/longines-celebre-les-90-ans-du-premier-vol-transatlantique-de-lindbergh-n2173\/","title":{"rendered":"Longines rend hommage au premier vol transatlantique de Lindbergh"},"content":{"rendered":"<h3>En 1927, Charles Lindbergh entrait dans la l\u00e9gende en effectuant le premier vol transatlantique en solo sans escale. Un exploit, chronom\u00e9tr\u00e9 \u00e0 l&rsquo;\u00e9poque par la maison horlog\u00e8re suisse Longines qui \u00e9dite un mod\u00e8le hommage \u00e0 l&rsquo;occasion du 90\u00e8me anniversaire de cette travers\u00e9e historique.<\/h3>\n<p>Nicolas YVON<\/p>\n<p><img decoding=\"async\" src=\"https:\/\/www.my-watchsite.fr\/blog\/wp-content\/uploads\/2020\/08\/LonginesLindbergh4.jpg\" alt=\"Charles Lindbergh devant le Spirit of St. Louis\" \/><\/p>\n<p>New-York, le 20 mai 1927, 7h52, le \u00ab\u00a0Spirit of St. Louis\u00a0\u00bb s&rsquo;\u00e9levait de la piste de l\u2019a\u00e9roport Roosevelt pour rejoindre d&rsquo;une traite l\u2019a\u00e9roport du Bourget, pr\u00e8s de Paris. Aux commandes du monomoteur, le jeune pilote am\u00e9ricain Charles A. Lindbergh allait entrer \u00e0 jamais dans l&rsquo;histoire de l&rsquo;aviation trente-trois heures et demie plus tard, en se posant en France, r\u00e9alisant du coup le premier vol transatlantique en solo sans escale. Chronom\u00e9treur officiel de la F\u00e9d\u00e9ration internationale de l\u2019a\u00e9ronautique \u00e0 l&rsquo;\u00e9poque, Longines participa \u00e9galement \u00e0 l\u2019homologation de cette prouesse en chronom\u00e9trant le vol, puis en l\u2019ajoutant \u00e0 la liste des records a\u00e9riens.<\/p>\n<p><img decoding=\"async\" src=\"https:\/\/www.my-watchsite.fr\/blog\/wp-content\/uploads\/2020\/08\/LonginesLindbergh3.jpg\" alt=\"Plan de vol de Charles Lindbergh\" \/><\/p>\n<p>L&rsquo;histoire entre le pilote et la maison horlog\u00e8re aurait pu s&rsquo;arr\u00eater l\u00e0, mais peu de temps apr\u00e8s, Charles Lindbergh se rapprocha de Longines pour mettre au point un garde-temps sp\u00e9cifique qui puisse r\u00e9pondre \u00e0 ses besoins. C&rsquo;est ainsi que la montre \u00ab\u00a0\u00e0 angle horaire\u00a0\u00bb de Longines vit le jour et devint une v\u00e9ritable ic\u00f4ne de la marque. Con\u00e7u par Lindbergh lui-m\u00eame, avec les horlogers de Longines, ce v\u00e9ritable instrument permettait de d\u00e9terminer avec pr\u00e9cision la longitude au cours de vols longues distances. Pilotes ou navigateurs pouvaient ainsi s\u2019orienter rapidement et efficacement. R\u00e9\u00e9dit\u00e9e en 2002, cette pi\u00e8ce remarquable figure parmi les r\u00e9f\u00e9rences embl\u00e9matiques de la collection H\u00e9ritage de Longines.<\/p>\n<p><img decoding=\"async\" src=\"https:\/\/www.my-watchsite.fr\/blog\/wp-content\/uploads\/2020\/08\/LonginesLindbergh2.jpg\" alt=\"Conception de la montre \u00e0 angle horaire\" \/><\/p>\n<p><img decoding=\"async\" src=\"https:\/\/www.my-watchsite.fr\/blog\/wp-content\/uploads\/2020\/08\/LonginesLindbergh5.jpg\" alt=\"La montre \u00e0 angle horaire originelle con\u00e7ue par Lindbergh et Longines\" \/><\/p>\n<h3>La Maison comm\u00e9more aujourd\u2019hui le 90\u00e8me anniversaire de l\u2019exploit de Charles Lindbergh et de son chronom\u00e9trage.<\/h3>\n<p>C\u2019est lors d\u2019une soir\u00e9e anniversaire \u00e0 l\u2019Oiseau Blanc en pr\u00e9sence de Catherine Maunoury, Pr\u00e9sidente de l\u2019A\u00e9ro-Club de France et double championne du monde de voltige a\u00e9rienne, ainsi que du Colonel Jack Aalborg, de l\u2019Ambassade des Etats-Unis, que Juan-Carlos Capelli, Vice-pr\u00e9sident et Directeur Marketing International de Longines a rappel\u00e9 les liens historiques et profonds qui unissent Longines et Charles Lindbergh. Il a \u00e9galement pr\u00e9sent\u00e9 une nouvelle \u00e9dition de la l\u00e9gendaire montre \u00e0 angle horaire, produite en s\u00e9rie num\u00e9rot\u00e9e et limit\u00e9e \u00e0 90 exemplaires : The Lindbergh Hour Angle Watch 90th Anniversary.<\/p>\n<p><img decoding=\"async\" src=\"https:\/\/www.my-watchsite.fr\/blog\/wp-content\/uploads\/2020\/08\/LonginesLindbergh1.jpg\" alt=\"La r\u00e9\u00e9dition de la montre de Charles Lindbergh\" \/><\/p>\n<p>Cette pi\u00e8ce d\u2019exception en titane et acier s\u2019adresse \u00e0 tous les passionn\u00e9s d\u2019histoire, d\u2019aventure et d\u2019horlogerie. Son cadran bross\u00e9 est dot\u00e9 d&rsquo;aiguilles \u00e0 \u00ab\u00a0pomme \u00e9vid\u00e9e\u00a0\u00bb qui pointent le temps sur des chiffres romains et une minuterie \u00ab\u00a0chemin de fer\u00a0\u00bb. Il dispose aussi d&rsquo;une \u00e9chelle 180\u00b0 qui sert aux calculs des longitudes avec le disque central rotatif noir et la lunette tournante en acier PVD noir. Aussi imposant que la pi\u00e8ce originelle, ce mod\u00e8le affiche 47,5 mm de diam\u00e8tre. Cette taille g\u00e9n\u00e9reuse, qui facilitait la lecture et les manipulations dans la p\u00e9nombre et les vibrations des avions de l\u2019\u00e9poque, permettra aujourd&rsquo;hui \u00e0 ce s\u00e9duisant mod\u00e8le vintage de se faire rep\u00e9rer au premier coup d&rsquo;\u0153il au poignet de son heureux propri\u00e9taire.<\/p>\n\n\n<p>Lire aussi l&rsquo;article <a href=\"https:\/\/www.my-watchsite.fr\/blog\/nouvelle-longines-conquest-roland-garros-l-acier-au-service-de-la-sportivite-f-n1916\/\" target=\"_blank\" rel=\"noreferrer noopener\">Nouvelle Longines Conquest Roland Garros : l\u2019acier au service de la sportivit\u00e9 f\u00e9minine<\/a><\/p>\n\n\n\n<p><a href=\"https:\/\/www.longines.com\/fr\" target=\"_blank\" rel=\"noreferrer noopener\">www.longines.com<\/a><\/p>\n","protected":false},"excerpt":{"rendered":"<p>En 1927, Charles Lindbergh entrait dans la l\u00e9gende en effectuant le premier vol transatlantique en solo sans escale. Un exploit, chronom\u00e9tr\u00e9 \u00e0 l&rsquo;\u00e9poque par la maison horlog\u00e8re suisse Longines qui \u00e9dite un mod\u00e8le hommage \u00e0 l&rsquo;occasion du 90\u00e8me anniversaire de cette travers\u00e9e historique. Nicolas YVON New-York, le 20 mai 1927, 7h52, le \u00ab\u00a0Spirit of St. [&hellip;]<\/p>\n","protected":false},"author":1,"featured_media":5404,"comment_status":"closed","ping_status":"closed","sticky":false,"template":"","format":"standard","meta":{"footnotes":""},"categories":[2],"tags":[49],"acf":[],"yoast_head":"<!-- This site is optimized with the Yoast SEO plugin v20.4 - https:\/\/yoast.com\/wordpress\/plugins\/seo\/ -->\n<title>Longines rend hommage au premier vol transatlantique de Lindbergh<\/title>\n<meta name=\"description\" content=\"Longines \u00e9dite un mod\u00e8le hommage \u00e0 Charles Lindbergh, \u00e0 l&#039;occasion du 90\u00e8me anniversaire du 1er vol transatlantique en solo et sans escale...\" \/>\n<meta name=\"robots\" content=\"index, follow, max-snippet:-1, max-image-preview:large, max-video-preview:-1\" \/>\n<link rel=\"canonical\" href=\"https:\/\/www.my-watchsite.fr\/blog\/longines-celebre-les-90-ans-du-premier-vol-transatlantique-de-lindbergh-n2173\/\" \/>\n<meta property=\"og:locale\" content=\"fr_FR\" \/>\n<meta property=\"og:type\" content=\"article\" \/>\n<meta property=\"og:title\" content=\"Longines rend hommage au premier vol transatlantique de Lindbergh\" \/>\n<meta property=\"og:description\" content=\"Longines \u00e9dite un mod\u00e8le hommage \u00e0 Charles Lindbergh, \u00e0 l&#039;occasion du 90\u00e8me anniversaire du 1er vol transatlantique en solo et sans escale...\" \/>\n<meta property=\"og:url\" content=\"https:\/\/www.my-watchsite.fr\/blog\/longines-celebre-les-90-ans-du-premier-vol-transatlantique-de-lindbergh-n2173\/\" \/>\n<meta property=\"og:site_name\" content=\"MyWatch FR\" \/>\n<meta property=\"article:publisher\" content=\"https:\/\/www.facebook.com\/mywatchsite\/\" \/>\n<meta property=\"article:published_time\" content=\"2017-06-01T13:04:19+00:00\" \/>\n<meta property=\"article:modified_time\" content=\"2021-05-25T14:48:28+00:00\" \/>\n<meta property=\"og:image\" content=\"https:\/\/www.my-watchsite.fr\/blog\/wp-content\/uploads\/2020\/08\/thumb_2173.jpg\" \/>\n\t<meta property=\"og:image:width\" content=\"654\" \/>\n\t<meta property=\"og:image:height\" content=\"435\" \/>\n\t<meta property=\"og:image:type\" content=\"image\/jpeg\" \/>\n<meta name=\"author\" content=\"MyWatch\" \/>\n<meta name=\"twitter:card\" content=\"summary_large_image\" \/>\n<meta name=\"twitter:creator\" content=\"@mywatchsite\" \/>\n<meta name=\"twitter:site\" content=\"@mywatchsite\" \/>\n<meta name=\"twitter:label1\" content=\"\u00c9crit par\" \/>\n\t<meta name=\"twitter:data1\" content=\"MyWatch\" \/>\n\t<meta name=\"twitter:label2\" content=\"Dur\u00e9e de lecture estim\u00e9e\" \/>\n\t<meta name=\"twitter:data2\" content=\"4 minutes\" \/>\n<script type=\"application\/ld+json\" class=\"yoast-schema-graph\">{\"@context\":\"https:\/\/schema.org\",\"@graph\":[{\"@type\":\"WebPage\",\"@id\":\"https:\/\/www.my-watchsite.fr\/blog\/longines-celebre-les-90-ans-du-premier-vol-transatlantique-de-lindbergh-n2173\/\",\"url\":\"https:\/\/www.my-watchsite.fr\/blog\/longines-celebre-les-90-ans-du-premier-vol-transatlantique-de-lindbergh-n2173\/\",\"name\":\"Longines rend hommage au premier vol transatlantique de Lindbergh\",\"isPartOf\":{\"@id\":\"https:\/\/www.my-watchsite.fr\/blog\/#website\"},\"datePublished\":\"2017-06-01T13:04:19+00:00\",\"dateModified\":\"2021-05-25T14:48:28+00:00\",\"author\":{\"@id\":\"https:\/\/www.my-watchsite.fr\/blog\/#\/schema\/person\/67e19b3e3d014465042ff1be1c9fcf44\"},\"description\":\"Longines \u00e9dite un mod\u00e8le hommage \u00e0 Charles Lindbergh, \u00e0 l'occasion du 90\u00e8me anniversaire du 1er vol transatlantique en solo et sans escale...\",\"breadcrumb\":{\"@id\":\"https:\/\/www.my-watchsite.fr\/blog\/longines-celebre-les-90-ans-du-premier-vol-transatlantique-de-lindbergh-n2173\/#breadcrumb\"},\"inLanguage\":\"fr-FR\",\"potentialAction\":[{\"@type\":\"ReadAction\",\"target\":[\"https:\/\/www.my-watchsite.fr\/blog\/longines-celebre-les-90-ans-du-premier-vol-transatlantique-de-lindbergh-n2173\/\"]}]},{\"@type\":\"BreadcrumbList\",\"@id\":\"https:\/\/www.my-watchsite.fr\/blog\/longines-celebre-les-90-ans-du-premier-vol-transatlantique-de-lindbergh-n2173\/#breadcrumb\",\"itemListElement\":[{\"@type\":\"ListItem\",\"position\":1,\"name\":\"Accueil\",\"item\":\"https:\/\/www.my-watchsite.fr\/blog\/\"},{\"@type\":\"ListItem\",\"position\":2,\"name\":\"Longines rend hommage au premier vol transatlantique de Lindbergh\"}]},{\"@type\":\"WebSite\",\"@id\":\"https:\/\/www.my-watchsite.fr\/blog\/#website\",\"url\":\"https:\/\/www.my-watchsite.fr\/blog\/\",\"name\":\"MyWatch FR\",\"description\":\"Make Time a Lifestyle\",\"potentialAction\":[{\"@type\":\"SearchAction\",\"target\":{\"@type\":\"EntryPoint\",\"urlTemplate\":\"https:\/\/www.my-watchsite.fr\/blog\/?s={search_term_string}\"},\"query-input\":\"required name=search_term_string\"}],\"inLanguage\":\"fr-FR\"},{\"@type\":\"Person\",\"@id\":\"https:\/\/www.my-watchsite.fr\/blog\/#\/schema\/person\/67e19b3e3d014465042ff1be1c9fcf44\",\"name\":\"MyWatch\",\"image\":{\"@type\":\"ImageObject\",\"inLanguage\":\"fr-FR\",\"@id\":\"https:\/\/www.my-watchsite.fr\/blog\/#\/schema\/person\/image\/\",\"url\":\"https:\/\/secure.gravatar.com\/avatar\/e52d1e94806c54826c863f554ca1dd2a?s=96&d=mm&r=g\",\"contentUrl\":\"https:\/\/secure.gravatar.com\/avatar\/e52d1e94806c54826c863f554ca1dd2a?s=96&d=mm&r=g\",\"caption\":\"MyWatch\"},\"sameAs\":[\"https:\/\/www.my-watchsite.fr\/blog\"]}]}<\/script>\n<!-- \/ Yoast SEO plugin. -->","yoast_head_json":{"title":"Longines rend hommage au premier vol transatlantique de Lindbergh","description":"Longines \u00e9dite un mod\u00e8le hommage \u00e0 Charles Lindbergh, \u00e0 l'occasion du 90\u00e8me anniversaire du 1er vol transatlantique en solo et sans escale...","robots":{"index":"index","follow":"follow","max-snippet":"max-snippet:-1","max-image-preview":"max-image-preview:large","max-video-preview":"max-video-preview:-1"},"canonical":"https:\/\/www.my-watchsite.fr\/blog\/longines-celebre-les-90-ans-du-premier-vol-transatlantique-de-lindbergh-n2173\/","og_locale":"fr_FR","og_type":"article","og_title":"Longines rend hommage au premier vol transatlantique de Lindbergh","og_description":"Longines \u00e9dite un mod\u00e8le hommage \u00e0 Charles Lindbergh, \u00e0 l'occasion du 90\u00e8me anniversaire du 1er vol transatlantique en solo et sans escale...","og_url":"https:\/\/www.my-watchsite.fr\/blog\/longines-celebre-les-90-ans-du-premier-vol-transatlantique-de-lindbergh-n2173\/","og_site_name":"MyWatch FR","article_publisher":"https:\/\/www.facebook.com\/mywatchsite\/","article_published_time":"2017-06-01T13:04:19+00:00","article_modified_time":"2021-05-25T14:48:28+00:00","og_image":[{"width":654,"height":435,"url":"https:\/\/www.my-watchsite.fr\/blog\/wp-content\/uploads\/2020\/08\/thumb_2173.jpg","type":"image\/jpeg"}],"author":"MyWatch","twitter_card":"summary_large_image","twitter_creator":"@mywatchsite","twitter_site":"@mywatchsite","twitter_misc":{"\u00c9crit par":"MyWatch","Dur\u00e9e de lecture estim\u00e9e":"4 minutes"},"schema":{"@context":"https:\/\/schema.org","@graph":[{"@type":"WebPage","@id":"https:\/\/www.my-watchsite.fr\/blog\/longines-celebre-les-90-ans-du-premier-vol-transatlantique-de-lindbergh-n2173\/","url":"https:\/\/www.my-watchsite.fr\/blog\/longines-celebre-les-90-ans-du-premier-vol-transatlantique-de-lindbergh-n2173\/","name":"Longines rend hommage au premier vol transatlantique de Lindbergh","isPartOf":{"@id":"https:\/\/www.my-watchsite.fr\/blog\/#website"},"datePublished":"2017-06-01T13:04:19+00:00","dateModified":"2021-05-25T14:48:28+00:00","author":{"@id":"https:\/\/www.my-watchsite.fr\/blog\/#\/schema\/person\/67e19b3e3d014465042ff1be1c9fcf44"},"description":"Longines \u00e9dite un mod\u00e8le hommage \u00e0 Charles Lindbergh, \u00e0 l'occasion du 90\u00e8me anniversaire du 1er vol transatlantique en solo et sans escale...","breadcrumb":{"@id":"https:\/\/www.my-watchsite.fr\/blog\/longines-celebre-les-90-ans-du-premier-vol-transatlantique-de-lindbergh-n2173\/#breadcrumb"},"inLanguage":"fr-FR","potentialAction":[{"@type":"ReadAction","target":["https:\/\/www.my-watchsite.fr\/blog\/longines-celebre-les-90-ans-du-premier-vol-transatlantique-de-lindbergh-n2173\/"]}]},{"@type":"BreadcrumbList","@id":"https:\/\/www.my-watchsite.fr\/blog\/longines-celebre-les-90-ans-du-premier-vol-transatlantique-de-lindbergh-n2173\/#breadcrumb","itemListElement":[{"@type":"ListItem","position":1,"name":"Accueil","item":"https:\/\/www.my-watchsite.fr\/blog\/"},{"@type":"ListItem","position":2,"name":"Longines rend hommage au premier vol transatlantique de Lindbergh"}]},{"@type":"WebSite","@id":"https:\/\/www.my-watchsite.fr\/blog\/#website","url":"https:\/\/www.my-watchsite.fr\/blog\/","name":"MyWatch FR","description":"Make Time a Lifestyle","potentialAction":[{"@type":"SearchAction","target":{"@type":"EntryPoint","urlTemplate":"https:\/\/www.my-watchsite.fr\/blog\/?s={search_term_string}"},"query-input":"required name=search_term_string"}],"inLanguage":"fr-FR"},{"@type":"Person","@id":"https:\/\/www.my-watchsite.fr\/blog\/#\/schema\/person\/67e19b3e3d014465042ff1be1c9fcf44","name":"MyWatch","image":{"@type":"ImageObject","inLanguage":"fr-FR","@id":"https:\/\/www.my-watchsite.fr\/blog\/#\/schema\/person\/image\/","url":"https:\/\/secure.gravatar.com\/avatar\/e52d1e94806c54826c863f554ca1dd2a?s=96&d=mm&r=g","contentUrl":"https:\/\/secure.gravatar.com\/avatar\/e52d1e94806c54826c863f554ca1dd2a?s=96&d=mm&r=g","caption":"MyWatch"},"sameAs":["https:\/\/www.my-watchsite.fr\/blog"]}]}},"_links":{"self":[{"href":"https:\/\/www.my-watchsite.fr\/blog\/wp-json\/wp\/v2\/posts\/5398"}],"collection":[{"href":"https:\/\/www.my-watchsite.fr\/blog\/wp-json\/wp\/v2\/posts"}],"about":[{"href":"https:\/\/www.my-watchsite.fr\/blog\/wp-json\/wp\/v2\/types\/post"}],"author":[{"embeddable":true,"href":"https:\/\/www.my-watchsite.fr\/blog\/wp-json\/wp\/v2\/users\/1"}],"replies":[{"embeddable":true,"href":"https:\/\/www.my-watchsite.fr\/blog\/wp-json\/wp\/v2\/comments?post=5398"}],"version-history":[{"count":2,"href":"https:\/\/www.my-watchsite.fr\/blog\/wp-json\/wp\/v2\/posts\/5398\/revisions"}],"predecessor-version":[{"id":13439,"href":"https:\/\/www.my-watchsite.fr\/blog\/wp-json\/wp\/v2\/posts\/5398\/revisions\/13439"}],"wp:featuredmedia":[{"embeddable":true,"href":"https:\/\/www.my-watchsite.fr\/blog\/wp-json\/wp\/v2\/media\/5404"}],"wp:attachment":[{"href":"https:\/\/www.my-watchsite.fr\/blog\/wp-json\/wp\/v2\/media?parent=5398"}],"wp:term":[{"taxonomy":"category","embeddable":true,"href":"https:\/\/www.my-watchsite.fr\/blog\/wp-json\/wp\/v2\/categories?post=5398"},{"taxonomy":"post_tag","embeddable":true,"href":"https:\/\/www.my-watchsite.fr\/blog\/wp-json\/wp\/v2\/tags?post=5398"}],"curies":[{"name":"wp","href":"https:\/\/api.w.org\/{rel}","templated":true}]}}