{"id":5432,"date":"2017-06-19T12:31:33","date_gmt":"2017-06-19T10:31:33","guid":{"rendered":"https:\/\/www.my-watchsite.fr\/blog\/blog\/michel-herbelin-donne-l-heure-a-la-premiere-dame-n2185\/"},"modified":"2021-09-02T14:54:30","modified_gmt":"2021-09-02T12:54:30","slug":"michel-herbelin-montre-brigitte-macron-n2185","status":"publish","type":"post","link":"https:\/\/www.my-watchsite.fr\/blog\/michel-herbelin-montre-brigitte-macron-n2185\/","title":{"rendered":"Michel Herbelin donne l&rsquo;heure \u00e0 la Premi\u00e8re dame"},"content":{"rendered":"<p><strong>Si la montre de notre nouveau Pr\u00e9sident de la R\u00e9publique n&rsquo;est pas pr\u00e9cis\u00e9ment connue, celle de son \u00e9pouse Brigitte Macron, en revanche, est un mod\u00e8le Antar\u00e8s : une cr\u00e9ation de la maison fran\u00e7aise Michel Herbelin, sobre et \u00e9l\u00e9gante \u00e0 l&rsquo;image de la Premi\u00e8re dame.<\/strong><\/p>\n<p><strong><img decoding=\"async\" src=\"https:\/\/www.my-watchsite.fr\/blog\/wp-content\/uploads\/2020\/08\/coffretantaresmichelherbelinbrigittemacron.jpg\" alt=\"Coffret Antar\u00e8s de Michel Herbelin choisi par Brigitte Macron\" \/><\/strong><\/p>\n<p>Depuis l\u2019\u00e9lection pr\u00e9sidentielle surtout, c&rsquo;est un fait, Brigitte Macron refl\u00e8te l\u2019\u00e9l\u00e9gance fran\u00e7aise \u00e0 la perfection. Courtoisement habill\u00e9e par Louis Vuitton, notamment pour les d\u00e9placements officiels, la Premi\u00e8re dame fait \u00e9galement honneur \u00e0 la maison horlog\u00e8re fran\u00e7aise Michel Herbelin en portant une montre issue de la collection Antar\u00e8s.<\/p>\n<p>Michel Herbelin peut se r\u00e9jouir. Avec Brigitte Macron, la marque b\u00e9n\u00e9ficie d&rsquo;un coup de projecteur hors normes. D&rsquo;autant que le choix de la Premi\u00e8re dame est judicieux puisque le mod\u00e8le Antar\u00e8s est muni d&rsquo;un syst\u00e8me de bracelets interchangeables et peut, de fait, s&rsquo;accorder sans faute de go\u00fbt \u00e0 toutes ses tenues. Gr\u00e2ce \u00e0 ce dispositif, la montre devient un v\u00e9ritable accessoire de mode. Propos\u00e9e dans un \u00e9l\u00e9gant coffret incluant deux bracelets (cuir blanc fa\u00e7on iguane et cuir rouge lisse), l&rsquo;Antar\u00e8s peut se personnaliser quasiment \u00e0 l&rsquo;infinie avec une multitude d&rsquo;autres bracelets (simple ou double tour en cuir, vingt-deux couleurs diff\u00e9rentes mais aussi acier ou bicolore). C\u2019est un coffret incluant trois bracelets (acier, simple et double tours en cuir) que l\u2019ancienne professeur de fran\u00e7ais s\u2019est elle-m\u00eame offert pour 760 \u20ac, un prix parfaitement raisonnable, qui refl\u00e8te lui aussi la personnalit\u00e9 de la Premi\u00e8re dame.<\/p>\n<p>Toujours dans cette tendance pr\u00e9sidentielle \u00ab\u00a0Made in France\u00a0\u00bb, si l&rsquo;on ne sait pas grand chose concernant la montre que porte son \u00e9poux, on sait en revanche que son v\u00e9hicule officiel, la DS 7 Crossback du groupe PSA, est \u00e9quip\u00e9 d&rsquo;un tableau de bord ultramoderne, o\u00f9 tr\u00f4ne au centre, une horloge sign\u00e9e B.R.M : une autre maison horlog\u00e8re fran\u00e7aise. Cocorico !<\/p>\n<p>Michel Herbelin, coffret Antar\u00e8s, deux bracelets : \u00e0 partir de 550 \u20ac<\/p>\n\n\n<p><a href=\"https:\/\/www.michel-herbelin.com\" target=\"_blank\" rel=\"noreferrer noopener\">www.michel-herbelin.com<\/a><\/p>\n\n\n\n<p>Lire aussi l&rsquo;article <a href=\"https:\/\/www.my-watchsite.fr\/blog\/michel-herbelin-newport-chronographe-automatique-regate-n2395\/\" target=\"_blank\" rel=\"noreferrer noopener\">Michel Herbelin hisse la grand voile pour la Porquerolle\u2019s Classic<\/a><\/p>\n","protected":false},"excerpt":{"rendered":"<p>Si la montre de notre nouveau Pr\u00e9sident de la R\u00e9publique n&rsquo;est pas pr\u00e9cis\u00e9ment connue, celle de son \u00e9pouse Brigitte Macron, en revanche, est un mod\u00e8le Antar\u00e8s : une cr\u00e9ation de la maison fran\u00e7aise Michel Herbelin, sobre et \u00e9l\u00e9gante \u00e0 l&rsquo;image de la Premi\u00e8re dame. Depuis l\u2019\u00e9lection pr\u00e9sidentielle surtout, c&rsquo;est un fait, Brigitte Macron refl\u00e8te l\u2019\u00e9l\u00e9gance [&hellip;]<\/p>\n","protected":false},"author":1,"featured_media":5434,"comment_status":"closed","ping_status":"closed","sticky":false,"template":"","format":"standard","meta":{"footnotes":""},"categories":[2],"tags":[],"acf":[],"yoast_head":"<!-- This site is optimized with the Yoast SEO plugin v20.4 - https:\/\/yoast.com\/wordpress\/plugins\/seo\/ -->\n<title>Michel Herbelin donne l&#039;heure \u00e0 la Premi\u00e8re dame - MyWatch FR<\/title>\n<meta name=\"description\" content=\"La montre de Brigitte Macron est un mod\u00e8le Antar\u00e8s : une cr\u00e9ation de la maison fran\u00e7aise Michel Herbelin, sobre et \u00e9l\u00e9gante \u00e0 son image\" \/>\n<meta name=\"robots\" content=\"index, follow, max-snippet:-1, max-image-preview:large, max-video-preview:-1\" \/>\n<link rel=\"canonical\" href=\"https:\/\/www.my-watchsite.fr\/blog\/michel-herbelin-montre-brigitte-macron-n2185\/\" \/>\n<meta property=\"og:locale\" content=\"fr_FR\" \/>\n<meta property=\"og:type\" content=\"article\" \/>\n<meta property=\"og:title\" content=\"Michel Herbelin donne l&#039;heure \u00e0 la Premi\u00e8re dame - MyWatch FR\" \/>\n<meta property=\"og:description\" content=\"La montre de Brigitte Macron est un mod\u00e8le Antar\u00e8s : une cr\u00e9ation de la maison fran\u00e7aise Michel Herbelin, sobre et \u00e9l\u00e9gante \u00e0 son image\" \/>\n<meta property=\"og:url\" content=\"https:\/\/www.my-watchsite.fr\/blog\/michel-herbelin-montre-brigitte-macron-n2185\/\" \/>\n<meta property=\"og:site_name\" content=\"MyWatch FR\" \/>\n<meta property=\"article:publisher\" content=\"https:\/\/www.facebook.com\/mywatchsite\/\" \/>\n<meta property=\"article:published_time\" content=\"2017-06-19T10:31:33+00:00\" \/>\n<meta property=\"article:modified_time\" content=\"2021-09-02T12:54:30+00:00\" \/>\n<meta property=\"og:image\" content=\"https:\/\/www.my-watchsite.fr\/blog\/wp-content\/uploads\/2020\/08\/thumb_2185.jpg\" \/>\n\t<meta property=\"og:image:width\" content=\"654\" \/>\n\t<meta property=\"og:image:height\" content=\"435\" \/>\n\t<meta property=\"og:image:type\" content=\"image\/jpeg\" \/>\n<meta name=\"author\" content=\"MyWatch\" \/>\n<meta name=\"twitter:card\" content=\"summary_large_image\" \/>\n<meta name=\"twitter:creator\" content=\"@mywatchsite\" \/>\n<meta name=\"twitter:site\" content=\"@mywatchsite\" \/>\n<meta name=\"twitter:label1\" content=\"\u00c9crit par\" \/>\n\t<meta name=\"twitter:data1\" content=\"MyWatch\" \/>\n\t<meta name=\"twitter:label2\" content=\"Dur\u00e9e de lecture estim\u00e9e\" \/>\n\t<meta name=\"twitter:data2\" content=\"2 minutes\" \/>\n<script type=\"application\/ld+json\" class=\"yoast-schema-graph\">{\"@context\":\"https:\/\/schema.org\",\"@graph\":[{\"@type\":\"WebPage\",\"@id\":\"https:\/\/www.my-watchsite.fr\/blog\/michel-herbelin-montre-brigitte-macron-n2185\/\",\"url\":\"https:\/\/www.my-watchsite.fr\/blog\/michel-herbelin-montre-brigitte-macron-n2185\/\",\"name\":\"Michel Herbelin donne l'heure \u00e0 la Premi\u00e8re dame - MyWatch FR\",\"isPartOf\":{\"@id\":\"https:\/\/www.my-watchsite.fr\/blog\/#website\"},\"datePublished\":\"2017-06-19T10:31:33+00:00\",\"dateModified\":\"2021-09-02T12:54:30+00:00\",\"author\":{\"@id\":\"https:\/\/www.my-watchsite.fr\/blog\/#\/schema\/person\/67e19b3e3d014465042ff1be1c9fcf44\"},\"description\":\"La montre de Brigitte Macron est un mod\u00e8le Antar\u00e8s : une cr\u00e9ation de la maison fran\u00e7aise Michel Herbelin, sobre et \u00e9l\u00e9gante \u00e0 son image\",\"breadcrumb\":{\"@id\":\"https:\/\/www.my-watchsite.fr\/blog\/michel-herbelin-montre-brigitte-macron-n2185\/#breadcrumb\"},\"inLanguage\":\"fr-FR\",\"potentialAction\":[{\"@type\":\"ReadAction\",\"target\":[\"https:\/\/www.my-watchsite.fr\/blog\/michel-herbelin-montre-brigitte-macron-n2185\/\"]}]},{\"@type\":\"BreadcrumbList\",\"@id\":\"https:\/\/www.my-watchsite.fr\/blog\/michel-herbelin-montre-brigitte-macron-n2185\/#breadcrumb\",\"itemListElement\":[{\"@type\":\"ListItem\",\"position\":1,\"name\":\"Accueil\",\"item\":\"https:\/\/www.my-watchsite.fr\/blog\/\"},{\"@type\":\"ListItem\",\"position\":2,\"name\":\"Michel Herbelin donne l&rsquo;heure \u00e0 la Premi\u00e8re dame\"}]},{\"@type\":\"WebSite\",\"@id\":\"https:\/\/www.my-watchsite.fr\/blog\/#website\",\"url\":\"https:\/\/www.my-watchsite.fr\/blog\/\",\"name\":\"MyWatch FR\",\"description\":\"Make Time a Lifestyle\",\"potentialAction\":[{\"@type\":\"SearchAction\",\"target\":{\"@type\":\"EntryPoint\",\"urlTemplate\":\"https:\/\/www.my-watchsite.fr\/blog\/?s={search_term_string}\"},\"query-input\":\"required name=search_term_string\"}],\"inLanguage\":\"fr-FR\"},{\"@type\":\"Person\",\"@id\":\"https:\/\/www.my-watchsite.fr\/blog\/#\/schema\/person\/67e19b3e3d014465042ff1be1c9fcf44\",\"name\":\"MyWatch\",\"image\":{\"@type\":\"ImageObject\",\"inLanguage\":\"fr-FR\",\"@id\":\"https:\/\/www.my-watchsite.fr\/blog\/#\/schema\/person\/image\/\",\"url\":\"https:\/\/secure.gravatar.com\/avatar\/e52d1e94806c54826c863f554ca1dd2a?s=96&d=mm&r=g\",\"contentUrl\":\"https:\/\/secure.gravatar.com\/avatar\/e52d1e94806c54826c863f554ca1dd2a?s=96&d=mm&r=g\",\"caption\":\"MyWatch\"},\"sameAs\":[\"https:\/\/www.my-watchsite.fr\/blog\"]}]}<\/script>\n<!-- \/ Yoast SEO plugin. -->","yoast_head_json":{"title":"Michel Herbelin donne l'heure \u00e0 la Premi\u00e8re dame - MyWatch FR","description":"La montre de Brigitte Macron est un mod\u00e8le Antar\u00e8s : une cr\u00e9ation de la maison fran\u00e7aise Michel Herbelin, sobre et \u00e9l\u00e9gante \u00e0 son image","robots":{"index":"index","follow":"follow","max-snippet":"max-snippet:-1","max-image-preview":"max-image-preview:large","max-video-preview":"max-video-preview:-1"},"canonical":"https:\/\/www.my-watchsite.fr\/blog\/michel-herbelin-montre-brigitte-macron-n2185\/","og_locale":"fr_FR","og_type":"article","og_title":"Michel Herbelin donne l'heure \u00e0 la Premi\u00e8re dame - MyWatch FR","og_description":"La montre de Brigitte Macron est un mod\u00e8le Antar\u00e8s : une cr\u00e9ation de la maison fran\u00e7aise Michel Herbelin, sobre et \u00e9l\u00e9gante \u00e0 son image","og_url":"https:\/\/www.my-watchsite.fr\/blog\/michel-herbelin-montre-brigitte-macron-n2185\/","og_site_name":"MyWatch FR","article_publisher":"https:\/\/www.facebook.com\/mywatchsite\/","article_published_time":"2017-06-19T10:31:33+00:00","article_modified_time":"2021-09-02T12:54:30+00:00","og_image":[{"width":654,"height":435,"url":"https:\/\/www.my-watchsite.fr\/blog\/wp-content\/uploads\/2020\/08\/thumb_2185.jpg","type":"image\/jpeg"}],"author":"MyWatch","twitter_card":"summary_large_image","twitter_creator":"@mywatchsite","twitter_site":"@mywatchsite","twitter_misc":{"\u00c9crit par":"MyWatch","Dur\u00e9e de lecture estim\u00e9e":"2 minutes"},"schema":{"@context":"https:\/\/schema.org","@graph":[{"@type":"WebPage","@id":"https:\/\/www.my-watchsite.fr\/blog\/michel-herbelin-montre-brigitte-macron-n2185\/","url":"https:\/\/www.my-watchsite.fr\/blog\/michel-herbelin-montre-brigitte-macron-n2185\/","name":"Michel Herbelin donne l'heure \u00e0 la Premi\u00e8re dame - MyWatch FR","isPartOf":{"@id":"https:\/\/www.my-watchsite.fr\/blog\/#website"},"datePublished":"2017-06-19T10:31:33+00:00","dateModified":"2021-09-02T12:54:30+00:00","author":{"@id":"https:\/\/www.my-watchsite.fr\/blog\/#\/schema\/person\/67e19b3e3d014465042ff1be1c9fcf44"},"description":"La montre de Brigitte Macron est un mod\u00e8le Antar\u00e8s : une cr\u00e9ation de la maison fran\u00e7aise Michel Herbelin, sobre et \u00e9l\u00e9gante \u00e0 son image","breadcrumb":{"@id":"https:\/\/www.my-watchsite.fr\/blog\/michel-herbelin-montre-brigitte-macron-n2185\/#breadcrumb"},"inLanguage":"fr-FR","potentialAction":[{"@type":"ReadAction","target":["https:\/\/www.my-watchsite.fr\/blog\/michel-herbelin-montre-brigitte-macron-n2185\/"]}]},{"@type":"BreadcrumbList","@id":"https:\/\/www.my-watchsite.fr\/blog\/michel-herbelin-montre-brigitte-macron-n2185\/#breadcrumb","itemListElement":[{"@type":"ListItem","position":1,"name":"Accueil","item":"https:\/\/www.my-watchsite.fr\/blog\/"},{"@type":"ListItem","position":2,"name":"Michel Herbelin donne l&rsquo;heure \u00e0 la Premi\u00e8re dame"}]},{"@type":"WebSite","@id":"https:\/\/www.my-watchsite.fr\/blog\/#website","url":"https:\/\/www.my-watchsite.fr\/blog\/","name":"MyWatch FR","description":"Make Time a Lifestyle","potentialAction":[{"@type":"SearchAction","target":{"@type":"EntryPoint","urlTemplate":"https:\/\/www.my-watchsite.fr\/blog\/?s={search_term_string}"},"query-input":"required name=search_term_string"}],"inLanguage":"fr-FR"},{"@type":"Person","@id":"https:\/\/www.my-watchsite.fr\/blog\/#\/schema\/person\/67e19b3e3d014465042ff1be1c9fcf44","name":"MyWatch","image":{"@type":"ImageObject","inLanguage":"fr-FR","@id":"https:\/\/www.my-watchsite.fr\/blog\/#\/schema\/person\/image\/","url":"https:\/\/secure.gravatar.com\/avatar\/e52d1e94806c54826c863f554ca1dd2a?s=96&d=mm&r=g","contentUrl":"https:\/\/secure.gravatar.com\/avatar\/e52d1e94806c54826c863f554ca1dd2a?s=96&d=mm&r=g","caption":"MyWatch"},"sameAs":["https:\/\/www.my-watchsite.fr\/blog"]}]}},"_links":{"self":[{"href":"https:\/\/www.my-watchsite.fr\/blog\/wp-json\/wp\/v2\/posts\/5432"}],"collection":[{"href":"https:\/\/www.my-watchsite.fr\/blog\/wp-json\/wp\/v2\/posts"}],"about":[{"href":"https:\/\/www.my-watchsite.fr\/blog\/wp-json\/wp\/v2\/types\/post"}],"author":[{"embeddable":true,"href":"https:\/\/www.my-watchsite.fr\/blog\/wp-json\/wp\/v2\/users\/1"}],"replies":[{"embeddable":true,"href":"https:\/\/www.my-watchsite.fr\/blog\/wp-json\/wp\/v2\/comments?post=5432"}],"version-history":[{"count":5,"href":"https:\/\/www.my-watchsite.fr\/blog\/wp-json\/wp\/v2\/posts\/5432\/revisions"}],"predecessor-version":[{"id":15661,"href":"https:\/\/www.my-watchsite.fr\/blog\/wp-json\/wp\/v2\/posts\/5432\/revisions\/15661"}],"wp:featuredmedia":[{"embeddable":true,"href":"https:\/\/www.my-watchsite.fr\/blog\/wp-json\/wp\/v2\/media\/5434"}],"wp:attachment":[{"href":"https:\/\/www.my-watchsite.fr\/blog\/wp-json\/wp\/v2\/media?parent=5432"}],"wp:term":[{"taxonomy":"category","embeddable":true,"href":"https:\/\/www.my-watchsite.fr\/blog\/wp-json\/wp\/v2\/categories?post=5432"},{"taxonomy":"post_tag","embeddable":true,"href":"https:\/\/www.my-watchsite.fr\/blog\/wp-json\/wp\/v2\/tags?post=5432"}],"curies":[{"name":"wp","href":"https:\/\/api.w.org\/{rel}","templated":true}]}}