{"id":5515,"date":"2017-08-07T11:53:38","date_gmt":"2017-08-07T09:53:38","guid":{"rendered":"https:\/\/www.my-watchsite.fr\/blog\/blog\/rado-true-cyclo-une-montre-exclusive-creee-en-collaboration-avec-un-designer-francais-n2207\/"},"modified":"2017-08-07T11:53:38","modified_gmt":"2017-08-07T09:53:38","slug":"rado-true-cyclo-une-montre-exclusive-creee-en-collaboration-avec-un-designer-francais-n2207","status":"publish","type":"post","link":"https:\/\/www.my-watchsite.fr\/blog\/rado-true-cyclo-une-montre-exclusive-creee-en-collaboration-avec-un-designer-francais-n2207\/","title":{"rendered":"Rado True Cyclo : une montre exclusive cr\u00e9\u00e9e en collaboration avec un designer fran\u00e7ais"},"content":{"rendered":"<p><strong>Rado, horloger suisse r\u00e9put\u00e9 pour son approche visionnaire du design et des mat\u00e9riaux, pr\u00e9sente sa nouvelle montre en \u00e9dition limit\u00e9e. Cr\u00e9\u00e9e en collaboration avec Philippe Nigro, la Rado True Cyclo unit \u00e0 la perfection le style minimaliste du designer fran\u00e7ais et la sublime construction haute technologie de la Rado True classique.<\/strong><\/p>\n<p><img decoding=\"async\" src=\"https:\/\/www.my-watchsite.fr\/blog\/wp-content\/uploads\/2020\/08\/Rado-True-Cyclo.jpg\" alt=\"Rado True Cyclo\" \/><\/p>\n<p>La True Cyclo, qui m\u00e9lange harmonieusement les surfaces argent et noires mates, impressionne par son aspect lisse et \u00e9pur\u00e9. Le cadran concave couleur argent pr\u00e9sente une finition satin\u00e9e et un guichet rond de la date \u00e0 6 heures. Les aiguilles, le logo et les index ronds incrust\u00e9s ont tous la m\u00eame finition grise l\u00e9g\u00e8rement contrastante et cr\u00e9ent une touche de sobri\u00e9t\u00e9 sans n\u00e9gliger les d\u00e9tails. Le bo\u00eetier en c\u00e9ramique haute technologie noire mate enveloppe la cr\u00e9ation et s&rsquo;attache au poignet gr\u00e2ce aux pi\u00e8ces en titane carbone fix\u00e9es \u00e0 un bracelet en cuir noir lisse. Discr\u00e8te mais puissante, la True Cyclo est dot\u00e9e d&rsquo;un mouvement automatique suisse.<\/p>\n<p>\u00ab Porter une montre automatique a un c\u00f4t\u00e9 rassurant. C&rsquo;est un objet purement m\u00e9canique qui nous maintient enracin\u00e9s dans ce monde hypertechnologique \u00bb, remarque Philippe Nigro sur son choix du mouvement. \u00ab L&rsquo;attachement que chacun de nous porte \u00e0 cet objet, pour des raisons qui nous sont propres, nourrit un sentiment d&rsquo;intimit\u00e9 et cr\u00e9e un lien fort. \u00bb<\/p>\n<p><strong>\u00c9l\u00e9gance organique<\/strong><\/p>\n<p>Le bo\u00eetier noir mat de la True Cyclo est fabriqu\u00e9 en c\u00e9ramique haute technologie, mat\u00e9riau signature de Rado qui convient parfaitement \u00e0 la haute horlogerie gr\u00e2ce \u00e0 sa beaut\u00e9, sa l\u00e9g\u00e8ret\u00e9 et sa r\u00e9sistance aux rayures. \u00ab La performance et la technologie de pointe de Rado s&rsquo;expriment le mieux dans ce mat\u00e9riau en c\u00e9ramique haute technologie \u00bb, explique Philippe Nigro. \u00ab Je voulais l&rsquo;utiliser de fa\u00e7on la plus simple pour qu&rsquo;il puisse s&rsquo;exprimer. C&rsquo;est pourquoi j&rsquo;ai d\u00e9cid\u00e9 d&rsquo;utiliser une c\u00e9ramique \u00e0 l&rsquo;aspect sombre et mat pour le bo\u00eetier. J&rsquo;ai trouv\u00e9 que cette combinaison refl\u00e9tait l&rsquo;\u00e9l\u00e9gance, les qualit\u00e9s organiques et la technologie du mat\u00e9riau. \u00bb<\/p>\n<p><img decoding=\"async\" src=\"https:\/\/www.my-watchsite.fr\/blog\/wp-content\/uploads\/2020\/08\/Philippe-Nigro-Rado-Trye-Cyclo.jpg\" alt=\"La Rado True Cylco au poignet de son cr\u00e9ateur, Philippe Nigro\" \/><\/p>\n<p>\u00ab J&rsquo;adore la simplicit\u00e9 de la True Cyclo \u00bb d\u00e9clare Matthias Breschan, PDG de Rado. \u00ab Ce garde-temps d\u00e9gage une certaine raison d&rsquo;\u00eatre et une souplesse. La vision du minimalisme de Philippe Nigro s&rsquo;ajoute parfaitement \u00e0 la collection Rado. \u00bb<\/p>\n<p>La Rado True Cyclo fait partie d&rsquo;une s\u00e9rie exclusive de mod\u00e8les en \u00e9dition limit\u00e9e lanc\u00e9s par la marque cette ann\u00e9e pour laquelle des designers de renom ont apport\u00e9 leur propre vision \u00e0 la c\u00e9l\u00e8bre Rado True.<\/p>\n<p><strong>\u00c0 propos de Philippe Nigro<\/strong><\/p>\n<p>N\u00e9 en 1975 \u00e0 Nice en France, Philippe Nigro a \u00e9tudi\u00e9 le design industriel \u00e0 Lyon et le design produit et ameublement \u00e0 Paris. Designer ind\u00e9pendant depuis 1999, il participe \u00e0 de nombreux projets de produit, mobilier, luminaire, architecture int\u00e9rieure, \u00e9v\u00e9nementiel, sc\u00e9nographie. Partag\u00e9 entre Paris et Milan, Philippe Nigro collabore avec des marques internationales. En 2014, il a \u00e9t\u00e9 nomm\u00e9 designer de l&rsquo;ann\u00e9e par Maison&amp;Object.<\/p>\n","protected":false},"excerpt":{"rendered":"<p>Rado, horloger suisse r\u00e9put\u00e9 pour son approche visionnaire du design et des mat\u00e9riaux, pr\u00e9sente sa nouvelle montre en \u00e9dition limit\u00e9e. Cr\u00e9\u00e9e en collaboration avec Philippe Nigro, la Rado True Cyclo unit \u00e0 la perfection le style minimaliste du designer fran\u00e7ais et la sublime construction haute technologie de la Rado True classique. La True Cyclo, qui [&hellip;]<\/p>\n","protected":false},"author":1,"featured_media":5518,"comment_status":"closed","ping_status":"closed","sticky":false,"template":"","format":"standard","meta":{"footnotes":""},"categories":[2],"tags":[71],"acf":[],"yoast_head":"<!-- This site is optimized with the Yoast SEO plugin v20.4 - https:\/\/yoast.com\/wordpress\/plugins\/seo\/ -->\n<title>Rado True Cyclo : une montre exclusive cr\u00e9\u00e9e en collaboration avec un designer fran\u00e7ais - MyWatch FR<\/title>\n<meta name=\"robots\" content=\"index, follow, max-snippet:-1, max-image-preview:large, max-video-preview:-1\" \/>\n<link rel=\"canonical\" href=\"https:\/\/www.my-watchsite.fr\/blog\/rado-true-cyclo-une-montre-exclusive-creee-en-collaboration-avec-un-designer-francais-n2207\/\" \/>\n<meta property=\"og:locale\" content=\"fr_FR\" \/>\n<meta property=\"og:type\" content=\"article\" \/>\n<meta property=\"og:title\" content=\"Rado True Cyclo : une montre exclusive cr\u00e9\u00e9e en collaboration avec un designer fran\u00e7ais - MyWatch FR\" \/>\n<meta property=\"og:description\" content=\"Rado, horloger suisse r\u00e9put\u00e9 pour son approche visionnaire du design et des mat\u00e9riaux, pr\u00e9sente sa nouvelle montre en \u00e9dition limit\u00e9e. Cr\u00e9\u00e9e en collaboration avec Philippe Nigro, la Rado True Cyclo unit \u00e0 la perfection le style minimaliste du designer fran\u00e7ais et la sublime construction haute technologie de la Rado True classique. La True Cyclo, qui [&hellip;]\" \/>\n<meta property=\"og:url\" content=\"https:\/\/www.my-watchsite.fr\/blog\/rado-true-cyclo-une-montre-exclusive-creee-en-collaboration-avec-un-designer-francais-n2207\/\" \/>\n<meta property=\"og:site_name\" content=\"MyWatch FR\" \/>\n<meta property=\"article:publisher\" content=\"https:\/\/www.facebook.com\/mywatchsite\/\" \/>\n<meta property=\"article:published_time\" content=\"2017-08-07T09:53:38+00:00\" \/>\n<meta property=\"og:image\" content=\"https:\/\/www.my-watchsite.fr\/blog\/wp-content\/uploads\/2020\/08\/thumb_2207.jpg\" \/>\n\t<meta property=\"og:image:width\" content=\"654\" \/>\n\t<meta property=\"og:image:height\" content=\"435\" \/>\n\t<meta property=\"og:image:type\" content=\"image\/jpeg\" \/>\n<meta name=\"author\" content=\"MyWatch\" \/>\n<meta name=\"twitter:card\" content=\"summary_large_image\" \/>\n<meta name=\"twitter:creator\" content=\"@mywatchsite\" \/>\n<meta name=\"twitter:site\" content=\"@mywatchsite\" \/>\n<meta name=\"twitter:label1\" content=\"\u00c9crit par\" \/>\n\t<meta name=\"twitter:data1\" content=\"MyWatch\" \/>\n\t<meta name=\"twitter:label2\" content=\"Dur\u00e9e de lecture estim\u00e9e\" \/>\n\t<meta name=\"twitter:data2\" content=\"3 minutes\" \/>\n<script type=\"application\/ld+json\" class=\"yoast-schema-graph\">{\"@context\":\"https:\/\/schema.org\",\"@graph\":[{\"@type\":\"WebPage\",\"@id\":\"https:\/\/www.my-watchsite.fr\/blog\/rado-true-cyclo-une-montre-exclusive-creee-en-collaboration-avec-un-designer-francais-n2207\/\",\"url\":\"https:\/\/www.my-watchsite.fr\/blog\/rado-true-cyclo-une-montre-exclusive-creee-en-collaboration-avec-un-designer-francais-n2207\/\",\"name\":\"Rado True Cyclo : une montre exclusive cr\u00e9\u00e9e en collaboration avec un designer fran\u00e7ais - MyWatch FR\",\"isPartOf\":{\"@id\":\"https:\/\/www.my-watchsite.fr\/blog\/#website\"},\"datePublished\":\"2017-08-07T09:53:38+00:00\",\"dateModified\":\"2017-08-07T09:53:38+00:00\",\"author\":{\"@id\":\"https:\/\/www.my-watchsite.fr\/blog\/#\/schema\/person\/67e19b3e3d014465042ff1be1c9fcf44\"},\"breadcrumb\":{\"@id\":\"https:\/\/www.my-watchsite.fr\/blog\/rado-true-cyclo-une-montre-exclusive-creee-en-collaboration-avec-un-designer-francais-n2207\/#breadcrumb\"},\"inLanguage\":\"fr-FR\",\"potentialAction\":[{\"@type\":\"ReadAction\",\"target\":[\"https:\/\/www.my-watchsite.fr\/blog\/rado-true-cyclo-une-montre-exclusive-creee-en-collaboration-avec-un-designer-francais-n2207\/\"]}]},{\"@type\":\"BreadcrumbList\",\"@id\":\"https:\/\/www.my-watchsite.fr\/blog\/rado-true-cyclo-une-montre-exclusive-creee-en-collaboration-avec-un-designer-francais-n2207\/#breadcrumb\",\"itemListElement\":[{\"@type\":\"ListItem\",\"position\":1,\"name\":\"Accueil\",\"item\":\"https:\/\/www.my-watchsite.fr\/blog\/\"},{\"@type\":\"ListItem\",\"position\":2,\"name\":\"Rado True Cyclo : une montre exclusive cr\u00e9\u00e9e en collaboration avec un designer fran\u00e7ais\"}]},{\"@type\":\"WebSite\",\"@id\":\"https:\/\/www.my-watchsite.fr\/blog\/#website\",\"url\":\"https:\/\/www.my-watchsite.fr\/blog\/\",\"name\":\"MyWatch FR\",\"description\":\"Make Time a Lifestyle\",\"potentialAction\":[{\"@type\":\"SearchAction\",\"target\":{\"@type\":\"EntryPoint\",\"urlTemplate\":\"https:\/\/www.my-watchsite.fr\/blog\/?s={search_term_string}\"},\"query-input\":\"required name=search_term_string\"}],\"inLanguage\":\"fr-FR\"},{\"@type\":\"Person\",\"@id\":\"https:\/\/www.my-watchsite.fr\/blog\/#\/schema\/person\/67e19b3e3d014465042ff1be1c9fcf44\",\"name\":\"MyWatch\",\"image\":{\"@type\":\"ImageObject\",\"inLanguage\":\"fr-FR\",\"@id\":\"https:\/\/www.my-watchsite.fr\/blog\/#\/schema\/person\/image\/\",\"url\":\"https:\/\/secure.gravatar.com\/avatar\/e52d1e94806c54826c863f554ca1dd2a?s=96&d=mm&r=g\",\"contentUrl\":\"https:\/\/secure.gravatar.com\/avatar\/e52d1e94806c54826c863f554ca1dd2a?s=96&d=mm&r=g\",\"caption\":\"MyWatch\"},\"sameAs\":[\"https:\/\/www.my-watchsite.fr\/blog\"]}]}<\/script>\n<!-- \/ Yoast SEO plugin. -->","yoast_head_json":{"title":"Rado True Cyclo : une montre exclusive cr\u00e9\u00e9e en collaboration avec un designer fran\u00e7ais - MyWatch FR","robots":{"index":"index","follow":"follow","max-snippet":"max-snippet:-1","max-image-preview":"max-image-preview:large","max-video-preview":"max-video-preview:-1"},"canonical":"https:\/\/www.my-watchsite.fr\/blog\/rado-true-cyclo-une-montre-exclusive-creee-en-collaboration-avec-un-designer-francais-n2207\/","og_locale":"fr_FR","og_type":"article","og_title":"Rado True Cyclo : une montre exclusive cr\u00e9\u00e9e en collaboration avec un designer fran\u00e7ais - MyWatch FR","og_description":"Rado, horloger suisse r\u00e9put\u00e9 pour son approche visionnaire du design et des mat\u00e9riaux, pr\u00e9sente sa nouvelle montre en \u00e9dition limit\u00e9e. Cr\u00e9\u00e9e en collaboration avec Philippe Nigro, la Rado True Cyclo unit \u00e0 la perfection le style minimaliste du designer fran\u00e7ais et la sublime construction haute technologie de la Rado True classique. La True Cyclo, qui [&hellip;]","og_url":"https:\/\/www.my-watchsite.fr\/blog\/rado-true-cyclo-une-montre-exclusive-creee-en-collaboration-avec-un-designer-francais-n2207\/","og_site_name":"MyWatch FR","article_publisher":"https:\/\/www.facebook.com\/mywatchsite\/","article_published_time":"2017-08-07T09:53:38+00:00","og_image":[{"width":654,"height":435,"url":"https:\/\/www.my-watchsite.fr\/blog\/wp-content\/uploads\/2020\/08\/thumb_2207.jpg","type":"image\/jpeg"}],"author":"MyWatch","twitter_card":"summary_large_image","twitter_creator":"@mywatchsite","twitter_site":"@mywatchsite","twitter_misc":{"\u00c9crit par":"MyWatch","Dur\u00e9e de lecture estim\u00e9e":"3 minutes"},"schema":{"@context":"https:\/\/schema.org","@graph":[{"@type":"WebPage","@id":"https:\/\/www.my-watchsite.fr\/blog\/rado-true-cyclo-une-montre-exclusive-creee-en-collaboration-avec-un-designer-francais-n2207\/","url":"https:\/\/www.my-watchsite.fr\/blog\/rado-true-cyclo-une-montre-exclusive-creee-en-collaboration-avec-un-designer-francais-n2207\/","name":"Rado True Cyclo : une montre exclusive cr\u00e9\u00e9e en collaboration avec un designer fran\u00e7ais - MyWatch FR","isPartOf":{"@id":"https:\/\/www.my-watchsite.fr\/blog\/#website"},"datePublished":"2017-08-07T09:53:38+00:00","dateModified":"2017-08-07T09:53:38+00:00","author":{"@id":"https:\/\/www.my-watchsite.fr\/blog\/#\/schema\/person\/67e19b3e3d014465042ff1be1c9fcf44"},"breadcrumb":{"@id":"https:\/\/www.my-watchsite.fr\/blog\/rado-true-cyclo-une-montre-exclusive-creee-en-collaboration-avec-un-designer-francais-n2207\/#breadcrumb"},"inLanguage":"fr-FR","potentialAction":[{"@type":"ReadAction","target":["https:\/\/www.my-watchsite.fr\/blog\/rado-true-cyclo-une-montre-exclusive-creee-en-collaboration-avec-un-designer-francais-n2207\/"]}]},{"@type":"BreadcrumbList","@id":"https:\/\/www.my-watchsite.fr\/blog\/rado-true-cyclo-une-montre-exclusive-creee-en-collaboration-avec-un-designer-francais-n2207\/#breadcrumb","itemListElement":[{"@type":"ListItem","position":1,"name":"Accueil","item":"https:\/\/www.my-watchsite.fr\/blog\/"},{"@type":"ListItem","position":2,"name":"Rado True Cyclo : une montre exclusive cr\u00e9\u00e9e en collaboration avec un designer fran\u00e7ais"}]},{"@type":"WebSite","@id":"https:\/\/www.my-watchsite.fr\/blog\/#website","url":"https:\/\/www.my-watchsite.fr\/blog\/","name":"MyWatch FR","description":"Make Time a Lifestyle","potentialAction":[{"@type":"SearchAction","target":{"@type":"EntryPoint","urlTemplate":"https:\/\/www.my-watchsite.fr\/blog\/?s={search_term_string}"},"query-input":"required name=search_term_string"}],"inLanguage":"fr-FR"},{"@type":"Person","@id":"https:\/\/www.my-watchsite.fr\/blog\/#\/schema\/person\/67e19b3e3d014465042ff1be1c9fcf44","name":"MyWatch","image":{"@type":"ImageObject","inLanguage":"fr-FR","@id":"https:\/\/www.my-watchsite.fr\/blog\/#\/schema\/person\/image\/","url":"https:\/\/secure.gravatar.com\/avatar\/e52d1e94806c54826c863f554ca1dd2a?s=96&d=mm&r=g","contentUrl":"https:\/\/secure.gravatar.com\/avatar\/e52d1e94806c54826c863f554ca1dd2a?s=96&d=mm&r=g","caption":"MyWatch"},"sameAs":["https:\/\/www.my-watchsite.fr\/blog"]}]}},"_links":{"self":[{"href":"https:\/\/www.my-watchsite.fr\/blog\/wp-json\/wp\/v2\/posts\/5515"}],"collection":[{"href":"https:\/\/www.my-watchsite.fr\/blog\/wp-json\/wp\/v2\/posts"}],"about":[{"href":"https:\/\/www.my-watchsite.fr\/blog\/wp-json\/wp\/v2\/types\/post"}],"author":[{"embeddable":true,"href":"https:\/\/www.my-watchsite.fr\/blog\/wp-json\/wp\/v2\/users\/1"}],"replies":[{"embeddable":true,"href":"https:\/\/www.my-watchsite.fr\/blog\/wp-json\/wp\/v2\/comments?post=5515"}],"version-history":[{"count":0,"href":"https:\/\/www.my-watchsite.fr\/blog\/wp-json\/wp\/v2\/posts\/5515\/revisions"}],"wp:featuredmedia":[{"embeddable":true,"href":"https:\/\/www.my-watchsite.fr\/blog\/wp-json\/wp\/v2\/media\/5518"}],"wp:attachment":[{"href":"https:\/\/www.my-watchsite.fr\/blog\/wp-json\/wp\/v2\/media?parent=5515"}],"wp:term":[{"taxonomy":"category","embeddable":true,"href":"https:\/\/www.my-watchsite.fr\/blog\/wp-json\/wp\/v2\/categories?post=5515"},{"taxonomy":"post_tag","embeddable":true,"href":"https:\/\/www.my-watchsite.fr\/blog\/wp-json\/wp\/v2\/tags?post=5515"}],"curies":[{"name":"wp","href":"https:\/\/api.w.org\/{rel}","templated":true}]}}