{"id":558,"date":"2011-07-13T00:00:00","date_gmt":"2011-07-12T22:00:00","guid":{"rendered":"https:\/\/www.my-watchsite.fr\/blog\/blog\/un-porte-parole-pour-la-communaute-web-de-bell-and-ross-n172\/"},"modified":"2011-07-13T00:00:00","modified_gmt":"2011-07-12T22:00:00","slug":"un-porte-parole-pour-la-communaute-web-de-bell-and-ross-n172","status":"publish","type":"post","link":"https:\/\/www.my-watchsite.fr\/blog\/un-porte-parole-pour-la-communaute-web-de-bell-and-ross-n172\/","title":{"rendered":"Un porte-parole pour la communaut\u00e9 web de Bell &#038; Ross"},"content":{"rendered":"<div>En 1999, Bell &amp; Ross est l\u2019une des premi\u00e8res marques horlog\u00e8res \u00e0 cr\u00e9er son site sur Internet. En 2009, elle est la toute premi\u00e8re \u00e0 rendre l\u2019ensemble de ses montres et accessoires disponibles \u00e0 la vente en ligne. En Mai 2011, Bell &amp; Ross pr\u00e9sentait son nouveau site internet, la nouvelle vitrine mondiale de la marque qui sera traduit en 11 langues.<\/div>\n<div><\/div>\n<div>Suite au d\u00e9veloppement consid\u00e9rable des r\u00e9seaux sociaux, Bell &amp; Ross a naturellement identifi\u00e9 celui qui pourrait lui venir \u00ab en renfort \u00bb et \u00eatre son porte-parole anglo-saxon sur le web, celui qui pourrait aider la marque \u00e0 r\u00e9pondre \u00e0 la forte communaut\u00e9 d\u00e9j\u00e0 existante et en progression constante de ses fans.<\/div>\n<div><\/div>\n<div>Bell &amp; Ross a imm\u00e9diatement pens\u00e9 \u00e0 Simon Cudd.<\/div>\n<div><\/div>\n<div>Simon Cudd, est le co-fondateur et mod\u00e9rateur de www.br-avo.com, le premier site non officiel sur Bell &amp; Ross cr\u00e9e en 2009. Outre sa parfaite ma\u00eetrise des outils du web, et des r\u00e9seaux sociaux, Simon Cudd a une parfaite connaissance de la Marque qu\u2019il suit depuis de longues ann\u00e9es.<\/div>\n<div><\/div>\n<div>Possesseur de nombreux mod\u00e8les Bell &amp; Ross, passionn\u00e9 d\u2019horlogerie, il anime d\u00e9j\u00e0 quotidiennement la communaut\u00e9 qu\u2019il a lui-m\u00eame cr\u00e9\u00e9e de sa propre initiative. Il \u00e9tait donc naturel que la Marque se tourne vers lui.<\/div>\n<div><\/div>\n<div>Favoriser l\u2019\u00e9change d\u2019exp\u00e9riences au sein de la communaut\u00e9, am\u00e9liorer sa coh\u00e9sion, dialoguer sur sa passion et partager son exp\u00e9rience de la marque avec d\u2019autres passionn\u00e9s, telle sera la mission de Simon Cudd. Il sera l\u00e0 \u00e9galement pour reconnaitre et d\u00e9tecter les aficionados comme lui qui souhaitent \u00eatre inform\u00e9s en temps r\u00e9el de l\u2019actualit\u00e9 de la marque et organiser des rencontres avec ses pairs.<\/div>\n<div><\/div>\n<div>Il combinera sa propre exp\u00e9rience avec la marque, ses anciennes attentes en tant qu\u2019internaute, aux informations in\u00e9dites qu\u2019il pourra d\u00e9sormais obtenir de celle-ci, et devenir un porte-parole de Bell &amp; Ross sur la toile internet.<\/div>\n<div><\/div>\n<div>En compl\u00e9ment de l\u2019\u00e9quipe digitale de Bell &amp; Ross, Simon vient en \u00ab \u00e9lectron libre \u00bb, apportant sa valeur ajout\u00e9e, \u00e0 travers ses mots, ses photos, au service des fans dont il continue de faire partie.<\/div>\n<div><\/div>\n<div>V\u00e9ritable animateur de communaut\u00e9s virtuelles, son r\u00f4le consiste \u00e0 v\u00e9hiculer \u00e0 travers ses \u00e9changes avec les internautes les valeurs de l\u2019entreprise, cr\u00e9er des discussions et du contenu sur celle-ci, et \u00e0 d\u00e9velopper la connaissance de la marque au sein des diff\u00e9rentes communaut\u00e9s du web.<\/div>\n<div><\/div>\n<div>Une activit\u00e9 virtuelle toutefois bien ancr\u00e9e dans le r\u00e9el, avec les rencontres d\u2019amateurs et de collectionneurs que Simon organisera partout dans le monde afin de concr\u00e9tiser ce bel esprit de communaut\u00e9.<\/div>\n<ul>\n<li><img decoding=\"async\" src=\"https:\/\/www.my-watchsite.fr\/blog\/wp-content\/uploads\/2020\/08\/172_350.jpg\" alt=\"Carlos C. Rossillo, PdG Bell &amp; Ross; Barbara Dumas, Directrice Internet et e-commerce ; Simon Cudd, Community Ambassador.\" \/><\/li>\n<\/ul>\n","protected":false},"excerpt":{"rendered":"<p>En 1999, Bell &amp; Ross est l\u2019une des premi\u00e8res marques horlog\u00e8res \u00e0 cr\u00e9er son site sur Internet. En 2009, elle est la toute premi\u00e8re \u00e0 rendre l\u2019ensemble de ses montres et accessoires disponibles \u00e0 la vente en ligne. En Mai 2011, Bell &amp; Ross pr\u00e9sentait son nouveau site internet, la nouvelle vitrine mondiale de la [&hellip;]<\/p>\n","protected":false},"author":1,"featured_media":559,"comment_status":"closed","ping_status":"closed","sticky":false,"template":"","format":"standard","meta":{"footnotes":""},"categories":[2],"tags":[48],"acf":[],"yoast_head":"<!-- This site is optimized with the Yoast SEO plugin v20.4 - https:\/\/yoast.com\/wordpress\/plugins\/seo\/ -->\n<title>Un porte-parole pour la communaut\u00e9 web de Bell &amp; Ross - MyWatch FR<\/title>\n<meta name=\"robots\" content=\"index, follow, max-snippet:-1, max-image-preview:large, max-video-preview:-1\" \/>\n<link rel=\"canonical\" href=\"https:\/\/www.my-watchsite.fr\/blog\/un-porte-parole-pour-la-communaute-web-de-bell-and-ross-n172\/\" \/>\n<meta property=\"og:locale\" content=\"fr_FR\" \/>\n<meta property=\"og:type\" content=\"article\" \/>\n<meta property=\"og:title\" content=\"Un porte-parole pour la communaut\u00e9 web de Bell &amp; Ross - MyWatch FR\" \/>\n<meta property=\"og:description\" content=\"En 1999, Bell &amp; Ross est l\u2019une des premi\u00e8res marques horlog\u00e8res \u00e0 cr\u00e9er son site sur Internet. En 2009, elle est la toute premi\u00e8re \u00e0 rendre l\u2019ensemble de ses montres et accessoires disponibles \u00e0 la vente en ligne. En Mai 2011, Bell &amp; Ross pr\u00e9sentait son nouveau site internet, la nouvelle vitrine mondiale de la [&hellip;]\" \/>\n<meta property=\"og:url\" content=\"https:\/\/www.my-watchsite.fr\/blog\/un-porte-parole-pour-la-communaute-web-de-bell-and-ross-n172\/\" \/>\n<meta property=\"og:site_name\" content=\"MyWatch FR\" \/>\n<meta property=\"article:publisher\" content=\"https:\/\/www.facebook.com\/mywatchsite\/\" \/>\n<meta property=\"article:published_time\" content=\"2011-07-12T22:00:00+00:00\" \/>\n<meta property=\"og:image\" content=\"https:\/\/www.my-watchsite.fr\/blog\/wp-content\/uploads\/2020\/08\/172_350.jpg\" \/>\n\t<meta property=\"og:image:width\" content=\"450\" \/>\n\t<meta property=\"og:image:height\" content=\"355\" \/>\n\t<meta property=\"og:image:type\" content=\"image\/jpeg\" \/>\n<meta name=\"author\" content=\"MyWatch\" \/>\n<meta name=\"twitter:card\" content=\"summary_large_image\" \/>\n<meta name=\"twitter:creator\" content=\"@mywatchsite\" \/>\n<meta name=\"twitter:site\" content=\"@mywatchsite\" \/>\n<meta name=\"twitter:label1\" content=\"\u00c9crit par\" \/>\n\t<meta name=\"twitter:data1\" content=\"MyWatch\" \/>\n\t<meta name=\"twitter:label2\" content=\"Dur\u00e9e de lecture estim\u00e9e\" \/>\n\t<meta name=\"twitter:data2\" content=\"2 minutes\" \/>\n<script type=\"application\/ld+json\" class=\"yoast-schema-graph\">{\"@context\":\"https:\/\/schema.org\",\"@graph\":[{\"@type\":\"WebPage\",\"@id\":\"https:\/\/www.my-watchsite.fr\/blog\/un-porte-parole-pour-la-communaute-web-de-bell-and-ross-n172\/\",\"url\":\"https:\/\/www.my-watchsite.fr\/blog\/un-porte-parole-pour-la-communaute-web-de-bell-and-ross-n172\/\",\"name\":\"Un porte-parole pour la communaut\u00e9 web de Bell & Ross - MyWatch FR\",\"isPartOf\":{\"@id\":\"https:\/\/www.my-watchsite.fr\/blog\/#website\"},\"datePublished\":\"2011-07-12T22:00:00+00:00\",\"dateModified\":\"2011-07-12T22:00:00+00:00\",\"author\":{\"@id\":\"https:\/\/www.my-watchsite.fr\/blog\/#\/schema\/person\/67e19b3e3d014465042ff1be1c9fcf44\"},\"breadcrumb\":{\"@id\":\"https:\/\/www.my-watchsite.fr\/blog\/un-porte-parole-pour-la-communaute-web-de-bell-and-ross-n172\/#breadcrumb\"},\"inLanguage\":\"fr-FR\",\"potentialAction\":[{\"@type\":\"ReadAction\",\"target\":[\"https:\/\/www.my-watchsite.fr\/blog\/un-porte-parole-pour-la-communaute-web-de-bell-and-ross-n172\/\"]}]},{\"@type\":\"BreadcrumbList\",\"@id\":\"https:\/\/www.my-watchsite.fr\/blog\/un-porte-parole-pour-la-communaute-web-de-bell-and-ross-n172\/#breadcrumb\",\"itemListElement\":[{\"@type\":\"ListItem\",\"position\":1,\"name\":\"Accueil\",\"item\":\"https:\/\/www.my-watchsite.fr\/blog\/\"},{\"@type\":\"ListItem\",\"position\":2,\"name\":\"Un porte-parole pour la communaut\u00e9 web de Bell &#038; Ross\"}]},{\"@type\":\"WebSite\",\"@id\":\"https:\/\/www.my-watchsite.fr\/blog\/#website\",\"url\":\"https:\/\/www.my-watchsite.fr\/blog\/\",\"name\":\"MyWatch FR\",\"description\":\"Make Time a Lifestyle\",\"potentialAction\":[{\"@type\":\"SearchAction\",\"target\":{\"@type\":\"EntryPoint\",\"urlTemplate\":\"https:\/\/www.my-watchsite.fr\/blog\/?s={search_term_string}\"},\"query-input\":\"required name=search_term_string\"}],\"inLanguage\":\"fr-FR\"},{\"@type\":\"Person\",\"@id\":\"https:\/\/www.my-watchsite.fr\/blog\/#\/schema\/person\/67e19b3e3d014465042ff1be1c9fcf44\",\"name\":\"MyWatch\",\"image\":{\"@type\":\"ImageObject\",\"inLanguage\":\"fr-FR\",\"@id\":\"https:\/\/www.my-watchsite.fr\/blog\/#\/schema\/person\/image\/\",\"url\":\"https:\/\/secure.gravatar.com\/avatar\/e52d1e94806c54826c863f554ca1dd2a?s=96&d=mm&r=g\",\"contentUrl\":\"https:\/\/secure.gravatar.com\/avatar\/e52d1e94806c54826c863f554ca1dd2a?s=96&d=mm&r=g\",\"caption\":\"MyWatch\"},\"sameAs\":[\"https:\/\/www.my-watchsite.fr\/blog\"]}]}<\/script>\n<!-- \/ Yoast SEO plugin. -->","yoast_head_json":{"title":"Un porte-parole pour la communaut\u00e9 web de Bell & Ross - MyWatch FR","robots":{"index":"index","follow":"follow","max-snippet":"max-snippet:-1","max-image-preview":"max-image-preview:large","max-video-preview":"max-video-preview:-1"},"canonical":"https:\/\/www.my-watchsite.fr\/blog\/un-porte-parole-pour-la-communaute-web-de-bell-and-ross-n172\/","og_locale":"fr_FR","og_type":"article","og_title":"Un porte-parole pour la communaut\u00e9 web de Bell & Ross - MyWatch FR","og_description":"En 1999, Bell &amp; Ross est l\u2019une des premi\u00e8res marques horlog\u00e8res \u00e0 cr\u00e9er son site sur Internet. En 2009, elle est la toute premi\u00e8re \u00e0 rendre l\u2019ensemble de ses montres et accessoires disponibles \u00e0 la vente en ligne. En Mai 2011, Bell &amp; Ross pr\u00e9sentait son nouveau site internet, la nouvelle vitrine mondiale de la [&hellip;]","og_url":"https:\/\/www.my-watchsite.fr\/blog\/un-porte-parole-pour-la-communaute-web-de-bell-and-ross-n172\/","og_site_name":"MyWatch FR","article_publisher":"https:\/\/www.facebook.com\/mywatchsite\/","article_published_time":"2011-07-12T22:00:00+00:00","og_image":[{"width":450,"height":355,"url":"https:\/\/www.my-watchsite.fr\/blog\/wp-content\/uploads\/2020\/08\/172_350.jpg","type":"image\/jpeg"}],"author":"MyWatch","twitter_card":"summary_large_image","twitter_creator":"@mywatchsite","twitter_site":"@mywatchsite","twitter_misc":{"\u00c9crit par":"MyWatch","Dur\u00e9e de lecture estim\u00e9e":"2 minutes"},"schema":{"@context":"https:\/\/schema.org","@graph":[{"@type":"WebPage","@id":"https:\/\/www.my-watchsite.fr\/blog\/un-porte-parole-pour-la-communaute-web-de-bell-and-ross-n172\/","url":"https:\/\/www.my-watchsite.fr\/blog\/un-porte-parole-pour-la-communaute-web-de-bell-and-ross-n172\/","name":"Un porte-parole pour la communaut\u00e9 web de Bell & Ross - MyWatch FR","isPartOf":{"@id":"https:\/\/www.my-watchsite.fr\/blog\/#website"},"datePublished":"2011-07-12T22:00:00+00:00","dateModified":"2011-07-12T22:00:00+00:00","author":{"@id":"https:\/\/www.my-watchsite.fr\/blog\/#\/schema\/person\/67e19b3e3d014465042ff1be1c9fcf44"},"breadcrumb":{"@id":"https:\/\/www.my-watchsite.fr\/blog\/un-porte-parole-pour-la-communaute-web-de-bell-and-ross-n172\/#breadcrumb"},"inLanguage":"fr-FR","potentialAction":[{"@type":"ReadAction","target":["https:\/\/www.my-watchsite.fr\/blog\/un-porte-parole-pour-la-communaute-web-de-bell-and-ross-n172\/"]}]},{"@type":"BreadcrumbList","@id":"https:\/\/www.my-watchsite.fr\/blog\/un-porte-parole-pour-la-communaute-web-de-bell-and-ross-n172\/#breadcrumb","itemListElement":[{"@type":"ListItem","position":1,"name":"Accueil","item":"https:\/\/www.my-watchsite.fr\/blog\/"},{"@type":"ListItem","position":2,"name":"Un porte-parole pour la communaut\u00e9 web de Bell &#038; Ross"}]},{"@type":"WebSite","@id":"https:\/\/www.my-watchsite.fr\/blog\/#website","url":"https:\/\/www.my-watchsite.fr\/blog\/","name":"MyWatch FR","description":"Make Time a Lifestyle","potentialAction":[{"@type":"SearchAction","target":{"@type":"EntryPoint","urlTemplate":"https:\/\/www.my-watchsite.fr\/blog\/?s={search_term_string}"},"query-input":"required name=search_term_string"}],"inLanguage":"fr-FR"},{"@type":"Person","@id":"https:\/\/www.my-watchsite.fr\/blog\/#\/schema\/person\/67e19b3e3d014465042ff1be1c9fcf44","name":"MyWatch","image":{"@type":"ImageObject","inLanguage":"fr-FR","@id":"https:\/\/www.my-watchsite.fr\/blog\/#\/schema\/person\/image\/","url":"https:\/\/secure.gravatar.com\/avatar\/e52d1e94806c54826c863f554ca1dd2a?s=96&d=mm&r=g","contentUrl":"https:\/\/secure.gravatar.com\/avatar\/e52d1e94806c54826c863f554ca1dd2a?s=96&d=mm&r=g","caption":"MyWatch"},"sameAs":["https:\/\/www.my-watchsite.fr\/blog"]}]}},"_links":{"self":[{"href":"https:\/\/www.my-watchsite.fr\/blog\/wp-json\/wp\/v2\/posts\/558"}],"collection":[{"href":"https:\/\/www.my-watchsite.fr\/blog\/wp-json\/wp\/v2\/posts"}],"about":[{"href":"https:\/\/www.my-watchsite.fr\/blog\/wp-json\/wp\/v2\/types\/post"}],"author":[{"embeddable":true,"href":"https:\/\/www.my-watchsite.fr\/blog\/wp-json\/wp\/v2\/users\/1"}],"replies":[{"embeddable":true,"href":"https:\/\/www.my-watchsite.fr\/blog\/wp-json\/wp\/v2\/comments?post=558"}],"version-history":[{"count":0,"href":"https:\/\/www.my-watchsite.fr\/blog\/wp-json\/wp\/v2\/posts\/558\/revisions"}],"wp:featuredmedia":[{"embeddable":true,"href":"https:\/\/www.my-watchsite.fr\/blog\/wp-json\/wp\/v2\/media\/559"}],"wp:attachment":[{"href":"https:\/\/www.my-watchsite.fr\/blog\/wp-json\/wp\/v2\/media?parent=558"}],"wp:term":[{"taxonomy":"category","embeddable":true,"href":"https:\/\/www.my-watchsite.fr\/blog\/wp-json\/wp\/v2\/categories?post=558"},{"taxonomy":"post_tag","embeddable":true,"href":"https:\/\/www.my-watchsite.fr\/blog\/wp-json\/wp\/v2\/tags?post=558"}],"curies":[{"name":"wp","href":"https:\/\/api.w.org\/{rel}","templated":true}]}}