{"id":6051,"date":"2019-01-11T11:00:45","date_gmt":"2019-01-11T10:00:45","guid":{"rendered":"https:\/\/www.my-watchsite.fr\/blog\/blog\/sihh-2019-une-edition-anniversaire-pour-la-lange-1-chez-a-lange-soehne-n2346\/"},"modified":"2019-01-11T11:00:45","modified_gmt":"2019-01-11T10:00:45","slug":"sihh-2019-une-edition-anniversaire-pour-la-lange-1-chez-a-lange-soehne-n2346","status":"publish","type":"post","link":"https:\/\/www.my-watchsite.fr\/blog\/sihh-2019-une-edition-anniversaire-pour-la-lange-1-chez-a-lange-soehne-n2346\/","title":{"rendered":"SIHH 2019, une \u00e9dition anniversaire pour la Lange 1 chez A. Lange &#038; S\u00f6hne"},"content":{"rendered":"<p><strong>Le Salon International de la Haute Horlogerie \u00e0 Gen\u00e8ve sera l&rsquo;occasion pour la manufacture saxonne A. Lange &amp; S\u00f6hne de c\u00e9l\u00e9brer le 25e anniversaire de son embl\u00e9matique montre Lange 1 avec une sublime \u00e9dition limit\u00e9e \u00e0 250 exemplaires en or blanc habill\u00e9e de bleu.<\/strong><\/p>\n<p><strong><img decoding=\"async\" src=\"https:\/\/www.my-watchsite.fr\/blog\/wp-content\/uploads\/2020\/08\/lange1anniversary-1.jpg\" alt \/><img decoding=\"async\" src=\"https:\/\/www.my-watchsite.fr\/blog\/wp-content\/uploads\/2020\/08\/lange1anniversary-2.jpg\" alt \/><br \/><\/strong><\/p>\n<p>Le 24 octobre 1994 repr\u00e9sente la date la plus importante de l\u2019histoire r\u00e9cente de A. Lange &amp; S\u00f6hne. Ce jour-l\u00e0, au Ch\u00e2teau de la R\u00e9sidence de Dresde, le fondateur de l\u2019entre-prise, Walter Lange, et son partenaire, G\u00fcnter Bl\u00fcmlein, pr\u00e9sent\u00e8rent les quatre premi\u00e8res montres de poignet cr\u00e9\u00e9es apr\u00e8s la nouvelle fondation de la maison, parmi lesquelles la LANGE 1. La disposition d\u00e9centr\u00e9e du cadran anima toutes les discussions, tandis que ses qualit\u00e9s techniques, comme la grande date et le double barillet furent accueillis avec enthousiasme.<\/p>\n<p><img decoding=\"async\" src=\"https:\/\/www.my-watchsite.fr\/blog\/wp-content\/uploads\/2020\/08\/lange1anniversary-3.jpg\" alt \/><\/p>\n<p>Tout design qui fait \u00e9cole commence g\u00e9n\u00e9ralement par susciter des r\u00e9actions contrast\u00e9es. Il faut en effet bousculer ses habitudes visuelles pour pouvoir appr\u00e9cier toute la port\u00e9e esth\u00e9tique de la nouveaut\u00e9. La LANGE 1 en est un bon exemple. Une grande date et un cadran d\u00e9centr\u00e9 dans une montre m\u00e9canique ex\u00e9cut\u00e9e avec les plus belles finitions artisanales : au milieu des ann\u00e9es 1990, beaucoup jug\u00e8rent cette rupture stylistique comme de la provocation. Pourtant, son allure atypique fit sensation et remit A. Lange &amp; S\u00f6hne sur le devant de la sc\u00e8ne du jour au lendemain.<\/p>\n<p><img decoding=\"async\" src=\"https:\/\/www.my-watchsite.fr\/blog\/wp-content\/uploads\/2020\/08\/lange1anniversary-4.jpg\" alt \/><\/p>\n<p>Cet \u00e9v\u00e9nement historique, qui signe le retour de A. Lange &amp; S\u00f6hne dans le cercle des manufac-tures internationales d\u2019horlogerie de pr\u00e9cision en 1994, est comm\u00e9mor\u00e9, pour son anniversaire en 2019, par une collection de plusieurs mod\u00e8les en or blanc, c\u00e9l\u00e9brant les principaux jalons qui ont marqu\u00e9 la famille de montres LANGE 1. Ces mod\u00e8les partagent des caract\u00e9ristiques com-munes : un cadran argent\u00e9 en argent massif orn\u00e9 de chiffres et d\u2019index imprim\u00e9s en bleu nuit, un affichage de la date aux chiffres bleus ainsi qu\u2019un bracelet en cuir d\u2019alligator bleu assorti avec coutures grises.<\/p>\n<p>La LANGE 1, dont le design est rest\u00e9 presque inchang\u00e9 depuis 1994, annonce le d\u00e9but de la collection \u00ab 25th Anniversary \u00bb. Son \u00e9volution technique est toutefois visible sur le mouvement. Le calibre \u00e0 remontage manuel L121.1, pr\u00e9sent\u00e9 en 2015, dispose d\u2019un affichage de la grande date par chiffres sautants et d\u2019un spiral de balancier fabriqu\u00e9 par Lange oscillant librement, qui, en lien avec un grand balancier \u00e0 masselottes excentr\u00e9es, veille \u00e0 une marche optimale. \u00c0 l\u2019ins-tar du premier calibre \u00e9quipant la LANGE 1, le L901.0, ce mouvement enti\u00e8rement fini \u00e0 la main pr\u00e9sente un double barillet, qui lui fournit une r\u00e9serve de marche de 72 heures. On retrouve \u00e9galement les gages de qualit\u00e9 typiques de Lange, comme la platine trois quarts en maillechort non trait\u00e9, les huit chatons en or viss\u00e9s et le coq de barillet grav\u00e9 main. Il porte une gravure toute particuli\u00e8re : la grande date affichant le nombre 25, symbole du 25\u00e8me anniversaire. Pour la premi\u00e8re fois, les lignes du nouveau motif de gravure, ex\u00e9cut\u00e9es \u00e0 la main, sont bleuies et bien mises en valeur par un fort contraste.<\/p>\n<p>Autre caract\u00e9ristique de la LANGE 1 \u00ab 25th Anniversary \u00bb, en \u00e9dition limit\u00e9e \u00e0 250 exemplaires : le couvercle \u00e0 charni\u00e8re grav\u00e9 main en or blanc massif. Son motif pr\u00e9sente la maison m\u00e8re de Lange, inaugur\u00e9e en 1873, les noms de Walter Lange et de G\u00fcnter Bl\u00fcmlein, ainsi qu\u2019une gravure en relief de la mention \u00ab 25 ANS LANGE 1 \u00bb.<\/p>\n","protected":false},"excerpt":{"rendered":"<p>Le Salon International de la Haute Horlogerie \u00e0 Gen\u00e8ve sera l&rsquo;occasion pour la manufacture saxonne A. Lange &amp; S\u00f6hne de c\u00e9l\u00e9brer le 25e anniversaire de son embl\u00e9matique montre Lange 1 avec une sublime \u00e9dition limit\u00e9e \u00e0 250 exemplaires en or blanc habill\u00e9e de bleu. Le 24 octobre 1994 repr\u00e9sente la date la plus importante de [&hellip;]<\/p>\n","protected":false},"author":1,"featured_media":6056,"comment_status":"closed","ping_status":"closed","sticky":false,"template":"","format":"standard","meta":{"footnotes":""},"categories":[2],"tags":[19],"acf":[],"yoast_head":"<!-- This site is optimized with the Yoast SEO plugin v20.4 - https:\/\/yoast.com\/wordpress\/plugins\/seo\/ -->\n<title>SIHH 2019, une \u00e9dition anniversaire pour la Lange 1 chez A. Lange &amp; S\u00f6hne - MyWatch FR<\/title>\n<meta name=\"robots\" content=\"index, follow, max-snippet:-1, max-image-preview:large, max-video-preview:-1\" \/>\n<link rel=\"canonical\" href=\"https:\/\/www.my-watchsite.fr\/blog\/sihh-2019-une-edition-anniversaire-pour-la-lange-1-chez-a-lange-soehne-n2346\/\" \/>\n<meta property=\"og:locale\" content=\"fr_FR\" \/>\n<meta property=\"og:type\" content=\"article\" \/>\n<meta property=\"og:title\" content=\"SIHH 2019, une \u00e9dition anniversaire pour la Lange 1 chez A. Lange &amp; S\u00f6hne - MyWatch FR\" \/>\n<meta property=\"og:description\" content=\"Le Salon International de la Haute Horlogerie \u00e0 Gen\u00e8ve sera l&rsquo;occasion pour la manufacture saxonne A. Lange &amp; S\u00f6hne de c\u00e9l\u00e9brer le 25e anniversaire de son embl\u00e9matique montre Lange 1 avec une sublime \u00e9dition limit\u00e9e \u00e0 250 exemplaires en or blanc habill\u00e9e de bleu. Le 24 octobre 1994 repr\u00e9sente la date la plus importante de [&hellip;]\" \/>\n<meta property=\"og:url\" content=\"https:\/\/www.my-watchsite.fr\/blog\/sihh-2019-une-edition-anniversaire-pour-la-lange-1-chez-a-lange-soehne-n2346\/\" \/>\n<meta property=\"og:site_name\" content=\"MyWatch FR\" \/>\n<meta property=\"article:publisher\" content=\"https:\/\/www.facebook.com\/mywatchsite\/\" \/>\n<meta property=\"article:published_time\" content=\"2019-01-11T10:00:45+00:00\" \/>\n<meta property=\"og:image\" content=\"https:\/\/www.my-watchsite.fr\/blog\/wp-content\/uploads\/2020\/08\/thumb_2346.jpg\" \/>\n\t<meta property=\"og:image:width\" content=\"654\" \/>\n\t<meta property=\"og:image:height\" content=\"435\" \/>\n\t<meta property=\"og:image:type\" content=\"image\/jpeg\" \/>\n<meta name=\"author\" content=\"MyWatch\" \/>\n<meta name=\"twitter:card\" content=\"summary_large_image\" \/>\n<meta name=\"twitter:creator\" content=\"@mywatchsite\" \/>\n<meta name=\"twitter:site\" content=\"@mywatchsite\" \/>\n<meta name=\"twitter:label1\" content=\"\u00c9crit par\" \/>\n\t<meta name=\"twitter:data1\" content=\"MyWatch\" \/>\n\t<meta name=\"twitter:label2\" content=\"Dur\u00e9e de lecture estim\u00e9e\" \/>\n\t<meta name=\"twitter:data2\" content=\"3 minutes\" \/>\n<script type=\"application\/ld+json\" class=\"yoast-schema-graph\">{\"@context\":\"https:\/\/schema.org\",\"@graph\":[{\"@type\":\"WebPage\",\"@id\":\"https:\/\/www.my-watchsite.fr\/blog\/sihh-2019-une-edition-anniversaire-pour-la-lange-1-chez-a-lange-soehne-n2346\/\",\"url\":\"https:\/\/www.my-watchsite.fr\/blog\/sihh-2019-une-edition-anniversaire-pour-la-lange-1-chez-a-lange-soehne-n2346\/\",\"name\":\"SIHH 2019, une \u00e9dition anniversaire pour la Lange 1 chez A. Lange & S\u00f6hne - MyWatch FR\",\"isPartOf\":{\"@id\":\"https:\/\/www.my-watchsite.fr\/blog\/#website\"},\"datePublished\":\"2019-01-11T10:00:45+00:00\",\"dateModified\":\"2019-01-11T10:00:45+00:00\",\"author\":{\"@id\":\"https:\/\/www.my-watchsite.fr\/blog\/#\/schema\/person\/67e19b3e3d014465042ff1be1c9fcf44\"},\"breadcrumb\":{\"@id\":\"https:\/\/www.my-watchsite.fr\/blog\/sihh-2019-une-edition-anniversaire-pour-la-lange-1-chez-a-lange-soehne-n2346\/#breadcrumb\"},\"inLanguage\":\"fr-FR\",\"potentialAction\":[{\"@type\":\"ReadAction\",\"target\":[\"https:\/\/www.my-watchsite.fr\/blog\/sihh-2019-une-edition-anniversaire-pour-la-lange-1-chez-a-lange-soehne-n2346\/\"]}]},{\"@type\":\"BreadcrumbList\",\"@id\":\"https:\/\/www.my-watchsite.fr\/blog\/sihh-2019-une-edition-anniversaire-pour-la-lange-1-chez-a-lange-soehne-n2346\/#breadcrumb\",\"itemListElement\":[{\"@type\":\"ListItem\",\"position\":1,\"name\":\"Accueil\",\"item\":\"https:\/\/www.my-watchsite.fr\/blog\/\"},{\"@type\":\"ListItem\",\"position\":2,\"name\":\"SIHH 2019, une \u00e9dition anniversaire pour la Lange 1 chez A. Lange &#038; S\u00f6hne\"}]},{\"@type\":\"WebSite\",\"@id\":\"https:\/\/www.my-watchsite.fr\/blog\/#website\",\"url\":\"https:\/\/www.my-watchsite.fr\/blog\/\",\"name\":\"MyWatch FR\",\"description\":\"Make Time a Lifestyle\",\"potentialAction\":[{\"@type\":\"SearchAction\",\"target\":{\"@type\":\"EntryPoint\",\"urlTemplate\":\"https:\/\/www.my-watchsite.fr\/blog\/?s={search_term_string}\"},\"query-input\":\"required name=search_term_string\"}],\"inLanguage\":\"fr-FR\"},{\"@type\":\"Person\",\"@id\":\"https:\/\/www.my-watchsite.fr\/blog\/#\/schema\/person\/67e19b3e3d014465042ff1be1c9fcf44\",\"name\":\"MyWatch\",\"image\":{\"@type\":\"ImageObject\",\"inLanguage\":\"fr-FR\",\"@id\":\"https:\/\/www.my-watchsite.fr\/blog\/#\/schema\/person\/image\/\",\"url\":\"https:\/\/secure.gravatar.com\/avatar\/e52d1e94806c54826c863f554ca1dd2a?s=96&d=mm&r=g\",\"contentUrl\":\"https:\/\/secure.gravatar.com\/avatar\/e52d1e94806c54826c863f554ca1dd2a?s=96&d=mm&r=g\",\"caption\":\"MyWatch\"},\"sameAs\":[\"https:\/\/www.my-watchsite.fr\/blog\"]}]}<\/script>\n<!-- \/ Yoast SEO plugin. -->","yoast_head_json":{"title":"SIHH 2019, une \u00e9dition anniversaire pour la Lange 1 chez A. Lange & S\u00f6hne - MyWatch FR","robots":{"index":"index","follow":"follow","max-snippet":"max-snippet:-1","max-image-preview":"max-image-preview:large","max-video-preview":"max-video-preview:-1"},"canonical":"https:\/\/www.my-watchsite.fr\/blog\/sihh-2019-une-edition-anniversaire-pour-la-lange-1-chez-a-lange-soehne-n2346\/","og_locale":"fr_FR","og_type":"article","og_title":"SIHH 2019, une \u00e9dition anniversaire pour la Lange 1 chez A. Lange & S\u00f6hne - MyWatch FR","og_description":"Le Salon International de la Haute Horlogerie \u00e0 Gen\u00e8ve sera l&rsquo;occasion pour la manufacture saxonne A. Lange &amp; S\u00f6hne de c\u00e9l\u00e9brer le 25e anniversaire de son embl\u00e9matique montre Lange 1 avec une sublime \u00e9dition limit\u00e9e \u00e0 250 exemplaires en or blanc habill\u00e9e de bleu. Le 24 octobre 1994 repr\u00e9sente la date la plus importante de [&hellip;]","og_url":"https:\/\/www.my-watchsite.fr\/blog\/sihh-2019-une-edition-anniversaire-pour-la-lange-1-chez-a-lange-soehne-n2346\/","og_site_name":"MyWatch FR","article_publisher":"https:\/\/www.facebook.com\/mywatchsite\/","article_published_time":"2019-01-11T10:00:45+00:00","og_image":[{"width":654,"height":435,"url":"https:\/\/www.my-watchsite.fr\/blog\/wp-content\/uploads\/2020\/08\/thumb_2346.jpg","type":"image\/jpeg"}],"author":"MyWatch","twitter_card":"summary_large_image","twitter_creator":"@mywatchsite","twitter_site":"@mywatchsite","twitter_misc":{"\u00c9crit par":"MyWatch","Dur\u00e9e de lecture estim\u00e9e":"3 minutes"},"schema":{"@context":"https:\/\/schema.org","@graph":[{"@type":"WebPage","@id":"https:\/\/www.my-watchsite.fr\/blog\/sihh-2019-une-edition-anniversaire-pour-la-lange-1-chez-a-lange-soehne-n2346\/","url":"https:\/\/www.my-watchsite.fr\/blog\/sihh-2019-une-edition-anniversaire-pour-la-lange-1-chez-a-lange-soehne-n2346\/","name":"SIHH 2019, une \u00e9dition anniversaire pour la Lange 1 chez A. Lange & S\u00f6hne - MyWatch FR","isPartOf":{"@id":"https:\/\/www.my-watchsite.fr\/blog\/#website"},"datePublished":"2019-01-11T10:00:45+00:00","dateModified":"2019-01-11T10:00:45+00:00","author":{"@id":"https:\/\/www.my-watchsite.fr\/blog\/#\/schema\/person\/67e19b3e3d014465042ff1be1c9fcf44"},"breadcrumb":{"@id":"https:\/\/www.my-watchsite.fr\/blog\/sihh-2019-une-edition-anniversaire-pour-la-lange-1-chez-a-lange-soehne-n2346\/#breadcrumb"},"inLanguage":"fr-FR","potentialAction":[{"@type":"ReadAction","target":["https:\/\/www.my-watchsite.fr\/blog\/sihh-2019-une-edition-anniversaire-pour-la-lange-1-chez-a-lange-soehne-n2346\/"]}]},{"@type":"BreadcrumbList","@id":"https:\/\/www.my-watchsite.fr\/blog\/sihh-2019-une-edition-anniversaire-pour-la-lange-1-chez-a-lange-soehne-n2346\/#breadcrumb","itemListElement":[{"@type":"ListItem","position":1,"name":"Accueil","item":"https:\/\/www.my-watchsite.fr\/blog\/"},{"@type":"ListItem","position":2,"name":"SIHH 2019, une \u00e9dition anniversaire pour la Lange 1 chez A. Lange &#038; S\u00f6hne"}]},{"@type":"WebSite","@id":"https:\/\/www.my-watchsite.fr\/blog\/#website","url":"https:\/\/www.my-watchsite.fr\/blog\/","name":"MyWatch FR","description":"Make Time a Lifestyle","potentialAction":[{"@type":"SearchAction","target":{"@type":"EntryPoint","urlTemplate":"https:\/\/www.my-watchsite.fr\/blog\/?s={search_term_string}"},"query-input":"required name=search_term_string"}],"inLanguage":"fr-FR"},{"@type":"Person","@id":"https:\/\/www.my-watchsite.fr\/blog\/#\/schema\/person\/67e19b3e3d014465042ff1be1c9fcf44","name":"MyWatch","image":{"@type":"ImageObject","inLanguage":"fr-FR","@id":"https:\/\/www.my-watchsite.fr\/blog\/#\/schema\/person\/image\/","url":"https:\/\/secure.gravatar.com\/avatar\/e52d1e94806c54826c863f554ca1dd2a?s=96&d=mm&r=g","contentUrl":"https:\/\/secure.gravatar.com\/avatar\/e52d1e94806c54826c863f554ca1dd2a?s=96&d=mm&r=g","caption":"MyWatch"},"sameAs":["https:\/\/www.my-watchsite.fr\/blog"]}]}},"_links":{"self":[{"href":"https:\/\/www.my-watchsite.fr\/blog\/wp-json\/wp\/v2\/posts\/6051"}],"collection":[{"href":"https:\/\/www.my-watchsite.fr\/blog\/wp-json\/wp\/v2\/posts"}],"about":[{"href":"https:\/\/www.my-watchsite.fr\/blog\/wp-json\/wp\/v2\/types\/post"}],"author":[{"embeddable":true,"href":"https:\/\/www.my-watchsite.fr\/blog\/wp-json\/wp\/v2\/users\/1"}],"replies":[{"embeddable":true,"href":"https:\/\/www.my-watchsite.fr\/blog\/wp-json\/wp\/v2\/comments?post=6051"}],"version-history":[{"count":0,"href":"https:\/\/www.my-watchsite.fr\/blog\/wp-json\/wp\/v2\/posts\/6051\/revisions"}],"wp:featuredmedia":[{"embeddable":true,"href":"https:\/\/www.my-watchsite.fr\/blog\/wp-json\/wp\/v2\/media\/6056"}],"wp:attachment":[{"href":"https:\/\/www.my-watchsite.fr\/blog\/wp-json\/wp\/v2\/media?parent=6051"}],"wp:term":[{"taxonomy":"category","embeddable":true,"href":"https:\/\/www.my-watchsite.fr\/blog\/wp-json\/wp\/v2\/categories?post=6051"},{"taxonomy":"post_tag","embeddable":true,"href":"https:\/\/www.my-watchsite.fr\/blog\/wp-json\/wp\/v2\/tags?post=6051"}],"curies":[{"name":"wp","href":"https:\/\/api.w.org\/{rel}","templated":true}]}}