{"id":634,"date":"2011-08-26T00:00:00","date_gmt":"2011-08-25T22:00:00","guid":{"rendered":"https:\/\/www.my-watchsite.fr\/blog\/blog\/jaeger-lecoultre-du-coeur-sur-le-tapis-rouge-de-la-mostra-de-venise-n195\/"},"modified":"2011-08-26T00:00:00","modified_gmt":"2011-08-25T22:00:00","slug":"jaeger-lecoultre-du-coeur-sur-le-tapis-rouge-de-la-mostra-de-venise-n195","status":"publish","type":"post","link":"https:\/\/www.my-watchsite.fr\/blog\/jaeger-lecoultre-du-coeur-sur-le-tapis-rouge-de-la-mostra-de-venise-n195\/","title":{"rendered":"Jaeger-LeCoultre : du coeur sur le tapis rouge de la Mostra de Venise"},"content":{"rendered":"<div>L\u2019art de suspendre l\u2019envol du temps. De sublimer l\u2019instant pr\u00e9sent. De donner vie \u00e0 une \u0153uvre unique, car fa\u00e7onn\u00e9e par la main de l\u2019homme. L\u2019art de r\u00e9v\u00e9ler un regard, celui que porte l\u2019artiste sur le temps, sur le monde. Cin\u00e9aste, horloger, acteur, sertisseur\u2026 chaque artiste est un artisan qui manie avec brio la palette de nos \u00e9motions. Chaque ann\u00e9e, Jaeger-LeCoultre rend hommage au talent des cr\u00e9ateurs dont le travail suscite l\u2019\u00e9merveillement de tous.<\/div>\n<div><\/div>\n<div>Du 31 ao\u00fbt au 10 septembre 2011, \u00e0 l\u2019occasion du 68\u00e8me Festival International du Film de Venise organis\u00e9 par la Biennale de Venise &#8211; cette fameuse Mostra dont Jaeger-LeCoultre est le partenaire officiel depuis sept ans &#8211; la Grande Maison d\u00e9voilera son casting de r\u00eave, compos\u00e9 de cr\u00e9ations horlog\u00e8res d\u2019exception.<\/div>\n<div><\/div>\n<div>Fid\u00e8le sponsor de la Mostra depuis 2005, Jaeger-LeCoultre participera bien entendu \u00e0 tous les temps forts de l\u2019\u00e9v\u00e9nement. Comme \u00e0 l\u2019accoutum\u00e9e, la Manufacture se fera une joie de sublimer les stars avec ses plus belles cr\u00e9ations et de remettre une montre Reverso personnalis\u00e9e aux vainqueurs des diff\u00e9rents prix. Trois mod\u00e8les in\u00e9dits viendront ainsi r\u00e9compenser la Meilleure Actrice et le Meilleur Acteur de l\u2019ann\u00e9e, ainsi que le Meilleur Film, le tr\u00e8s pris\u00e9 Lion d\u2019Or. Orn\u00e9s d\u2019une gravure laqu\u00e9e repr\u00e9sentant le lion symbole de la S\u00e9r\u00e9nissime, ces garde-temps travaill\u00e9s \u00e0 la main dans la plus pure tradition horlog\u00e8re portent \u00e9galement l\u2019inscription <em>68. Mostra Internazionale d\u2019Arte Cinematografica<\/em>.<\/div>\n<div><\/div>\n<div><strong>Reverso for Emergency &#8211; Jaeger-LeCoultre soutient le Centre Salam:<\/strong><\/div>\n<div><\/div>\n<div>La Reverso a \u00e9t\u00e9 cr\u00e9\u00e9e en 1931 pour r\u00e9pondre aux besoins d\u2019officiers britanniques stationn\u00e9s en Inde, qui d\u00e9siraient disposer d\u2019une montre capable de r\u00e9sister aux chocs occasionn\u00e9s par la pratique du polo. En 2011, ce mod\u00e8le de l\u00e9gende f\u00eate son quatre-vingti\u00e8me anniversaire. Pour c\u00e9l\u00e9brer l\u2019\u00e9v\u00e9nement ainsi que le 68\u00e8me Festival International du Film de Venise, Jaeger-LeCoultre a souhait\u00e9 rendre hommage aux valeurs qui lui ont valu la reconnaissance de toute l\u2019industrie horlog\u00e8re, en consacrant toute son attention \u00e0 une \u0153uvre de bienfaisance, via l\u2019op\u00e9ration : <strong>\u00ab <em>Reverso for Emergency, Jaeger-LeCoultre helps the Salam Centre \u00bb.<\/em><\/strong><\/div>\n<div><\/div>\n<div>Gr\u00e2ce au soutien des c\u00e9l\u00e9brit\u00e9s qui d\u00e9fileront sur le tapis rouge pendant les dix jours sur lesquels s\u2019\u00e9tend la Mostra, Jaeger-LeCoultre va pouvoir financer dix op\u00e9rations chirurgicales, r\u00e9alis\u00e9es au \u00ab Salam Centre \u00bb. Cr\u00e9\u00e9 par l\u2019association Emergency, ce centre de chirurgie cardiaque \u00e9tabli \u00e0 Khartoum, au Soudan, vient en aide aux enfants et adultes atteints de maladies cardiovasculaires. Depuis 2007, les chirurgiens du Centre soignent leurs patients \u00e0 titre gratuit, mettant \u00e0 la disposition de toutes les meilleures technologies m\u00e9dicales.<\/div>\n<div><\/div>\n<div>Une Reverso laqu\u00e9e, frapp\u00e9e du symbole du \u00ab Salam Centre \u00bb : un c\u0153ur rouge.<\/div>\n<div>Une main sur le c\u0153ur\u2026 celle de l\u2019artiste sur le tapis rouge du Festival, qui s\u2019investit personnellement pour soutenir l\u2019action du \u00ab Salam Centre \u00bb.<\/div>\n<ul>\n<li><img decoding=\"async\" src=\"https:\/\/www.my-watchsite.fr\/blog\/wp-content\/uploads\/2020\/08\/195_403.jpg\" alt=\"Pour chaque Reverso for Emergency port\u00e9e par une c\u00e9l\u00e9brit\u00e9 d\u00e9filant sur le tapis rouge de la Mostra de Venise, Jaeger-LeCoultre apportera un soutien financier pour des op\u00e9rations chirurgicales au Salam Centre \u00e0 Karthoum au Soudan. \" \/><\/li>\n<li><img decoding=\"async\" src=\"https:\/\/www.my-watchsite.fr\/blog\/wp-content\/uploads\/2020\/08\/195_404.jpg\" alt=\"La Reverso for Emergency pour femme : la Grande Reverso Lady Ultra Thin.\" \/><\/li>\n<li><img decoding=\"async\" src=\"https:\/\/www.my-watchsite.fr\/blog\/wp-content\/uploads\/2020\/08\/195_405.jpg\" alt=\"La Reverso for Emergency pour homme : la Grande Reverso Ultra Thin.\" \/><\/li>\n<\/ul>\n","protected":false},"excerpt":{"rendered":"<p>L\u2019art de suspendre l\u2019envol du temps. De sublimer l\u2019instant pr\u00e9sent. De donner vie \u00e0 une \u0153uvre unique, car fa\u00e7onn\u00e9e par la main de l\u2019homme. L\u2019art de r\u00e9v\u00e9ler un regard, celui que porte l\u2019artiste sur le temps, sur le monde. Cin\u00e9aste, horloger, acteur, sertisseur\u2026 chaque artiste est un artisan qui manie avec brio la palette de [&hellip;]<\/p>\n","protected":false},"author":1,"featured_media":635,"comment_status":"closed","ping_status":"closed","sticky":false,"template":"","format":"standard","meta":{"footnotes":""},"categories":[2],"tags":[27],"acf":[],"yoast_head":"<!-- This site is optimized with the Yoast SEO plugin v20.4 - https:\/\/yoast.com\/wordpress\/plugins\/seo\/ -->\n<title>Jaeger-LeCoultre : du coeur sur le tapis rouge de la Mostra de Venise - MyWatch FR<\/title>\n<meta name=\"robots\" content=\"index, follow, max-snippet:-1, max-image-preview:large, max-video-preview:-1\" \/>\n<link rel=\"canonical\" href=\"https:\/\/www.my-watchsite.fr\/blog\/jaeger-lecoultre-du-coeur-sur-le-tapis-rouge-de-la-mostra-de-venise-n195\/\" \/>\n<meta property=\"og:locale\" content=\"fr_FR\" \/>\n<meta property=\"og:type\" content=\"article\" \/>\n<meta property=\"og:title\" content=\"Jaeger-LeCoultre : du coeur sur le tapis rouge de la Mostra de Venise - MyWatch FR\" \/>\n<meta property=\"og:description\" content=\"L\u2019art de suspendre l\u2019envol du temps. De sublimer l\u2019instant pr\u00e9sent. De donner vie \u00e0 une \u0153uvre unique, car fa\u00e7onn\u00e9e par la main de l\u2019homme. L\u2019art de r\u00e9v\u00e9ler un regard, celui que porte l\u2019artiste sur le temps, sur le monde. Cin\u00e9aste, horloger, acteur, sertisseur\u2026 chaque artiste est un artisan qui manie avec brio la palette de [&hellip;]\" \/>\n<meta property=\"og:url\" content=\"https:\/\/www.my-watchsite.fr\/blog\/jaeger-lecoultre-du-coeur-sur-le-tapis-rouge-de-la-mostra-de-venise-n195\/\" \/>\n<meta property=\"og:site_name\" content=\"MyWatch FR\" \/>\n<meta property=\"article:publisher\" content=\"https:\/\/www.facebook.com\/mywatchsite\/\" \/>\n<meta property=\"article:published_time\" content=\"2011-08-25T22:00:00+00:00\" \/>\n<meta property=\"og:image\" content=\"https:\/\/www.my-watchsite.fr\/blog\/wp-content\/uploads\/2020\/08\/195_403.jpg\" \/>\n\t<meta property=\"og:image:width\" content=\"450\" \/>\n\t<meta property=\"og:image:height\" content=\"618\" \/>\n\t<meta property=\"og:image:type\" content=\"image\/jpeg\" \/>\n<meta name=\"author\" content=\"MyWatch\" \/>\n<meta name=\"twitter:card\" content=\"summary_large_image\" \/>\n<meta name=\"twitter:creator\" content=\"@mywatchsite\" \/>\n<meta name=\"twitter:site\" content=\"@mywatchsite\" \/>\n<meta name=\"twitter:label1\" content=\"\u00c9crit par\" \/>\n\t<meta name=\"twitter:data1\" content=\"MyWatch\" \/>\n\t<meta name=\"twitter:label2\" content=\"Dur\u00e9e de lecture estim\u00e9e\" \/>\n\t<meta name=\"twitter:data2\" content=\"3 minutes\" \/>\n<script type=\"application\/ld+json\" class=\"yoast-schema-graph\">{\"@context\":\"https:\/\/schema.org\",\"@graph\":[{\"@type\":\"WebPage\",\"@id\":\"https:\/\/www.my-watchsite.fr\/blog\/jaeger-lecoultre-du-coeur-sur-le-tapis-rouge-de-la-mostra-de-venise-n195\/\",\"url\":\"https:\/\/www.my-watchsite.fr\/blog\/jaeger-lecoultre-du-coeur-sur-le-tapis-rouge-de-la-mostra-de-venise-n195\/\",\"name\":\"Jaeger-LeCoultre : du coeur sur le tapis rouge de la Mostra de Venise - MyWatch FR\",\"isPartOf\":{\"@id\":\"https:\/\/www.my-watchsite.fr\/blog\/#website\"},\"datePublished\":\"2011-08-25T22:00:00+00:00\",\"dateModified\":\"2011-08-25T22:00:00+00:00\",\"author\":{\"@id\":\"https:\/\/www.my-watchsite.fr\/blog\/#\/schema\/person\/67e19b3e3d014465042ff1be1c9fcf44\"},\"breadcrumb\":{\"@id\":\"https:\/\/www.my-watchsite.fr\/blog\/jaeger-lecoultre-du-coeur-sur-le-tapis-rouge-de-la-mostra-de-venise-n195\/#breadcrumb\"},\"inLanguage\":\"fr-FR\",\"potentialAction\":[{\"@type\":\"ReadAction\",\"target\":[\"https:\/\/www.my-watchsite.fr\/blog\/jaeger-lecoultre-du-coeur-sur-le-tapis-rouge-de-la-mostra-de-venise-n195\/\"]}]},{\"@type\":\"BreadcrumbList\",\"@id\":\"https:\/\/www.my-watchsite.fr\/blog\/jaeger-lecoultre-du-coeur-sur-le-tapis-rouge-de-la-mostra-de-venise-n195\/#breadcrumb\",\"itemListElement\":[{\"@type\":\"ListItem\",\"position\":1,\"name\":\"Accueil\",\"item\":\"https:\/\/www.my-watchsite.fr\/blog\/\"},{\"@type\":\"ListItem\",\"position\":2,\"name\":\"Jaeger-LeCoultre : du coeur sur le tapis rouge de la Mostra de Venise\"}]},{\"@type\":\"WebSite\",\"@id\":\"https:\/\/www.my-watchsite.fr\/blog\/#website\",\"url\":\"https:\/\/www.my-watchsite.fr\/blog\/\",\"name\":\"MyWatch FR\",\"description\":\"Make Time a Lifestyle\",\"potentialAction\":[{\"@type\":\"SearchAction\",\"target\":{\"@type\":\"EntryPoint\",\"urlTemplate\":\"https:\/\/www.my-watchsite.fr\/blog\/?s={search_term_string}\"},\"query-input\":\"required name=search_term_string\"}],\"inLanguage\":\"fr-FR\"},{\"@type\":\"Person\",\"@id\":\"https:\/\/www.my-watchsite.fr\/blog\/#\/schema\/person\/67e19b3e3d014465042ff1be1c9fcf44\",\"name\":\"MyWatch\",\"image\":{\"@type\":\"ImageObject\",\"inLanguage\":\"fr-FR\",\"@id\":\"https:\/\/www.my-watchsite.fr\/blog\/#\/schema\/person\/image\/\",\"url\":\"https:\/\/secure.gravatar.com\/avatar\/e52d1e94806c54826c863f554ca1dd2a?s=96&d=mm&r=g\",\"contentUrl\":\"https:\/\/secure.gravatar.com\/avatar\/e52d1e94806c54826c863f554ca1dd2a?s=96&d=mm&r=g\",\"caption\":\"MyWatch\"},\"sameAs\":[\"https:\/\/www.my-watchsite.fr\/blog\"]}]}<\/script>\n<!-- \/ Yoast SEO plugin. -->","yoast_head_json":{"title":"Jaeger-LeCoultre : du coeur sur le tapis rouge de la Mostra de Venise - MyWatch FR","robots":{"index":"index","follow":"follow","max-snippet":"max-snippet:-1","max-image-preview":"max-image-preview:large","max-video-preview":"max-video-preview:-1"},"canonical":"https:\/\/www.my-watchsite.fr\/blog\/jaeger-lecoultre-du-coeur-sur-le-tapis-rouge-de-la-mostra-de-venise-n195\/","og_locale":"fr_FR","og_type":"article","og_title":"Jaeger-LeCoultre : du coeur sur le tapis rouge de la Mostra de Venise - MyWatch FR","og_description":"L\u2019art de suspendre l\u2019envol du temps. De sublimer l\u2019instant pr\u00e9sent. De donner vie \u00e0 une \u0153uvre unique, car fa\u00e7onn\u00e9e par la main de l\u2019homme. L\u2019art de r\u00e9v\u00e9ler un regard, celui que porte l\u2019artiste sur le temps, sur le monde. Cin\u00e9aste, horloger, acteur, sertisseur\u2026 chaque artiste est un artisan qui manie avec brio la palette de [&hellip;]","og_url":"https:\/\/www.my-watchsite.fr\/blog\/jaeger-lecoultre-du-coeur-sur-le-tapis-rouge-de-la-mostra-de-venise-n195\/","og_site_name":"MyWatch FR","article_publisher":"https:\/\/www.facebook.com\/mywatchsite\/","article_published_time":"2011-08-25T22:00:00+00:00","og_image":[{"width":450,"height":618,"url":"https:\/\/www.my-watchsite.fr\/blog\/wp-content\/uploads\/2020\/08\/195_403.jpg","type":"image\/jpeg"}],"author":"MyWatch","twitter_card":"summary_large_image","twitter_creator":"@mywatchsite","twitter_site":"@mywatchsite","twitter_misc":{"\u00c9crit par":"MyWatch","Dur\u00e9e de lecture estim\u00e9e":"3 minutes"},"schema":{"@context":"https:\/\/schema.org","@graph":[{"@type":"WebPage","@id":"https:\/\/www.my-watchsite.fr\/blog\/jaeger-lecoultre-du-coeur-sur-le-tapis-rouge-de-la-mostra-de-venise-n195\/","url":"https:\/\/www.my-watchsite.fr\/blog\/jaeger-lecoultre-du-coeur-sur-le-tapis-rouge-de-la-mostra-de-venise-n195\/","name":"Jaeger-LeCoultre : du coeur sur le tapis rouge de la Mostra de Venise - MyWatch FR","isPartOf":{"@id":"https:\/\/www.my-watchsite.fr\/blog\/#website"},"datePublished":"2011-08-25T22:00:00+00:00","dateModified":"2011-08-25T22:00:00+00:00","author":{"@id":"https:\/\/www.my-watchsite.fr\/blog\/#\/schema\/person\/67e19b3e3d014465042ff1be1c9fcf44"},"breadcrumb":{"@id":"https:\/\/www.my-watchsite.fr\/blog\/jaeger-lecoultre-du-coeur-sur-le-tapis-rouge-de-la-mostra-de-venise-n195\/#breadcrumb"},"inLanguage":"fr-FR","potentialAction":[{"@type":"ReadAction","target":["https:\/\/www.my-watchsite.fr\/blog\/jaeger-lecoultre-du-coeur-sur-le-tapis-rouge-de-la-mostra-de-venise-n195\/"]}]},{"@type":"BreadcrumbList","@id":"https:\/\/www.my-watchsite.fr\/blog\/jaeger-lecoultre-du-coeur-sur-le-tapis-rouge-de-la-mostra-de-venise-n195\/#breadcrumb","itemListElement":[{"@type":"ListItem","position":1,"name":"Accueil","item":"https:\/\/www.my-watchsite.fr\/blog\/"},{"@type":"ListItem","position":2,"name":"Jaeger-LeCoultre : du coeur sur le tapis rouge de la Mostra de Venise"}]},{"@type":"WebSite","@id":"https:\/\/www.my-watchsite.fr\/blog\/#website","url":"https:\/\/www.my-watchsite.fr\/blog\/","name":"MyWatch FR","description":"Make Time a Lifestyle","potentialAction":[{"@type":"SearchAction","target":{"@type":"EntryPoint","urlTemplate":"https:\/\/www.my-watchsite.fr\/blog\/?s={search_term_string}"},"query-input":"required name=search_term_string"}],"inLanguage":"fr-FR"},{"@type":"Person","@id":"https:\/\/www.my-watchsite.fr\/blog\/#\/schema\/person\/67e19b3e3d014465042ff1be1c9fcf44","name":"MyWatch","image":{"@type":"ImageObject","inLanguage":"fr-FR","@id":"https:\/\/www.my-watchsite.fr\/blog\/#\/schema\/person\/image\/","url":"https:\/\/secure.gravatar.com\/avatar\/e52d1e94806c54826c863f554ca1dd2a?s=96&d=mm&r=g","contentUrl":"https:\/\/secure.gravatar.com\/avatar\/e52d1e94806c54826c863f554ca1dd2a?s=96&d=mm&r=g","caption":"MyWatch"},"sameAs":["https:\/\/www.my-watchsite.fr\/blog"]}]}},"_links":{"self":[{"href":"https:\/\/www.my-watchsite.fr\/blog\/wp-json\/wp\/v2\/posts\/634"}],"collection":[{"href":"https:\/\/www.my-watchsite.fr\/blog\/wp-json\/wp\/v2\/posts"}],"about":[{"href":"https:\/\/www.my-watchsite.fr\/blog\/wp-json\/wp\/v2\/types\/post"}],"author":[{"embeddable":true,"href":"https:\/\/www.my-watchsite.fr\/blog\/wp-json\/wp\/v2\/users\/1"}],"replies":[{"embeddable":true,"href":"https:\/\/www.my-watchsite.fr\/blog\/wp-json\/wp\/v2\/comments?post=634"}],"version-history":[{"count":0,"href":"https:\/\/www.my-watchsite.fr\/blog\/wp-json\/wp\/v2\/posts\/634\/revisions"}],"wp:featuredmedia":[{"embeddable":true,"href":"https:\/\/www.my-watchsite.fr\/blog\/wp-json\/wp\/v2\/media\/635"}],"wp:attachment":[{"href":"https:\/\/www.my-watchsite.fr\/blog\/wp-json\/wp\/v2\/media?parent=634"}],"wp:term":[{"taxonomy":"category","embeddable":true,"href":"https:\/\/www.my-watchsite.fr\/blog\/wp-json\/wp\/v2\/categories?post=634"},{"taxonomy":"post_tag","embeddable":true,"href":"https:\/\/www.my-watchsite.fr\/blog\/wp-json\/wp\/v2\/tags?post=634"}],"curies":[{"name":"wp","href":"https:\/\/api.w.org\/{rel}","templated":true}]}}