{"id":6625,"date":"2020-02-28T14:20:07","date_gmt":"2020-02-28T13:20:07","guid":{"rendered":"https:\/\/www.my-watchsite.fr\/blog\/blog\/coronavirus-baselworld-est-reporte-a-janvier-2021-n2501\/"},"modified":"2020-02-28T14:20:07","modified_gmt":"2020-02-28T13:20:07","slug":"coronavirus-baselworld-est-reporte-a-janvier-2021-n2501","status":"publish","type":"post","link":"https:\/\/www.my-watchsite.fr\/blog\/coronavirus-baselworld-est-reporte-a-janvier-2021-n2501\/","title":{"rendered":"Coronavirus, Baselworld est report\u00e9 en janvier 2021"},"content":{"rendered":"<p>R\u00e9percussion du Coronavirus COVID-19. Il n&rsquo;aura pas fallu attendre longtemps apr\u00e8s l&rsquo;annonce, hier, de l&rsquo;annulation de Watches &amp; Wonders Geneva et la d\u00e9cision, ce matin par ordonnance, de la Conf\u00e9d\u00e9ration Suisse d&rsquo;interdire tout rassemblement de plus de 1000 personnes jusqu&rsquo;au 15 mars, pour que les organisateurs de Baselworld se d\u00e9cident \u00e0 r\u00e9agir. Sans surprise, le salon de B\u00e2le est annul\u00e9. Il est report\u00e9 \u00e0 2021 et se tiendra, si tout va bien, du jeudi 28 janvier au mardi 2 f\u00e9vrier prochains.<\/p>\n<p>La r\u00e9daction<\/p>\n<p><strong>Les dommages collat\u00e9raux du coronavirus sur les les salons horlogers<\/strong><\/p>\n<p>Avec le report de Baselworld, c&rsquo;est donc le quatri\u00e8me \u00e9v\u00e9nement horloger qui est impact\u00e9 par la r\u00e9percussions du coronavirus COVID-19 (mesure de s\u00e9curit\u00e9 des services de sant\u00e9, de l&rsquo;\u00e9tat, ou principe de pr\u00e9caution). Le premier effet a \u00e9t\u00e9 l&rsquo;annulation de Time to Move (pr\u00e9vu d\u00e9but mars \u00e0 Zurich) par le Swatch Group, avant celle du propre salon de Movado et la d\u00e9cision, hier, de la F\u00e9d\u00e9ration de la Haute Horlogerie de renoncer \u00e0 maintenir Watches &amp; Wonders Geneva qui devait se d\u00e9rouler juste avant B\u00e2le, du 25 au 29 avril prochains.<\/p>\n<p><strong>Ce que dit le communiqu\u00e9 de Baselworld qui vient de tomber : <\/strong><\/p>\n<div>\n<div>\n<div>\n<p>Pour des raisons de s\u00e9curit\u00e9 sanitaire et respectant le principe de pr\u00e9caution suite aux interdictions \u00e9mises aujourd\u2019hui par les autorit\u00e9s f\u00e9d\u00e9rales et cantonales Suisses concernant les grandes manifestations, Baselworld annonce avoir pris la d\u00e9cision de reporter le salon du jeudi 28 janvier au mardi 2 f\u00e9vrier 2021 (Journ\u00e9e de la presse le mercredi 27 janvier) pour cause li\u00e9e au COVID-19.<\/p>\n<p>Baselworld qui devait se tenir du 30 avril au 5 mai 2020, a pris cette lourde d\u00e9cision en \u00e9troite consultation avec ses partenaires ainsi que les autorit\u00e9s sanitaires en charge en qui Baselworld a pleine confiance pour leur expertise et recommandations au b\u00e9n\u00e9fice de ses exposants, visiteurs et collaborateurs. Suite \u00e0 l&rsquo;interdiction officielle d&rsquo;aujourd&rsquo;hui des grands rassemblements publics qui a eu des r\u00e9percussions directes sur le salon, Baselworld n&rsquo;a pas eu d&rsquo;autre choix que de prendre cette d\u00e9cision puisque tous les pr\u00e9paratifs, en particulier la construction des stands, devaient d\u00e9buter la semaine prochaine (d\u00e9but Mars).<\/p>\n<p>Michel Loris-Melikoff, Managing Director de Baselworld a d\u00e9clar\u00e9 : \u00ab\u00a0Nous regrettons profond\u00e9ment avoir d\u00fb annuler la tenue du salon pour cause de coronavirus, conscients des besoins de l\u2019industrie horlog\u00e8re et joaill\u00e8re de pouvoir b\u00e9n\u00e9ficier de la plateforme pour d\u00e9velopper leurs affaires. Cette d\u00e9cision est d\u2019autant plus douloureuse que le travail d\u2019\u00e9coute et de dialogue que nous avons men\u00e9 ces derniers mois en cr\u00e9ant de nouveaux concepts, de nouveaux formats et solutions, nous permettait d\u2019observer un retour ou arriv\u00e9e d\u2019exposants avec une croissance dans tous les secteurs, horloger, joaillier, dans le commerce de pierres et perles, ainsi que dans la branche technique.En reportant le salon en janvier 2021, nous avons trouv\u00e9 ensemble une solution qui devrait permettre \u00e0 l\u2019industrie et tous nos clients, d\u2019\u00e9viter de perdre une ann\u00e9e compl\u00e8te et de pouvoir recaler par la m\u00eame occasion leurs calendriers en d\u00e9but d\u2019ann\u00e9e, une p\u00e9riode propice \u00e0 la pr\u00e9sentation de leurs nouveaut\u00e9s, des nouvelles tendances et aux prises de commande. Ce report nous permettra \u00e9galement de continuer \u00e0 d\u00e9velopper et apporter encore plus de nouveaut\u00e9s et d\u2019am\u00e9liorations au nouveau concept que nous proposons. \u00a0\u00bb<\/p>\n<p>Bernd Stadlwieser, CEO du groupe MCH a d\u00e9clar\u00e9 : \u00ab\u00a0Dans le cadre du processus de ces derni\u00e8res semaines, j&rsquo;ai \u00e9t\u00e9 tr\u00e8s impressionn\u00e9 par l&rsquo;implication et la confiance de tous nos clients, partenaires, parties prenantes et \u00e9quipe, pour trouver de mani\u00e8re proactive la meilleure solution dans l&rsquo;int\u00e9r\u00eat des industries. En communiquant intens\u00e9ment tous ensemble, nous avons pu travailler sur diff\u00e9rents sc\u00e9narios et d\u00e9cider ensemble du meilleur. Je tiens \u00e0 tous les remercier pour leur engagement et leur soutien t\u00e9moign\u00e9s \u00e0 notre plate-forme. \u00a0\u00bb<\/p>\n<p>Baselworld est non seulement le plus grand rendez-vous de l\u2019horlogerie et de la joaillerie dans le monde, mais a aussi vocation \u00e0 devenir la plus grande plateforme communautaire globale de l\u2019industrie, active toute l\u2019ann\u00e9e.Nous allons d\u2019ailleurs pr\u00e9senter dans les prochaines semaines un nouveau service digital, essentiel et utile \u00e0 toute notre communaut\u00e9, et qui devrait r\u00e9pondre aux besoins rendus encore plus importants des marques en cette p\u00e9riode difficile et mouvement\u00e9e.<\/p>\n<\/div>\n<\/div>\n<\/div>\n<p>&#8212;<\/p>\n","protected":false},"excerpt":{"rendered":"<p>R\u00e9percussion du Coronavirus COVID-19. Il n&rsquo;aura pas fallu attendre longtemps apr\u00e8s l&rsquo;annonce, hier, de l&rsquo;annulation de Watches &amp; Wonders Geneva et la d\u00e9cision, ce matin par ordonnance, de la Conf\u00e9d\u00e9ration Suisse d&rsquo;interdire tout rassemblement de plus de 1000 personnes jusqu&rsquo;au 15 mars, pour que les organisateurs de Baselworld se d\u00e9cident \u00e0 r\u00e9agir. Sans surprise, le [&hellip;]<\/p>\n","protected":false},"author":1,"featured_media":6626,"comment_status":"closed","ping_status":"closed","sticky":false,"template":"","format":"standard","meta":{"footnotes":""},"categories":[2],"tags":[56,9,48,10,11,58,15,6,12,4,17,7,18],"acf":[],"yoast_head":"<!-- This site is optimized with the Yoast SEO plugin v20.4 - https:\/\/yoast.com\/wordpress\/plugins\/seo\/ -->\n<title>Coronavirus, Baselworld est report\u00e9 en janvier 2021 - MyWatch FR<\/title>\n<meta name=\"robots\" content=\"index, follow, max-snippet:-1, max-image-preview:large, max-video-preview:-1\" \/>\n<link rel=\"canonical\" href=\"https:\/\/www.my-watchsite.fr\/blog\/coronavirus-baselworld-est-reporte-a-janvier-2021-n2501\/\" \/>\n<meta property=\"og:locale\" content=\"fr_FR\" \/>\n<meta property=\"og:type\" content=\"article\" \/>\n<meta property=\"og:title\" content=\"Coronavirus, Baselworld est report\u00e9 en janvier 2021 - MyWatch FR\" \/>\n<meta property=\"og:description\" content=\"R\u00e9percussion du Coronavirus COVID-19. Il n&rsquo;aura pas fallu attendre longtemps apr\u00e8s l&rsquo;annonce, hier, de l&rsquo;annulation de Watches &amp; Wonders Geneva et la d\u00e9cision, ce matin par ordonnance, de la Conf\u00e9d\u00e9ration Suisse d&rsquo;interdire tout rassemblement de plus de 1000 personnes jusqu&rsquo;au 15 mars, pour que les organisateurs de Baselworld se d\u00e9cident \u00e0 r\u00e9agir. Sans surprise, le [&hellip;]\" \/>\n<meta property=\"og:url\" content=\"https:\/\/www.my-watchsite.fr\/blog\/coronavirus-baselworld-est-reporte-a-janvier-2021-n2501\/\" \/>\n<meta property=\"og:site_name\" content=\"MyWatch FR\" \/>\n<meta property=\"article:publisher\" content=\"https:\/\/www.facebook.com\/mywatchsite\/\" \/>\n<meta property=\"article:published_time\" content=\"2020-02-28T13:20:07+00:00\" \/>\n<meta property=\"og:image\" content=\"https:\/\/www.my-watchsite.fr\/blog\/wp-content\/uploads\/2020\/08\/baselworldout2020.jpg\" \/>\n\t<meta property=\"og:image:width\" content=\"750\" \/>\n\t<meta property=\"og:image:height\" content=\"465\" \/>\n\t<meta property=\"og:image:type\" content=\"image\/jpeg\" \/>\n<meta name=\"author\" content=\"MyWatch\" \/>\n<meta name=\"twitter:card\" content=\"summary_large_image\" \/>\n<meta name=\"twitter:creator\" content=\"@mywatchsite\" \/>\n<meta name=\"twitter:site\" content=\"@mywatchsite\" \/>\n<meta name=\"twitter:label1\" content=\"\u00c9crit par\" \/>\n\t<meta name=\"twitter:data1\" content=\"MyWatch\" \/>\n\t<meta name=\"twitter:label2\" content=\"Dur\u00e9e de lecture estim\u00e9e\" \/>\n\t<meta name=\"twitter:data2\" content=\"4 minutes\" \/>\n<script type=\"application\/ld+json\" class=\"yoast-schema-graph\">{\"@context\":\"https:\/\/schema.org\",\"@graph\":[{\"@type\":\"WebPage\",\"@id\":\"https:\/\/www.my-watchsite.fr\/blog\/coronavirus-baselworld-est-reporte-a-janvier-2021-n2501\/\",\"url\":\"https:\/\/www.my-watchsite.fr\/blog\/coronavirus-baselworld-est-reporte-a-janvier-2021-n2501\/\",\"name\":\"Coronavirus, Baselworld est report\u00e9 en janvier 2021 - MyWatch FR\",\"isPartOf\":{\"@id\":\"https:\/\/www.my-watchsite.fr\/blog\/#website\"},\"datePublished\":\"2020-02-28T13:20:07+00:00\",\"dateModified\":\"2020-02-28T13:20:07+00:00\",\"author\":{\"@id\":\"https:\/\/www.my-watchsite.fr\/blog\/#\/schema\/person\/67e19b3e3d014465042ff1be1c9fcf44\"},\"breadcrumb\":{\"@id\":\"https:\/\/www.my-watchsite.fr\/blog\/coronavirus-baselworld-est-reporte-a-janvier-2021-n2501\/#breadcrumb\"},\"inLanguage\":\"fr-FR\",\"potentialAction\":[{\"@type\":\"ReadAction\",\"target\":[\"https:\/\/www.my-watchsite.fr\/blog\/coronavirus-baselworld-est-reporte-a-janvier-2021-n2501\/\"]}]},{\"@type\":\"BreadcrumbList\",\"@id\":\"https:\/\/www.my-watchsite.fr\/blog\/coronavirus-baselworld-est-reporte-a-janvier-2021-n2501\/#breadcrumb\",\"itemListElement\":[{\"@type\":\"ListItem\",\"position\":1,\"name\":\"Accueil\",\"item\":\"https:\/\/www.my-watchsite.fr\/blog\/\"},{\"@type\":\"ListItem\",\"position\":2,\"name\":\"Coronavirus, Baselworld est report\u00e9 en janvier 2021\"}]},{\"@type\":\"WebSite\",\"@id\":\"https:\/\/www.my-watchsite.fr\/blog\/#website\",\"url\":\"https:\/\/www.my-watchsite.fr\/blog\/\",\"name\":\"MyWatch FR\",\"description\":\"Make Time a Lifestyle\",\"potentialAction\":[{\"@type\":\"SearchAction\",\"target\":{\"@type\":\"EntryPoint\",\"urlTemplate\":\"https:\/\/www.my-watchsite.fr\/blog\/?s={search_term_string}\"},\"query-input\":\"required name=search_term_string\"}],\"inLanguage\":\"fr-FR\"},{\"@type\":\"Person\",\"@id\":\"https:\/\/www.my-watchsite.fr\/blog\/#\/schema\/person\/67e19b3e3d014465042ff1be1c9fcf44\",\"name\":\"MyWatch\",\"image\":{\"@type\":\"ImageObject\",\"inLanguage\":\"fr-FR\",\"@id\":\"https:\/\/www.my-watchsite.fr\/blog\/#\/schema\/person\/image\/\",\"url\":\"https:\/\/secure.gravatar.com\/avatar\/e52d1e94806c54826c863f554ca1dd2a?s=96&d=mm&r=g\",\"contentUrl\":\"https:\/\/secure.gravatar.com\/avatar\/e52d1e94806c54826c863f554ca1dd2a?s=96&d=mm&r=g\",\"caption\":\"MyWatch\"},\"sameAs\":[\"https:\/\/www.my-watchsite.fr\/blog\"]}]}<\/script>\n<!-- \/ Yoast SEO plugin. -->","yoast_head_json":{"title":"Coronavirus, Baselworld est report\u00e9 en janvier 2021 - MyWatch FR","robots":{"index":"index","follow":"follow","max-snippet":"max-snippet:-1","max-image-preview":"max-image-preview:large","max-video-preview":"max-video-preview:-1"},"canonical":"https:\/\/www.my-watchsite.fr\/blog\/coronavirus-baselworld-est-reporte-a-janvier-2021-n2501\/","og_locale":"fr_FR","og_type":"article","og_title":"Coronavirus, Baselworld est report\u00e9 en janvier 2021 - MyWatch FR","og_description":"R\u00e9percussion du Coronavirus COVID-19. Il n&rsquo;aura pas fallu attendre longtemps apr\u00e8s l&rsquo;annonce, hier, de l&rsquo;annulation de Watches &amp; Wonders Geneva et la d\u00e9cision, ce matin par ordonnance, de la Conf\u00e9d\u00e9ration Suisse d&rsquo;interdire tout rassemblement de plus de 1000 personnes jusqu&rsquo;au 15 mars, pour que les organisateurs de Baselworld se d\u00e9cident \u00e0 r\u00e9agir. Sans surprise, le [&hellip;]","og_url":"https:\/\/www.my-watchsite.fr\/blog\/coronavirus-baselworld-est-reporte-a-janvier-2021-n2501\/","og_site_name":"MyWatch FR","article_publisher":"https:\/\/www.facebook.com\/mywatchsite\/","article_published_time":"2020-02-28T13:20:07+00:00","og_image":[{"width":750,"height":465,"url":"https:\/\/www.my-watchsite.fr\/blog\/wp-content\/uploads\/2020\/08\/baselworldout2020.jpg","type":"image\/jpeg"}],"author":"MyWatch","twitter_card":"summary_large_image","twitter_creator":"@mywatchsite","twitter_site":"@mywatchsite","twitter_misc":{"\u00c9crit par":"MyWatch","Dur\u00e9e de lecture estim\u00e9e":"4 minutes"},"schema":{"@context":"https:\/\/schema.org","@graph":[{"@type":"WebPage","@id":"https:\/\/www.my-watchsite.fr\/blog\/coronavirus-baselworld-est-reporte-a-janvier-2021-n2501\/","url":"https:\/\/www.my-watchsite.fr\/blog\/coronavirus-baselworld-est-reporte-a-janvier-2021-n2501\/","name":"Coronavirus, Baselworld est report\u00e9 en janvier 2021 - MyWatch FR","isPartOf":{"@id":"https:\/\/www.my-watchsite.fr\/blog\/#website"},"datePublished":"2020-02-28T13:20:07+00:00","dateModified":"2020-02-28T13:20:07+00:00","author":{"@id":"https:\/\/www.my-watchsite.fr\/blog\/#\/schema\/person\/67e19b3e3d014465042ff1be1c9fcf44"},"breadcrumb":{"@id":"https:\/\/www.my-watchsite.fr\/blog\/coronavirus-baselworld-est-reporte-a-janvier-2021-n2501\/#breadcrumb"},"inLanguage":"fr-FR","potentialAction":[{"@type":"ReadAction","target":["https:\/\/www.my-watchsite.fr\/blog\/coronavirus-baselworld-est-reporte-a-janvier-2021-n2501\/"]}]},{"@type":"BreadcrumbList","@id":"https:\/\/www.my-watchsite.fr\/blog\/coronavirus-baselworld-est-reporte-a-janvier-2021-n2501\/#breadcrumb","itemListElement":[{"@type":"ListItem","position":1,"name":"Accueil","item":"https:\/\/www.my-watchsite.fr\/blog\/"},{"@type":"ListItem","position":2,"name":"Coronavirus, Baselworld est report\u00e9 en janvier 2021"}]},{"@type":"WebSite","@id":"https:\/\/www.my-watchsite.fr\/blog\/#website","url":"https:\/\/www.my-watchsite.fr\/blog\/","name":"MyWatch FR","description":"Make Time a Lifestyle","potentialAction":[{"@type":"SearchAction","target":{"@type":"EntryPoint","urlTemplate":"https:\/\/www.my-watchsite.fr\/blog\/?s={search_term_string}"},"query-input":"required name=search_term_string"}],"inLanguage":"fr-FR"},{"@type":"Person","@id":"https:\/\/www.my-watchsite.fr\/blog\/#\/schema\/person\/67e19b3e3d014465042ff1be1c9fcf44","name":"MyWatch","image":{"@type":"ImageObject","inLanguage":"fr-FR","@id":"https:\/\/www.my-watchsite.fr\/blog\/#\/schema\/person\/image\/","url":"https:\/\/secure.gravatar.com\/avatar\/e52d1e94806c54826c863f554ca1dd2a?s=96&d=mm&r=g","contentUrl":"https:\/\/secure.gravatar.com\/avatar\/e52d1e94806c54826c863f554ca1dd2a?s=96&d=mm&r=g","caption":"MyWatch"},"sameAs":["https:\/\/www.my-watchsite.fr\/blog"]}]}},"_links":{"self":[{"href":"https:\/\/www.my-watchsite.fr\/blog\/wp-json\/wp\/v2\/posts\/6625"}],"collection":[{"href":"https:\/\/www.my-watchsite.fr\/blog\/wp-json\/wp\/v2\/posts"}],"about":[{"href":"https:\/\/www.my-watchsite.fr\/blog\/wp-json\/wp\/v2\/types\/post"}],"author":[{"embeddable":true,"href":"https:\/\/www.my-watchsite.fr\/blog\/wp-json\/wp\/v2\/users\/1"}],"replies":[{"embeddable":true,"href":"https:\/\/www.my-watchsite.fr\/blog\/wp-json\/wp\/v2\/comments?post=6625"}],"version-history":[{"count":0,"href":"https:\/\/www.my-watchsite.fr\/blog\/wp-json\/wp\/v2\/posts\/6625\/revisions"}],"wp:featuredmedia":[{"embeddable":true,"href":"https:\/\/www.my-watchsite.fr\/blog\/wp-json\/wp\/v2\/media\/6626"}],"wp:attachment":[{"href":"https:\/\/www.my-watchsite.fr\/blog\/wp-json\/wp\/v2\/media?parent=6625"}],"wp:term":[{"taxonomy":"category","embeddable":true,"href":"https:\/\/www.my-watchsite.fr\/blog\/wp-json\/wp\/v2\/categories?post=6625"},{"taxonomy":"post_tag","embeddable":true,"href":"https:\/\/www.my-watchsite.fr\/blog\/wp-json\/wp\/v2\/tags?post=6625"}],"curies":[{"name":"wp","href":"https:\/\/api.w.org\/{rel}","templated":true}]}}