{"id":7748,"date":"2020-09-29T14:43:09","date_gmt":"2020-09-29T12:43:09","guid":{"rendered":"https:\/\/www.my-watchsite.fr\/blog\/?p=7748"},"modified":"2022-08-26T19:47:51","modified_gmt":"2022-08-26T17:47:51","slug":"corse-7-jours-avec-eluxtravel-itineraire-corsica-du-nord-au-sud","status":"publish","type":"post","link":"https:\/\/www.my-watchsite.fr\/blog\/corse-7-jours-avec-eluxtravel-itineraire-corsica-du-nord-au-sud\/","title":{"rendered":"Corse : 7 jours avec Eluxtravel"},"content":{"rendered":"\n<figure class=\"wp-block-image size-large\"><img decoding=\"async\" width=\"900\" height=\"640\" loading=\"lazy\" src=\"https:\/\/www.my-watchsite.fr\/blog\/wp-content\/uploads\/2020\/09\/J1-Visite-de-Calvi-900X640.jpg\" alt=\"\" class=\"wp-image-7872\"\/><figcaption><em>L&rsquo;ile de beaut\u00e9 m\u00e9rite bien son nom,  la Corse est une terre de contrastes aux mille visages.<\/em><\/figcaption><\/figure>\n\n\n\n<p>Avec son littoral d\u00e9coup\u00e9 qui alterne plages de sable fin et criques aux eaux cristallines, la Corse n\u2019a rien \u00e0 envier aux morceaux de paradis tropicaux des Cara\u00efbes ou de l\u2019oc\u00e9an Indien. A ses atouts baln\u00e9aires admirablement pr\u00e9serv\u00e9s, elle ajoute un arri\u00e8re-pays escarp\u00e9, d\u2019adorables villages endormis dans la chaleur de l\u2019arri\u00e8re-saison, et des villes pleines de charme. Sans oublier la force de ses traditions, la saveur de ses produits r\u00e9gionaux et de ses vins chaleureux. On y va&nbsp;avec Eluxtravel qui propose un itin\u00e9raire&nbsp;\u00ab\u00a0Bella Corsica du Nord au Sud\u00a0\u00bb&nbsp;. Nous avons test\u00e9 pour vous\u2026<\/p>\n\n\n\n<figure class=\"wp-block-embed is-type-video is-provider-youtube wp-block-embed-youtube wp-embed-aspect-16-9 wp-has-aspect-ratio\"><div class=\"wp-block-embed__wrapper\">\n<iframe loading=\"lazy\" title=\"Vivez toutes vos envies de vacances en Corse.\" width=\"500\" height=\"281\" src=\"https:\/\/www.youtube.com\/embed\/NOERu9wEEcM?feature=oembed\" frameborder=\"0\" allow=\"accelerometer; autoplay; clipboard-write; encrypted-media; gyroscope; picture-in-picture\" allowfullscreen><\/iframe>\n<\/div><\/figure>\n\n\n\n<p>Sp\u00e9cialiste du voyage sur-mesure, Eluxtravel propose des \u00e9vasions dans le monde entier. De l\u2019Afrique du Sud au Zimbabwe en passant par le Costa Rica, les Philippines, la Polyn\u00e9sie fran\u00e7aise, l\u2019Islande ou le Sri Lanka. Des destinations propos\u00e9es \u00e0 la d\u00e9couverte de diff\u00e9rentes fa\u00e7ons en fonction de vos d\u00e9sirs. Ces \u00ab&nbsp;Luxp\u00e9riences&nbsp;\u00bb sont autant de concepts novateurs qui vous invitent \u00e0 saisir l\u2019\u00e2me d\u2019un pays, \u00e0 aller plus loin que l\u2019image de carte postale. Avec ces programmes, le Tour op\u00e9rateur entend revenir \u00e0 la source originelle du voyage et le redessiner \u00e0 travers l\u2019\u00e9motion authentique qui pousse \u00e0 parcourir des milliers de kilom\u00e8tres.<\/p>\n\n\n\n<h2 class=\"wp-block-heading\"><strong>Jour 1<\/strong> en Corse : Calvi<\/h2>\n\n\n\n<figure class=\"wp-block-image size-large\"><img decoding=\"async\" width=\"900\" height=\"640\" loading=\"lazy\" src=\"https:\/\/www.my-watchsite.fr\/blog\/wp-content\/uploads\/2020\/09\/J1-Visite-de-Calvi-2900X640.jpg\" alt=\"\" class=\"wp-image-7772\"\/><figcaption><em>Vue imprenable sur le port de Calvi, l&rsquo;ocre rouge sur fond bleu est de rigueur<\/em>.<\/figcaption><\/figure>\n\n\n\n<p>Pour cette approche de la Corse, le voyage se limitera \u00e0 900km et une heure d\u2019avion. Et pourtant, c\u2019est un vrai d\u00e9paysement qui nous attend lorsque nous posons les pieds sur l\u2019a\u00e9roport de Calvi. Premi\u00e8re impression agr\u00e9able, notre chauffeur nous attend pour nous conduire \u00e0 La Villa Calvi. Le plus bel h\u00f4tel de la r\u00e9gion tr\u00f4ne sur les hauteurs de la ville, dans un parc plant\u00e9 de cypr\u00e8s et de lauriers roses. <\/p>\n\n\n\n<figure class=\"wp-block-image size-large\"><img decoding=\"async\" width=\"900\" height=\"640\" loading=\"lazy\" src=\"https:\/\/www.my-watchsite.fr\/blog\/wp-content\/uploads\/2020\/09\/Calvi-la-citadelle-CLP900X640-1.jpg\" alt=\"\" class=\"wp-image-7775\"\/><figcaption><em>La citadelle de Calvi, surplombe les merveilles d&rsquo;une \u00eele encore pr\u00e9serv\u00e9e par les outrages touristiques.<\/em><\/figcaption><\/figure>\n\n\n\n<p>Le temps de poser nos valises et de d\u00e9jeuner au bord de la piscine et nous redescendons en ville pour une promenade en compagnie d\u2019un guide qui nous racontera la grande et la petite histoire de cette cit\u00e9 qui \u00e9tait d\u00e9j\u00e0 un port majeur de la M\u00e9diterran\u00e9e \u00e0 l\u2019\u00e9poque Romaine. Fl\u00e2nerie dans les ruelles et sur le port, visite de la cath\u00e9drale Saint-Jean Baptiste, photo de la fa\u00e7ade de la maison natale de Christophe Colomb\u2026 Si les rues escarp\u00e9es de la citadelle sont dures pour les mollets, la r\u00e9compense est \u00e0 la hauteur de l\u2019effort. <\/p>\n\n\n\n<figure class=\"wp-block-image size-large\"><img decoding=\"async\" width=\"900\" height=\"640\" loading=\"lazy\" src=\"https:\/\/www.my-watchsite.fr\/blog\/wp-content\/uploads\/2020\/09\/Calvi-le-port-CLP-900X640-1.jpg\" alt=\"\" class=\"wp-image-7777\"\/><figcaption><em>Panorama somptueux sur les hauteurs de la ville o\u00f9 les montagnes flirtent avec les nuages&#8230;<\/em><\/figcaption><\/figure>\n\n\n\n<p>Tout au long de notre promenade, des belv\u00e9d\u00e8res nous invitent \u00e0 admirer le somptueux panorama qui s\u2019offre \u00e0 nos yeux&nbsp;: le bleu de mer et le mauve des montagnes qui flirtent avec les nuages. Ensuite, retour sur le port pour embarquer \u00e0 bord d\u2019un bateau pour une croisi\u00e8re priv\u00e9e au coucher du soleil. Une f\u00e9erie de couleurs et d\u2019\u00e9motions. Premier grand souvenir de la semaine.<\/p>\n\n\n\n<figure class=\"wp-block-embed is-type-video is-provider-youtube wp-block-embed-youtube wp-embed-aspect-16-9 wp-has-aspect-ratio\"><div class=\"wp-block-embed__wrapper\">\n<iframe loading=\"lazy\" title=\"Bienvenue \u00e0 Calvi en Balagne en Corse\" width=\"500\" height=\"281\" src=\"https:\/\/www.youtube.com\/embed\/syphsWoVlcY?feature=oembed\" frameborder=\"0\" allow=\"accelerometer; autoplay; clipboard-write; encrypted-media; gyroscope; picture-in-picture\" allowfullscreen><\/iframe>\n<\/div><\/figure>\n\n\n\n<h2 class=\"wp-block-heading\"><strong>On dort o\u00f9 ? A la Villa Calvi<\/strong> !<\/h2>\n\n\n\n<p>Sur ce qui fut autrefois le site d\u2019un monast\u00e8re, Jean-Pierre et Marion Pinelli, les propri\u00e9taires, ont fait r\u00e9aliser par l\u2019architecte St\u00e9phane Maresz un h\u00f4tel qui leur ressemble. La Villa Calvi, c\u2019est une maison qui a une \u00e2me, un lieu hors du commun auquel les h\u00f4tes s\u2018attachent vite comme si c\u2019\u00e9tait une demeure de famille. <\/p>\n\n\n\n<figure class=\"wp-block-image size-large\"><img decoding=\"async\" width=\"900\" height=\"640\" loading=\"lazy\" src=\"https:\/\/www.my-watchsite.fr\/blog\/wp-content\/uploads\/2020\/09\/La-Villa-Calvi-5-900X640.jpg\" alt=\"\" class=\"wp-image-7779\"\/><figcaption><em>Situ\u00e9e sur les hauteurs, la Villa Calvi est un lieu hors du commun, membre prestigieux des Relais &amp; Ch\u00e2teaux<\/em>.<\/figcaption><\/figure>\n\n\n\n<p>Depuis les terrasses, depuis la piscine, depuis votre chambre, votre regard se posera, avec un ravissement sans cesse renouvel\u00e9, sur le superbe spectacle de la citadelle de Calvi qui se dore au soleil, au-del\u00e0 des grands pins maritimes. Le vaste parc qui h\u00e9berge les b\u00e2timents de style m\u00e9diterran\u00e9en se pare d\u2019essences qui embaument. <\/p>\n\n\n\n<div class=\"wp-block-group is-layout-flow wp-block-group-is-layout-flow\"><div class=\"wp-block-group__inner-container\">\n<figure class=\"wp-block-gallery aligncenter has-nested-images columns-default is-cropped wp-block-gallery-1 is-layout-flex wp-block-gallery-is-layout-flex\">\n<figure class=\"wp-block-image size-large\"><img decoding=\"async\" width=\"900\" height=\"640\" loading=\"lazy\" src=\"https:\/\/www.my-watchsite.fr\/blog\/wp-content\/uploads\/2020\/09\/La-Villa-Calvi-2-900X640.jpg\" alt=\"\" class=\"wp-image-7780\"\/><\/figure>\n\n\n\n<figure class=\"wp-block-image size-large\"><img decoding=\"async\" loading=\"lazy\" src=\"https:\/\/www.my-watchsite.com\/blog\/wp-content\/uploads\/sites\/2\/2020\/09\/La-Villa-Calvi-4-900X640.jpg\" alt=\"\"\/><\/figure>\n\n\n\n<figure class=\"wp-block-image size-large\"><img decoding=\"async\" width=\"900\" height=\"640\" loading=\"lazy\" src=\"https:\/\/www.my-watchsite.fr\/blog\/wp-content\/uploads\/2020\/09\/La-Villa-Calvi-7-900X640.jpg\" alt=\"\" class=\"wp-image-7783\"\/><\/figure>\n\n\n\n<figure class=\"wp-block-image size-large\"><img decoding=\"async\" width=\"900\" height=\"640\" loading=\"lazy\" src=\"https:\/\/www.my-watchsite.fr\/blog\/wp-content\/uploads\/2020\/09\/La-Villa-Calvi-900X640.jpg\" alt=\"\" class=\"wp-image-7784\"\/><\/figure>\n<figcaption class=\"blocks-gallery-caption\"><em>L&rsquo;h\u00f4tel La Villa Calvi, r\u00e9alis\u00e9 par l\u2019architecte St\u00e9phane Maresz.<\/em><\/figcaption><\/figure>\n<\/div><\/div>\n\n\n\n<p>On se balade volontiers sans but dans la chaleur de l\u2019apr\u00e8s-midi sur les all\u00e9es bord\u00e9es de cypr\u00e8s, de massifs de myrtes et de lauriers roses, de bouquets d\u2019arbustes\u2026Membre prestigieux des Relais &amp; Ch\u00e2teaux, la Villa Calvi est une destination en soi. Un condens\u00e9 de la Corse\u2026<\/p>\n\n\n\n<h2 class=\"wp-block-heading\"><strong>Jour 2<\/strong> en Corse : <strong>La Balagne et le d\u00e9sert des Agriates<\/strong><\/h2>\n\n\n\n<figure class=\"wp-block-embed is-type-video is-provider-youtube wp-block-embed-youtube wp-embed-aspect-16-9 wp-has-aspect-ratio\"><div class=\"wp-block-embed__wrapper\">\n<iframe loading=\"lazy\" title=\"La Balagne - A Balagna\" width=\"500\" height=\"281\" src=\"https:\/\/www.youtube.com\/embed\/xqjUfYHGCLM?feature=oembed\" frameborder=\"0\" allow=\"accelerometer; autoplay; clipboard-write; encrypted-media; gyroscope; picture-in-picture\" allowfullscreen><\/iframe>\n<\/div><\/figure>\n\n\n\n<p>C\u2019est \u00e0 bord d\u2019un 4&#215;4 confortable que notre chauffeur vient nous chercher pour cette journ\u00e9e \u00e0 travers la Balagne. Les villages de cette jolie r\u00e9gion tutoient la mer et s\u2019accrochent \u00e0 la montagne. Lumio, c\u00e9l\u00e8bre pour abriter la maison de Laetitia Casta et de quelques people parisiens, Monticello o\u00f9 Jacques Dutronc a trouv\u00e9 la s\u00e9r\u00e9nit\u00e9 au milieu des oliviers\u2026 mais aussi Speloncata, le village des grottes, Pigna et ses maisons de pierre aux volets bleu azur, Corbara et son \u00e9glise baroque et bien s\u00fbr, San Antonio, le plus haut perch\u00e9 et le plus ancien, v\u00e9ritable nid d\u2019aigle dominant la mer.<\/p>\n\n\n\n<figure class=\"wp-block-image size-large\"><img decoding=\"async\" width=\"900\" height=\"640\" loading=\"lazy\" src=\"https:\/\/www.my-watchsite.fr\/blog\/wp-content\/uploads\/2020\/09\/J2-Le-desert-des-Agriates-en-4x4-3900X640.jpg\" alt=\"\" class=\"wp-image-7900\"\/><figcaption><em>Les sublimes paysages du d\u00e9sert des Agriates<\/em>.<\/figcaption><\/figure>\n\n\n\n<figure class=\"wp-block-image size-large\"><img decoding=\"async\" width=\"900\" height=\"640\" loading=\"lazy\" src=\"https:\/\/www.my-watchsite.fr\/blog\/wp-content\/uploads\/2020\/09\/J2-Le-desert-des-Agriates-en-4x4-900X640.jpg\" alt=\"\" class=\"wp-image-7902\"\/><figcaption><em>Un must : la balade en 4X4 dans le d\u00e9sert des Agriates transforme le touriste en baroudeur.<\/em><\/figcaption><\/figure>\n\n\n\n<p>Apr\u00e8s le pique-nique install\u00e9 en pleine nature par notre accompagnateur, c\u2019est \u00e0 cheval qu\u2019on nous propose de parcourir le d\u00e9sert des Agriates. Cette vaste r\u00e9serve naturelle au bord de l\u2019eau alterne caps et criques bord\u00e9es de plages dor\u00e9es. <\/p>\n\n\n\n<figure class=\"wp-block-image size-large\"><img decoding=\"async\" width=\"900\" height=\"640\" loading=\"lazy\" src=\"https:\/\/www.my-watchsite.fr\/blog\/wp-content\/uploads\/2020\/09\/J2-Votre-aventure-a-cheval-dans-les-Agriates900X640.jpg\" alt=\"\" class=\"wp-image-7903\"\/><figcaption><em>Randonn\u00e9e \u00e0 cheval dans le d\u00e9sert des Agriates<\/em>.<\/figcaption><\/figure>\n\n\n\n<p>A c\u00f4t\u00e9 des tours g\u00e9noises qui ponctuent le littoral, on trouve encore des pagliaghji, ces petites maisons de pierre s\u00e8che qui abritaient autrefois les bergers. Avant de prendre le chemin du retour, une baignade s\u2019impose&#8230;<\/p>\n\n\n\n<h2 class=\"wp-block-heading\"><strong>On dort o\u00f9&nbsp;?<\/strong> Un soir de plus \u00e0 la Villa Calvi<\/h2>\n\n\n\n<figure class=\"wp-block-image size-large\"><img decoding=\"async\" width=\"900\" height=\"640\" loading=\"lazy\" src=\"https:\/\/www.my-watchsite.fr\/blog\/wp-content\/uploads\/2020\/09\/J3-Corte-et-la-Vallee-de-Restonica-2900X640.jpg\" alt=\"\" class=\"wp-image-7904\"\/><figcaption>Les paysages bruts de <em>Corte et de la vall\u00e9e Restonica<\/em>.<\/figcaption><\/figure>\n\n\n\n<h2 class=\"wp-block-heading\"><strong>Jour 3 : En route vers Ajaccio<\/strong><\/h2>\n\n\n\n<p>C\u2019est un itin\u00e9raire original qui nous attend aujourd\u2019hui puisque pour rejoindre Ajaccio qui se trouve au sud de Calvi nous n\u2019allons pas emprunter la route c\u00f4ti\u00e8re, mais faire un grand tour vers l\u2019int\u00e9rieur de l\u2019\u00eele \u00e0 travers un paysage de montagnes \u00e0 couper le souffle. Un itin\u00e9raire qui nous fait d\u2019abord monter vers le nord et l\u2019Ile Rousse en longeant la mer, puis redescendre vers le centre de l\u2019\u00eele pour atteindre Corte. <\/p>\n\n\n\n<figure class=\"wp-block-image size-large\"><img decoding=\"async\" width=\"900\" height=\"640\" loading=\"lazy\" src=\"https:\/\/www.my-watchsite.fr\/blog\/wp-content\/uploads\/2020\/09\/J3-Corte-et-la-Vallee-de-Restonica900X640.jpg\" alt=\"\" class=\"wp-image-7905\"\/><figcaption><em>Des maisons entre ciel et terre, accroch\u00e9es au rocher qui surplombe la Citadelle<\/em>.<\/figcaption><\/figure>\n\n\n\n<p>Avant d\u2019arriver \u00e0 la capitale historique et culturelle de la Corse, on admire une succession de villages perch\u00e9s plus spectaculaires les uns que les autres, Belgod\u00e8re, Omessa\u2026Au c\u0153ur du Parc naturel r\u00e9gional de Corse, Corte affiche fi\u00e8rement son statut de premi\u00e8re capitale de la Corse lorsqu\u2019elle est devenue ind\u00e9pendante au 18<sup>\u00e8me<\/sup> si\u00e8cle. On admire les maisons accroch\u00e9es au rocher au pied de la Citadelle qui abrite derri\u00e8re ses remparts le tr\u00e8s int\u00e9ressant Mus\u00e9e de la Corse. Une petite visite s\u2019impose si l\u2019on veut comprendre l\u2019esprit de cette \u00eele et de ses habitants \u00e0 travers leur histoire et leur pr\u00e9sent.<\/p>\n\n\n\n<figure class=\"wp-block-embed is-type-video is-provider-youtube wp-block-embed-youtube wp-embed-aspect-16-9 wp-has-aspect-ratio\"><div class=\"wp-block-embed__wrapper\">\n<iframe loading=\"lazy\" title=\"Ajaccio et sa R\u00e9gion- Territoriu d&#039;Aiacciu\" width=\"500\" height=\"281\" src=\"https:\/\/www.youtube.com\/embed\/gzFriz59X_U?feature=oembed\" frameborder=\"0\" allow=\"accelerometer; autoplay; clipboard-write; encrypted-media; gyroscope; picture-in-picture\" allowfullscreen><\/iframe>\n<\/div><\/figure>\n\n\n\n<p>Le voyage vers Ajaccio se poursuivra apr\u00e8s une randonn\u00e9e dans la magnifique vall\u00e9e de la Restonica. Des paysages d\u2019une beaut\u00e9 sauvage ponctu\u00e9s de piscines naturelles o\u00f9 l\u2019on prend plaisir \u00e0 se rafra\u00eechir le temps d\u2019une baignade.<\/p>\n\n\n\n<h2 class=\"wp-block-heading\"><strong>On dort o\u00f9&nbsp;? A l&rsquo;h\u00f4tel Le Maquis<\/strong>, bien s\u00fbr !<\/h2>\n\n\n\n<figure class=\"wp-block-image size-large\"><img decoding=\"async\" loading=\"lazy\" src=\"https:\/\/www.my-watchsite.com\/blog\/wp-content\/uploads\/sites\/2\/2020\/09\/bp-lemaquis-exterieur-030_900X640-1.jpg\" alt=\"\"\/><figcaption><em>Le Maquis est un h\u00f4tel discret nich\u00e9 dans un jardin fleuri et dispose d&rsquo;une plage priv\u00e9e<\/em>.<\/figcaption><\/figure>\n\n\n\n<p>Cette adresse de charme discr\u00e8te du littoral corse tr\u00f4ne depuis quelques d\u00e9cennies sur le golfe d\u2019Ajaccio. Devant nous, le golfe d\u2019Ajaccio et les \u00eeles Sanguinaires qui dessinent leurs contours dans le soleil couchant. Nich\u00e9 dans un jardin fleuri, le Maquis d\u00e9ploie ses maisons aux toits de tuiles roses le long d\u2019une adorable plage priv\u00e9e. Vert des collines qui embaument le laurier, le romarin et l\u2019arbousier, blond du sable, bleu turquoise de la mer&nbsp;: l\u2019h\u00f4tel est un refuge \u00e9l\u00e9gant sous la lumi\u00e8re de la M\u00e9diterran\u00e9e. L\u2019endroit parfait pour oublier le rythme effr\u00e9n\u00e9 du quotidien\u2026 et prendre le maquis, en quelque sorte.<\/p>\n\n\n\n<figure class=\"wp-block-image size-large\"><img decoding=\"async\" width=\"900\" height=\"640\" loading=\"lazy\" src=\"https:\/\/www.my-watchsite.fr\/blog\/wp-content\/uploads\/2020\/09\/bp-lemaquis-piscine-003_900X640-1.jpg\" alt=\"\" class=\"wp-image-7802\"\/><figcaption><em>Il faut savoir profiter de vrais moments de farniente entre deux excursions touristiques.<\/em><\/figcaption><\/figure>\n\n\n\n<h2 class=\"wp-block-heading\"><strong>Jour 4 en Corse : \u00e0 la d\u00e9couverte d&rsquo;Ajaccio<\/strong><\/h2>\n\n\n\n<p>Aujourd\u2019hui, on oublie la route le temps d\u2019une journ\u00e9e d\u00e9tente pour appr\u00e9cier le charme de la ville natale de Napol\u00e9on dont on c\u00e9l\u00e8bre cette ann\u00e9e les 250 ans. Si la visite de sa maison natale figure, bien s\u00fbr, au programme, on prendra le temps, d\u2019arpenter les rues de cette cit\u00e9 o\u00f9 flotte un petit air d\u2019Italie. <\/p>\n\n\n\n<figure class=\"wp-block-image size-large\"><img decoding=\"async\" width=\"900\" height=\"640\" loading=\"lazy\" src=\"https:\/\/www.my-watchsite.fr\/blog\/wp-content\/uploads\/2020\/09\/J4-Votre-visite-dAjaccio-limperiale900X640.jpg\" alt=\"\" class=\"wp-image-7908\"\/><figcaption><em>Ajaccio, capitale de la Corse, la ville natale de Napol\u00e9on, le plus c\u00e9l\u00e8bre de tous les Corses<\/em>.<\/figcaption><\/figure>\n\n\n\n<figure class=\"wp-block-image size-large\"><img decoding=\"async\" loading=\"lazy\" src=\"https:\/\/www.my-watchsite.com\/blog\/wp-content\/uploads\/sites\/2\/2020\/09\/J4-Votre-visite-dAjaccio-limpe\u0301riale-2900X640.jpg\" alt=\"\"\/><figcaption><em>Les barques color\u00e9es du port d&rsquo;Ajaccio invitent \u00e0 une partie de p\u00eache en mer.<\/em><\/figcaption><\/figure>\n\n\n\n<p>Mais avant d\u2019admirer les maisons aux fa\u00e7ades color\u00e9es, de prendre un caf\u00e9 en terrasse, de pousser la porte du Mus\u00e9e Feschi (justement pour sa collection de primitifs italiens et de grands classiques comme Botticelli, Titien ou V\u00e9ron\u00e8se), c\u2019est en bateau que va se d\u00e9rouler l\u2019essentiel de la journ\u00e9e. Car le capitaine de notre embarcation est venu nous chercher ce matin directement sur la plage du Maquis. L\u2019occasion de longer la c\u00f4te et de faire escale au creux d\u2019une jolie crique pour un d\u00e9jeuner sur l\u2019eau suivi d\u2019une baignade bienvenue.<\/p>\n\n\n\n<h2 class=\"wp-block-heading\"><strong>On dort o\u00f9&nbsp;?<\/strong> Un soir de plus \u00e0 l&rsquo;h\u00f4tel le Maquis<\/h2>\n\n\n\n<figure class=\"wp-block-image size-large\"><img decoding=\"async\" width=\"900\" height=\"640\" loading=\"lazy\" src=\"https:\/\/www.my-watchsite.fr\/blog\/wp-content\/uploads\/2020\/09\/J5-Dans-la-montagne-corse-2900X640.jpg\" alt=\"\" class=\"wp-image-7808\"\/><figcaption><em>Les paysages qu&rsquo;offrent au regard la montagne Corse sont aussi magnifiques que ses embl\u00e9matiques criques sauvages.<\/em><\/figcaption><\/figure>\n\n\n\n<h2 class=\"wp-block-heading\"><strong>Jour 5<\/strong> en Corse : <strong>\u00e0 travers montagnes et villages<\/strong><\/h2>\n\n\n\n<p>Les distances ne sont jamais tr\u00e8s grandes en Corse, mais ici, on compte en heures, pas en kilom\u00e8tres. Et si, justement, il y a tout juste 140 km entre Ajaccio et Porto Vecchio, on va prendre le temps d\u2019appr\u00e9cier le somptueux paysage qui s\u2019offre \u00e0 nos yeux. C\u2019est d\u2019autant plus facile quand la concentration n\u00e9cessaire \u00e0 la conduite est d\u00e9l\u00e9gu\u00e9e \u00e0 notre chauffeur\u2026La route qui serpente entre les montagnes traverse une succession de communes toutes plus pittoresques les unes que les autres. Des villages comme Grossetto-Prugno (qui pr\u00e9sente l\u2019avantage d\u2019\u00eatre en pleine montagne et de disposer d\u2019un acc\u00e8s \u00e0 la mer gr\u00e2ce \u00e0 Porticcio situ\u00e9 \u00e0\u202635km), Casalabriva group\u00e9 autour de son \u00e9glise Saint-Michel qui domine des maquis couverts de ch\u00eanes verts et de ch\u00e2taigniers, Sollacaro, Olmeto, Sart\u00e8ne qui affiche fi\u00e8rement son rang de sous-pr\u00e9fecture\u2026C\u2019est l\u2019occasion de faire une halte gourmande \u00e0 une terrasse \u00e0 l\u2019ombre des platanes pour d\u00e9guster ces sp\u00e9cialit\u00e9s locales tellement r\u00e9put\u00e9es.<br>Bonne nouvelle, notre h\u00f4tel, le Casadelmar est id\u00e9alement situ\u00e9 en bord de plage face au port de Porto Vecchio. Il dispose surtout d\u2019une magnifique piscine o\u00f9 l\u2019on va tranquillement terminer cette journ\u00e9e, un cocktail \u00e0 la main\u2026 Un mojito ou un daikiri ?<\/p>\n\n\n\n<h2 class=\"wp-block-heading\"><strong>On dort o\u00f9&nbsp;?<\/strong> A l&rsquo;h\u00f4tel Casadelmar<\/h2>\n\n\n\n<figure class=\"wp-block-gallery aligncenter has-nested-images columns-default is-cropped wp-block-gallery-4 is-layout-flex wp-block-gallery-is-layout-flex\">\n<figure class=\"wp-block-image size-large\"><img decoding=\"async\" width=\"900\" height=\"640\" loading=\"lazy\" data-id=\"7819\" src=\"https:\/\/www.my-watchsite.fr\/blog\/wp-content\/uploads\/2020\/09\/infinity-pool-900X640.jpg\" alt=\"\" class=\"wp-image-7819\"\/><\/figure>\n\n\n\n<figure class=\"wp-block-image size-large\"><img decoding=\"async\" loading=\"lazy\" src=\"https:\/\/www.my-watchsite.com\/blog\/wp-content\/uploads\/sites\/2\/2020\/09\/Lounge-Bar-Terrace-900X640.jpg\" alt=\"\"\/><\/figure>\n<figcaption class=\"blocks-gallery-caption\"><em>Une vue imprenable et une gastronomie irr\u00e9prochable sont les deux atouts de la Casadelmar.<\/em><\/figcaption><\/figure>\n\n\n\n<p>Le long de la route de Palombaggia cet h\u00f4tel des ann\u00e9es soixante a \u00e9t\u00e9 enti\u00e8rement r\u00e9invent\u00e9 par Jean-Fran\u00e7ois Marchellesi qui a eu la bonne id\u00e9e de le faire habiller de c\u00e8dre rouge, le transformant en une merveille de design baln\u00e9aire. Vill\u00e9giature luxueuse, le Casadelmar est aussi la meilleure table de la r\u00e9gion o\u00f9 l\u2019on d\u00e9guste les saveurs m\u00e9diterran\u00e9ennes \u00e0 la table doublement \u00e9toil\u00e9e du chef italien Fabio Bragagnolo. R\u00e9solument design, la d\u00e9coration de cet h\u00f4tel se fait \u00e9pur\u00e9e dans les chambres qui tournent leurs grandes baies vitr\u00e9es vers le bleu de la mer. <\/p>\n\n\n\n<figure class=\"wp-block-gallery has-nested-images columns-default is-cropped wp-block-gallery-6 is-layout-flex wp-block-gallery-is-layout-flex\">\n<figure class=\"wp-block-image size-large\"><img decoding=\"async\" loading=\"lazy\" src=\"https:\/\/www.my-watchsite.com\/blog\/wp-content\/uploads\/sites\/2\/2020\/09\/2012-08-16-12.19.27-900X640.jpg\" alt=\"\"\/><\/figure>\n\n\n\n<figure class=\"wp-block-image size-large\"><img decoding=\"async\" width=\"900\" height=\"640\" loading=\"lazy\" data-id=\"7812\" src=\"https:\/\/www.my-watchsite.fr\/blog\/wp-content\/uploads\/2020\/09\/2012-08-16-12.19.37-900X640.jpg\" alt=\"\" class=\"wp-image-7812\"\/><\/figure>\n\n\n\n<figure class=\"wp-block-image size-large\"><img decoding=\"async\" width=\"900\" height=\"640\" loading=\"lazy\" data-id=\"7813\" src=\"https:\/\/www.my-watchsite.fr\/blog\/wp-content\/uploads\/2020\/09\/2012-08-16-12.19.52-900X640.jpg\" alt=\"\" class=\"wp-image-7813\"\/><\/figure>\n<figcaption class=\"blocks-gallery-caption\"><em>Les nombreuses \u0153uvres expos\u00e9es transforment l&rsquo;h\u00f4tel en galerie d&rsquo;art.<\/em><\/figcaption><\/figure>\n\n\n\n<p>Dans les parties communes des \u0153uvres d\u2019art in\u00e9dites voisinent avec des m\u00e9ridiennes griff\u00e9es Frigerio, des suspensions de Baccarat, des voilages de Charles Joufre et des lampes de l\u2019artiste japonaise Rae Yagura. Ob\u00e9issant aux principes du Feng Shui, le Spa r\u00e9cemment r\u00e9nov\u00e9 accueille la marque ESPA.<\/p>\n\n\n\n<figure class=\"wp-block-image size-large\"><img decoding=\"async\" width=\"900\" height=\"640\" loading=\"lazy\" src=\"https:\/\/www.my-watchsite.fr\/blog\/wp-content\/uploads\/2020\/09\/La-Plage-Casa-Del-Mar-CLP-900X640.jpg\" alt=\"\" class=\"wp-image-7817\"\/><figcaption><em>La Plage Casadelmar, un adorable petit coin d\u2019\u00e9l\u00e9gance baln\u00e9aire sur la presqu\u2019\u00eele du Benedettu, de l\u2019autre c\u00f4t\u00e9 de la baie de Porto Vecchio<\/em>.<\/figcaption><\/figure>\n\n\n\n<p>Depuis quelques ann\u00e9es, le Casadelmar s\u2019est agrandi avec la Plage Casadelmar. Un adorable petit coin d\u2019\u00e9l\u00e9gance baln\u00e9aire sur la presqu\u2019\u00eele du Benedettu, de l\u2019autre c\u00f4t\u00e9 de la baie de Porto Vecchio. Pierre et bois, sol en marbre concass\u00e9 comme un tapis de sable, teintes claires, mobilier contemporain (fauteuils Diz sign\u00e9s Sergio Rodrigues, tables Tom Dixon en marbre du Rajasthan, luminaires Ozone\u2026). Les h\u00f4tes du Casadelmar ont ainsi la possibilit\u00e9 de profiter des avantages des deux \u00e9tablissements gr\u00e2ce \u00e0 la navette qui les relie en 5 minutes.<\/p>\n\n\n\n<h2 class=\"wp-block-heading\"><strong>Jour 6<\/strong> en Corse : Porto Vecchio et les \u00eeles Lavezzi<\/h2>\n\n\n\n<figure class=\"wp-block-image size-large\"><img decoding=\"async\" width=\"900\" height=\"640\" loading=\"lazy\" src=\"https:\/\/www.my-watchsite.fr\/blog\/wp-content\/uploads\/2020\/09\/J6-Porto-Vecchio-900X640.jpg\" alt=\"\" class=\"wp-image-7825\"\/><figcaption><em>En contrebas des remparts du centre historique, le port de Porto Vecchio<\/em>.<\/figcaption><\/figure>\n\n\n\n<p>Sem\u00e9es sur les eaux turquoise de la M\u00e9diterran\u00e9e, face aux Bouches de Bonifacio, les \u00eeles Lavezzi ressemblent \u00e0 des petits morceaux d\u2019Eden. Depuis une quarantaine d\u2019ann\u00e9es, cet archipel le plus au sud du territoire fran\u00e7ais, est r\u00e9gi par le statut de r\u00e9serve naturelle et ses \u00eeles sont accessibles seulement en bateau. Cette vingtaine d\u2019\u00eeles et d\u2019\u00eelots granitiques est inhabit\u00e9e sauf l\u2019\u00eele de Cavallo, \u00e0 quelques minutes de la c\u00f4te, \u00e0 l\u2019est du cap Sp\u00e9rone. Une \u00eele \u00e0 priori \u00ab&nbsp;priv\u00e9e&nbsp;\u00bb occup\u00e9e essentiellement par un \u00e9tablissement h\u00f4telier de charme (l\u2019H\u00f4tel des P\u00eacheurs) et par des villas de happy fews venus ici chercher le soleil\u2026 et l\u2019anonymat. Gr\u00e2ce \u00e0 l\u2019embarcation sp\u00e9cialement affr\u00e9t\u00e9e pour nous, la journ\u00e9e sera un pur enchantement. Navigation douce sur une mer cristalline en contournant les rochers qui affleurent un peu partout et impliquent un pilotage tr\u00e8s attentif. Le bateau qui peut mouiller o\u00f9 bon lui semble nous offre quelques inoubliables s\u00e9ances de snorkeling dans un environnement matin digne d\u2019un aquarium.<\/p>\n\n\n\n<figure class=\"wp-block-image size-large\"><img decoding=\"async\" width=\"900\" height=\"640\" loading=\"lazy\" src=\"https:\/\/www.my-watchsite.fr\/blog\/wp-content\/uploads\/2020\/09\/J6-Snorkeling-dans-les-iles-Lavezzi900X640.jpg\" alt=\"\" class=\"wp-image-7910\"\/><figcaption><em>En mode snorkeling dans les eaux turquoises de Corse, comme une balade dans un aquarium g\u00e9ant&#8230;<\/em><\/figcaption><\/figure>\n\n\n\n<p>L\u2019arri\u00e8re-saison est la meilleure p\u00e9riode pour appr\u00e9cier Porto Vecchio. Si elle accueille encore les touristes attir\u00e9s par son art de vivre m\u00e9diterran\u00e9en, la ville pr\u00e9sente des rues nettement moins encombr\u00e9es. C\u2019est le moment id\u00e9al pour passer une soir\u00e9e \u00e0 la terrasse d\u2019un restaurant. On ne s\u2019en prive pas et l\u2019on prend tout notre temps pour en profiter\u2026<\/p>\n\n\n\n<figure class=\"wp-block-image size-large\"><img decoding=\"async\" width=\"900\" height=\"640\" loading=\"lazy\" src=\"https:\/\/www.my-watchsite.fr\/blog\/wp-content\/uploads\/2020\/09\/J7-Votre-visite-de-Bonifacio-2900X640.jpg\" alt=\"\" class=\"wp-image-7830\"\/><figcaption><em>A<em> flanc de falaise<\/em>, les maisons de Bonifacio donnent un spectacle \u00e0 couper le souffle. <\/em><\/figcaption><\/figure>\n\n\n\n<h2 class=\"wp-block-heading\"><strong>Jour 7<\/strong> en Corse : Bonifacio<\/h2>\n\n\n\n<p>C\u2019est \u00e0 nouveau en bateau que l\u2019on quitte le Casadelmar pour cette derni\u00e8re journ\u00e9e en Corse. Direction Bonifacio. La mini croisi\u00e8re passe par la splendide baie de Sp\u00e9rone et longe les impressionnantes falaises de Bonifacio. Depuis la mer on distingue les maisons qui couronnent cette muraille d\u2019une blancheur \u00e9tincelante. La balade en ville se fera au rythme de nos envies et de notre paresse. Apr\u00e8s avoir gravi les 187 marches de l\u2019escalier du Roi d\u2019Aragon taill\u00e9 \u00e0 flanc de falaise, on a bien le droit \u00e0 un peu de repos. <\/p>\n\n\n\n<figure class=\"wp-block-image size-large\"><img decoding=\"async\" width=\"900\" height=\"640\" loading=\"lazy\" src=\"https:\/\/www.my-watchsite.fr\/blog\/wp-content\/uploads\/2020\/09\/J7-Votre-visite-de-Bonifacio900X640.jpg\" alt=\"\" class=\"wp-image-7890\"\/><figcaption><em>Louer un bateau pour faire un tour en mer reste un des grands plaisirs d&rsquo;un s\u00e9jour en Corse.<\/em><\/figcaption><\/figure>\n\n\n\n<p>Cela sera notre premi\u00e8re halte \u00e0 la terrasse d\u2019un caf\u00e9\u2026 mais pas la derni\u00e8re. Difficile de r\u00e9sister au charme de la Haute Ville dont les ruelles \u00e9troites semblent se perdre entre ombre et lumi\u00e8re au milieu des hautes maisons aux fa\u00e7ades blanches. Le jeu consiste justement \u00e0 se laisser porter par nos pas et \u00e0 fl\u00e2ner sans but dans l\u2019esp\u00e8ce de labyrinthe pav\u00e9 qui nous est offert\u2026Le retour en bateau sera un excellent pr\u00e9texte \u00e0 une halte pour un dernier bain de soleil et de mer sur l\u2019une des merveilleuses plages qui longent notre parcours.<\/p>\n\n\n\n<blockquote class=\"wp-block-quote\"><p>DES RANDONNEES POUR TOUS LES NIVEAUX<\/p><p><em>Avant d\u2019oser se lancer sur les sentiers du GR20 qui traverse l\u2019\u00eele du nord au sud,  il faut un minimum d\u2019entra\u00eenement. En bref, cette \u00ab&nbsp;balade&nbsp;\u00bb de deux semaines n\u2019est pas accessible \u00e0 tout le monde. Notamment le Cirque de la Solitude&#8230;<br>Pour les amateurs de promenade tranquille, on conseillera la Haute-Corse et le sentier du douanier qui suit le littoral \u00e0 la pointe de la presqu\u2019\u00eele, entre Macinaggio et Centuri. Les trois parties de cet itin\u00e9raire balis\u00e9 peuvent se parcourir en 8 heures environ. Elles vous conduiront vers la Capandula avec ses plages pr\u00e9serv\u00e9es par le Conservatoire du Littoral&nbsp;: Taramone, Cala Genovese\u2026 Au large, les \u00eeles Finocchiarola interdites au public entre mars et septembre, abritent une colonie de go\u00e9lands particuli\u00e8rement prot\u00e9g\u00e9s. La visite du Cap Corse se termine \u00e0 Saint-Florent tapi dans une jolie baie encadr\u00e9e par les montagnes du Nebbio. Avant de quitter cette mignonne cit\u00e9 baln\u00e9aire, montez jusqu\u2019\u00e0 l\u2019\u00e9glise San Michele pr\u00e8s du village de Murato. De ce promontoire, la vue porte au-del\u00e0 du golfe de Saint-Florent, jusqu\u2019au d\u00e9sert des Agriates, un site d\u2019une exceptionnelle beaut\u00e9 qui associe la s\u00e9cheresse d\u2019un maquis \u00e9cras\u00e9 de chaleur \u00e0 des plages de commencement du monde.<\/em><\/p><\/blockquote>\n\n\n\n<p><strong><a href=\"https:\/\/eluxtravel.com\/produit\/bella-corsica-du-nord-au-sud?utm_source=RP&amp;utm_medium=Site&amp;utm_campaign=Circuit_Corse\" target=\"_blank\" rel=\"noreferrer noopener\">Pour tout savoir sur le circuit pr\u00e9sent\u00e9.<\/a><\/strong><\/p>\n\n\n\n<p>Renseignements : <a href=\"http:\/\/www.eluxtravel.com\/\">w<\/a><a rel=\"noreferrer noopener\" href=\"http:\/\/www.eluxtravel.com\/\" target=\"_blank\">ww.eluxtravel.com<\/a> &#8211; 01 76 24 24 40<\/p>\n\n\n\n<p>D\u00e9couvrez le projet d&rsquo;Oris  \u00ab\u00a0<a href=\"https:\/\/www.my-watchsite.fr\/blog\/techniques-et-engagees-focus-sur-les-nouvelles-montres-de-plongee-oris-n2511\/\">Oc\u00e9ans\u00a0\u00bb<\/a> pour pr\u00e9server les oc\u00e9ans et les mers \u00e0 travers des partenariats avec des associations pionni\u00e8res et innovantes.<\/p>\n","protected":false},"excerpt":{"rendered":"<p>Le satan\u00e9 virus qui a rebattu les cartes du tourisme mondial.  Le moment de se rappeler que la France poss\u00e8de l\u2019une des plus belles \u00eeles du monde : la Corse. Et que celle-ci n\u2019est qu\u2019\u00e0 une heure de vol de Paris et \u00e0 quelques heures de ferry des ports de la Riviera. Top d\u00e9part&#8230;<\/p>\n","protected":false},"author":8,"featured_media":7761,"comment_status":"closed","ping_status":"closed","sticky":false,"template":"","format":"standard","meta":{"footnotes":""},"categories":[82],"tags":[106,105],"acf":[],"yoast_head":"<!-- This site is optimized with the Yoast SEO plugin v20.4 - https:\/\/yoast.com\/wordpress\/plugins\/seo\/ -->\n<title>Corse : 7 jours avec Eluxtravel - MyWatch FR<\/title>\n<meta name=\"description\" content=\"Corse : 7 jours avec l&#039;itin\u00e9raire &quot;Bella Corsica du Nord au Sud&quot; de Eluxtravel, qui n&#039;a rien \u00e0 envier aux Cara\u00efbes ou \u00e0 l\u2019oc\u00e9an Indien.\" \/>\n<meta name=\"robots\" content=\"index, follow, max-snippet:-1, max-image-preview:large, max-video-preview:-1\" \/>\n<link rel=\"canonical\" href=\"https:\/\/www.my-watchsite.fr\/blog\/corse-7-jours-avec-eluxtravel-itineraire-corsica-du-nord-au-sud\/\" \/>\n<meta property=\"og:locale\" content=\"fr_FR\" \/>\n<meta property=\"og:type\" content=\"article\" \/>\n<meta property=\"og:title\" content=\"Corse : 7 jours avec Eluxtravel - MyWatch FR\" \/>\n<meta property=\"og:description\" content=\"Corse : 7 jours avec l&#039;itin\u00e9raire &quot;Bella Corsica du Nord au Sud&quot; de Eluxtravel, qui n&#039;a rien \u00e0 envier aux Cara\u00efbes ou \u00e0 l\u2019oc\u00e9an Indien.\" \/>\n<meta property=\"og:url\" content=\"https:\/\/www.my-watchsite.fr\/blog\/corse-7-jours-avec-eluxtravel-itineraire-corsica-du-nord-au-sud\/\" \/>\n<meta property=\"og:site_name\" content=\"MyWatch FR\" \/>\n<meta property=\"article:publisher\" content=\"https:\/\/www.facebook.com\/mywatchsite\/\" \/>\n<meta property=\"article:published_time\" content=\"2020-09-29T12:43:09+00:00\" \/>\n<meta property=\"article:modified_time\" content=\"2022-08-26T17:47:51+00:00\" \/>\n<meta property=\"og:image\" content=\"https:\/\/www.my-watchsite.fr\/blog\/wp-content\/uploads\/2020\/09\/corse2.jpg\" \/>\n\t<meta property=\"og:image:width\" content=\"750\" \/>\n\t<meta property=\"og:image:height\" content=\"465\" \/>\n\t<meta property=\"og:image:type\" content=\"image\/jpeg\" \/>\n<meta name=\"author\" content=\"Christian-Luc Parison\" \/>\n<meta name=\"twitter:card\" content=\"summary_large_image\" \/>\n<meta name=\"twitter:creator\" content=\"@mywatchsite\" \/>\n<meta name=\"twitter:site\" content=\"@mywatchsite\" \/>\n<meta name=\"twitter:label1\" content=\"\u00c9crit par\" \/>\n\t<meta name=\"twitter:data1\" content=\"Christian-Luc Parison\" \/>\n\t<meta name=\"twitter:label2\" content=\"Dur\u00e9e de lecture estim\u00e9e\" \/>\n\t<meta name=\"twitter:data2\" content=\"20 minutes\" \/>\n<script type=\"application\/ld+json\" class=\"yoast-schema-graph\">{\"@context\":\"https:\/\/schema.org\",\"@graph\":[{\"@type\":\"WebPage\",\"@id\":\"https:\/\/www.my-watchsite.fr\/blog\/corse-7-jours-avec-eluxtravel-itineraire-corsica-du-nord-au-sud\/\",\"url\":\"https:\/\/www.my-watchsite.fr\/blog\/corse-7-jours-avec-eluxtravel-itineraire-corsica-du-nord-au-sud\/\",\"name\":\"Corse : 7 jours avec Eluxtravel - MyWatch FR\",\"isPartOf\":{\"@id\":\"https:\/\/www.my-watchsite.fr\/blog\/#website\"},\"datePublished\":\"2020-09-29T12:43:09+00:00\",\"dateModified\":\"2022-08-26T17:47:51+00:00\",\"author\":{\"@id\":\"https:\/\/www.my-watchsite.fr\/blog\/#\/schema\/person\/a8e22c667175a616183be4a68f9db3ac\"},\"description\":\"Corse : 7 jours avec l'itin\u00e9raire \\\"Bella Corsica du Nord au Sud\\\" de Eluxtravel, qui n'a rien \u00e0 envier aux Cara\u00efbes ou \u00e0 l\u2019oc\u00e9an Indien.\",\"breadcrumb\":{\"@id\":\"https:\/\/www.my-watchsite.fr\/blog\/corse-7-jours-avec-eluxtravel-itineraire-corsica-du-nord-au-sud\/#breadcrumb\"},\"inLanguage\":\"fr-FR\",\"potentialAction\":[{\"@type\":\"ReadAction\",\"target\":[\"https:\/\/www.my-watchsite.fr\/blog\/corse-7-jours-avec-eluxtravel-itineraire-corsica-du-nord-au-sud\/\"]}]},{\"@type\":\"BreadcrumbList\",\"@id\":\"https:\/\/www.my-watchsite.fr\/blog\/corse-7-jours-avec-eluxtravel-itineraire-corsica-du-nord-au-sud\/#breadcrumb\",\"itemListElement\":[{\"@type\":\"ListItem\",\"position\":1,\"name\":\"Accueil\",\"item\":\"https:\/\/www.my-watchsite.fr\/blog\/\"},{\"@type\":\"ListItem\",\"position\":2,\"name\":\"Corse : 7 jours avec Eluxtravel\"}]},{\"@type\":\"WebSite\",\"@id\":\"https:\/\/www.my-watchsite.fr\/blog\/#website\",\"url\":\"https:\/\/www.my-watchsite.fr\/blog\/\",\"name\":\"MyWatch FR\",\"description\":\"Make Time a Lifestyle\",\"potentialAction\":[{\"@type\":\"SearchAction\",\"target\":{\"@type\":\"EntryPoint\",\"urlTemplate\":\"https:\/\/www.my-watchsite.fr\/blog\/?s={search_term_string}\"},\"query-input\":\"required name=search_term_string\"}],\"inLanguage\":\"fr-FR\"},{\"@type\":\"Person\",\"@id\":\"https:\/\/www.my-watchsite.fr\/blog\/#\/schema\/person\/a8e22c667175a616183be4a68f9db3ac\",\"name\":\"Christian-Luc Parison\",\"image\":{\"@type\":\"ImageObject\",\"inLanguage\":\"fr-FR\",\"@id\":\"https:\/\/www.my-watchsite.fr\/blog\/#\/schema\/person\/image\/\",\"url\":\"https:\/\/secure.gravatar.com\/avatar\/ee365d799ee350cd8f9ee416b4449c96?s=96&d=mm&r=g\",\"contentUrl\":\"https:\/\/secure.gravatar.com\/avatar\/ee365d799ee350cd8f9ee416b4449c96?s=96&d=mm&r=g\",\"caption\":\"Christian-Luc Parison\"}}]}<\/script>\n<!-- \/ Yoast SEO plugin. -->","yoast_head_json":{"title":"Corse : 7 jours avec Eluxtravel - MyWatch FR","description":"Corse : 7 jours avec l'itin\u00e9raire \"Bella Corsica du Nord au Sud\" de Eluxtravel, qui n'a rien \u00e0 envier aux Cara\u00efbes ou \u00e0 l\u2019oc\u00e9an Indien.","robots":{"index":"index","follow":"follow","max-snippet":"max-snippet:-1","max-image-preview":"max-image-preview:large","max-video-preview":"max-video-preview:-1"},"canonical":"https:\/\/www.my-watchsite.fr\/blog\/corse-7-jours-avec-eluxtravel-itineraire-corsica-du-nord-au-sud\/","og_locale":"fr_FR","og_type":"article","og_title":"Corse : 7 jours avec Eluxtravel - MyWatch FR","og_description":"Corse : 7 jours avec l'itin\u00e9raire \"Bella Corsica du Nord au Sud\" de Eluxtravel, qui n'a rien \u00e0 envier aux Cara\u00efbes ou \u00e0 l\u2019oc\u00e9an Indien.","og_url":"https:\/\/www.my-watchsite.fr\/blog\/corse-7-jours-avec-eluxtravel-itineraire-corsica-du-nord-au-sud\/","og_site_name":"MyWatch FR","article_publisher":"https:\/\/www.facebook.com\/mywatchsite\/","article_published_time":"2020-09-29T12:43:09+00:00","article_modified_time":"2022-08-26T17:47:51+00:00","og_image":[{"width":750,"height":465,"url":"https:\/\/www.my-watchsite.fr\/blog\/wp-content\/uploads\/2020\/09\/corse2.jpg","type":"image\/jpeg"}],"author":"Christian-Luc Parison","twitter_card":"summary_large_image","twitter_creator":"@mywatchsite","twitter_site":"@mywatchsite","twitter_misc":{"\u00c9crit par":"Christian-Luc Parison","Dur\u00e9e de lecture estim\u00e9e":"20 minutes"},"schema":{"@context":"https:\/\/schema.org","@graph":[{"@type":"WebPage","@id":"https:\/\/www.my-watchsite.fr\/blog\/corse-7-jours-avec-eluxtravel-itineraire-corsica-du-nord-au-sud\/","url":"https:\/\/www.my-watchsite.fr\/blog\/corse-7-jours-avec-eluxtravel-itineraire-corsica-du-nord-au-sud\/","name":"Corse : 7 jours avec Eluxtravel - MyWatch FR","isPartOf":{"@id":"https:\/\/www.my-watchsite.fr\/blog\/#website"},"datePublished":"2020-09-29T12:43:09+00:00","dateModified":"2022-08-26T17:47:51+00:00","author":{"@id":"https:\/\/www.my-watchsite.fr\/blog\/#\/schema\/person\/a8e22c667175a616183be4a68f9db3ac"},"description":"Corse : 7 jours avec l'itin\u00e9raire \"Bella Corsica du Nord au Sud\" de Eluxtravel, qui n'a rien \u00e0 envier aux Cara\u00efbes ou \u00e0 l\u2019oc\u00e9an Indien.","breadcrumb":{"@id":"https:\/\/www.my-watchsite.fr\/blog\/corse-7-jours-avec-eluxtravel-itineraire-corsica-du-nord-au-sud\/#breadcrumb"},"inLanguage":"fr-FR","potentialAction":[{"@type":"ReadAction","target":["https:\/\/www.my-watchsite.fr\/blog\/corse-7-jours-avec-eluxtravel-itineraire-corsica-du-nord-au-sud\/"]}]},{"@type":"BreadcrumbList","@id":"https:\/\/www.my-watchsite.fr\/blog\/corse-7-jours-avec-eluxtravel-itineraire-corsica-du-nord-au-sud\/#breadcrumb","itemListElement":[{"@type":"ListItem","position":1,"name":"Accueil","item":"https:\/\/www.my-watchsite.fr\/blog\/"},{"@type":"ListItem","position":2,"name":"Corse : 7 jours avec Eluxtravel"}]},{"@type":"WebSite","@id":"https:\/\/www.my-watchsite.fr\/blog\/#website","url":"https:\/\/www.my-watchsite.fr\/blog\/","name":"MyWatch FR","description":"Make Time a Lifestyle","potentialAction":[{"@type":"SearchAction","target":{"@type":"EntryPoint","urlTemplate":"https:\/\/www.my-watchsite.fr\/blog\/?s={search_term_string}"},"query-input":"required name=search_term_string"}],"inLanguage":"fr-FR"},{"@type":"Person","@id":"https:\/\/www.my-watchsite.fr\/blog\/#\/schema\/person\/a8e22c667175a616183be4a68f9db3ac","name":"Christian-Luc Parison","image":{"@type":"ImageObject","inLanguage":"fr-FR","@id":"https:\/\/www.my-watchsite.fr\/blog\/#\/schema\/person\/image\/","url":"https:\/\/secure.gravatar.com\/avatar\/ee365d799ee350cd8f9ee416b4449c96?s=96&d=mm&r=g","contentUrl":"https:\/\/secure.gravatar.com\/avatar\/ee365d799ee350cd8f9ee416b4449c96?s=96&d=mm&r=g","caption":"Christian-Luc Parison"}}]}},"_links":{"self":[{"href":"https:\/\/www.my-watchsite.fr\/blog\/wp-json\/wp\/v2\/posts\/7748"}],"collection":[{"href":"https:\/\/www.my-watchsite.fr\/blog\/wp-json\/wp\/v2\/posts"}],"about":[{"href":"https:\/\/www.my-watchsite.fr\/blog\/wp-json\/wp\/v2\/types\/post"}],"author":[{"embeddable":true,"href":"https:\/\/www.my-watchsite.fr\/blog\/wp-json\/wp\/v2\/users\/8"}],"replies":[{"embeddable":true,"href":"https:\/\/www.my-watchsite.fr\/blog\/wp-json\/wp\/v2\/comments?post=7748"}],"version-history":[{"count":111,"href":"https:\/\/www.my-watchsite.fr\/blog\/wp-json\/wp\/v2\/posts\/7748\/revisions"}],"predecessor-version":[{"id":22967,"href":"https:\/\/www.my-watchsite.fr\/blog\/wp-json\/wp\/v2\/posts\/7748\/revisions\/22967"}],"wp:featuredmedia":[{"embeddable":true,"href":"https:\/\/www.my-watchsite.fr\/blog\/wp-json\/wp\/v2\/media\/7761"}],"wp:attachment":[{"href":"https:\/\/www.my-watchsite.fr\/blog\/wp-json\/wp\/v2\/media?parent=7748"}],"wp:term":[{"taxonomy":"category","embeddable":true,"href":"https:\/\/www.my-watchsite.fr\/blog\/wp-json\/wp\/v2\/categories?post=7748"},{"taxonomy":"post_tag","embeddable":true,"href":"https:\/\/www.my-watchsite.fr\/blog\/wp-json\/wp\/v2\/tags?post=7748"}],"curies":[{"name":"wp","href":"https:\/\/api.w.org\/{rel}","templated":true}]}}