{"id":815,"date":"2011-11-14T00:00:00","date_gmt":"2011-11-13T23:00:00","guid":{"rendered":"https:\/\/www.my-watchsite.fr\/blog\/blog\/jaeger-lecoultre-va-agrandir-sa-boutique-de-la-place-vendome-a-paris-n234\/"},"modified":"2011-11-14T00:00:00","modified_gmt":"2011-11-13T23:00:00","slug":"jaeger-lecoultre-va-agrandir-sa-boutique-de-la-place-vendome-a-paris-n234","status":"publish","type":"post","link":"https:\/\/www.my-watchsite.fr\/blog\/jaeger-lecoultre-va-agrandir-sa-boutique-de-la-place-vendome-a-paris-n234\/","title":{"rendered":"Jaeger-LeCoultre va agrandir sa boutique de la Place Vend\u00f4me \u00e0 Paris"},"content":{"rendered":"<div>Paris, Gen\u00e8ve, P\u00e9kin, Shanghai, Londres, Moscou, Singapour\u2026 Dans toutes les capitales internationales du luxe, la Manufacture suisse install\u00e9e depuis 1833 dans la l\u00e9gendaire Vall\u00e9e de Joux, fait de ses boutiques des lieux de rendez-vous incontournables pour les passionn\u00e9s d\u2019horlogerie.<\/div>\n<div><\/div>\n<div>En 2004, Jaeger-LeCoultre a install\u00e9 sa boutique parisienne place Vend\u00f4me, c\u0153ur vivant du luxe \u00e0 la fran\u00e7aise, lieu mythique o\u00f9 brillent palaces et grands joailliers. L\u00e0, dans le somptueux h\u00f4tel de Villemar\u00e9 dessin\u00e9 au XVIIe si\u00e8cle par Mansart, l\u2019architecte de Louis XIV, la marque a trouv\u00e9 l\u2019\u00e9crin id\u00e9al pour pr\u00e9senter ses derni\u00e8res cr\u00e9ations et ses mod\u00e8les embl\u00e9matiques\u2026<\/div>\n<div><\/div>\n<div>2012 verra la Manufacture poursuivre et amplifier son d\u00e9ploiement international afin de continuer \u00e0 partager dans le monde entier sa passion horlog\u00e8re. Jaeger-LeCoultre a choisi Paris et sa boutique du 7 place Vend\u00f4me pour exprimer cette nouvelle dimension au travers d\u2019un espace consid\u00e9rablement agrandi.<\/div>\n<div><\/div>\n<div>Demain, ce seront 500 m2 qui seront d\u00e9volus aux plus belles montres de la plan\u00e8te Jaeger-LeCoultre, dans une d\u00e9coration repens\u00e9e, faite de luxe discret, d\u2019intimit\u00e9 sereine et de raffinement en phase avec son \u00e9poque.<\/div>\n<div><\/div>\n<div>A ce jour, 43 boutiques Jaeger-LeCoultre, figurant \u00e0 des adresses prestigieuses, perp\u00e9tuent partout \u00e0 travers le monde l\u2019esprit de la Manufacture et les valeurs de la marque. Alors que l\u2019on attend une nouvelle ouverture \u00e0 Milan, sur la c\u00e9l\u00e8bre avenue Via Montenapoleone, certaines boutiques, comme celles de Paris ou de Hong Kong, vont d\u00e9sormais \u00e9tinceler d\u2019un \u00e9clat particulier, symboles de l\u2019essor de la marque figurant parmi les r\u00e9f\u00e9rences mondiales de la haute horlogerie.<\/div>\n<div><\/div>\n<div>\n<div>Pour offrir aux passionn\u00e9s et aux amateurs de belle horlogerie une continuit\u00e9 de l\u2019accueil et du service Jaeger-LeCoultre pendant la mue de la boutique de la place Vend\u00f4me, une nouvelle boutique temporaire ouvrira ses portes en d\u00e9cembre 2011 au 269, rue Saint-Honor\u00e9.<\/div>\n<div><\/div>\n<\/div>\n<ul>\n<li><img decoding=\"async\" src=\"https:\/\/www.my-watchsite.fr\/blog\/wp-content\/uploads\/2020\/08\/234_538.jpg\" alt=\"La boutique Jaeger-LeCoultre de la Place Vend\u00f4me d\u00e9voilera en 2012 un nouveau visage\u2026 \" \/><\/li>\n<\/ul>\n","protected":false},"excerpt":{"rendered":"<p>Paris, Gen\u00e8ve, P\u00e9kin, Shanghai, Londres, Moscou, Singapour\u2026 Dans toutes les capitales internationales du luxe, la Manufacture suisse install\u00e9e depuis 1833 dans la l\u00e9gendaire Vall\u00e9e de Joux, fait de ses boutiques des lieux de rendez-vous incontournables pour les passionn\u00e9s d\u2019horlogerie. En 2004, Jaeger-LeCoultre a install\u00e9 sa boutique parisienne place Vend\u00f4me, c\u0153ur vivant du luxe \u00e0 la [&hellip;]<\/p>\n","protected":false},"author":1,"featured_media":816,"comment_status":"closed","ping_status":"closed","sticky":false,"template":"","format":"standard","meta":{"footnotes":""},"categories":[2],"tags":[27],"acf":[],"yoast_head":"<!-- This site is optimized with the Yoast SEO plugin v20.4 - https:\/\/yoast.com\/wordpress\/plugins\/seo\/ -->\n<title>Jaeger-LeCoultre va agrandir sa boutique de la Place Vend\u00f4me \u00e0 Paris - MyWatch FR<\/title>\n<meta name=\"robots\" content=\"index, follow, max-snippet:-1, max-image-preview:large, max-video-preview:-1\" \/>\n<link rel=\"canonical\" href=\"https:\/\/www.my-watchsite.fr\/blog\/jaeger-lecoultre-va-agrandir-sa-boutique-de-la-place-vendome-a-paris-n234\/\" \/>\n<meta property=\"og:locale\" content=\"fr_FR\" \/>\n<meta property=\"og:type\" content=\"article\" \/>\n<meta property=\"og:title\" content=\"Jaeger-LeCoultre va agrandir sa boutique de la Place Vend\u00f4me \u00e0 Paris - MyWatch FR\" \/>\n<meta property=\"og:description\" content=\"Paris, Gen\u00e8ve, P\u00e9kin, Shanghai, Londres, Moscou, Singapour\u2026 Dans toutes les capitales internationales du luxe, la Manufacture suisse install\u00e9e depuis 1833 dans la l\u00e9gendaire Vall\u00e9e de Joux, fait de ses boutiques des lieux de rendez-vous incontournables pour les passionn\u00e9s d\u2019horlogerie. En 2004, Jaeger-LeCoultre a install\u00e9 sa boutique parisienne place Vend\u00f4me, c\u0153ur vivant du luxe \u00e0 la [&hellip;]\" \/>\n<meta property=\"og:url\" content=\"https:\/\/www.my-watchsite.fr\/blog\/jaeger-lecoultre-va-agrandir-sa-boutique-de-la-place-vendome-a-paris-n234\/\" \/>\n<meta property=\"og:site_name\" content=\"MyWatch FR\" \/>\n<meta property=\"article:publisher\" content=\"https:\/\/www.facebook.com\/mywatchsite\/\" \/>\n<meta property=\"article:published_time\" content=\"2011-11-13T23:00:00+00:00\" \/>\n<meta property=\"og:image\" content=\"https:\/\/www.my-watchsite.fr\/blog\/wp-content\/uploads\/2020\/08\/234_538.jpg\" \/>\n\t<meta property=\"og:image:width\" content=\"450\" \/>\n\t<meta property=\"og:image:height\" content=\"291\" \/>\n\t<meta property=\"og:image:type\" content=\"image\/jpeg\" \/>\n<meta name=\"author\" content=\"MyWatch\" \/>\n<meta name=\"twitter:card\" content=\"summary_large_image\" \/>\n<meta name=\"twitter:creator\" content=\"@mywatchsite\" \/>\n<meta name=\"twitter:site\" content=\"@mywatchsite\" \/>\n<meta name=\"twitter:label1\" content=\"\u00c9crit par\" \/>\n\t<meta name=\"twitter:data1\" content=\"MyWatch\" \/>\n\t<meta name=\"twitter:label2\" content=\"Dur\u00e9e de lecture estim\u00e9e\" \/>\n\t<meta name=\"twitter:data2\" content=\"2 minutes\" \/>\n<script type=\"application\/ld+json\" class=\"yoast-schema-graph\">{\"@context\":\"https:\/\/schema.org\",\"@graph\":[{\"@type\":\"WebPage\",\"@id\":\"https:\/\/www.my-watchsite.fr\/blog\/jaeger-lecoultre-va-agrandir-sa-boutique-de-la-place-vendome-a-paris-n234\/\",\"url\":\"https:\/\/www.my-watchsite.fr\/blog\/jaeger-lecoultre-va-agrandir-sa-boutique-de-la-place-vendome-a-paris-n234\/\",\"name\":\"Jaeger-LeCoultre va agrandir sa boutique de la Place Vend\u00f4me \u00e0 Paris - MyWatch FR\",\"isPartOf\":{\"@id\":\"https:\/\/www.my-watchsite.fr\/blog\/#website\"},\"datePublished\":\"2011-11-13T23:00:00+00:00\",\"dateModified\":\"2011-11-13T23:00:00+00:00\",\"author\":{\"@id\":\"https:\/\/www.my-watchsite.fr\/blog\/#\/schema\/person\/67e19b3e3d014465042ff1be1c9fcf44\"},\"breadcrumb\":{\"@id\":\"https:\/\/www.my-watchsite.fr\/blog\/jaeger-lecoultre-va-agrandir-sa-boutique-de-la-place-vendome-a-paris-n234\/#breadcrumb\"},\"inLanguage\":\"fr-FR\",\"potentialAction\":[{\"@type\":\"ReadAction\",\"target\":[\"https:\/\/www.my-watchsite.fr\/blog\/jaeger-lecoultre-va-agrandir-sa-boutique-de-la-place-vendome-a-paris-n234\/\"]}]},{\"@type\":\"BreadcrumbList\",\"@id\":\"https:\/\/www.my-watchsite.fr\/blog\/jaeger-lecoultre-va-agrandir-sa-boutique-de-la-place-vendome-a-paris-n234\/#breadcrumb\",\"itemListElement\":[{\"@type\":\"ListItem\",\"position\":1,\"name\":\"Accueil\",\"item\":\"https:\/\/www.my-watchsite.fr\/blog\/\"},{\"@type\":\"ListItem\",\"position\":2,\"name\":\"Jaeger-LeCoultre va agrandir sa boutique de la Place Vend\u00f4me \u00e0 Paris\"}]},{\"@type\":\"WebSite\",\"@id\":\"https:\/\/www.my-watchsite.fr\/blog\/#website\",\"url\":\"https:\/\/www.my-watchsite.fr\/blog\/\",\"name\":\"MyWatch FR\",\"description\":\"Make Time a Lifestyle\",\"potentialAction\":[{\"@type\":\"SearchAction\",\"target\":{\"@type\":\"EntryPoint\",\"urlTemplate\":\"https:\/\/www.my-watchsite.fr\/blog\/?s={search_term_string}\"},\"query-input\":\"required name=search_term_string\"}],\"inLanguage\":\"fr-FR\"},{\"@type\":\"Person\",\"@id\":\"https:\/\/www.my-watchsite.fr\/blog\/#\/schema\/person\/67e19b3e3d014465042ff1be1c9fcf44\",\"name\":\"MyWatch\",\"image\":{\"@type\":\"ImageObject\",\"inLanguage\":\"fr-FR\",\"@id\":\"https:\/\/www.my-watchsite.fr\/blog\/#\/schema\/person\/image\/\",\"url\":\"https:\/\/secure.gravatar.com\/avatar\/e52d1e94806c54826c863f554ca1dd2a?s=96&d=mm&r=g\",\"contentUrl\":\"https:\/\/secure.gravatar.com\/avatar\/e52d1e94806c54826c863f554ca1dd2a?s=96&d=mm&r=g\",\"caption\":\"MyWatch\"},\"sameAs\":[\"https:\/\/www.my-watchsite.fr\/blog\"]}]}<\/script>\n<!-- \/ Yoast SEO plugin. -->","yoast_head_json":{"title":"Jaeger-LeCoultre va agrandir sa boutique de la Place Vend\u00f4me \u00e0 Paris - MyWatch FR","robots":{"index":"index","follow":"follow","max-snippet":"max-snippet:-1","max-image-preview":"max-image-preview:large","max-video-preview":"max-video-preview:-1"},"canonical":"https:\/\/www.my-watchsite.fr\/blog\/jaeger-lecoultre-va-agrandir-sa-boutique-de-la-place-vendome-a-paris-n234\/","og_locale":"fr_FR","og_type":"article","og_title":"Jaeger-LeCoultre va agrandir sa boutique de la Place Vend\u00f4me \u00e0 Paris - MyWatch FR","og_description":"Paris, Gen\u00e8ve, P\u00e9kin, Shanghai, Londres, Moscou, Singapour\u2026 Dans toutes les capitales internationales du luxe, la Manufacture suisse install\u00e9e depuis 1833 dans la l\u00e9gendaire Vall\u00e9e de Joux, fait de ses boutiques des lieux de rendez-vous incontournables pour les passionn\u00e9s d\u2019horlogerie. En 2004, Jaeger-LeCoultre a install\u00e9 sa boutique parisienne place Vend\u00f4me, c\u0153ur vivant du luxe \u00e0 la [&hellip;]","og_url":"https:\/\/www.my-watchsite.fr\/blog\/jaeger-lecoultre-va-agrandir-sa-boutique-de-la-place-vendome-a-paris-n234\/","og_site_name":"MyWatch FR","article_publisher":"https:\/\/www.facebook.com\/mywatchsite\/","article_published_time":"2011-11-13T23:00:00+00:00","og_image":[{"width":450,"height":291,"url":"https:\/\/www.my-watchsite.fr\/blog\/wp-content\/uploads\/2020\/08\/234_538.jpg","type":"image\/jpeg"}],"author":"MyWatch","twitter_card":"summary_large_image","twitter_creator":"@mywatchsite","twitter_site":"@mywatchsite","twitter_misc":{"\u00c9crit par":"MyWatch","Dur\u00e9e de lecture estim\u00e9e":"2 minutes"},"schema":{"@context":"https:\/\/schema.org","@graph":[{"@type":"WebPage","@id":"https:\/\/www.my-watchsite.fr\/blog\/jaeger-lecoultre-va-agrandir-sa-boutique-de-la-place-vendome-a-paris-n234\/","url":"https:\/\/www.my-watchsite.fr\/blog\/jaeger-lecoultre-va-agrandir-sa-boutique-de-la-place-vendome-a-paris-n234\/","name":"Jaeger-LeCoultre va agrandir sa boutique de la Place Vend\u00f4me \u00e0 Paris - MyWatch FR","isPartOf":{"@id":"https:\/\/www.my-watchsite.fr\/blog\/#website"},"datePublished":"2011-11-13T23:00:00+00:00","dateModified":"2011-11-13T23:00:00+00:00","author":{"@id":"https:\/\/www.my-watchsite.fr\/blog\/#\/schema\/person\/67e19b3e3d014465042ff1be1c9fcf44"},"breadcrumb":{"@id":"https:\/\/www.my-watchsite.fr\/blog\/jaeger-lecoultre-va-agrandir-sa-boutique-de-la-place-vendome-a-paris-n234\/#breadcrumb"},"inLanguage":"fr-FR","potentialAction":[{"@type":"ReadAction","target":["https:\/\/www.my-watchsite.fr\/blog\/jaeger-lecoultre-va-agrandir-sa-boutique-de-la-place-vendome-a-paris-n234\/"]}]},{"@type":"BreadcrumbList","@id":"https:\/\/www.my-watchsite.fr\/blog\/jaeger-lecoultre-va-agrandir-sa-boutique-de-la-place-vendome-a-paris-n234\/#breadcrumb","itemListElement":[{"@type":"ListItem","position":1,"name":"Accueil","item":"https:\/\/www.my-watchsite.fr\/blog\/"},{"@type":"ListItem","position":2,"name":"Jaeger-LeCoultre va agrandir sa boutique de la Place Vend\u00f4me \u00e0 Paris"}]},{"@type":"WebSite","@id":"https:\/\/www.my-watchsite.fr\/blog\/#website","url":"https:\/\/www.my-watchsite.fr\/blog\/","name":"MyWatch FR","description":"Make Time a Lifestyle","potentialAction":[{"@type":"SearchAction","target":{"@type":"EntryPoint","urlTemplate":"https:\/\/www.my-watchsite.fr\/blog\/?s={search_term_string}"},"query-input":"required name=search_term_string"}],"inLanguage":"fr-FR"},{"@type":"Person","@id":"https:\/\/www.my-watchsite.fr\/blog\/#\/schema\/person\/67e19b3e3d014465042ff1be1c9fcf44","name":"MyWatch","image":{"@type":"ImageObject","inLanguage":"fr-FR","@id":"https:\/\/www.my-watchsite.fr\/blog\/#\/schema\/person\/image\/","url":"https:\/\/secure.gravatar.com\/avatar\/e52d1e94806c54826c863f554ca1dd2a?s=96&d=mm&r=g","contentUrl":"https:\/\/secure.gravatar.com\/avatar\/e52d1e94806c54826c863f554ca1dd2a?s=96&d=mm&r=g","caption":"MyWatch"},"sameAs":["https:\/\/www.my-watchsite.fr\/blog"]}]}},"_links":{"self":[{"href":"https:\/\/www.my-watchsite.fr\/blog\/wp-json\/wp\/v2\/posts\/815"}],"collection":[{"href":"https:\/\/www.my-watchsite.fr\/blog\/wp-json\/wp\/v2\/posts"}],"about":[{"href":"https:\/\/www.my-watchsite.fr\/blog\/wp-json\/wp\/v2\/types\/post"}],"author":[{"embeddable":true,"href":"https:\/\/www.my-watchsite.fr\/blog\/wp-json\/wp\/v2\/users\/1"}],"replies":[{"embeddable":true,"href":"https:\/\/www.my-watchsite.fr\/blog\/wp-json\/wp\/v2\/comments?post=815"}],"version-history":[{"count":0,"href":"https:\/\/www.my-watchsite.fr\/blog\/wp-json\/wp\/v2\/posts\/815\/revisions"}],"wp:featuredmedia":[{"embeddable":true,"href":"https:\/\/www.my-watchsite.fr\/blog\/wp-json\/wp\/v2\/media\/816"}],"wp:attachment":[{"href":"https:\/\/www.my-watchsite.fr\/blog\/wp-json\/wp\/v2\/media?parent=815"}],"wp:term":[{"taxonomy":"category","embeddable":true,"href":"https:\/\/www.my-watchsite.fr\/blog\/wp-json\/wp\/v2\/categories?post=815"},{"taxonomy":"post_tag","embeddable":true,"href":"https:\/\/www.my-watchsite.fr\/blog\/wp-json\/wp\/v2\/tags?post=815"}],"curies":[{"name":"wp","href":"https:\/\/api.w.org\/{rel}","templated":true}]}}