{"id":8237,"date":"2020-09-01T09:03:00","date_gmt":"2020-09-01T07:03:00","guid":{"rendered":"https:\/\/www.my-watchsite.fr\/blog\/?p=8237"},"modified":"2020-12-03T14:45:24","modified_gmt":"2020-12-03T13:45:24","slug":"le-panama-la-petite-histoire","status":"publish","type":"post","link":"https:\/\/www.my-watchsite.fr\/blog\/le-panama-la-petite-histoire\/","title":{"rendered":"Le panama : la petite histoire&#8230;"},"content":{"rendered":"\n<figure class=\"wp-block-embed-youtube wp-block-embed is-type-video is-provider-youtube wp-embed-aspect-16-9 wp-has-aspect-ratio\"><div class=\"wp-block-embed__wrapper\">\n<iframe loading=\"lazy\" title=\"The Production Process of the Panama hat in Ecuador\" width=\"500\" height=\"281\" src=\"https:\/\/www.youtube-nocookie.com\/embed\/3FPy-z728wM?feature=oembed&#038;rel=0\" frameborder=\"0\" allow=\"accelerometer; autoplay; clipboard-write; encrypted-media; gyroscope; picture-in-picture\" allowfullscreen><\/iframe>\n<\/div><figcaption><em>Le processus de fabrication du panama demande pr\u00e9cision et patience &#8211; Vid\u00e9o : Chaine Youtube MonPanama. <\/em><\/figcaption><\/figure>\n\n\n\n<h2 class=\"wp-block-heading\"><strong>Un chapeau historique<\/strong><\/h2>\n\n\n\n<p>Le \u00ab\u00a0panama\u00a0\u00bb, chapeau artisanal, d\u00e9signe une technique de tissage sp\u00e9cifique et non, comme on pourrait le penser, une forme de chapeau. Injustement nomm\u00e9, il est n\u00e9 en Equateur o\u00f9 pousse le palmier dont sont issues les fibres utilis\u00e9es pour sa fabrication. Il devient tr\u00e8s populaire au d\u00e9but du 20e si\u00e8cle lors de la construction du canal de Panama, lorsque des milliers d\u2019ouvriers en charge de construire ce gigantesque \u00e9difice devaient, pour se prot\u00e9ger du soleil, porter un chapeau de paille mou. Cependant, c\u2019est Theodore Roosevelt, ancien pr\u00e9sident des Etats-Unis qui le rend c\u00e9l\u00e8bre avec une photo prise en 1906 lors d\u2019une de ses visites du chantier.<\/p>\n\n\n\n<figure class=\"wp-block-image size-large\"><img decoding=\"async\" width=\"900\" height=\"640\" loading=\"lazy\" src=\"https:\/\/www.my-watchsite.fr\/blog\/wp-content\/uploads\/2020\/09\/roosevelt.jpg\" alt=\"\" class=\"wp-image-7678\" \/><figcaption><em>En novembre 1906, arborant son panama, le pr\u00e9sident Theodore&nbsp;<strong>Roosevelt<\/strong> voyage au&nbsp;<strong>Panama<\/strong>&nbsp;afin d&rsquo;inspecter l&rsquo;avancement des travaux de construction du canal. Premi\u00e8re visite dans un pays \u00e9tranger jamais effectu\u00e9e par un pr\u00e9sident am\u00e9ricain en exercice<\/em>.<\/figcaption><\/figure>\n\n\n\n<h2 class=\"wp-block-heading\"><strong>Le panama, en t\u00eate d&rsquo;affiche<\/strong><\/h2>\n\n\n\n<p>Depuis cette p\u00e9riode, ce couvre-chef symbolise l\u2019\u00e9l\u00e9gance m\u00eame dont de nombreuses personnalit\u00e9s politiques ou artistiques en adoptent le style. Churchill, Paul Newman, Humphrey Bogart, Fred Astaire, Truman Capote, Sean Connery ou encore Robert Redford se coiffent de cet accessoire reconnaissable par ses larges bords blancs et sa bande noire embl\u00e9matique.<\/p>\n\n\n\n<figure class=\"wp-block-gallery columns-2 is-cropped wp-block-gallery-1 is-layout-flex wp-block-gallery-is-layout-flex\"><ul class=\"blocks-gallery-grid\"><li class=\"blocks-gallery-item\"><figure><img decoding=\"async\" loading=\"lazy\" width=\"900\" height=\"640\" src=\"https:\/\/www.my-watchsite.fr\/blog\/wp-content\/uploads\/2020\/09\/connerybd.jpg\" alt=\"\" data-id=\"7659\" data-link=\"https:\/\/www.my-watchsite.fr\/blog\/?attachment_id=7659\" class=\"wp-image-7659\" \/><\/figure><\/li><li class=\"blocks-gallery-item\"><figure><img decoding=\"async\" loading=\"lazy\" width=\"900\" height=\"640\" src=\"https:\/\/www.my-watchsite.fr\/blog\/wp-content\/uploads\/2020\/09\/redfordbd.jpg\" alt=\"\" data-id=\"7660\" data-link=\"https:\/\/www.my-watchsite.fr\/blog\/?attachment_id=7660\" class=\"wp-image-7660\" \/><\/figure><\/li><\/ul><figcaption class=\"blocks-gallery-caption\"><em>Symboles de l&rsquo;\u00e9l\u00e9gance et du charisme \u00e0 l&rsquo;\u00e9tat pur, les acteurs Sean Connery et Robert Redford mettent parfaitement en valeur le v\u00e9ritable panama aux larges bords et \u00e0 la bande noire caract\u00e9ristique. <\/em><\/figcaption><\/figure>\n\n\n\n<p><a href=\"https:\/\/www.my-watchsite.fr\/blog\/rolex-submariner-un-lifting-couronne-de-succes\/\" target=\"_blank\" rel=\"noreferrer noopener\">Voir Sean Connery dans la bande annonce de Dr No \u00e0 la fin de l&rsquo;article sur les nouvelles Rolex 2020<\/a><\/p>\n\n\n\n<h2 class=\"wp-block-heading\">Les secrets de sa fabrication<\/h2>\n\n\n\n<p>Confectionn\u00e9 par des tisserands \u00e9quatoriens dot\u00e9s de nombreuses ann\u00e9es de pratique, un seul panama n\u00e9cessite de nombreuses heures de travail. Il est tiss\u00e9 avec les fibres v\u00e9g\u00e9tales d\u2019un palmier, baptis\u00e9es \u00ab&nbsp;<em>paja toquilla&nbsp;<\/em>\u00bb, aux qualit\u00e9s remarquables&nbsp;: extr\u00eame finesse, grande souplesse, et blancheur immacul\u00e9e. Les jeunes feuilles du palmier sont utilis\u00e9es pour ses filaments tr\u00e8s fins. Enfin \u00e9cart\u00e9es, elles sont \u00e9bouillant\u00e9es durant quelques minutes avant d\u2019\u00eatre s\u00e9ch\u00e9es au soleil. Apr\u00e8s cette \u00e9tape cruciale, il est temps pour elles de passer par les mains expertes des artisans pour \u00eatre tiss\u00e9es. Une fois termin\u00e9s, les chapeaux sont alors blanchis et moul\u00e9s afin de prendre la forme qui les caract\u00e9rise, puis orn\u00e9s de son l\u00e9gendaire ruban noir.<\/p>\n\n\n\n<figure class=\"wp-block-gallery columns-2 is-cropped wp-block-gallery-3 is-layout-flex wp-block-gallery-is-layout-flex\"><ul class=\"blocks-gallery-grid\"><li class=\"blocks-gallery-item\"><figure><img decoding=\"async\" loading=\"lazy\" width=\"900\" height=\"640\" src=\"https:\/\/www.my-watchsite.fr\/blog\/wp-content\/uploads\/2020\/09\/tissage2bd.jpg\" alt=\"\" data-id=\"7665\" data-link=\"https:\/\/www.my-watchsite.fr\/blog\/?attachment_id=7665\" class=\"wp-image-7665\" \/><\/figure><\/li><li class=\"blocks-gallery-item\"><figure><img decoding=\"async\" loading=\"lazy\" width=\"900\" height=\"640\" src=\"https:\/\/www.my-watchsite.fr\/blog\/wp-content\/uploads\/2020\/09\/tissagebd.jpg\" alt=\"\" data-id=\"7666\" data-link=\"https:\/\/www.my-watchsite.fr\/blog\/?attachment_id=7666\" class=\"wp-image-7666\" \/><\/figure><\/li><\/ul><figcaption class=\"blocks-gallery-caption\"><em>Les doigts de f\u00e9e des artisans \u00e9quatoriens tissent avec pr\u00e9cision et habilet\u00e9 les fibres \u00ab\u00a0paja toquilla\u00a0\u00bb d&rsquo;une extr\u00eame finesse<\/em>.<\/figcaption><\/figure>\n\n\n\n<figure class=\"wp-block-embed-youtube wp-block-embed is-type-video is-provider-youtube wp-embed-aspect-16-9 wp-has-aspect-ratio\"><div class=\"wp-block-embed__wrapper\">\n<iframe loading=\"lazy\" title=\"Panama : l&#039;ic\u00f4ne de la mode - La Quotidienne\" width=\"500\" height=\"281\" src=\"https:\/\/www.youtube-nocookie.com\/embed\/zobxObhCTxQ?feature=oembed&#038;rel=0\" frameborder=\"0\" allow=\"accelerometer; autoplay; clipboard-write; encrypted-media; gyroscope; picture-in-picture\" allowfullscreen><\/iframe>\n<\/div><figcaption><em>\u00ab\u00a0Le panama, l&rsquo;ic\u00f4ne de la mode\u00a0\u00bb par l&rsquo;\u00e9mission La Quotidienne sur France 5<\/em><strong>.<\/strong><\/figcaption><\/figure>\n\n\n\n<p><strong><a href=\"https:\/\/www.my-watchsite.fr\/blog\/le-panama-tete-de-serie-a-roland-garros\/\" target=\"_blank\" rel=\"noreferrer noopener\">Lire notre article \u00ab\u00a0le Panama, t\u00eate de s\u00e9rie \u00e0 Roland-Garros\u00a0\u00bb<\/a><\/strong><\/p>\n\n\n\n<p><a rel=\"noreferrer noopener\" href=\"https:\/\/boutique.rolandgarros.com\/fr\/homme\/accessoires\/chapeaux-c.html\" target=\"_blank\">Le panama de Roland-Garros<\/a><\/p>\n\n\n\n<p><a href=\"https:\/\/chapeau.bon-clic-bon-genre.fr\/chapeaux-panama.html?gclid=EAIaIQobChMIz-DJm_mh7AIVGoBQBh1JcgnYEAAYASAAEgJr0PD_BwE\" target=\"_blank\" rel=\"noreferrer noopener\">Boutique de chapeaux panama<\/a><\/p>\n","protected":false},"excerpt":{"rendered":"<p>Devenu un objet de convoitise depuis que les stars hollywoodiennes comme Sean Connery ou Robert Redford l&rsquo;ont port\u00e9, le panama est l&rsquo;indispensable accessoire qu&rsquo;il faut avoir. Tant\u00f4t masculin, tant\u00f4t f\u00e9minin, ce chapeau artisanal est d\u00e9sormais une pi\u00e8ce mixte du vestiaire dont on se coiffe pour adopter une allure aussi bien sophistiqu\u00e9e que d\u00e9contract\u00e9e. Focus sur une petite histoire du panama&#8230;<\/p>\n","protected":false},"author":3,"featured_media":8244,"comment_status":"closed","ping_status":"closed","sticky":false,"template":"","format":"standard","meta":{"footnotes":""},"categories":[82],"tags":[118,117],"acf":[],"yoast_head":"<!-- This site is optimized with the Yoast SEO plugin v20.4 - https:\/\/yoast.com\/wordpress\/plugins\/seo\/ -->\n<title>La petite histoire du panama : portez le chapeau ! MyWatch FR<\/title>\n<meta name=\"description\" content=\"Il faut savoir porter le chapeau ! Mais le bon... Le panama a ses codes et c&#039;est aussi un chapeau pl\u00e9biscit\u00e9 \u00e0 Roland-Garros !\" \/>\n<meta name=\"robots\" content=\"index, follow, max-snippet:-1, max-image-preview:large, max-video-preview:-1\" \/>\n<link rel=\"canonical\" href=\"https:\/\/www.my-watchsite.fr\/blog\/le-panama-la-petite-histoire\/\" \/>\n<meta property=\"og:locale\" content=\"fr_FR\" \/>\n<meta property=\"og:type\" content=\"article\" \/>\n<meta property=\"og:title\" content=\"La petite histoire du panama : portez le chapeau ! MyWatch FR\" \/>\n<meta property=\"og:description\" content=\"Il faut savoir porter le chapeau ! Mais le bon... Le panama a ses codes et c&#039;est aussi un chapeau pl\u00e9biscit\u00e9 \u00e0 Roland-Garros !\" \/>\n<meta property=\"og:url\" content=\"https:\/\/www.my-watchsite.fr\/blog\/le-panama-la-petite-histoire\/\" \/>\n<meta property=\"og:site_name\" content=\"MyWatch FR\" \/>\n<meta property=\"article:publisher\" content=\"https:\/\/www.facebook.com\/mywatchsite\/\" \/>\n<meta property=\"article:published_time\" content=\"2020-09-01T07:03:00+00:00\" \/>\n<meta property=\"article:modified_time\" content=\"2020-12-03T13:45:24+00:00\" \/>\n<meta property=\"og:image\" content=\"https:\/\/www.my-watchsite.fr\/blog\/wp-content\/uploads\/2020\/10\/panama1.jpg\" \/>\n\t<meta property=\"og:image:width\" content=\"750\" \/>\n\t<meta property=\"og:image:height\" content=\"465\" \/>\n\t<meta property=\"og:image:type\" content=\"image\/jpeg\" \/>\n<meta name=\"author\" content=\"Chlo\u00e9 Redler\" \/>\n<meta name=\"twitter:card\" content=\"summary_large_image\" \/>\n<meta name=\"twitter:creator\" content=\"@mywatchsite\" \/>\n<meta name=\"twitter:site\" content=\"@mywatchsite\" \/>\n<meta name=\"twitter:label1\" content=\"\u00c9crit par\" \/>\n\t<meta name=\"twitter:data1\" content=\"Chlo\u00e9 Redler\" \/>\n\t<meta name=\"twitter:label2\" content=\"Dur\u00e9e de lecture estim\u00e9e\" \/>\n\t<meta name=\"twitter:data2\" content=\"3 minutes\" \/>\n<script type=\"application\/ld+json\" class=\"yoast-schema-graph\">{\"@context\":\"https:\/\/schema.org\",\"@graph\":[{\"@type\":\"WebPage\",\"@id\":\"https:\/\/www.my-watchsite.fr\/blog\/le-panama-la-petite-histoire\/\",\"url\":\"https:\/\/www.my-watchsite.fr\/blog\/le-panama-la-petite-histoire\/\",\"name\":\"La petite histoire du panama : portez le chapeau ! MyWatch FR\",\"isPartOf\":{\"@id\":\"https:\/\/www.my-watchsite.fr\/blog\/#website\"},\"datePublished\":\"2020-09-01T07:03:00+00:00\",\"dateModified\":\"2020-12-03T13:45:24+00:00\",\"author\":{\"@id\":\"https:\/\/www.my-watchsite.fr\/blog\/#\/schema\/person\/d0a71aaf376997c19bcc32876032e616\"},\"description\":\"Il faut savoir porter le chapeau ! Mais le bon... Le panama a ses codes et c'est aussi un chapeau pl\u00e9biscit\u00e9 \u00e0 Roland-Garros !\",\"breadcrumb\":{\"@id\":\"https:\/\/www.my-watchsite.fr\/blog\/le-panama-la-petite-histoire\/#breadcrumb\"},\"inLanguage\":\"fr-FR\",\"potentialAction\":[{\"@type\":\"ReadAction\",\"target\":[\"https:\/\/www.my-watchsite.fr\/blog\/le-panama-la-petite-histoire\/\"]}]},{\"@type\":\"BreadcrumbList\",\"@id\":\"https:\/\/www.my-watchsite.fr\/blog\/le-panama-la-petite-histoire\/#breadcrumb\",\"itemListElement\":[{\"@type\":\"ListItem\",\"position\":1,\"name\":\"Accueil\",\"item\":\"https:\/\/www.my-watchsite.fr\/blog\/\"},{\"@type\":\"ListItem\",\"position\":2,\"name\":\"Le panama : la petite histoire&#8230;\"}]},{\"@type\":\"WebSite\",\"@id\":\"https:\/\/www.my-watchsite.fr\/blog\/#website\",\"url\":\"https:\/\/www.my-watchsite.fr\/blog\/\",\"name\":\"MyWatch FR\",\"description\":\"Make Time a Lifestyle\",\"potentialAction\":[{\"@type\":\"SearchAction\",\"target\":{\"@type\":\"EntryPoint\",\"urlTemplate\":\"https:\/\/www.my-watchsite.fr\/blog\/?s={search_term_string}\"},\"query-input\":\"required name=search_term_string\"}],\"inLanguage\":\"fr-FR\"},{\"@type\":\"Person\",\"@id\":\"https:\/\/www.my-watchsite.fr\/blog\/#\/schema\/person\/d0a71aaf376997c19bcc32876032e616\",\"name\":\"Chlo\u00e9 Redler\",\"image\":{\"@type\":\"ImageObject\",\"inLanguage\":\"fr-FR\",\"@id\":\"https:\/\/www.my-watchsite.fr\/blog\/#\/schema\/person\/image\/\",\"url\":\"https:\/\/secure.gravatar.com\/avatar\/68b11128a6aeda527d5c85fdfe99d5ab?s=96&d=mm&r=g\",\"contentUrl\":\"https:\/\/secure.gravatar.com\/avatar\/68b11128a6aeda527d5c85fdfe99d5ab?s=96&d=mm&r=g\",\"caption\":\"Chlo\u00e9 Redler\"}}]}<\/script>\n<!-- \/ Yoast SEO plugin. -->","yoast_head_json":{"title":"La petite histoire du panama : portez le chapeau ! MyWatch FR","description":"Il faut savoir porter le chapeau ! Mais le bon... Le panama a ses codes et c'est aussi un chapeau pl\u00e9biscit\u00e9 \u00e0 Roland-Garros !","robots":{"index":"index","follow":"follow","max-snippet":"max-snippet:-1","max-image-preview":"max-image-preview:large","max-video-preview":"max-video-preview:-1"},"canonical":"https:\/\/www.my-watchsite.fr\/blog\/le-panama-la-petite-histoire\/","og_locale":"fr_FR","og_type":"article","og_title":"La petite histoire du panama : portez le chapeau ! MyWatch FR","og_description":"Il faut savoir porter le chapeau ! Mais le bon... Le panama a ses codes et c'est aussi un chapeau pl\u00e9biscit\u00e9 \u00e0 Roland-Garros !","og_url":"https:\/\/www.my-watchsite.fr\/blog\/le-panama-la-petite-histoire\/","og_site_name":"MyWatch FR","article_publisher":"https:\/\/www.facebook.com\/mywatchsite\/","article_published_time":"2020-09-01T07:03:00+00:00","article_modified_time":"2020-12-03T13:45:24+00:00","og_image":[{"width":750,"height":465,"url":"https:\/\/www.my-watchsite.fr\/blog\/wp-content\/uploads\/2020\/10\/panama1.jpg","type":"image\/jpeg"}],"author":"Chlo\u00e9 Redler","twitter_card":"summary_large_image","twitter_creator":"@mywatchsite","twitter_site":"@mywatchsite","twitter_misc":{"\u00c9crit par":"Chlo\u00e9 Redler","Dur\u00e9e de lecture estim\u00e9e":"3 minutes"},"schema":{"@context":"https:\/\/schema.org","@graph":[{"@type":"WebPage","@id":"https:\/\/www.my-watchsite.fr\/blog\/le-panama-la-petite-histoire\/","url":"https:\/\/www.my-watchsite.fr\/blog\/le-panama-la-petite-histoire\/","name":"La petite histoire du panama : portez le chapeau ! MyWatch FR","isPartOf":{"@id":"https:\/\/www.my-watchsite.fr\/blog\/#website"},"datePublished":"2020-09-01T07:03:00+00:00","dateModified":"2020-12-03T13:45:24+00:00","author":{"@id":"https:\/\/www.my-watchsite.fr\/blog\/#\/schema\/person\/d0a71aaf376997c19bcc32876032e616"},"description":"Il faut savoir porter le chapeau ! Mais le bon... Le panama a ses codes et c'est aussi un chapeau pl\u00e9biscit\u00e9 \u00e0 Roland-Garros !","breadcrumb":{"@id":"https:\/\/www.my-watchsite.fr\/blog\/le-panama-la-petite-histoire\/#breadcrumb"},"inLanguage":"fr-FR","potentialAction":[{"@type":"ReadAction","target":["https:\/\/www.my-watchsite.fr\/blog\/le-panama-la-petite-histoire\/"]}]},{"@type":"BreadcrumbList","@id":"https:\/\/www.my-watchsite.fr\/blog\/le-panama-la-petite-histoire\/#breadcrumb","itemListElement":[{"@type":"ListItem","position":1,"name":"Accueil","item":"https:\/\/www.my-watchsite.fr\/blog\/"},{"@type":"ListItem","position":2,"name":"Le panama : la petite histoire&#8230;"}]},{"@type":"WebSite","@id":"https:\/\/www.my-watchsite.fr\/blog\/#website","url":"https:\/\/www.my-watchsite.fr\/blog\/","name":"MyWatch FR","description":"Make Time a Lifestyle","potentialAction":[{"@type":"SearchAction","target":{"@type":"EntryPoint","urlTemplate":"https:\/\/www.my-watchsite.fr\/blog\/?s={search_term_string}"},"query-input":"required name=search_term_string"}],"inLanguage":"fr-FR"},{"@type":"Person","@id":"https:\/\/www.my-watchsite.fr\/blog\/#\/schema\/person\/d0a71aaf376997c19bcc32876032e616","name":"Chlo\u00e9 Redler","image":{"@type":"ImageObject","inLanguage":"fr-FR","@id":"https:\/\/www.my-watchsite.fr\/blog\/#\/schema\/person\/image\/","url":"https:\/\/secure.gravatar.com\/avatar\/68b11128a6aeda527d5c85fdfe99d5ab?s=96&d=mm&r=g","contentUrl":"https:\/\/secure.gravatar.com\/avatar\/68b11128a6aeda527d5c85fdfe99d5ab?s=96&d=mm&r=g","caption":"Chlo\u00e9 Redler"}}]}},"_links":{"self":[{"href":"https:\/\/www.my-watchsite.fr\/blog\/wp-json\/wp\/v2\/posts\/8237"}],"collection":[{"href":"https:\/\/www.my-watchsite.fr\/blog\/wp-json\/wp\/v2\/posts"}],"about":[{"href":"https:\/\/www.my-watchsite.fr\/blog\/wp-json\/wp\/v2\/types\/post"}],"author":[{"embeddable":true,"href":"https:\/\/www.my-watchsite.fr\/blog\/wp-json\/wp\/v2\/users\/3"}],"replies":[{"embeddable":true,"href":"https:\/\/www.my-watchsite.fr\/blog\/wp-json\/wp\/v2\/comments?post=8237"}],"version-history":[{"count":21,"href":"https:\/\/www.my-watchsite.fr\/blog\/wp-json\/wp\/v2\/posts\/8237\/revisions"}],"predecessor-version":[{"id":9753,"href":"https:\/\/www.my-watchsite.fr\/blog\/wp-json\/wp\/v2\/posts\/8237\/revisions\/9753"}],"wp:featuredmedia":[{"embeddable":true,"href":"https:\/\/www.my-watchsite.fr\/blog\/wp-json\/wp\/v2\/media\/8244"}],"wp:attachment":[{"href":"https:\/\/www.my-watchsite.fr\/blog\/wp-json\/wp\/v2\/media?parent=8237"}],"wp:term":[{"taxonomy":"category","embeddable":true,"href":"https:\/\/www.my-watchsite.fr\/blog\/wp-json\/wp\/v2\/categories?post=8237"},{"taxonomy":"post_tag","embeddable":true,"href":"https:\/\/www.my-watchsite.fr\/blog\/wp-json\/wp\/v2\/tags?post=8237"}],"curies":[{"name":"wp","href":"https:\/\/api.w.org\/{rel}","templated":true}]}}