{"id":912,"date":"2012-01-06T00:00:00","date_gmt":"2012-01-05T23:00:00","guid":{"rendered":"https:\/\/www.my-watchsite.fr\/blog\/blog\/m-ricardo-guadalupe-est-nomme-directeur-general-de-hublot-n260\/"},"modified":"2021-09-17T17:06:32","modified_gmt":"2021-09-17T15:06:32","slug":"m-ricardo-guadalupe-est-nomme-directeur-general-de-hublot-n260","status":"publish","type":"post","link":"https:\/\/www.my-watchsite.fr\/blog\/m-ricardo-guadalupe-est-nomme-directeur-general-de-hublot-n260\/","title":{"rendered":"M. Ricardo Guadalupe est nomm\u00e9 Directeur G\u00e9n\u00e9ral de Hublot"},"content":{"rendered":"<div>Nous sommes tous tr\u00e8s heureux d\u2019annoncer que Monsieur Ricardo Guadalupe, jusqu\u2019ici Directeur Op\u00e9rationnel de Hublot, et ami personnel de Monsieur Jean-Claude Biver avec lequel il a travaill\u00e9 pendant pr\u00e8s de 20 ans, a \u00e9t\u00e9 nomm\u00e9 Chief Executive Officer de Hublot (Directeur G\u00e9n\u00e9ral) depuis le 1er janvier 2012.<\/div>\n<div>\u00a0<\/div>\n<div>Cette nomination pr\u00e9vue de longue date, confirme non seulement la continuit\u00e9 du management, mais prend aussi en compte les excellents r\u00e9sultats r\u00e9alis\u00e9s par Monsieur Guadalupe depuis qu\u2019il est arriv\u00e9 chez Hublot d\u00e9but 2005.<\/div>\n<div>\u00a0<\/div>\n<div>Monsieur Jean-Claude Biver continuera \u00e0 s\u2019impliquer au sein de Hublot en tant que Pr\u00e9sident du Conseil d\u2019Administration. Il continuera ainsi comme par le pass\u00e9 \u00e0 donner son impulsion et ses pr\u00e9cieux conseils tant au niveau de la direction strat\u00e9gique des affaires que du d\u00e9veloppement produit. En tant que porte-parole officiel de Hublot, Monsieur Biver coordonnera \u00e9galement toutes les activit\u00e9s communication de l\u2019entreprise assurant les relations avec la presse, les collectionneurs, les march\u00e9s et l\u2019industrie en g\u00e9n\u00e9ral.<\/div>\n<div><em>\u00a0<\/em><\/div>\n<div>\n<div><em>\u00ab Il y a un temps pour Apprendre, un temps pour Faire, un temps pour Transmettre et un temps <\/em><em>pour Quitter<\/em>.<em>Je suis donc heureusement arriv\u00e9 \u00ab\u00a0sain et sauf\u00a0\u00bb au temps de la transmission.<\/em><em>Avec la satisfaction de transmettre \u00e0 un ami-collaborateur de plus de 20 ans. Et le bonheur <\/em><em>d&rsquo;accompagner l&rsquo;\u00e9quipe au niveau \u00ab\u00a0strat\u00e9gie\u00a0\u00bb, \u00ab\u00a0produit\u00a0\u00bb et \u00ab\u00a0relationnel\u00a0\u00bb. \u00bb <\/em><\/div>\n<div>\u00a0<\/div>\n<div>Jean-Claude Biver<\/div>\n<div>\n<div>\u00a0<\/div>\n<\/div>\n<\/div>\n<p><img decoding=\"async\" src=\"https:\/\/www.my-watchsite.fr\/blog\/wp-content\/uploads\/2020\/08\/260_616.jpg\" alt=\"M. Jean-Claude Biver, CEO de Hublot, avec M. Ricardo Guadalupe, le nouveau Directeur G\u00e9n\u00e9ral de la Maison. \u00a9Raphael Faux\" \/><\/p>\n\n\n<p><a href=\"https:\/\/www.hublot.com\/fr-fr\/\" target=\"_blank\" rel=\"noreferrer noopener\">www.hublot.com<\/a><\/p>\n\n\n\n<p>Lire aussi l&rsquo;article <a href=\"https:\/\/www.my-watchsite.fr\/blog\/en-presence-de-jet-li-hublot-devoile-en-chine-laero-bang-jet-li-n254\/\" target=\"_blank\" rel=\"noreferrer noopener\">En pr\u00e9sence de Jet Li, Hublot d\u00e9voile en Chine l\u2019Aero Bang Jet Li<\/a><\/p>\n","protected":false},"excerpt":{"rendered":"<p>Nous sommes tous tr\u00e8s heureux d\u2019annoncer que Monsieur Ricardo Guadalupe, jusqu\u2019ici Directeur Op\u00e9rationnel de Hublot, et ami personnel de Monsieur Jean-Claude Biver avec lequel il a travaill\u00e9 pendant pr\u00e8s de 20 ans, a \u00e9t\u00e9 nomm\u00e9 Chief Executive Officer de Hublot (Directeur G\u00e9n\u00e9ral) depuis le 1er janvier 2012. \u00a0 Cette nomination pr\u00e9vue de longue date, confirme [&hellip;]<\/p>\n","protected":false},"author":1,"featured_media":913,"comment_status":"closed","ping_status":"closed","sticky":false,"template":"","format":"standard","meta":{"footnotes":""},"categories":[2],"tags":[15],"acf":[],"yoast_head":"<!-- This site is optimized with the Yoast SEO plugin v20.4 - https:\/\/yoast.com\/wordpress\/plugins\/seo\/ -->\n<title>M. Ricardo Guadalupe est nomm\u00e9 Directeur G\u00e9n\u00e9ral de Hublot<\/title>\n<meta name=\"description\" content=\"Nous sommes tous tr\u00e8s heureux d\u2019annoncer que Monsieur Ricardo Guadalupe, a \u00e9t\u00e9 nomm\u00e9 Directeur G\u00e9n\u00e9ral depuis le 1er janvier 2012.\" \/>\n<meta name=\"robots\" content=\"index, follow, max-snippet:-1, max-image-preview:large, max-video-preview:-1\" \/>\n<link rel=\"canonical\" href=\"https:\/\/www.my-watchsite.fr\/blog\/m-ricardo-guadalupe-est-nomme-directeur-general-de-hublot-n260\/\" \/>\n<meta property=\"og:locale\" content=\"fr_FR\" \/>\n<meta property=\"og:type\" content=\"article\" \/>\n<meta property=\"og:title\" content=\"M. Ricardo Guadalupe est nomm\u00e9 Directeur G\u00e9n\u00e9ral de Hublot\" \/>\n<meta property=\"og:description\" content=\"Nous sommes tous tr\u00e8s heureux d\u2019annoncer que Monsieur Ricardo Guadalupe, a \u00e9t\u00e9 nomm\u00e9 Directeur G\u00e9n\u00e9ral depuis le 1er janvier 2012.\" \/>\n<meta property=\"og:url\" content=\"https:\/\/www.my-watchsite.fr\/blog\/m-ricardo-guadalupe-est-nomme-directeur-general-de-hublot-n260\/\" \/>\n<meta property=\"og:site_name\" content=\"MyWatch FR\" \/>\n<meta property=\"article:publisher\" content=\"https:\/\/www.facebook.com\/mywatchsite\/\" \/>\n<meta property=\"article:published_time\" content=\"2012-01-05T23:00:00+00:00\" \/>\n<meta property=\"article:modified_time\" content=\"2021-09-17T15:06:32+00:00\" \/>\n<meta property=\"og:image\" content=\"https:\/\/www.my-watchsite.fr\/blog\/wp-content\/uploads\/2020\/08\/260_616.jpg\" \/>\n\t<meta property=\"og:image:width\" content=\"450\" \/>\n\t<meta property=\"og:image:height\" content=\"298\" \/>\n\t<meta property=\"og:image:type\" content=\"image\/jpeg\" \/>\n<meta name=\"author\" content=\"MyWatch\" \/>\n<meta name=\"twitter:card\" content=\"summary_large_image\" \/>\n<meta name=\"twitter:creator\" content=\"@mywatchsite\" \/>\n<meta name=\"twitter:site\" content=\"@mywatchsite\" \/>\n<meta name=\"twitter:label1\" content=\"\u00c9crit par\" \/>\n\t<meta name=\"twitter:data1\" content=\"MyWatch\" \/>\n\t<meta name=\"twitter:label2\" content=\"Dur\u00e9e de lecture estim\u00e9e\" \/>\n\t<meta name=\"twitter:data2\" content=\"2 minutes\" \/>\n<script type=\"application\/ld+json\" class=\"yoast-schema-graph\">{\"@context\":\"https:\/\/schema.org\",\"@graph\":[{\"@type\":\"WebPage\",\"@id\":\"https:\/\/www.my-watchsite.fr\/blog\/m-ricardo-guadalupe-est-nomme-directeur-general-de-hublot-n260\/\",\"url\":\"https:\/\/www.my-watchsite.fr\/blog\/m-ricardo-guadalupe-est-nomme-directeur-general-de-hublot-n260\/\",\"name\":\"M. Ricardo Guadalupe est nomm\u00e9 Directeur G\u00e9n\u00e9ral de Hublot\",\"isPartOf\":{\"@id\":\"https:\/\/www.my-watchsite.fr\/blog\/#website\"},\"datePublished\":\"2012-01-05T23:00:00+00:00\",\"dateModified\":\"2021-09-17T15:06:32+00:00\",\"author\":{\"@id\":\"https:\/\/www.my-watchsite.fr\/blog\/#\/schema\/person\/67e19b3e3d014465042ff1be1c9fcf44\"},\"description\":\"Nous sommes tous tr\u00e8s heureux d\u2019annoncer que Monsieur Ricardo Guadalupe, a \u00e9t\u00e9 nomm\u00e9 Directeur G\u00e9n\u00e9ral depuis le 1er janvier 2012.\",\"breadcrumb\":{\"@id\":\"https:\/\/www.my-watchsite.fr\/blog\/m-ricardo-guadalupe-est-nomme-directeur-general-de-hublot-n260\/#breadcrumb\"},\"inLanguage\":\"fr-FR\",\"potentialAction\":[{\"@type\":\"ReadAction\",\"target\":[\"https:\/\/www.my-watchsite.fr\/blog\/m-ricardo-guadalupe-est-nomme-directeur-general-de-hublot-n260\/\"]}]},{\"@type\":\"BreadcrumbList\",\"@id\":\"https:\/\/www.my-watchsite.fr\/blog\/m-ricardo-guadalupe-est-nomme-directeur-general-de-hublot-n260\/#breadcrumb\",\"itemListElement\":[{\"@type\":\"ListItem\",\"position\":1,\"name\":\"Accueil\",\"item\":\"https:\/\/www.my-watchsite.fr\/blog\/\"},{\"@type\":\"ListItem\",\"position\":2,\"name\":\"M. Ricardo Guadalupe est nomm\u00e9 Directeur G\u00e9n\u00e9ral de Hublot\"}]},{\"@type\":\"WebSite\",\"@id\":\"https:\/\/www.my-watchsite.fr\/blog\/#website\",\"url\":\"https:\/\/www.my-watchsite.fr\/blog\/\",\"name\":\"MyWatch FR\",\"description\":\"Make Time a Lifestyle\",\"potentialAction\":[{\"@type\":\"SearchAction\",\"target\":{\"@type\":\"EntryPoint\",\"urlTemplate\":\"https:\/\/www.my-watchsite.fr\/blog\/?s={search_term_string}\"},\"query-input\":\"required name=search_term_string\"}],\"inLanguage\":\"fr-FR\"},{\"@type\":\"Person\",\"@id\":\"https:\/\/www.my-watchsite.fr\/blog\/#\/schema\/person\/67e19b3e3d014465042ff1be1c9fcf44\",\"name\":\"MyWatch\",\"image\":{\"@type\":\"ImageObject\",\"inLanguage\":\"fr-FR\",\"@id\":\"https:\/\/www.my-watchsite.fr\/blog\/#\/schema\/person\/image\/\",\"url\":\"https:\/\/secure.gravatar.com\/avatar\/e52d1e94806c54826c863f554ca1dd2a?s=96&d=mm&r=g\",\"contentUrl\":\"https:\/\/secure.gravatar.com\/avatar\/e52d1e94806c54826c863f554ca1dd2a?s=96&d=mm&r=g\",\"caption\":\"MyWatch\"},\"sameAs\":[\"https:\/\/www.my-watchsite.fr\/blog\"]}]}<\/script>\n<!-- \/ Yoast SEO plugin. -->","yoast_head_json":{"title":"M. Ricardo Guadalupe est nomm\u00e9 Directeur G\u00e9n\u00e9ral de Hublot","description":"Nous sommes tous tr\u00e8s heureux d\u2019annoncer que Monsieur Ricardo Guadalupe, a \u00e9t\u00e9 nomm\u00e9 Directeur G\u00e9n\u00e9ral depuis le 1er janvier 2012.","robots":{"index":"index","follow":"follow","max-snippet":"max-snippet:-1","max-image-preview":"max-image-preview:large","max-video-preview":"max-video-preview:-1"},"canonical":"https:\/\/www.my-watchsite.fr\/blog\/m-ricardo-guadalupe-est-nomme-directeur-general-de-hublot-n260\/","og_locale":"fr_FR","og_type":"article","og_title":"M. Ricardo Guadalupe est nomm\u00e9 Directeur G\u00e9n\u00e9ral de Hublot","og_description":"Nous sommes tous tr\u00e8s heureux d\u2019annoncer que Monsieur Ricardo Guadalupe, a \u00e9t\u00e9 nomm\u00e9 Directeur G\u00e9n\u00e9ral depuis le 1er janvier 2012.","og_url":"https:\/\/www.my-watchsite.fr\/blog\/m-ricardo-guadalupe-est-nomme-directeur-general-de-hublot-n260\/","og_site_name":"MyWatch FR","article_publisher":"https:\/\/www.facebook.com\/mywatchsite\/","article_published_time":"2012-01-05T23:00:00+00:00","article_modified_time":"2021-09-17T15:06:32+00:00","og_image":[{"width":450,"height":298,"url":"https:\/\/www.my-watchsite.fr\/blog\/wp-content\/uploads\/2020\/08\/260_616.jpg","type":"image\/jpeg"}],"author":"MyWatch","twitter_card":"summary_large_image","twitter_creator":"@mywatchsite","twitter_site":"@mywatchsite","twitter_misc":{"\u00c9crit par":"MyWatch","Dur\u00e9e de lecture estim\u00e9e":"2 minutes"},"schema":{"@context":"https:\/\/schema.org","@graph":[{"@type":"WebPage","@id":"https:\/\/www.my-watchsite.fr\/blog\/m-ricardo-guadalupe-est-nomme-directeur-general-de-hublot-n260\/","url":"https:\/\/www.my-watchsite.fr\/blog\/m-ricardo-guadalupe-est-nomme-directeur-general-de-hublot-n260\/","name":"M. Ricardo Guadalupe est nomm\u00e9 Directeur G\u00e9n\u00e9ral de Hublot","isPartOf":{"@id":"https:\/\/www.my-watchsite.fr\/blog\/#website"},"datePublished":"2012-01-05T23:00:00+00:00","dateModified":"2021-09-17T15:06:32+00:00","author":{"@id":"https:\/\/www.my-watchsite.fr\/blog\/#\/schema\/person\/67e19b3e3d014465042ff1be1c9fcf44"},"description":"Nous sommes tous tr\u00e8s heureux d\u2019annoncer que Monsieur Ricardo Guadalupe, a \u00e9t\u00e9 nomm\u00e9 Directeur G\u00e9n\u00e9ral depuis le 1er janvier 2012.","breadcrumb":{"@id":"https:\/\/www.my-watchsite.fr\/blog\/m-ricardo-guadalupe-est-nomme-directeur-general-de-hublot-n260\/#breadcrumb"},"inLanguage":"fr-FR","potentialAction":[{"@type":"ReadAction","target":["https:\/\/www.my-watchsite.fr\/blog\/m-ricardo-guadalupe-est-nomme-directeur-general-de-hublot-n260\/"]}]},{"@type":"BreadcrumbList","@id":"https:\/\/www.my-watchsite.fr\/blog\/m-ricardo-guadalupe-est-nomme-directeur-general-de-hublot-n260\/#breadcrumb","itemListElement":[{"@type":"ListItem","position":1,"name":"Accueil","item":"https:\/\/www.my-watchsite.fr\/blog\/"},{"@type":"ListItem","position":2,"name":"M. Ricardo Guadalupe est nomm\u00e9 Directeur G\u00e9n\u00e9ral de Hublot"}]},{"@type":"WebSite","@id":"https:\/\/www.my-watchsite.fr\/blog\/#website","url":"https:\/\/www.my-watchsite.fr\/blog\/","name":"MyWatch FR","description":"Make Time a Lifestyle","potentialAction":[{"@type":"SearchAction","target":{"@type":"EntryPoint","urlTemplate":"https:\/\/www.my-watchsite.fr\/blog\/?s={search_term_string}"},"query-input":"required name=search_term_string"}],"inLanguage":"fr-FR"},{"@type":"Person","@id":"https:\/\/www.my-watchsite.fr\/blog\/#\/schema\/person\/67e19b3e3d014465042ff1be1c9fcf44","name":"MyWatch","image":{"@type":"ImageObject","inLanguage":"fr-FR","@id":"https:\/\/www.my-watchsite.fr\/blog\/#\/schema\/person\/image\/","url":"https:\/\/secure.gravatar.com\/avatar\/e52d1e94806c54826c863f554ca1dd2a?s=96&d=mm&r=g","contentUrl":"https:\/\/secure.gravatar.com\/avatar\/e52d1e94806c54826c863f554ca1dd2a?s=96&d=mm&r=g","caption":"MyWatch"},"sameAs":["https:\/\/www.my-watchsite.fr\/blog"]}]}},"_links":{"self":[{"href":"https:\/\/www.my-watchsite.fr\/blog\/wp-json\/wp\/v2\/posts\/912"}],"collection":[{"href":"https:\/\/www.my-watchsite.fr\/blog\/wp-json\/wp\/v2\/posts"}],"about":[{"href":"https:\/\/www.my-watchsite.fr\/blog\/wp-json\/wp\/v2\/types\/post"}],"author":[{"embeddable":true,"href":"https:\/\/www.my-watchsite.fr\/blog\/wp-json\/wp\/v2\/users\/1"}],"replies":[{"embeddable":true,"href":"https:\/\/www.my-watchsite.fr\/blog\/wp-json\/wp\/v2\/comments?post=912"}],"version-history":[{"count":2,"href":"https:\/\/www.my-watchsite.fr\/blog\/wp-json\/wp\/v2\/posts\/912\/revisions"}],"predecessor-version":[{"id":16524,"href":"https:\/\/www.my-watchsite.fr\/blog\/wp-json\/wp\/v2\/posts\/912\/revisions\/16524"}],"wp:featuredmedia":[{"embeddable":true,"href":"https:\/\/www.my-watchsite.fr\/blog\/wp-json\/wp\/v2\/media\/913"}],"wp:attachment":[{"href":"https:\/\/www.my-watchsite.fr\/blog\/wp-json\/wp\/v2\/media?parent=912"}],"wp:term":[{"taxonomy":"category","embeddable":true,"href":"https:\/\/www.my-watchsite.fr\/blog\/wp-json\/wp\/v2\/categories?post=912"},{"taxonomy":"post_tag","embeddable":true,"href":"https:\/\/www.my-watchsite.fr\/blog\/wp-json\/wp\/v2\/tags?post=912"}],"curies":[{"name":"wp","href":"https:\/\/api.w.org\/{rel}","templated":true}]}}