{"id":94,"date":"2020-04-14T10:21:00","date_gmt":"2020-04-14T08:21:00","guid":{"rendered":"https:\/\/www.my-watchsite.fr\/blog\/blog\/adieu-baselworld-bonjour-geneve\/"},"modified":"2021-03-11T12:45:12","modified_gmt":"2021-03-11T11:45:12","slug":"rolex-patek-philippe-chanel-chopard-et-tudor-quittent-baselworld-fin","status":"publish","type":"post","link":"https:\/\/www.my-watchsite.fr\/blog\/rolex-patek-philippe-chanel-chopard-et-tudor-quittent-baselworld-fin\/","title":{"rendered":"Adieu B\u00e2le&#8230;Bonjour Gen\u00e8ve !"},"content":{"rendered":"\n<p>Le coup fatal vient-il de tomber sur <a href=\"https:\/\/www.baselworld.com\" target=\"_blank\" rel=\"noreferrer noopener\">Baselworld<\/a> ? Mardi 14 avril 2020 restera une date marquante pour l&rsquo;horlogerie suisse :\u00a0Rolex, qui est \u00e0 l&rsquo;initiative du divorce, mais aussi Patek Philippe, Chanel, Chopard et Tudor viennent en effet d&rsquo;annoncer officiellement leur retrait de\u00a0Baselworld, pr\u00e9cipitant tr\u00e8s certainement ce salon plus que centenaire vers sa\u00a0fin.\u00a0Car non seulement, ces grandes manufactures sonnent le glas de la Foire de B\u00e2le en la quittant, mais elles partent pour cr\u00e9er un nouveau salon horloger, \u00e0 Gen\u00e8ve, \u00e0 Palexpo, qui plus est avec la Fondation de la Haute Horlogerie&#8230;et pendant Watches &amp; Wonders (ex SIHH) en avril 2021 ! L&rsquo;affaire semble entendue&#8230;<\/p>\n\n\n\n<p>Ces d\u00e9parts fatidiques pour Baselworld,&nbsp;qui \u00e9taient pressentis depuis quelques ann\u00e9es, s&rsquo;ajoutent \u00e0 un v\u00e9ritable&nbsp;exode&nbsp;de marques qui&nbsp;pointaient du doigt de trop&nbsp;nombreuses&nbsp;incoh\u00e9rences&nbsp;d&rsquo;organisation, le co\u00fbt devenu exorbitant des places pour les stands et&nbsp;l&rsquo;absence de remise en question de la part des dirigeants d&rsquo;un salon qui n&rsquo;est plus en phase&nbsp;avec les attentes du monde moderne.&nbsp;<strong>\u00ab\u00a0<\/strong>Nous avons particip\u00e9 \u00e0 Baselworld depuis 1939. Malheureusement, au vu de l\u2019\u00e9volution de cet \u00e9v\u00e9nement et des d\u00e9cisions prises par MCH Group ces derniers temps, et malgr\u00e9 tout l\u2019attachement que nous avions \u00e0 cette Foire horlog\u00e8re, nous avons d\u00e9cid\u00e9 de nous retirer.\u00a0\u00bb&nbsp;confirme Jean-Fr\u00e9d\u00e9ric Dufour, Directeur G\u00e9n\u00e9ral, Rolex SA, Administrateur, Montres Tudor SA.&nbsp;<\/p>\n\n\n\n<h2 class=\"wp-block-heading\">Une vision qui divise<\/h2>\n\n\n\n<p>Autre fait important, en pleine crise de coronavirus, la d\u00e9cision de reporter&nbsp;en janvier 2021&nbsp;l&rsquo;\u00e9dition de mai 2020, au lieu de l&rsquo;annuler pour recoller au calendrier \u00e0 la suite du salon Watches &amp; Wonders comme il \u00e9tait pr\u00e9vu \u00e0 partir de cette ann\u00e9e, a \u00e9galement suscit\u00e9 l&rsquo;\u00e9tonnement et a s\u00fbrement \u00e9t\u00e9 le mauvais&nbsp;choix de trop.&nbsp;\u00ab\u00a0La d\u00e9cision de quitter Baselworld ne fut pas facile, mais&nbsp;aujourd\u2019hui, Patek Philippe n\u2019est plus en phase avec la vision du salon, il y a eu trop de discussions et de probl\u00e8mes non r\u00e9solus, la confiance n\u2019est plus l\u00e0\u00a0\u00bb avoue le pr\u00e9sident de la manufacture genevoise&nbsp;Thierry Stern avant de pr\u00e9ciser que suite \u00e0 \u00ab\u00a0diverses discussions avec Rolex et en accord avec les autres marques participantes\u00a0\u00bb la d\u00e9cision a \u00e9t\u00e9 prise \u00ab\u00a0de cr\u00e9er, ensemble, un \u00e9v\u00e9nement unique \u00e0 Gen\u00e8ve, repr\u00e9sentatif de notre savoir-faire\u00a0\u00bb.&nbsp;<\/p>\n\n\n\n<p>Tous \u00e0 Gen\u00e8ve ? Cette annonce pourrait aussi en amener d&rsquo;autres&nbsp;puisque la porte semble ouverte \u00e0 l&rsquo;arriv\u00e9e d&rsquo;autres&nbsp;maisons horlog\u00e8res&nbsp;qui souhaiteraient participer \u00e0 ce&nbsp;nouveau&nbsp;rendez-vous d&rsquo;ores et&nbsp;d\u00e9j\u00e0 incontournable.<\/p>\n\n\n\n<p>A B\u00e2le, la r\u00e9action du MCH Group n&rsquo;a pas tard\u00e9, avec la publication d&rsquo;un communiqu\u00e9 en fin de journ\u00e9e, dans lequel la soci\u00e9t\u00e9&nbsp;organisatrice de Baselworld avoue avoir \u00e9t\u00e9 tr\u00e8s&nbsp;surprise par cette annonce et \u00ab\u00a0prendra une d\u00e9cision sur la poursuite de Baselworld, et sur les investissements pour son d\u00e9veloppement \u00e0 long terme\u00a0\u00bb&#8230;&nbsp;<\/p>\n\n\n\n<p>Apr\u00e8s le retrait des dix-huit marques du Swatch Group, celui de Bvlgari, Breitling, Dior, Herm\u00e8s, de Grisogono, Girard-Perregaux, Seiko et bien d&rsquo;autres encore au fil des ann\u00e9es, puis les cons\u00e9quences du Covid-19 qui ont mis le salon sous perfusion avec le report de l&rsquo;\u00e9v\u00e9nement en janvier 2021, aujourd&rsquo;hui la d\u00e9cision des derniers t\u00e9nors &#8211;&nbsp;Rolex et Patek en t\u00eate ! &#8211; de&nbsp;quitter le navire \u00e0 leur tour est un v\u00e9ritable cataclysme qui ne laisse que tr\u00e8s peu d&rsquo;espoir de survie \u00e0 Baselworld, pour ne pas dire aucun&#8230;&nbsp;<\/p>\n\n\n\n<p>Nicolas YVON<\/p>\n\n\n\n<h2 class=\"wp-block-heading\"><strong>Voici l&rsquo;annonce re\u00e7ue ce jour pour plus d&rsquo;infos :&nbsp;<\/strong><\/h2>\n\n\n\n<p><strong>Gen\u00e8ve, 14 avril 2020<\/strong>&nbsp;\u2013 Rolex, Patek Philippe, Chanel, Chopard et Tudor quittent Baselworld pour cr\u00e9er un nouveau salon horloger \u00e0 Gen\u00e8ve, dans le cadre de Palexpo, avec la Fondation de la Haute Horlogerie, aux m\u00eames dates que celles pr\u00e9vues pour Watches &amp; Wonders, d\u00e9but avril 2021. Ce d\u00e9part fait suite \u00e0 plusieurs d\u00e9cisions non concert\u00e9es et unilat\u00e9rales prises par la direction de Baselworld, dont le report de la Foire en janvier 2021, ainsi que son impossibilit\u00e9 \u00e0 r\u00e9pondre aux attentes et aux besoins des marques.<\/p>\n\n\n\n<p>Le nouveau salon, qui sera conjoint \u00e0 celui organis\u00e9 par la Fondation de la Haute Horlogerie \u2013 Watches &amp; Wonders \u2013, se tiendra \u00e0 Palexpo. Il a pour ambition d\u2019offrir la meilleure plateforme professionnelle possible aux marques partenaires, d\u2019appliquer une vision commune pour mener \u00e0 bien les d\u00e9fis futurs de l\u2019industrie horlog\u00e8re ainsi que d\u2019apporter un \u00e9clairage indispensable sur le savoir-faire et les innovations de la branche, en Suisse et \u00e0 l\u2019international.<\/p>\n\n\n\n<p>D\u2019autres marques pourront \u00eatre int\u00e9gr\u00e9es, selon des modalit\u00e9s qui restent \u00e0 d\u00e9finir. Ce nouveau rendez- vous s\u2019adressera en priorit\u00e9 aux d\u00e9taillants, \u00e0 la presse et aux clients VIP.<\/p>\n\n\n\n<h3 class=\"wp-block-heading\"><strong>Jean-Fr\u00e9d\u00e9ric Dufour, Directeur G\u00e9n\u00e9ral, Rolex SA, Administrateur, Montres Tudor SA<\/strong><\/h3>\n\n\n\n<p>\u00ab Nous avons particip\u00e9 \u00e0 Baselworld depuis 1939. Malheureusement, au vu de l\u2019\u00e9volution de cet \u00e9v\u00e9nement et des d\u00e9cisions prises par MCH Group ces derniers temps, et malgr\u00e9 tout l\u2019attachement que nous avions \u00e0 cette Foire horlog\u00e8re, nous avons d\u00e9cid\u00e9 de nous retirer.<\/p>\n\n\n\n<p>Suite \u00e0 des discussions initi\u00e9es par Rolex, la cr\u00e9ation d\u2019un nouveau salon avec des partenaires qui partagent notre vision et notre soutien ind\u00e9fectible \u00e0 l\u2019industrie horlog\u00e8re suisse depuis toujours s\u2019est impos\u00e9e naturellement. Il nous permettra de pr\u00e9senter nos nouveaut\u00e9s selon nos besoins et nos attentes, d\u2019unir nos forces et de d\u00e9fendre plus solidement les int\u00e9r\u00eats de la branche. \u00bb<\/p>\n\n\n\n<h3 class=\"wp-block-heading\"><strong>Thierry Stern, Pr\u00e9sident, Patek Philippe<\/strong><\/h3>\n\n\n\n<p>\u00ab La d\u00e9cision de quitter Baselworld ne fut pas facile, \u00e9tant moi-m\u00eame la quatri\u00e8me g\u00e9n\u00e9ration de la famille Stern \u00e0 participer \u00e0 cet \u00e9v\u00e9nement annuel traditionnel.&nbsp;Mais la vie \u00e9volue, les choses changent et les gens aussi, que ce soit au niveau des responsables de l\u2019organisation du salon horloger, des marques, des d\u00e9taillants ou encore des clients finaux. Il nous faut toujours nous adapter et nous remettre en cause, car ce qui \u00e9tait juste hier ne l\u2019est plus forc\u00e9ment aujourd\u2019hui !&nbsp;Aujourd\u2019hui, Patek Philippe n\u2019est plus en phase avec la vision du salon Baselworld, il y a eu trop de discussions et de probl\u00e8mes non r\u00e9solus, la confiance n\u2019est plus l\u00e0.<\/p>\n\n\n\n<p>Nous devons pouvoir r\u00e9pondre aux attentes l\u00e9gitimes de nos d\u00e9taillants, des clients et des journalistes du monde entier. Ils doivent pouvoir, une seule fois par ann\u00e9e et \u00e0 un seul endroit, d\u00e9couvrir les nouveaut\u00e9s pr\u00e9sent\u00e9es par les horlogers suisses, de la mani\u00e8re la plus professionnelle possible. C\u2019est pourquoi, apr\u00e8s diverses discussions avec Rolex et en accord avec les autres marques participantes, nous avons d\u00e9cid\u00e9 de cr\u00e9er, ensemble, un \u00e9v\u00e9nement unique \u00e0 Gen\u00e8ve, repr\u00e9sentatif de notre savoir-faire. \u00bb<\/p>\n\n\n\n<h3 class=\"wp-block-heading\"><strong>Fr\u00e9d\u00e9ric Grangi\u00e9, Pr\u00e9sident de Chanel Horlogerie \u2013 Joaillerie<\/strong><\/h3>\n\n\n\n<p>\u00ab Comme ses partenaires, CHANEL partage la m\u00eame ind\u00e9pendance, la m\u00eame volont\u00e9 de d\u00e9fendre et de porter les valeurs, le savoir-faire et la qualit\u00e9 de l\u2019Horlogerie Suisse de prestige.<\/p>\n\n\n\n<p>Cette initiative marque une date cl\u00e9 dans l\u2019histoire de l\u2019Horlogerie de CHANEL et s\u2019inscrit dans la continuit\u00e9 d\u2019une strat\u00e9gie \u00e0 long terme, amorc\u00e9e d\u00e8s le lancement de cette activit\u00e9 en 1987.&nbsp;Ce nouveau Salon nous permettra de pr\u00e9senter l\u2019int\u00e9gralit\u00e9 de nos nouvelles cr\u00e9ations dans un environnement r\u00e9pondant \u00e0 nos crit\u00e8res d\u2019exigence. \u00bb<\/p>\n\n\n\n<h3 class=\"wp-block-heading\"><strong>Karl-Friedrich Scheufele, Co-Pr\u00e9sident Chopard et Cie SA<\/strong><\/h3>\n\n\n\n<p>\u00ab Chopard a expos\u00e9 \u00e0 la foire de B\u00e2le la premi\u00e8re fois en 1964 sur une surface de quelques 25m2. Apr\u00e8s m\u00fbre r\u00e9flexion, notre famille a d\u00e9cid\u00e9 de s\u2019associer \u00e0 l\u2019initiative de Rolex et ainsi quitter Baselworld, non sans \u00e9motions. La cr\u00e9ation de ce nouveau salon horloger \u00e0 Gen\u00e8ve, en parall\u00e8le de Watches &amp; Wonders, nous permettra de mieux servir nos partenaires de l\u2019horlogerie ainsi que nos clients. Avec le rapprochement de plusieurs grandes maisons nous pourrons \u00e9galement d\u00e9fendre solidairement les valeurs et les int\u00e9r\u00eats de l\u2019horlogerie suisse. \u00bb<\/p>\n\n\n\n<p><strong>J\u00e9r\u00f4me Lambert, au nom du Conseil de fondation de La Fondation de la Haute Horlogerie<\/strong><strong>,<\/strong>&nbsp;\u00abse r\u00e9jouit de la naissance d\u2019un nouveau salon associ\u00e9 \u00e0 \u201cWatches &amp; Wonders\u201c Geneva d\u00e9but avril 2021 \u00bb.<\/p>\n\n\n\n<h3 class=\"wp-block-heading\"><strong>Et la r\u00e9action officielle du MCH Group : &nbsp;&nbsp;<\/strong><\/h3>\n\n\n\n<p>MCH Group s&rsquo;\u00e9tonne des d\u00e9clarations et retraits de Baselworld<\/p>\n\n\n\n<p>B\u00e2le, Suisse, 14 avril 2020 \u2013 C&rsquo;est avec un grand \u00e9tonnement et un profond regret que MCH Group prend acte de l\u2019intention d\u2019exposants de se retirer de Baselworld. <\/p>\n\n\n\n<p>Comme Baselworld 2020 a d\u00fb \u00eatre report\u00e9, une nouvelle date a \u00e9t\u00e9 recherch\u00e9e de concert avec les principaux exposants et leurs CEOs. L&rsquo;objectif \u00e9tait de trouver la meilleure et la premi\u00e8re date possible pour l&rsquo;industrie suite aux mesures impos\u00e9es par le Covid-19. Concr\u00e8tement, toutes les marques qui ont annonc\u00e9 leur retrait aujourd\u2019hui &#8211; y compris Rolex &#8211; ont exprim\u00e9 leur soutien au report \u00e0 Janvier 2021. Repr\u00e9sent\u00e9es au sein du comit\u00e9 des exposants, elles ont pu discuter \u00e0 plusieurs reprises de la vision future de Baselworld, qui a rencontr\u00e9 un \u00e9cho positif \u00e9galement lors de nombreuses discussions individuelles. L&rsquo;intention de vouloir aller \u00e0 Gen\u00e8ve n&rsquo;a jamais \u00e9t\u00e9 \u00e9voqu\u00e9e. Le MCH Group doit en conclure que cela a \u00e9t\u00e9 planifi\u00e9 depuis un certain temps et que les discussions sur les dispositions financi\u00e8res concernant le report de Baselworld 2020 servent d\u2019excuses.<\/p>\n\n\n\n<p>Sur la base des r\u00e9actions positives et favorables des exposants, et en particulier des petits et moyens exposants de l&rsquo;industrie horlog\u00e8re, de la joaillerie, des pierres pr\u00e9cieuses et des sous- traitants, MCH Group a d\u00e9cid\u00e9 l&rsquo;ann\u00e9e derni\u00e8re d&rsquo;investir des sommes importantes dans le d\u00e9veloppement de Baselworld et dans la cr\u00e9ation de plateformes num\u00e9riques suppl\u00e9mentaires. MCH Group est convaincu qu&rsquo;en plus d&rsquo;une plateforme physique, une connexion avec la communaut\u00e9 doit \u00eatre maintenue tout au long de l&rsquo;ann\u00e9e. Plus que jamais, c\u2019est une opportunit\u00e9 de d\u00e9velopper une plateforme moderne pour les industries horlog\u00e8re et joailli\u00e8re et pour les marques qui ne s&rsquo;appuient pas principalement sur la tradition, mais surtout sur l&rsquo;innovation. Dans les prochaines semaines, MCH Group prendra une d\u00e9cision sur la poursuite de Baselworld, et sur les investissements pour son d\u00e9veloppement \u00e0 long terme.<\/p>\n\n\n\n<p>Cr\u00e9dit photo :\u00a0\u00a9Gen\u00e8veTourisme<\/p>\n\n\n\n<p>Lire aussi l&rsquo;article <a href=\"https:\/\/www.my-watchsite.fr\/blog\/lvmh-quitte-a-son-tour-baselworld\/\" target=\"_blank\" rel=\"noreferrer noopener\">LVMH quitte \u00e0 son tour Baselworld<\/a><\/p>\n","protected":false},"excerpt":{"rendered":"<p>Breaking news ! Rolex et Tudor, Patek, Chanel et Chopard claquent la porte de Baselworld !<\/p>\n","protected":false},"author":2,"featured_media":95,"comment_status":"closed","ping_status":"closed","sticky":false,"template":"","format":"standard","meta":{"footnotes":""},"categories":[2],"tags":[9,10,11,12,4,13,7],"acf":[],"yoast_head":"<!-- This site is optimized with the Yoast SEO plugin v20.4 - https:\/\/yoast.com\/wordpress\/plugins\/seo\/ -->\n<title>Adieu B\u00e2le...Bonjour Gen\u00e8ve ! - MyWatch FR - La fin de Baselworld ?<\/title>\n<meta name=\"description\" content=\"Rolex, Patek Philippe, Chanel, Chopard et Tudor viennent d&#039;annoncer leur retrait du salon, pr\u00e9cipitant certainement Baselworld vers sa fin...\" \/>\n<meta name=\"robots\" content=\"index, follow, max-snippet:-1, max-image-preview:large, max-video-preview:-1\" \/>\n<link rel=\"canonical\" href=\"https:\/\/www.my-watchsite.fr\/blog\/rolex-patek-philippe-chanel-chopard-et-tudor-quittent-baselworld-fin\/\" \/>\n<meta property=\"og:locale\" content=\"fr_FR\" \/>\n<meta property=\"og:type\" content=\"article\" \/>\n<meta property=\"og:title\" content=\"Adieu B\u00e2le...Bonjour Gen\u00e8ve ! - MyWatch FR - La fin de Baselworld ?\" \/>\n<meta property=\"og:description\" content=\"Rolex, Patek Philippe, Chanel, Chopard et Tudor viennent d&#039;annoncer leur retrait du salon, pr\u00e9cipitant certainement Baselworld vers sa fin...\" \/>\n<meta property=\"og:url\" content=\"https:\/\/www.my-watchsite.fr\/blog\/rolex-patek-philippe-chanel-chopard-et-tudor-quittent-baselworld-fin\/\" \/>\n<meta property=\"og:site_name\" content=\"MyWatch FR\" \/>\n<meta property=\"article:publisher\" content=\"https:\/\/www.facebook.com\/mywatchsite\/\" \/>\n<meta property=\"article:published_time\" content=\"2020-04-14T08:21:00+00:00\" \/>\n<meta property=\"article:modified_time\" content=\"2021-03-11T11:45:12+00:00\" \/>\n<meta property=\"og:image\" content=\"https:\/\/www.my-watchsite.fr\/blog\/wp-content\/uploads\/2020\/08\/2-adieubaselbonjourgeneve.jpg\" \/>\n\t<meta property=\"og:image:width\" content=\"750\" \/>\n\t<meta property=\"og:image:height\" content=\"465\" \/>\n\t<meta property=\"og:image:type\" content=\"image\/jpeg\" \/>\n<meta name=\"author\" content=\"Nicolas Yvon\" \/>\n<meta name=\"twitter:card\" content=\"summary_large_image\" \/>\n<meta name=\"twitter:creator\" content=\"@mywatchsite\" \/>\n<meta name=\"twitter:site\" content=\"@mywatchsite\" \/>\n<meta name=\"twitter:label1\" content=\"\u00c9crit par\" \/>\n\t<meta name=\"twitter:data1\" content=\"Nicolas Yvon\" \/>\n\t<meta name=\"twitter:label2\" content=\"Dur\u00e9e de lecture estim\u00e9e\" \/>\n\t<meta name=\"twitter:data2\" content=\"7 minutes\" \/>\n<script type=\"application\/ld+json\" class=\"yoast-schema-graph\">{\"@context\":\"https:\/\/schema.org\",\"@graph\":[{\"@type\":\"WebPage\",\"@id\":\"https:\/\/www.my-watchsite.fr\/blog\/rolex-patek-philippe-chanel-chopard-et-tudor-quittent-baselworld-fin\/\",\"url\":\"https:\/\/www.my-watchsite.fr\/blog\/rolex-patek-philippe-chanel-chopard-et-tudor-quittent-baselworld-fin\/\",\"name\":\"Adieu B\u00e2le...Bonjour Gen\u00e8ve ! - MyWatch FR - La fin de Baselworld ?\",\"isPartOf\":{\"@id\":\"https:\/\/www.my-watchsite.fr\/blog\/#website\"},\"datePublished\":\"2020-04-14T08:21:00+00:00\",\"dateModified\":\"2021-03-11T11:45:12+00:00\",\"author\":{\"@id\":\"https:\/\/www.my-watchsite.fr\/blog\/#\/schema\/person\/0203ed307aba44d49e8aaf4a319fdda7\"},\"description\":\"Rolex, Patek Philippe, Chanel, Chopard et Tudor viennent d'annoncer leur retrait du salon, pr\u00e9cipitant certainement Baselworld vers sa fin...\",\"breadcrumb\":{\"@id\":\"https:\/\/www.my-watchsite.fr\/blog\/rolex-patek-philippe-chanel-chopard-et-tudor-quittent-baselworld-fin\/#breadcrumb\"},\"inLanguage\":\"fr-FR\",\"potentialAction\":[{\"@type\":\"ReadAction\",\"target\":[\"https:\/\/www.my-watchsite.fr\/blog\/rolex-patek-philippe-chanel-chopard-et-tudor-quittent-baselworld-fin\/\"]}]},{\"@type\":\"BreadcrumbList\",\"@id\":\"https:\/\/www.my-watchsite.fr\/blog\/rolex-patek-philippe-chanel-chopard-et-tudor-quittent-baselworld-fin\/#breadcrumb\",\"itemListElement\":[{\"@type\":\"ListItem\",\"position\":1,\"name\":\"Accueil\",\"item\":\"https:\/\/www.my-watchsite.fr\/blog\/\"},{\"@type\":\"ListItem\",\"position\":2,\"name\":\"Adieu B\u00e2le&#8230;Bonjour Gen\u00e8ve !\"}]},{\"@type\":\"WebSite\",\"@id\":\"https:\/\/www.my-watchsite.fr\/blog\/#website\",\"url\":\"https:\/\/www.my-watchsite.fr\/blog\/\",\"name\":\"MyWatch FR\",\"description\":\"Make Time a Lifestyle\",\"potentialAction\":[{\"@type\":\"SearchAction\",\"target\":{\"@type\":\"EntryPoint\",\"urlTemplate\":\"https:\/\/www.my-watchsite.fr\/blog\/?s={search_term_string}\"},\"query-input\":\"required name=search_term_string\"}],\"inLanguage\":\"fr-FR\"},{\"@type\":\"Person\",\"@id\":\"https:\/\/www.my-watchsite.fr\/blog\/#\/schema\/person\/0203ed307aba44d49e8aaf4a319fdda7\",\"name\":\"Nicolas Yvon\",\"image\":{\"@type\":\"ImageObject\",\"inLanguage\":\"fr-FR\",\"@id\":\"https:\/\/www.my-watchsite.fr\/blog\/#\/schema\/person\/image\/\",\"url\":\"https:\/\/secure.gravatar.com\/avatar\/8333953d186659503c21425ba3681b2e?s=96&d=mm&r=g\",\"contentUrl\":\"https:\/\/secure.gravatar.com\/avatar\/8333953d186659503c21425ba3681b2e?s=96&d=mm&r=g\",\"caption\":\"Nicolas Yvon\"}}]}<\/script>\n<!-- \/ Yoast SEO plugin. -->","yoast_head_json":{"title":"Adieu B\u00e2le...Bonjour Gen\u00e8ve ! - MyWatch FR - La fin de Baselworld ?","description":"Rolex, Patek Philippe, Chanel, Chopard et Tudor viennent d'annoncer leur retrait du salon, pr\u00e9cipitant certainement Baselworld vers sa fin...","robots":{"index":"index","follow":"follow","max-snippet":"max-snippet:-1","max-image-preview":"max-image-preview:large","max-video-preview":"max-video-preview:-1"},"canonical":"https:\/\/www.my-watchsite.fr\/blog\/rolex-patek-philippe-chanel-chopard-et-tudor-quittent-baselworld-fin\/","og_locale":"fr_FR","og_type":"article","og_title":"Adieu B\u00e2le...Bonjour Gen\u00e8ve ! - MyWatch FR - La fin de Baselworld ?","og_description":"Rolex, Patek Philippe, Chanel, Chopard et Tudor viennent d'annoncer leur retrait du salon, pr\u00e9cipitant certainement Baselworld vers sa fin...","og_url":"https:\/\/www.my-watchsite.fr\/blog\/rolex-patek-philippe-chanel-chopard-et-tudor-quittent-baselworld-fin\/","og_site_name":"MyWatch FR","article_publisher":"https:\/\/www.facebook.com\/mywatchsite\/","article_published_time":"2020-04-14T08:21:00+00:00","article_modified_time":"2021-03-11T11:45:12+00:00","og_image":[{"width":750,"height":465,"url":"https:\/\/www.my-watchsite.fr\/blog\/wp-content\/uploads\/2020\/08\/2-adieubaselbonjourgeneve.jpg","type":"image\/jpeg"}],"author":"Nicolas Yvon","twitter_card":"summary_large_image","twitter_creator":"@mywatchsite","twitter_site":"@mywatchsite","twitter_misc":{"\u00c9crit par":"Nicolas Yvon","Dur\u00e9e de lecture estim\u00e9e":"7 minutes"},"schema":{"@context":"https:\/\/schema.org","@graph":[{"@type":"WebPage","@id":"https:\/\/www.my-watchsite.fr\/blog\/rolex-patek-philippe-chanel-chopard-et-tudor-quittent-baselworld-fin\/","url":"https:\/\/www.my-watchsite.fr\/blog\/rolex-patek-philippe-chanel-chopard-et-tudor-quittent-baselworld-fin\/","name":"Adieu B\u00e2le...Bonjour Gen\u00e8ve ! - MyWatch FR - La fin de Baselworld ?","isPartOf":{"@id":"https:\/\/www.my-watchsite.fr\/blog\/#website"},"datePublished":"2020-04-14T08:21:00+00:00","dateModified":"2021-03-11T11:45:12+00:00","author":{"@id":"https:\/\/www.my-watchsite.fr\/blog\/#\/schema\/person\/0203ed307aba44d49e8aaf4a319fdda7"},"description":"Rolex, Patek Philippe, Chanel, Chopard et Tudor viennent d'annoncer leur retrait du salon, pr\u00e9cipitant certainement Baselworld vers sa fin...","breadcrumb":{"@id":"https:\/\/www.my-watchsite.fr\/blog\/rolex-patek-philippe-chanel-chopard-et-tudor-quittent-baselworld-fin\/#breadcrumb"},"inLanguage":"fr-FR","potentialAction":[{"@type":"ReadAction","target":["https:\/\/www.my-watchsite.fr\/blog\/rolex-patek-philippe-chanel-chopard-et-tudor-quittent-baselworld-fin\/"]}]},{"@type":"BreadcrumbList","@id":"https:\/\/www.my-watchsite.fr\/blog\/rolex-patek-philippe-chanel-chopard-et-tudor-quittent-baselworld-fin\/#breadcrumb","itemListElement":[{"@type":"ListItem","position":1,"name":"Accueil","item":"https:\/\/www.my-watchsite.fr\/blog\/"},{"@type":"ListItem","position":2,"name":"Adieu B\u00e2le&#8230;Bonjour Gen\u00e8ve !"}]},{"@type":"WebSite","@id":"https:\/\/www.my-watchsite.fr\/blog\/#website","url":"https:\/\/www.my-watchsite.fr\/blog\/","name":"MyWatch FR","description":"Make Time a Lifestyle","potentialAction":[{"@type":"SearchAction","target":{"@type":"EntryPoint","urlTemplate":"https:\/\/www.my-watchsite.fr\/blog\/?s={search_term_string}"},"query-input":"required name=search_term_string"}],"inLanguage":"fr-FR"},{"@type":"Person","@id":"https:\/\/www.my-watchsite.fr\/blog\/#\/schema\/person\/0203ed307aba44d49e8aaf4a319fdda7","name":"Nicolas Yvon","image":{"@type":"ImageObject","inLanguage":"fr-FR","@id":"https:\/\/www.my-watchsite.fr\/blog\/#\/schema\/person\/image\/","url":"https:\/\/secure.gravatar.com\/avatar\/8333953d186659503c21425ba3681b2e?s=96&d=mm&r=g","contentUrl":"https:\/\/secure.gravatar.com\/avatar\/8333953d186659503c21425ba3681b2e?s=96&d=mm&r=g","caption":"Nicolas Yvon"}}]}},"_links":{"self":[{"href":"https:\/\/www.my-watchsite.fr\/blog\/wp-json\/wp\/v2\/posts\/94"}],"collection":[{"href":"https:\/\/www.my-watchsite.fr\/blog\/wp-json\/wp\/v2\/posts"}],"about":[{"href":"https:\/\/www.my-watchsite.fr\/blog\/wp-json\/wp\/v2\/types\/post"}],"author":[{"embeddable":true,"href":"https:\/\/www.my-watchsite.fr\/blog\/wp-json\/wp\/v2\/users\/2"}],"replies":[{"embeddable":true,"href":"https:\/\/www.my-watchsite.fr\/blog\/wp-json\/wp\/v2\/comments?post=94"}],"version-history":[{"count":2,"href":"https:\/\/www.my-watchsite.fr\/blog\/wp-json\/wp\/v2\/posts\/94\/revisions"}],"predecessor-version":[{"id":11803,"href":"https:\/\/www.my-watchsite.fr\/blog\/wp-json\/wp\/v2\/posts\/94\/revisions\/11803"}],"wp:featuredmedia":[{"embeddable":true,"href":"https:\/\/www.my-watchsite.fr\/blog\/wp-json\/wp\/v2\/media\/95"}],"wp:attachment":[{"href":"https:\/\/www.my-watchsite.fr\/blog\/wp-json\/wp\/v2\/media?parent=94"}],"wp:term":[{"taxonomy":"category","embeddable":true,"href":"https:\/\/www.my-watchsite.fr\/blog\/wp-json\/wp\/v2\/categories?post=94"},{"taxonomy":"post_tag","embeddable":true,"href":"https:\/\/www.my-watchsite.fr\/blog\/wp-json\/wp\/v2\/tags?post=94"}],"curies":[{"name":"wp","href":"https:\/\/api.w.org\/{rel}","templated":true}]}}