{"id":998,"date":"2012-01-27T00:00:00","date_gmt":"2012-01-26T23:00:00","guid":{"rendered":"https:\/\/www.my-watchsite.fr\/blog\/blog\/hermes-nouveaute-2012-n281\/"},"modified":"2012-01-27T00:00:00","modified_gmt":"2012-01-26T23:00:00","slug":"hermes-nouveaute-2012-n281","status":"publish","type":"post","link":"https:\/\/www.my-watchsite.fr\/blog\/hermes-nouveaute-2012-n281\/","title":{"rendered":"Herm\u00e8s &#8211; Nouveaut\u00e9 2012"},"content":{"rendered":"<p>Travail du cuir, bien s\u00fbr, chez Herm\u00e8s on est sellier depuis 1837. Mais aussi de la soie, du cristal, de l\u2019argent : chaque mati\u00e8re trouve ici de quoi s\u2019exprimer pleinement, noblement, artisanalement. Fussent-elles, \u00e0 l\u2019origine, simples.<\/p>\n<div>En r\u00e9\u00e9ditant en 2010 certaines des pi\u00e8ces de mobilier les plus embl\u00e9matiques de Jean-Michel Frank, Herm\u00e8s remet \u00e0 l\u2019honneur la marqueterie de paille, un savoir-faire devenu rare. Pr\u00e9sent\u00e9e pour la premi\u00e8re fois sur un cadran de montre, elle requiert une technique complexe de miniaturisation.<\/p>\n<div>D\u2019une extr\u00eame minutie, la r\u00e9alisation de ces cadrans doit sa r\u00e9ussite au tr\u00e8s long travail pr\u00e9paratoire de l\u2019ouvrage dont la technique de r\u00e9alisation diff\u00e8re de celle du mobilier. La paille de seigle qu\u2019elle utilise n\u2019est plus produite que par une seule exploitation agricole, en France. Plus longue et moins nou\u00e9e, elle est fauch\u00e9e \u00e0 la main pour une s\u00e9lection optimale des sections utilisables. Teint\u00e9e sur place dans la masse puis mise \u00e0 s\u00e9cher \u00e0 plat, la paille, assujettie \u00e0 la climatologie, l\u2019hygrom\u00e9trie et les diff\u00e9rents bains, ne d\u00e9voile jamais les m\u00eames nuances de couleur. Ses reflets naturels illuminent, avec subtilit\u00e9, les motifs de la marqueterie. Ouverts avec une fine lame puis aplanis manuellement avec un outil en os, les brins sont ensuite sectionn\u00e9s. Le geste est pr\u00e9cis et n\u00e9cessite une grande force physique. Jouant sur les couleurs et le sens des brins, l\u2019artisan assemble ses motifs sur un papier millim\u00e9tr\u00e9. Coll\u00e9e comme l\u2019est la reliure en cuir d\u2019un livre, la marqueterie de paille est ensuite assembl\u00e9e sur le cadran de la montre.<\/div>\n<div>Pour c\u00e9l\u00e9brer ce savoir-faire, Herm\u00e8s propose deux nouvelles versions de la montre Arceau, cr\u00e9\u00e9e originellement par Henri d\u2019Origny en 1978. On retrouve les attaches asym\u00e9triques, caract\u00e9ristiques du mod\u00e8le ; leur forme, dessin\u00e9e comme pour laisser passer une \u00e9trivi\u00e8re, \u00e9voque l\u2019univers sellier de la maison Herm\u00e8s. Mais la graphie italique si particuli\u00e8re des index de l\u2019Arceau s\u2019est ici effac\u00e9e pour laisser tous les honneurs \u00e0 l\u2019exceptionnel travail de marqueterie de paille du cadran. Les motifs, bleus et noirs, reproduisent dans les 41mm de diam\u00e8tre de la montre en or gris, deux dessins de cravate, iconiques de l\u2019esth\u00e9tique Herm\u00e8s : le chevron et les carr\u00e9s.<\/div>\n<div>Equip\u00e9s du calibre m\u00e9canique \u00e0 remontage automatique H1928 de la manufacture Vaucher, une exclusivit\u00e9 pour la maison Herm\u00e8s, ces deux mod\u00e8les ont une r\u00e9serve de marche de 55 heures. Un bracelet en alligator mat bleu indigo vient assortir ses couleurs au cadran de paille.<\/div>\n<div>Ces deux mod\u00e8les de collection sont pr\u00e9sent\u00e9s ensemble dans un coffret pr\u00e9cieux en bois d\u2019\u00e9b\u00e8ne de Macassar, d\u00e9cor\u00e9 de marqueterie de paille.<\/div>\n<\/div>\n<ul>\n<li><img decoding=\"async\" src=\"https:\/\/www.my-watchsite.fr\/blog\/wp-content\/uploads\/2020\/08\/281_677.jpg\" alt=\"Herm\u00e8s - Arceau Marqueterie de Paille : Deux 'collectors'.\" \/><\/li>\n<li><img decoding=\"async\" src=\"https:\/\/www.my-watchsite.fr\/blog\/wp-content\/uploads\/2020\/08\/281_678.jpg\" alt=\"Herm\u00e8s Arceau Marqueterie de Paille - Cadran avec des motifs chevrons.\" \/><\/li>\n<li><img decoding=\"async\" src=\"https:\/\/www.my-watchsite.fr\/blog\/wp-content\/uploads\/2020\/08\/281_679.jpg\" alt=\"Herm\u00e8s Arceau Marqueterie de Paille - Cadran avec un motif petits carr\u00e9s.\" \/><\/li>\n<li><img decoding=\"async\" src=\"https:\/\/www.my-watchsite.fr\/blog\/wp-content\/uploads\/2020\/08\/281_680.jpg\" alt=\"L'art de la Marqueterie de Paille.\" \/><\/li>\n<\/ul>\n","protected":false},"excerpt":{"rendered":"<p>Travail du cuir, bien s\u00fbr, chez Herm\u00e8s on est sellier depuis 1837. Mais aussi de la soie, du cristal, de l\u2019argent : chaque mati\u00e8re trouve ici de quoi s\u2019exprimer pleinement, noblement, artisanalement. Fussent-elles, \u00e0 l\u2019origine, simples. En r\u00e9\u00e9ditant en 2010 certaines des pi\u00e8ces de mobilier les plus embl\u00e9matiques de Jean-Michel Frank, Herm\u00e8s remet \u00e0 l\u2019honneur [&hellip;]<\/p>\n","protected":false},"author":1,"featured_media":1003,"comment_status":"closed","ping_status":"closed","sticky":false,"template":"","format":"standard","meta":{"footnotes":""},"categories":[2],"tags":[24],"acf":[],"yoast_head":"<!-- This site is optimized with the Yoast SEO plugin v20.4 - https:\/\/yoast.com\/wordpress\/plugins\/seo\/ -->\n<title>Herm\u00e8s - Nouveaut\u00e9 2012 - MyWatch FR<\/title>\n<meta name=\"robots\" content=\"index, follow, max-snippet:-1, max-image-preview:large, max-video-preview:-1\" \/>\n<link rel=\"canonical\" href=\"https:\/\/www.my-watchsite.fr\/blog\/hermes-nouveaute-2012-n281\/\" \/>\n<meta property=\"og:locale\" content=\"fr_FR\" \/>\n<meta property=\"og:type\" content=\"article\" \/>\n<meta property=\"og:title\" content=\"Herm\u00e8s - Nouveaut\u00e9 2012 - MyWatch FR\" \/>\n<meta property=\"og:description\" content=\"Travail du cuir, bien s\u00fbr, chez Herm\u00e8s on est sellier depuis 1837. Mais aussi de la soie, du cristal, de l\u2019argent : chaque mati\u00e8re trouve ici de quoi s\u2019exprimer pleinement, noblement, artisanalement. Fussent-elles, \u00e0 l\u2019origine, simples. En r\u00e9\u00e9ditant en 2010 certaines des pi\u00e8ces de mobilier les plus embl\u00e9matiques de Jean-Michel Frank, Herm\u00e8s remet \u00e0 l\u2019honneur [&hellip;]\" \/>\n<meta property=\"og:url\" content=\"https:\/\/www.my-watchsite.fr\/blog\/hermes-nouveaute-2012-n281\/\" \/>\n<meta property=\"og:site_name\" content=\"MyWatch FR\" \/>\n<meta property=\"article:publisher\" content=\"https:\/\/www.facebook.com\/mywatchsite\/\" \/>\n<meta property=\"article:published_time\" content=\"2012-01-26T23:00:00+00:00\" \/>\n<meta property=\"og:image\" content=\"https:\/\/www.my-watchsite.fr\/blog\/wp-content\/uploads\/2020\/08\/thumb_281.jpg\" \/>\n\t<meta property=\"og:image:width\" content=\"654\" \/>\n\t<meta property=\"og:image:height\" content=\"435\" \/>\n\t<meta property=\"og:image:type\" content=\"image\/jpeg\" \/>\n<meta name=\"author\" content=\"MyWatch\" \/>\n<meta name=\"twitter:card\" content=\"summary_large_image\" \/>\n<meta name=\"twitter:creator\" content=\"@mywatchsite\" \/>\n<meta name=\"twitter:site\" content=\"@mywatchsite\" \/>\n<meta name=\"twitter:label1\" content=\"\u00c9crit par\" \/>\n\t<meta name=\"twitter:data1\" content=\"MyWatch\" \/>\n\t<meta name=\"twitter:label2\" content=\"Dur\u00e9e de lecture estim\u00e9e\" \/>\n\t<meta name=\"twitter:data2\" content=\"2 minutes\" \/>\n<script type=\"application\/ld+json\" class=\"yoast-schema-graph\">{\"@context\":\"https:\/\/schema.org\",\"@graph\":[{\"@type\":\"WebPage\",\"@id\":\"https:\/\/www.my-watchsite.fr\/blog\/hermes-nouveaute-2012-n281\/\",\"url\":\"https:\/\/www.my-watchsite.fr\/blog\/hermes-nouveaute-2012-n281\/\",\"name\":\"Herm\u00e8s - Nouveaut\u00e9 2012 - MyWatch FR\",\"isPartOf\":{\"@id\":\"https:\/\/www.my-watchsite.fr\/blog\/#website\"},\"datePublished\":\"2012-01-26T23:00:00+00:00\",\"dateModified\":\"2012-01-26T23:00:00+00:00\",\"author\":{\"@id\":\"https:\/\/www.my-watchsite.fr\/blog\/#\/schema\/person\/67e19b3e3d014465042ff1be1c9fcf44\"},\"breadcrumb\":{\"@id\":\"https:\/\/www.my-watchsite.fr\/blog\/hermes-nouveaute-2012-n281\/#breadcrumb\"},\"inLanguage\":\"fr-FR\",\"potentialAction\":[{\"@type\":\"ReadAction\",\"target\":[\"https:\/\/www.my-watchsite.fr\/blog\/hermes-nouveaute-2012-n281\/\"]}]},{\"@type\":\"BreadcrumbList\",\"@id\":\"https:\/\/www.my-watchsite.fr\/blog\/hermes-nouveaute-2012-n281\/#breadcrumb\",\"itemListElement\":[{\"@type\":\"ListItem\",\"position\":1,\"name\":\"Accueil\",\"item\":\"https:\/\/www.my-watchsite.fr\/blog\/\"},{\"@type\":\"ListItem\",\"position\":2,\"name\":\"Herm\u00e8s &#8211; Nouveaut\u00e9 2012\"}]},{\"@type\":\"WebSite\",\"@id\":\"https:\/\/www.my-watchsite.fr\/blog\/#website\",\"url\":\"https:\/\/www.my-watchsite.fr\/blog\/\",\"name\":\"MyWatch FR\",\"description\":\"Make Time a Lifestyle\",\"potentialAction\":[{\"@type\":\"SearchAction\",\"target\":{\"@type\":\"EntryPoint\",\"urlTemplate\":\"https:\/\/www.my-watchsite.fr\/blog\/?s={search_term_string}\"},\"query-input\":\"required name=search_term_string\"}],\"inLanguage\":\"fr-FR\"},{\"@type\":\"Person\",\"@id\":\"https:\/\/www.my-watchsite.fr\/blog\/#\/schema\/person\/67e19b3e3d014465042ff1be1c9fcf44\",\"name\":\"MyWatch\",\"image\":{\"@type\":\"ImageObject\",\"inLanguage\":\"fr-FR\",\"@id\":\"https:\/\/www.my-watchsite.fr\/blog\/#\/schema\/person\/image\/\",\"url\":\"https:\/\/secure.gravatar.com\/avatar\/e52d1e94806c54826c863f554ca1dd2a?s=96&d=mm&r=g\",\"contentUrl\":\"https:\/\/secure.gravatar.com\/avatar\/e52d1e94806c54826c863f554ca1dd2a?s=96&d=mm&r=g\",\"caption\":\"MyWatch\"},\"sameAs\":[\"https:\/\/www.my-watchsite.fr\/blog\"]}]}<\/script>\n<!-- \/ Yoast SEO plugin. -->","yoast_head_json":{"title":"Herm\u00e8s - Nouveaut\u00e9 2012 - MyWatch FR","robots":{"index":"index","follow":"follow","max-snippet":"max-snippet:-1","max-image-preview":"max-image-preview:large","max-video-preview":"max-video-preview:-1"},"canonical":"https:\/\/www.my-watchsite.fr\/blog\/hermes-nouveaute-2012-n281\/","og_locale":"fr_FR","og_type":"article","og_title":"Herm\u00e8s - Nouveaut\u00e9 2012 - MyWatch FR","og_description":"Travail du cuir, bien s\u00fbr, chez Herm\u00e8s on est sellier depuis 1837. Mais aussi de la soie, du cristal, de l\u2019argent : chaque mati\u00e8re trouve ici de quoi s\u2019exprimer pleinement, noblement, artisanalement. Fussent-elles, \u00e0 l\u2019origine, simples. En r\u00e9\u00e9ditant en 2010 certaines des pi\u00e8ces de mobilier les plus embl\u00e9matiques de Jean-Michel Frank, Herm\u00e8s remet \u00e0 l\u2019honneur [&hellip;]","og_url":"https:\/\/www.my-watchsite.fr\/blog\/hermes-nouveaute-2012-n281\/","og_site_name":"MyWatch FR","article_publisher":"https:\/\/www.facebook.com\/mywatchsite\/","article_published_time":"2012-01-26T23:00:00+00:00","og_image":[{"width":654,"height":435,"url":"https:\/\/www.my-watchsite.fr\/blog\/wp-content\/uploads\/2020\/08\/thumb_281.jpg","type":"image\/jpeg"}],"author":"MyWatch","twitter_card":"summary_large_image","twitter_creator":"@mywatchsite","twitter_site":"@mywatchsite","twitter_misc":{"\u00c9crit par":"MyWatch","Dur\u00e9e de lecture estim\u00e9e":"2 minutes"},"schema":{"@context":"https:\/\/schema.org","@graph":[{"@type":"WebPage","@id":"https:\/\/www.my-watchsite.fr\/blog\/hermes-nouveaute-2012-n281\/","url":"https:\/\/www.my-watchsite.fr\/blog\/hermes-nouveaute-2012-n281\/","name":"Herm\u00e8s - Nouveaut\u00e9 2012 - MyWatch FR","isPartOf":{"@id":"https:\/\/www.my-watchsite.fr\/blog\/#website"},"datePublished":"2012-01-26T23:00:00+00:00","dateModified":"2012-01-26T23:00:00+00:00","author":{"@id":"https:\/\/www.my-watchsite.fr\/blog\/#\/schema\/person\/67e19b3e3d014465042ff1be1c9fcf44"},"breadcrumb":{"@id":"https:\/\/www.my-watchsite.fr\/blog\/hermes-nouveaute-2012-n281\/#breadcrumb"},"inLanguage":"fr-FR","potentialAction":[{"@type":"ReadAction","target":["https:\/\/www.my-watchsite.fr\/blog\/hermes-nouveaute-2012-n281\/"]}]},{"@type":"BreadcrumbList","@id":"https:\/\/www.my-watchsite.fr\/blog\/hermes-nouveaute-2012-n281\/#breadcrumb","itemListElement":[{"@type":"ListItem","position":1,"name":"Accueil","item":"https:\/\/www.my-watchsite.fr\/blog\/"},{"@type":"ListItem","position":2,"name":"Herm\u00e8s &#8211; Nouveaut\u00e9 2012"}]},{"@type":"WebSite","@id":"https:\/\/www.my-watchsite.fr\/blog\/#website","url":"https:\/\/www.my-watchsite.fr\/blog\/","name":"MyWatch FR","description":"Make Time a Lifestyle","potentialAction":[{"@type":"SearchAction","target":{"@type":"EntryPoint","urlTemplate":"https:\/\/www.my-watchsite.fr\/blog\/?s={search_term_string}"},"query-input":"required name=search_term_string"}],"inLanguage":"fr-FR"},{"@type":"Person","@id":"https:\/\/www.my-watchsite.fr\/blog\/#\/schema\/person\/67e19b3e3d014465042ff1be1c9fcf44","name":"MyWatch","image":{"@type":"ImageObject","inLanguage":"fr-FR","@id":"https:\/\/www.my-watchsite.fr\/blog\/#\/schema\/person\/image\/","url":"https:\/\/secure.gravatar.com\/avatar\/e52d1e94806c54826c863f554ca1dd2a?s=96&d=mm&r=g","contentUrl":"https:\/\/secure.gravatar.com\/avatar\/e52d1e94806c54826c863f554ca1dd2a?s=96&d=mm&r=g","caption":"MyWatch"},"sameAs":["https:\/\/www.my-watchsite.fr\/blog"]}]}},"_links":{"self":[{"href":"https:\/\/www.my-watchsite.fr\/blog\/wp-json\/wp\/v2\/posts\/998"}],"collection":[{"href":"https:\/\/www.my-watchsite.fr\/blog\/wp-json\/wp\/v2\/posts"}],"about":[{"href":"https:\/\/www.my-watchsite.fr\/blog\/wp-json\/wp\/v2\/types\/post"}],"author":[{"embeddable":true,"href":"https:\/\/www.my-watchsite.fr\/blog\/wp-json\/wp\/v2\/users\/1"}],"replies":[{"embeddable":true,"href":"https:\/\/www.my-watchsite.fr\/blog\/wp-json\/wp\/v2\/comments?post=998"}],"version-history":[{"count":0,"href":"https:\/\/www.my-watchsite.fr\/blog\/wp-json\/wp\/v2\/posts\/998\/revisions"}],"wp:featuredmedia":[{"embeddable":true,"href":"https:\/\/www.my-watchsite.fr\/blog\/wp-json\/wp\/v2\/media\/1003"}],"wp:attachment":[{"href":"https:\/\/www.my-watchsite.fr\/blog\/wp-json\/wp\/v2\/media?parent=998"}],"wp:term":[{"taxonomy":"category","embeddable":true,"href":"https:\/\/www.my-watchsite.fr\/blog\/wp-json\/wp\/v2\/categories?post=998"},{"taxonomy":"post_tag","embeddable":true,"href":"https:\/\/www.my-watchsite.fr\/blog\/wp-json\/wp\/v2\/tags?post=998"}],"curies":[{"name":"wp","href":"https:\/\/api.w.org\/{rel}","templated":true}]}}